{"id":291625,"date":"2022-09-12T09:55:54","date_gmt":"2022-09-12T12:55:54","guid":{"rendered":"https:\/\/www.notibras.com\/site\/?p=291625"},"modified":"2022-09-12T10:15:27","modified_gmt":"2022-09-12T13:15:27","slug":"putin-diz-que-europa-ja-tropeca-em-suas-proprias-sancoes","status":"publish","type":"post","link":"https:\/\/www.notibras.com\/site\/putin-diz-que-europa-ja-tropeca-em-suas-proprias-sancoes\/","title":{"rendered":"Putin diz que Europa j\u00e1 trope\u00e7a em suas pr\u00f3prias san\u00e7\u00f5es"},"content":{"rendered":"<p>O presidente russo, Vladimir Putin , afirmou nesta egunda, 12, que o pa\u00eds est\u00e1 lidando com a press\u00e3o do Ocidente, tendo implementado prontamente medidas de prote\u00e7\u00e3o na economia. Segundo ele, as t\u00e1ticas de Blitzkrieg do Ocidente em rela\u00e7\u00e3o \u00e0 R\u00fassia n\u00e3o funcionaram. Ele enfatizou a necessidade de a R\u00fassia seguir sua l\u00f3gica e resolver suas tarefas em meio a a\u00e7\u00f5es do que descreveu como \u201cmal-intencionados\u201d.<\/p>\n<p>\u201cVemos que as a\u00e7\u00f5es de nossos, para dizer o m\u00ednimo, mal-intencionados s\u00e3o em grande parte imprevis\u00edveis e impulsivas em muitos aspectos. Suas a\u00e7\u00f5es s\u00e3o claramente antiprofissionais e, portanto, impulsivas, o que significa que devemos trabalhar de acordo com nossa l\u00f3gica, manter a iniciativa e n\u00e3o apenas reagir a alguns passos hostis, mas resolver consistentemente nossas tarefas na economia, esfera social e infraestrutura\u201d, enfatizou.<\/p>\n<p>O presidente russo tamb\u00e9m disse que a condi\u00e7\u00e3o do or\u00e7amento do pa\u00eds \u00e9 atualmente melhor do que em muitos pa\u00edses do G20 e dos BRICS. &#8220;A r\u00e1pida ado\u00e7\u00e3o de medidas anti-crise em larga escala, bem como a estabilidade e for\u00e7a da economia russa diante dos desafios externos \u00e9 em grande parte resultado de nossa pol\u00edtica macroecon\u00f4mica respons\u00e1vel em anos anteriores. O or\u00e7amento agora \u00e9 significativamente melhor do que nas economias da maioria dos pa\u00edses do G20 e de nossos amigos nos pa\u00edses do BRICS\u201d.<\/p>\n<p>Putin\u00a0 deixou claro que o processo de desdolariza\u00e7\u00e3o \u00e9 inevit\u00e1vel. Falando em \u201cairbags econ\u00f4micos\u201d, o presidente russo ressaltou que \u00e9 preciso entender como criar tais \u201cairbags\u201d e como funcionar\u00e1 nas condi\u00e7\u00f5es atuais, \u201cquando est\u00e1 em andamento o conhecido e inevit\u00e1vel processo de desdolariza\u00e7\u00e3o.\u201d<\/p>\n<p>O pronunciamento foi feito \u00e0 medida em que mais aliados da R\u00fassia est\u00e3o come\u00e7ando a usar suas pr\u00f3prias moedas nacionais para fazer transa\u00e7\u00f5es com seus parceiros estrangeiros em vez do d\u00f3lar. Na esteira das san\u00e7\u00f5es anti-russas do Ocidente, que foram introduzidas em resposta \u00e0 opera\u00e7\u00e3o militar especial de Moscou na Ucr\u00e2nia, a infla\u00e7\u00e3o disparou em muitos pa\u00edses ocidentais, levando os pre\u00e7os da energia a n\u00edveis recordes.<\/p>\n<p>O presidente Putin, garantiu, ainda, que a R\u00fassia n\u00e3o ser\u00e1 separada do resto do mundo pelas san\u00e7\u00f5es, que, segundo ele, sa\u00edram pela culatra para aqueles que as impuseram.<\/p>\n","protected":false},"excerpt":{"rendered":"<p>O presidente russo, Vladimir Putin , afirmou nesta egunda, 12, que o pa\u00eds est\u00e1 lidando com a press\u00e3o do Ocidente, tendo implementado prontamente medidas de prote\u00e7\u00e3o na economia. Segundo ele, as t\u00e1ticas de Blitzkrieg do Ocidente em rela\u00e7\u00e3o \u00e0 R\u00fassia n\u00e3o funcionaram. Ele enfatizou a necessidade de a R\u00fassia seguir sua l\u00f3gica e resolver suas [&hellip;]<\/p>\n","protected":false},"author":2,"featured_media":291626,"comment_status":"closed","ping_status":"closed","sticky":false,"template":"","format":"standard","meta":{"_acf_changed":false,"footnotes":""},"categories":[159],"tags":[95],"class_list":["post-291625","post","type-post","status-publish","format-standard","has-post-thumbnail","hentry","category-apocalipse","tag-capa"],"acf":[],"yoast_head":"<!-- This site is optimized with the Yoast SEO plugin v27.2 - https:\/\/yoast.com\/product\/yoast-seo-wordpress\/ -->\n<title>Putin diz que Europa j\u00e1 trope\u00e7a em suas pr\u00f3prias san\u00e7\u00f5es - Notibras<\/title>\n<meta name=\"robots\" content=\"index, follow, max-snippet:-1, max-image-preview:large, max-video-preview:-1\" \/>\n<link rel=\"canonical\" href=\"https:\/\/www.notibras.com\/site\/putin-diz-que-europa-ja-tropeca-em-suas-proprias-sancoes\/\" \/>\n<meta property=\"og:locale\" content=\"pt_BR\" \/>\n<meta property=\"og:type\" content=\"article\" \/>\n<meta property=\"og:title\" content=\"Putin diz que Europa j\u00e1 trope\u00e7a em suas pr\u00f3prias san\u00e7\u00f5es - Notibras\" \/>\n<meta property=\"og:description\" content=\"O presidente russo, Vladimir Putin , afirmou nesta egunda, 12, que o pa\u00eds est\u00e1 lidando com a press\u00e3o do Ocidente, tendo implementado prontamente medidas de prote\u00e7\u00e3o na economia. Segundo ele, as t\u00e1ticas de Blitzkrieg do Ocidente em rela\u00e7\u00e3o \u00e0 R\u00fassia n\u00e3o funcionaram. Ele enfatizou a necessidade de a R\u00fassia seguir sua l\u00f3gica e resolver suas [&hellip;]\" \/>\n<meta property=\"og:url\" content=\"https:\/\/www.notibras.com\/site\/putin-diz-que-europa-ja-tropeca-em-suas-proprias-sancoes\/\" \/>\n<meta property=\"og:site_name\" content=\"Notibras\" \/>\n<meta property=\"article:publisher\" content=\"https:\/\/www.facebook.com\/notibras\/\" \/>\n<meta property=\"article:published_time\" content=\"2022-09-12T12:55:54+00:00\" \/>\n<meta property=\"article:modified_time\" content=\"2022-09-12T13:15:27+00:00\" \/>\n<meta property=\"og:image\" content=\"https:\/\/www.notibras.com\/site\/wp-content\/uploads\/2022\/09\/putin.sancoes.webp\" \/>\n\t<meta property=\"og:image:width\" content=\"1920\" \/>\n\t<meta property=\"og:image:height\" content=\"1080\" \/>\n\t<meta property=\"og:image:type\" content=\"image\/webp\" \/>\n<meta name=\"author\" content=\"Reda\u00e7\u00e3o\" \/>\n<meta name=\"twitter:card\" content=\"summary_large_image\" \/>\n<meta name=\"twitter:creator\" content=\"@Notibras\" \/>\n<meta name=\"twitter:site\" content=\"@Notibras\" \/>\n<meta name=\"twitter:label1\" content=\"Escrito por\" \/>\n\t<meta name=\"twitter:data1\" content=\"Reda\u00e7\u00e3o\" \/>\n\t<meta name=\"twitter:label2\" content=\"Est. tempo de leitura\" \/>\n\t<meta name=\"twitter:data2\" content=\"2 minutos\" \/>\n<script type=\"application\/ld+json\" class=\"yoast-schema-graph\">{\"@context\":\"https:\/\/schema.org\",\"@graph\":[{\"@type\":\"Article\",\"@id\":\"https:\/\/www.notibras.com\/site\/putin-diz-que-europa-ja-tropeca-em-suas-proprias-sancoes\/#article\",\"isPartOf\":{\"@id\":\"https:\/\/www.notibras.com\/site\/putin-diz-que-europa-ja-tropeca-em-suas-proprias-sancoes\/\"},\"author\":{\"name\":\"Reda\u00e7\u00e3o\",\"@id\":\"https:\/\/www.notibras.com\/site\/#\/schema\/person\/36ab0979449956132d3e5b517ea76ac8\"},\"headline\":\"Putin diz que Europa j\u00e1 trope\u00e7a em suas pr\u00f3prias san\u00e7\u00f5es\",\"datePublished\":\"2022-09-12T12:55:54+00:00\",\"dateModified\":\"2022-09-12T13:15:27+00:00\",\"mainEntityOfPage\":{\"@id\":\"https:\/\/www.notibras.com\/site\/putin-diz-que-europa-ja-tropeca-em-suas-proprias-sancoes\/\"},\"wordCount\":407,\"publisher\":{\"@id\":\"https:\/\/www.notibras.com\/site\/#organization\"},\"image\":{\"@id\":\"https:\/\/www.notibras.com\/site\/putin-diz-que-europa-ja-tropeca-em-suas-proprias-sancoes\/#primaryimage\"},\"thumbnailUrl\":\"https:\/\/www.notibras.com\/site\/wp-content\/uploads\/2022\/09\/putin.sancoes.webp\",\"keywords\":[\"capa\"],\"articleSection\":[\"Apocalipse\"],\"inLanguage\":\"pt-BR\"},{\"@type\":\"WebPage\",\"@id\":\"https:\/\/www.notibras.com\/site\/putin-diz-que-europa-ja-tropeca-em-suas-proprias-sancoes\/\",\"url\":\"https:\/\/www.notibras.com\/site\/putin-diz-que-europa-ja-tropeca-em-suas-proprias-sancoes\/\",\"name\":\"Putin diz que Europa j\u00e1 trope\u00e7a em suas pr\u00f3prias san\u00e7\u00f5es - Notibras\",\"isPartOf\":{\"@id\":\"https:\/\/www.notibras.com\/site\/#website\"},\"primaryImageOfPage\":{\"@id\":\"https:\/\/www.notibras.com\/site\/putin-diz-que-europa-ja-tropeca-em-suas-proprias-sancoes\/#primaryimage\"},\"image\":{\"@id\":\"https:\/\/www.notibras.com\/site\/putin-diz-que-europa-ja-tropeca-em-suas-proprias-sancoes\/#primaryimage\"},\"thumbnailUrl\":\"https:\/\/www.notibras.com\/site\/wp-content\/uploads\/2022\/09\/putin.sancoes.webp\",\"datePublished\":\"2022-09-12T12:55:54+00:00\",\"dateModified\":\"2022-09-12T13:15:27+00:00\",\"breadcrumb\":{\"@id\":\"https:\/\/www.notibras.com\/site\/putin-diz-que-europa-ja-tropeca-em-suas-proprias-sancoes\/#breadcrumb\"},\"inLanguage\":\"pt-BR\",\"potentialAction\":[{\"@type\":\"ReadAction\",\"target\":[\"https:\/\/www.notibras.com\/site\/putin-diz-que-europa-ja-tropeca-em-suas-proprias-sancoes\/\"]}]},{\"@type\":\"ImageObject\",\"inLanguage\":\"pt-BR\",\"@id\":\"https:\/\/www.notibras.com\/site\/putin-diz-que-europa-ja-tropeca-em-suas-proprias-sancoes\/#primaryimage\",\"url\":\"https:\/\/www.notibras.com\/site\/wp-content\/uploads\/2022\/09\/putin.sancoes.webp\",\"contentUrl\":\"https:\/\/www.notibras.com\/site\/wp-content\/uploads\/2022\/09\/putin.sancoes.webp\",\"width\":1920,\"height\":1080},{\"@type\":\"BreadcrumbList\",\"@id\":\"https:\/\/www.notibras.com\/site\/putin-diz-que-europa-ja-tropeca-em-suas-proprias-sancoes\/#breadcrumb\",\"itemListElement\":[{\"@type\":\"ListItem\",\"position\":1,\"name\":\"In\u00edcio\",\"item\":\"https:\/\/www.notibras.com\/site\/\"},{\"@type\":\"ListItem\",\"position\":2,\"name\":\"Putin diz que Europa j\u00e1 trope\u00e7a em suas pr\u00f3prias san\u00e7\u00f5es\"}]},{\"@type\":\"WebSite\",\"@id\":\"https:\/\/www.notibras.com\/site\/#website\",\"url\":\"https:\/\/www.notibras.com\/site\/\",\"name\":\"Notibras\",\"description\":\"Not\u00edcias de Bras\u00edlia, do Brasil e do Mundo\",\"publisher\":{\"@id\":\"https:\/\/www.notibras.com\/site\/#organization\"},\"potentialAction\":[{\"@type\":\"SearchAction\",\"target\":{\"@type\":\"EntryPoint\",\"urlTemplate\":\"https:\/\/www.notibras.com\/site\/?s={search_term_string}\"},\"query-input\":{\"@type\":\"PropertyValueSpecification\",\"valueRequired\":true,\"valueName\":\"search_term_string\"}}],\"inLanguage\":\"pt-BR\"},{\"@type\":\"Organization\",\"@id\":\"https:\/\/www.notibras.com\/site\/#organization\",\"name\":\"Grupo Notibras de Comunica\u00e7\u00e3o\",\"url\":\"https:\/\/www.notibras.com\/site\/\",\"logo\":{\"@type\":\"ImageObject\",\"inLanguage\":\"pt-BR\",\"@id\":\"https:\/\/www.notibras.com\/site\/#\/schema\/logo\/image\/\",\"url\":\"https:\/\/www.notibras.com\/site\/wp-content\/uploads\/2023\/01\/notibras23.png\",\"contentUrl\":\"https:\/\/www.notibras.com\/site\/wp-content\/uploads\/2023\/01\/notibras23.png\",\"width\":350,\"height\":87,\"caption\":\"Grupo Notibras de Comunica\u00e7\u00e3o\"},\"image\":{\"@id\":\"https:\/\/www.notibras.com\/site\/#\/schema\/logo\/image\/\"},\"sameAs\":[\"https:\/\/www.facebook.com\/notibras\/\",\"https:\/\/x.com\/Notibras\",\"https:\/\/www.instagram.com\/notibras\/\"]},{\"@type\":\"Person\",\"@id\":\"https:\/\/www.notibras.com\/site\/#\/schema\/person\/36ab0979449956132d3e5b517ea76ac8\",\"name\":\"Reda\u00e7\u00e3o\",\"image\":{\"@type\":\"ImageObject\",\"inLanguage\":\"pt-BR\",\"@id\":\"https:\/\/secure.gravatar.com\/avatar\/e0a867bdedb85fd243eadf09663511f96fc81e0720a4a42581f334ad4303aa6b?s=96&d=mm&r=g\",\"url\":\"https:\/\/secure.gravatar.com\/avatar\/e0a867bdedb85fd243eadf09663511f96fc81e0720a4a42581f334ad4303aa6b?s=96&d=mm&r=g\",\"contentUrl\":\"https:\/\/secure.gravatar.com\/avatar\/e0a867bdedb85fd243eadf09663511f96fc81e0720a4a42581f334ad4303aa6b?s=96&d=mm&r=g\",\"caption\":\"Reda\u00e7\u00e3o\"}}]}<\/script>\n<!-- \/ Yoast SEO plugin. -->","yoast_head_json":{"title":"Putin diz que Europa j\u00e1 trope\u00e7a em suas pr\u00f3prias san\u00e7\u00f5es - Notibras","robots":{"index":"index","follow":"follow","max-snippet":"max-snippet:-1","max-image-preview":"max-image-preview:large","max-video-preview":"max-video-preview:-1"},"canonical":"https:\/\/www.notibras.com\/site\/putin-diz-que-europa-ja-tropeca-em-suas-proprias-sancoes\/","og_locale":"pt_BR","og_type":"article","og_title":"Putin diz que Europa j\u00e1 trope\u00e7a em suas pr\u00f3prias san\u00e7\u00f5es - Notibras","og_description":"O presidente russo, Vladimir Putin , afirmou nesta egunda, 12, que o pa\u00eds est\u00e1 lidando com a press\u00e3o do Ocidente, tendo implementado prontamente medidas de prote\u00e7\u00e3o na economia. Segundo ele, as t\u00e1ticas de Blitzkrieg do Ocidente em rela\u00e7\u00e3o \u00e0 R\u00fassia n\u00e3o funcionaram. Ele enfatizou a necessidade de a R\u00fassia seguir sua l\u00f3gica e resolver suas [&hellip;]","og_url":"https:\/\/www.notibras.com\/site\/putin-diz-que-europa-ja-tropeca-em-suas-proprias-sancoes\/","og_site_name":"Notibras","article_publisher":"https:\/\/www.facebook.com\/notibras\/","article_published_time":"2022-09-12T12:55:54+00:00","article_modified_time":"2022-09-12T13:15:27+00:00","og_image":[{"width":1920,"height":1080,"url":"https:\/\/www.notibras.com\/site\/wp-content\/uploads\/2022\/09\/putin.sancoes.webp","type":"image\/webp"}],"author":"Reda\u00e7\u00e3o","twitter_card":"summary_large_image","twitter_creator":"@Notibras","twitter_site":"@Notibras","twitter_misc":{"Escrito por":"Reda\u00e7\u00e3o","Est. tempo de leitura":"2 minutos"},"schema":{"@context":"https:\/\/schema.org","@graph":[{"@type":"Article","@id":"https:\/\/www.notibras.com\/site\/putin-diz-que-europa-ja-tropeca-em-suas-proprias-sancoes\/#article","isPartOf":{"@id":"https:\/\/www.notibras.com\/site\/putin-diz-que-europa-ja-tropeca-em-suas-proprias-sancoes\/"},"author":{"name":"Reda\u00e7\u00e3o","@id":"https:\/\/www.notibras.com\/site\/#\/schema\/person\/36ab0979449956132d3e5b517ea76ac8"},"headline":"Putin diz que Europa j\u00e1 trope\u00e7a em suas pr\u00f3prias san\u00e7\u00f5es","datePublished":"2022-09-12T12:55:54+00:00","dateModified":"2022-09-12T13:15:27+00:00","mainEntityOfPage":{"@id":"https:\/\/www.notibras.com\/site\/putin-diz-que-europa-ja-tropeca-em-suas-proprias-sancoes\/"},"wordCount":407,"publisher":{"@id":"https:\/\/www.notibras.com\/site\/#organization"},"image":{"@id":"https:\/\/www.notibras.com\/site\/putin-diz-que-europa-ja-tropeca-em-suas-proprias-sancoes\/#primaryimage"},"thumbnailUrl":"https:\/\/www.notibras.com\/site\/wp-content\/uploads\/2022\/09\/putin.sancoes.webp","keywords":["capa"],"articleSection":["Apocalipse"],"inLanguage":"pt-BR"},{"@type":"WebPage","@id":"https:\/\/www.notibras.com\/site\/putin-diz-que-europa-ja-tropeca-em-suas-proprias-sancoes\/","url":"https:\/\/www.notibras.com\/site\/putin-diz-que-europa-ja-tropeca-em-suas-proprias-sancoes\/","name":"Putin diz que Europa j\u00e1 trope\u00e7a em suas pr\u00f3prias san\u00e7\u00f5es - Notibras","isPartOf":{"@id":"https:\/\/www.notibras.com\/site\/#website"},"primaryImageOfPage":{"@id":"https:\/\/www.notibras.com\/site\/putin-diz-que-europa-ja-tropeca-em-suas-proprias-sancoes\/#primaryimage"},"image":{"@id":"https:\/\/www.notibras.com\/site\/putin-diz-que-europa-ja-tropeca-em-suas-proprias-sancoes\/#primaryimage"},"thumbnailUrl":"https:\/\/www.notibras.com\/site\/wp-content\/uploads\/2022\/09\/putin.sancoes.webp","datePublished":"2022-09-12T12:55:54+00:00","dateModified":"2022-09-12T13:15:27+00:00","breadcrumb":{"@id":"https:\/\/www.notibras.com\/site\/putin-diz-que-europa-ja-tropeca-em-suas-proprias-sancoes\/#breadcrumb"},"inLanguage":"pt-BR","potentialAction":[{"@type":"ReadAction","target":["https:\/\/www.notibras.com\/site\/putin-diz-que-europa-ja-tropeca-em-suas-proprias-sancoes\/"]}]},{"@type":"ImageObject","inLanguage":"pt-BR","@id":"https:\/\/www.notibras.com\/site\/putin-diz-que-europa-ja-tropeca-em-suas-proprias-sancoes\/#primaryimage","url":"https:\/\/www.notibras.com\/site\/wp-content\/uploads\/2022\/09\/putin.sancoes.webp","contentUrl":"https:\/\/www.notibras.com\/site\/wp-content\/uploads\/2022\/09\/putin.sancoes.webp","width":1920,"height":1080},{"@type":"BreadcrumbList","@id":"https:\/\/www.notibras.com\/site\/putin-diz-que-europa-ja-tropeca-em-suas-proprias-sancoes\/#breadcrumb","itemListElement":[{"@type":"ListItem","position":1,"name":"In\u00edcio","item":"https:\/\/www.notibras.com\/site\/"},{"@type":"ListItem","position":2,"name":"Putin diz que Europa j\u00e1 trope\u00e7a em suas pr\u00f3prias san\u00e7\u00f5es"}]},{"@type":"WebSite","@id":"https:\/\/www.notibras.com\/site\/#website","url":"https:\/\/www.notibras.com\/site\/","name":"Notibras","description":"Not\u00edcias de Bras\u00edlia, do Brasil e do Mundo","publisher":{"@id":"https:\/\/www.notibras.com\/site\/#organization"},"potentialAction":[{"@type":"SearchAction","target":{"@type":"EntryPoint","urlTemplate":"https:\/\/www.notibras.com\/site\/?s={search_term_string}"},"query-input":{"@type":"PropertyValueSpecification","valueRequired":true,"valueName":"search_term_string"}}],"inLanguage":"pt-BR"},{"@type":"Organization","@id":"https:\/\/www.notibras.com\/site\/#organization","name":"Grupo Notibras de Comunica\u00e7\u00e3o","url":"https:\/\/www.notibras.com\/site\/","logo":{"@type":"ImageObject","inLanguage":"pt-BR","@id":"https:\/\/www.notibras.com\/site\/#\/schema\/logo\/image\/","url":"https:\/\/www.notibras.com\/site\/wp-content\/uploads\/2023\/01\/notibras23.png","contentUrl":"https:\/\/www.notibras.com\/site\/wp-content\/uploads\/2023\/01\/notibras23.png","width":350,"height":87,"caption":"Grupo Notibras de Comunica\u00e7\u00e3o"},"image":{"@id":"https:\/\/www.notibras.com\/site\/#\/schema\/logo\/image\/"},"sameAs":["https:\/\/www.facebook.com\/notibras\/","https:\/\/x.com\/Notibras","https:\/\/www.instagram.com\/notibras\/"]},{"@type":"Person","@id":"https:\/\/www.notibras.com\/site\/#\/schema\/person\/36ab0979449956132d3e5b517ea76ac8","name":"Reda\u00e7\u00e3o","image":{"@type":"ImageObject","inLanguage":"pt-BR","@id":"https:\/\/secure.gravatar.com\/avatar\/e0a867bdedb85fd243eadf09663511f96fc81e0720a4a42581f334ad4303aa6b?s=96&d=mm&r=g","url":"https:\/\/secure.gravatar.com\/avatar\/e0a867bdedb85fd243eadf09663511f96fc81e0720a4a42581f334ad4303aa6b?s=96&d=mm&r=g","contentUrl":"https:\/\/secure.gravatar.com\/avatar\/e0a867bdedb85fd243eadf09663511f96fc81e0720a4a42581f334ad4303aa6b?s=96&d=mm&r=g","caption":"Reda\u00e7\u00e3o"}}]}},"amp_enabled":true,"_links":{"self":[{"href":"https:\/\/www.notibras.com\/site\/wp-json\/wp\/v2\/posts\/291625","targetHints":{"allow":["GET"]}}],"collection":[{"href":"https:\/\/www.notibras.com\/site\/wp-json\/wp\/v2\/posts"}],"about":[{"href":"https:\/\/www.notibras.com\/site\/wp-json\/wp\/v2\/types\/post"}],"author":[{"embeddable":true,"href":"https:\/\/www.notibras.com\/site\/wp-json\/wp\/v2\/users\/2"}],"replies":[{"embeddable":true,"href":"https:\/\/www.notibras.com\/site\/wp-json\/wp\/v2\/comments?post=291625"}],"version-history":[{"count":1,"href":"https:\/\/www.notibras.com\/site\/wp-json\/wp\/v2\/posts\/291625\/revisions"}],"predecessor-version":[{"id":291627,"href":"https:\/\/www.notibras.com\/site\/wp-json\/wp\/v2\/posts\/291625\/revisions\/291627"}],"wp:featuredmedia":[{"embeddable":true,"href":"https:\/\/www.notibras.com\/site\/wp-json\/wp\/v2\/media\/291626"}],"wp:attachment":[{"href":"https:\/\/www.notibras.com\/site\/wp-json\/wp\/v2\/media?parent=291625"}],"wp:term":[{"taxonomy":"category","embeddable":true,"href":"https:\/\/www.notibras.com\/site\/wp-json\/wp\/v2\/categories?post=291625"},{"taxonomy":"post_tag","embeddable":true,"href":"https:\/\/www.notibras.com\/site\/wp-json\/wp\/v2\/tags?post=291625"}],"curies":[{"name":"wp","href":"https:\/\/api.w.org\/{rel}","templated":true}]}}