{"id":291628,"date":"2022-09-12T09:48:48","date_gmt":"2022-09-12T12:48:48","guid":{"rendered":"https:\/\/www.notibras.com\/site\/?p=291628"},"modified":"2022-09-12T10:34:32","modified_gmt":"2022-09-12T13:34:32","slug":"russia-adverte-alemanha-para-linha-vermelha-no-apoio-a-kiev","status":"publish","type":"post","link":"https:\/\/www.notibras.com\/site\/russia-adverte-alemanha-para-linha-vermelha-no-apoio-a-kiev\/","title":{"rendered":"R\u00fassia adverte Alemanha para &#8216;linha vermelha&#8217; no apoio a Kiev"},"content":{"rendered":"<p>A Alemanha, ao fornecer armas letais para a Ucr\u00e2nia, est\u00e1 cruzando uma &#8220;linha vermelha&#8221;. Para Moscou, Berlim n\u00e3o deveria reavaliar sua conduta, disse o embaixador russo na Alemanha, Sergei Nechaev, nesta segunda-feira, 12.<\/p>\n<p>&#8220;O fato de fornecer ao regime ucraniano armas letais de fabrica\u00e7\u00e3o alem\u00e3, usadas n\u00e3o apenas contra soldados russos, mas tamb\u00e9m contra a popula\u00e7\u00e3o civil de Donbass, \u00e9 uma linha vermelha que Berlim n\u00e3o deveria ter cruzado, levando em conta a responsabilidade moral e hist\u00f3rica da Alemanha ao nosso povo pelos crimes do nazismo durante a Grande Guerra&#8221;, disse Nechaev ao jornal <em>Izvestiya<\/em>.<\/p>\n<p>No final de agosto, a m\u00eddia alem\u00e3 informou que diplomatas ucranianos pediram repetidamente \u00e0 Alemanha que fornecesse armas pesadas adicionais, mas at\u00e9 agora sem sucesso. O Minist\u00e9rio da Defesa alem\u00e3o teria justificado sua recusa dizendo que a Bundeswehr alem\u00e3 precisava dessas armas para cumprir suas obriga\u00e7\u00f5es na Otan.<\/p>\n<p>Ao mesmo tempo, o chanceler Olaf Scholz disse que Berlim tem fornecido regularmente a Kiev armas &#8220;muito eficazes&#8221; e prometeu continuar as entregas, mas enfatizou que n\u00e3o deve haver escalada.<\/p>\n<p>A R\u00fassia lan\u00e7ou sua opera\u00e7\u00e3o militar especial na Ucr\u00e2nia em 24 de fevereiro, depois que as Rep\u00fablicas Populares de Donetsk e Lugansk (DPR e LPR) pediram ajuda para se defenderem das provoca\u00e7\u00f5es ucranianas. Em resposta \u00e0 opera\u00e7\u00e3o da R\u00fassia, os pa\u00edses ocidentais lan\u00e7aram uma ampla campanha de san\u00e7\u00f5es contra Moscou e aumentaram o fornecimento de armas letais para a Ucr\u00e2nia.<\/p>\n","protected":false},"excerpt":{"rendered":"<p>A Alemanha, ao fornecer armas letais para a Ucr\u00e2nia, est\u00e1 cruzando uma &#8220;linha vermelha&#8221;. Para Moscou, Berlim n\u00e3o deveria reavaliar sua conduta, disse o embaixador russo na Alemanha, Sergei Nechaev, nesta segunda-feira, 12. &#8220;O fato de fornecer ao regime ucraniano armas letais de fabrica\u00e7\u00e3o alem\u00e3, usadas n\u00e3o apenas contra soldados russos, mas tamb\u00e9m contra a [&hellip;]<\/p>\n","protected":false},"author":2,"featured_media":291629,"comment_status":"closed","ping_status":"closed","sticky":false,"template":"","format":"standard","meta":{"_acf_changed":false,"footnotes":""},"categories":[159],"tags":[95],"class_list":["post-291628","post","type-post","status-publish","format-standard","has-post-thumbnail","hentry","category-apocalipse","tag-capa"],"acf":[],"yoast_head":"<!-- This site is optimized with the Yoast SEO plugin v27.2 - https:\/\/yoast.com\/product\/yoast-seo-wordpress\/ -->\n<title>R\u00fassia adverte Alemanha para &#039;linha vermelha&#039; no apoio a Kiev - Notibras<\/title>\n<meta name=\"robots\" content=\"index, follow, max-snippet:-1, max-image-preview:large, max-video-preview:-1\" \/>\n<link rel=\"canonical\" href=\"https:\/\/www.notibras.com\/site\/russia-adverte-alemanha-para-linha-vermelha-no-apoio-a-kiev\/\" \/>\n<meta property=\"og:locale\" content=\"pt_BR\" \/>\n<meta property=\"og:type\" content=\"article\" \/>\n<meta property=\"og:title\" content=\"R\u00fassia adverte Alemanha para &#039;linha vermelha&#039; no apoio a Kiev - Notibras\" \/>\n<meta property=\"og:description\" content=\"A Alemanha, ao fornecer armas letais para a Ucr\u00e2nia, est\u00e1 cruzando uma &#8220;linha vermelha&#8221;. Para Moscou, Berlim n\u00e3o deveria reavaliar sua conduta, disse o embaixador russo na Alemanha, Sergei Nechaev, nesta segunda-feira, 12. &#8220;O fato de fornecer ao regime ucraniano armas letais de fabrica\u00e7\u00e3o alem\u00e3, usadas n\u00e3o apenas contra soldados russos, mas tamb\u00e9m contra a [&hellip;]\" \/>\n<meta property=\"og:url\" content=\"https:\/\/www.notibras.com\/site\/russia-adverte-alemanha-para-linha-vermelha-no-apoio-a-kiev\/\" \/>\n<meta property=\"og:site_name\" content=\"Notibras\" \/>\n<meta property=\"article:publisher\" content=\"https:\/\/www.facebook.com\/notibras\/\" \/>\n<meta property=\"article:published_time\" content=\"2022-09-12T12:48:48+00:00\" \/>\n<meta property=\"article:modified_time\" content=\"2022-09-12T13:34:32+00:00\" \/>\n<meta property=\"og:image\" content=\"https:\/\/www.notibras.com\/site\/wp-content\/uploads\/2022\/09\/armas.alemanah.a.webp\" \/>\n\t<meta property=\"og:image:width\" content=\"1920\" \/>\n\t<meta property=\"og:image:height\" content=\"1079\" \/>\n\t<meta property=\"og:image:type\" content=\"image\/webp\" \/>\n<meta name=\"author\" content=\"Reda\u00e7\u00e3o\" \/>\n<meta name=\"twitter:card\" content=\"summary_large_image\" \/>\n<meta name=\"twitter:creator\" content=\"@Notibras\" \/>\n<meta name=\"twitter:site\" content=\"@Notibras\" \/>\n<meta name=\"twitter:label1\" content=\"Escrito por\" \/>\n\t<meta name=\"twitter:data1\" content=\"Reda\u00e7\u00e3o\" \/>\n\t<meta name=\"twitter:label2\" content=\"Est. tempo de leitura\" \/>\n\t<meta name=\"twitter:data2\" content=\"2 minutos\" \/>\n<script type=\"application\/ld+json\" class=\"yoast-schema-graph\">{\"@context\":\"https:\/\/schema.org\",\"@graph\":[{\"@type\":\"Article\",\"@id\":\"https:\/\/www.notibras.com\/site\/russia-adverte-alemanha-para-linha-vermelha-no-apoio-a-kiev\/#article\",\"isPartOf\":{\"@id\":\"https:\/\/www.notibras.com\/site\/russia-adverte-alemanha-para-linha-vermelha-no-apoio-a-kiev\/\"},\"author\":{\"name\":\"Reda\u00e7\u00e3o\",\"@id\":\"https:\/\/www.notibras.com\/site\/#\/schema\/person\/36ab0979449956132d3e5b517ea76ac8\"},\"headline\":\"R\u00fassia adverte Alemanha para &#8216;linha vermelha&#8217; no apoio a Kiev\",\"datePublished\":\"2022-09-12T12:48:48+00:00\",\"dateModified\":\"2022-09-12T13:34:32+00:00\",\"mainEntityOfPage\":{\"@id\":\"https:\/\/www.notibras.com\/site\/russia-adverte-alemanha-para-linha-vermelha-no-apoio-a-kiev\/\"},\"wordCount\":264,\"publisher\":{\"@id\":\"https:\/\/www.notibras.com\/site\/#organization\"},\"image\":{\"@id\":\"https:\/\/www.notibras.com\/site\/russia-adverte-alemanha-para-linha-vermelha-no-apoio-a-kiev\/#primaryimage\"},\"thumbnailUrl\":\"https:\/\/www.notibras.com\/site\/wp-content\/uploads\/2022\/09\/armas.alemanah.a.webp\",\"keywords\":[\"capa\"],\"articleSection\":[\"Apocalipse\"],\"inLanguage\":\"pt-BR\"},{\"@type\":\"WebPage\",\"@id\":\"https:\/\/www.notibras.com\/site\/russia-adverte-alemanha-para-linha-vermelha-no-apoio-a-kiev\/\",\"url\":\"https:\/\/www.notibras.com\/site\/russia-adverte-alemanha-para-linha-vermelha-no-apoio-a-kiev\/\",\"name\":\"R\u00fassia adverte Alemanha para 'linha vermelha' no apoio a Kiev - Notibras\",\"isPartOf\":{\"@id\":\"https:\/\/www.notibras.com\/site\/#website\"},\"primaryImageOfPage\":{\"@id\":\"https:\/\/www.notibras.com\/site\/russia-adverte-alemanha-para-linha-vermelha-no-apoio-a-kiev\/#primaryimage\"},\"image\":{\"@id\":\"https:\/\/www.notibras.com\/site\/russia-adverte-alemanha-para-linha-vermelha-no-apoio-a-kiev\/#primaryimage\"},\"thumbnailUrl\":\"https:\/\/www.notibras.com\/site\/wp-content\/uploads\/2022\/09\/armas.alemanah.a.webp\",\"datePublished\":\"2022-09-12T12:48:48+00:00\",\"dateModified\":\"2022-09-12T13:34:32+00:00\",\"breadcrumb\":{\"@id\":\"https:\/\/www.notibras.com\/site\/russia-adverte-alemanha-para-linha-vermelha-no-apoio-a-kiev\/#breadcrumb\"},\"inLanguage\":\"pt-BR\",\"potentialAction\":[{\"@type\":\"ReadAction\",\"target\":[\"https:\/\/www.notibras.com\/site\/russia-adverte-alemanha-para-linha-vermelha-no-apoio-a-kiev\/\"]}]},{\"@type\":\"ImageObject\",\"inLanguage\":\"pt-BR\",\"@id\":\"https:\/\/www.notibras.com\/site\/russia-adverte-alemanha-para-linha-vermelha-no-apoio-a-kiev\/#primaryimage\",\"url\":\"https:\/\/www.notibras.com\/site\/wp-content\/uploads\/2022\/09\/armas.alemanah.a.webp\",\"contentUrl\":\"https:\/\/www.notibras.com\/site\/wp-content\/uploads\/2022\/09\/armas.alemanah.a.webp\",\"width\":1920,\"height\":1079},{\"@type\":\"BreadcrumbList\",\"@id\":\"https:\/\/www.notibras.com\/site\/russia-adverte-alemanha-para-linha-vermelha-no-apoio-a-kiev\/#breadcrumb\",\"itemListElement\":[{\"@type\":\"ListItem\",\"position\":1,\"name\":\"In\u00edcio\",\"item\":\"https:\/\/www.notibras.com\/site\/\"},{\"@type\":\"ListItem\",\"position\":2,\"name\":\"R\u00fassia adverte Alemanha para &#8216;linha vermelha&#8217; no apoio a Kiev\"}]},{\"@type\":\"WebSite\",\"@id\":\"https:\/\/www.notibras.com\/site\/#website\",\"url\":\"https:\/\/www.notibras.com\/site\/\",\"name\":\"Notibras\",\"description\":\"Not\u00edcias de Bras\u00edlia, do Brasil e do Mundo\",\"publisher\":{\"@id\":\"https:\/\/www.notibras.com\/site\/#organization\"},\"potentialAction\":[{\"@type\":\"SearchAction\",\"target\":{\"@type\":\"EntryPoint\",\"urlTemplate\":\"https:\/\/www.notibras.com\/site\/?s={search_term_string}\"},\"query-input\":{\"@type\":\"PropertyValueSpecification\",\"valueRequired\":true,\"valueName\":\"search_term_string\"}}],\"inLanguage\":\"pt-BR\"},{\"@type\":\"Organization\",\"@id\":\"https:\/\/www.notibras.com\/site\/#organization\",\"name\":\"Grupo Notibras de Comunica\u00e7\u00e3o\",\"url\":\"https:\/\/www.notibras.com\/site\/\",\"logo\":{\"@type\":\"ImageObject\",\"inLanguage\":\"pt-BR\",\"@id\":\"https:\/\/www.notibras.com\/site\/#\/schema\/logo\/image\/\",\"url\":\"https:\/\/www.notibras.com\/site\/wp-content\/uploads\/2023\/01\/notibras23.png\",\"contentUrl\":\"https:\/\/www.notibras.com\/site\/wp-content\/uploads\/2023\/01\/notibras23.png\",\"width\":350,\"height\":87,\"caption\":\"Grupo Notibras de Comunica\u00e7\u00e3o\"},\"image\":{\"@id\":\"https:\/\/www.notibras.com\/site\/#\/schema\/logo\/image\/\"},\"sameAs\":[\"https:\/\/www.facebook.com\/notibras\/\",\"https:\/\/x.com\/Notibras\",\"https:\/\/www.instagram.com\/notibras\/\"]},{\"@type\":\"Person\",\"@id\":\"https:\/\/www.notibras.com\/site\/#\/schema\/person\/36ab0979449956132d3e5b517ea76ac8\",\"name\":\"Reda\u00e7\u00e3o\",\"image\":{\"@type\":\"ImageObject\",\"inLanguage\":\"pt-BR\",\"@id\":\"https:\/\/secure.gravatar.com\/avatar\/e0a867bdedb85fd243eadf09663511f96fc81e0720a4a42581f334ad4303aa6b?s=96&d=mm&r=g\",\"url\":\"https:\/\/secure.gravatar.com\/avatar\/e0a867bdedb85fd243eadf09663511f96fc81e0720a4a42581f334ad4303aa6b?s=96&d=mm&r=g\",\"contentUrl\":\"https:\/\/secure.gravatar.com\/avatar\/e0a867bdedb85fd243eadf09663511f96fc81e0720a4a42581f334ad4303aa6b?s=96&d=mm&r=g\",\"caption\":\"Reda\u00e7\u00e3o\"}}]}<\/script>\n<!-- \/ Yoast SEO plugin. -->","yoast_head_json":{"title":"R\u00fassia adverte Alemanha para 'linha vermelha' no apoio a Kiev - Notibras","robots":{"index":"index","follow":"follow","max-snippet":"max-snippet:-1","max-image-preview":"max-image-preview:large","max-video-preview":"max-video-preview:-1"},"canonical":"https:\/\/www.notibras.com\/site\/russia-adverte-alemanha-para-linha-vermelha-no-apoio-a-kiev\/","og_locale":"pt_BR","og_type":"article","og_title":"R\u00fassia adverte Alemanha para 'linha vermelha' no apoio a Kiev - Notibras","og_description":"A Alemanha, ao fornecer armas letais para a Ucr\u00e2nia, est\u00e1 cruzando uma &#8220;linha vermelha&#8221;. Para Moscou, Berlim n\u00e3o deveria reavaliar sua conduta, disse o embaixador russo na Alemanha, Sergei Nechaev, nesta segunda-feira, 12. &#8220;O fato de fornecer ao regime ucraniano armas letais de fabrica\u00e7\u00e3o alem\u00e3, usadas n\u00e3o apenas contra soldados russos, mas tamb\u00e9m contra a [&hellip;]","og_url":"https:\/\/www.notibras.com\/site\/russia-adverte-alemanha-para-linha-vermelha-no-apoio-a-kiev\/","og_site_name":"Notibras","article_publisher":"https:\/\/www.facebook.com\/notibras\/","article_published_time":"2022-09-12T12:48:48+00:00","article_modified_time":"2022-09-12T13:34:32+00:00","og_image":[{"width":1920,"height":1079,"url":"https:\/\/www.notibras.com\/site\/wp-content\/uploads\/2022\/09\/armas.alemanah.a.webp","type":"image\/webp"}],"author":"Reda\u00e7\u00e3o","twitter_card":"summary_large_image","twitter_creator":"@Notibras","twitter_site":"@Notibras","twitter_misc":{"Escrito por":"Reda\u00e7\u00e3o","Est. tempo de leitura":"2 minutos"},"schema":{"@context":"https:\/\/schema.org","@graph":[{"@type":"Article","@id":"https:\/\/www.notibras.com\/site\/russia-adverte-alemanha-para-linha-vermelha-no-apoio-a-kiev\/#article","isPartOf":{"@id":"https:\/\/www.notibras.com\/site\/russia-adverte-alemanha-para-linha-vermelha-no-apoio-a-kiev\/"},"author":{"name":"Reda\u00e7\u00e3o","@id":"https:\/\/www.notibras.com\/site\/#\/schema\/person\/36ab0979449956132d3e5b517ea76ac8"},"headline":"R\u00fassia adverte Alemanha para &#8216;linha vermelha&#8217; no apoio a Kiev","datePublished":"2022-09-12T12:48:48+00:00","dateModified":"2022-09-12T13:34:32+00:00","mainEntityOfPage":{"@id":"https:\/\/www.notibras.com\/site\/russia-adverte-alemanha-para-linha-vermelha-no-apoio-a-kiev\/"},"wordCount":264,"publisher":{"@id":"https:\/\/www.notibras.com\/site\/#organization"},"image":{"@id":"https:\/\/www.notibras.com\/site\/russia-adverte-alemanha-para-linha-vermelha-no-apoio-a-kiev\/#primaryimage"},"thumbnailUrl":"https:\/\/www.notibras.com\/site\/wp-content\/uploads\/2022\/09\/armas.alemanah.a.webp","keywords":["capa"],"articleSection":["Apocalipse"],"inLanguage":"pt-BR"},{"@type":"WebPage","@id":"https:\/\/www.notibras.com\/site\/russia-adverte-alemanha-para-linha-vermelha-no-apoio-a-kiev\/","url":"https:\/\/www.notibras.com\/site\/russia-adverte-alemanha-para-linha-vermelha-no-apoio-a-kiev\/","name":"R\u00fassia adverte Alemanha para 'linha vermelha' no apoio a Kiev - Notibras","isPartOf":{"@id":"https:\/\/www.notibras.com\/site\/#website"},"primaryImageOfPage":{"@id":"https:\/\/www.notibras.com\/site\/russia-adverte-alemanha-para-linha-vermelha-no-apoio-a-kiev\/#primaryimage"},"image":{"@id":"https:\/\/www.notibras.com\/site\/russia-adverte-alemanha-para-linha-vermelha-no-apoio-a-kiev\/#primaryimage"},"thumbnailUrl":"https:\/\/www.notibras.com\/site\/wp-content\/uploads\/2022\/09\/armas.alemanah.a.webp","datePublished":"2022-09-12T12:48:48+00:00","dateModified":"2022-09-12T13:34:32+00:00","breadcrumb":{"@id":"https:\/\/www.notibras.com\/site\/russia-adverte-alemanha-para-linha-vermelha-no-apoio-a-kiev\/#breadcrumb"},"inLanguage":"pt-BR","potentialAction":[{"@type":"ReadAction","target":["https:\/\/www.notibras.com\/site\/russia-adverte-alemanha-para-linha-vermelha-no-apoio-a-kiev\/"]}]},{"@type":"ImageObject","inLanguage":"pt-BR","@id":"https:\/\/www.notibras.com\/site\/russia-adverte-alemanha-para-linha-vermelha-no-apoio-a-kiev\/#primaryimage","url":"https:\/\/www.notibras.com\/site\/wp-content\/uploads\/2022\/09\/armas.alemanah.a.webp","contentUrl":"https:\/\/www.notibras.com\/site\/wp-content\/uploads\/2022\/09\/armas.alemanah.a.webp","width":1920,"height":1079},{"@type":"BreadcrumbList","@id":"https:\/\/www.notibras.com\/site\/russia-adverte-alemanha-para-linha-vermelha-no-apoio-a-kiev\/#breadcrumb","itemListElement":[{"@type":"ListItem","position":1,"name":"In\u00edcio","item":"https:\/\/www.notibras.com\/site\/"},{"@type":"ListItem","position":2,"name":"R\u00fassia adverte Alemanha para &#8216;linha vermelha&#8217; no apoio a Kiev"}]},{"@type":"WebSite","@id":"https:\/\/www.notibras.com\/site\/#website","url":"https:\/\/www.notibras.com\/site\/","name":"Notibras","description":"Not\u00edcias de Bras\u00edlia, do Brasil e do Mundo","publisher":{"@id":"https:\/\/www.notibras.com\/site\/#organization"},"potentialAction":[{"@type":"SearchAction","target":{"@type":"EntryPoint","urlTemplate":"https:\/\/www.notibras.com\/site\/?s={search_term_string}"},"query-input":{"@type":"PropertyValueSpecification","valueRequired":true,"valueName":"search_term_string"}}],"inLanguage":"pt-BR"},{"@type":"Organization","@id":"https:\/\/www.notibras.com\/site\/#organization","name":"Grupo Notibras de Comunica\u00e7\u00e3o","url":"https:\/\/www.notibras.com\/site\/","logo":{"@type":"ImageObject","inLanguage":"pt-BR","@id":"https:\/\/www.notibras.com\/site\/#\/schema\/logo\/image\/","url":"https:\/\/www.notibras.com\/site\/wp-content\/uploads\/2023\/01\/notibras23.png","contentUrl":"https:\/\/www.notibras.com\/site\/wp-content\/uploads\/2023\/01\/notibras23.png","width":350,"height":87,"caption":"Grupo Notibras de Comunica\u00e7\u00e3o"},"image":{"@id":"https:\/\/www.notibras.com\/site\/#\/schema\/logo\/image\/"},"sameAs":["https:\/\/www.facebook.com\/notibras\/","https:\/\/x.com\/Notibras","https:\/\/www.instagram.com\/notibras\/"]},{"@type":"Person","@id":"https:\/\/www.notibras.com\/site\/#\/schema\/person\/36ab0979449956132d3e5b517ea76ac8","name":"Reda\u00e7\u00e3o","image":{"@type":"ImageObject","inLanguage":"pt-BR","@id":"https:\/\/secure.gravatar.com\/avatar\/e0a867bdedb85fd243eadf09663511f96fc81e0720a4a42581f334ad4303aa6b?s=96&d=mm&r=g","url":"https:\/\/secure.gravatar.com\/avatar\/e0a867bdedb85fd243eadf09663511f96fc81e0720a4a42581f334ad4303aa6b?s=96&d=mm&r=g","contentUrl":"https:\/\/secure.gravatar.com\/avatar\/e0a867bdedb85fd243eadf09663511f96fc81e0720a4a42581f334ad4303aa6b?s=96&d=mm&r=g","caption":"Reda\u00e7\u00e3o"}}]}},"amp_enabled":true,"_links":{"self":[{"href":"https:\/\/www.notibras.com\/site\/wp-json\/wp\/v2\/posts\/291628","targetHints":{"allow":["GET"]}}],"collection":[{"href":"https:\/\/www.notibras.com\/site\/wp-json\/wp\/v2\/posts"}],"about":[{"href":"https:\/\/www.notibras.com\/site\/wp-json\/wp\/v2\/types\/post"}],"author":[{"embeddable":true,"href":"https:\/\/www.notibras.com\/site\/wp-json\/wp\/v2\/users\/2"}],"replies":[{"embeddable":true,"href":"https:\/\/www.notibras.com\/site\/wp-json\/wp\/v2\/comments?post=291628"}],"version-history":[{"count":1,"href":"https:\/\/www.notibras.com\/site\/wp-json\/wp\/v2\/posts\/291628\/revisions"}],"predecessor-version":[{"id":291630,"href":"https:\/\/www.notibras.com\/site\/wp-json\/wp\/v2\/posts\/291628\/revisions\/291630"}],"wp:featuredmedia":[{"embeddable":true,"href":"https:\/\/www.notibras.com\/site\/wp-json\/wp\/v2\/media\/291629"}],"wp:attachment":[{"href":"https:\/\/www.notibras.com\/site\/wp-json\/wp\/v2\/media?parent=291628"}],"wp:term":[{"taxonomy":"category","embeddable":true,"href":"https:\/\/www.notibras.com\/site\/wp-json\/wp\/v2\/categories?post=291628"},{"taxonomy":"post_tag","embeddable":true,"href":"https:\/\/www.notibras.com\/site\/wp-json\/wp\/v2\/tags?post=291628"}],"curies":[{"name":"wp","href":"https:\/\/api.w.org\/{rel}","templated":true}]}}