{"id":29163,"date":"2014-11-22T10:19:31","date_gmt":"2014-11-22T13:19:31","guid":{"rendered":"http:\/\/www.notibras.com\/site\/?p=29163"},"modified":"2014-11-22T18:24:20","modified_gmt":"2014-11-22T21:24:20","slug":"tutti-rubiano-cosi-de-oliveira-advogado-de-baiano-rende-puxao-de-orelhas-de-moro","status":"publish","type":"post","link":"https:\/\/www.notibras.com\/site\/tutti-rubiano-cosi-de-oliveira-advogado-de-baiano-rende-puxao-de-orelhas-de-moro\/","title":{"rendered":"Tutti rubiano cosi de Oliveira rende firme pux\u00e3o de orelhas"},"content":{"rendered":"<div class=\"entry-inner\">\n<p>Henrique Pizzolato, ex-diretor de Marketing do Banco do Brasil que conseguiu fugir para a It\u00e1lia antes de ser condenado como mensaleiro, parece estar povoando a cabe\u00e7a de M\u00e1rio Oliveira Filho, que defende o lobista Fernando Baiano. E o juiz S\u00e9rgio Moro, que parece ler mentes, andou puxando as orelhas do advogado, ao condenar a declara\u00e7\u00e3o de que \u2018todos n\u00f3s roubamos\u2019, numa refer\u00eancia \u00e0 Opera\u00e7\u00e3o Lava Jato.<\/p>\n<p>No meio da semana, Oliveira ocupou espa\u00e7o nas manchetes afirmando que n\u00e3o se faz obra p\u00fablica no Brasil sem o pagamento de propina. Moro deu a resposta. \u201cO fechar de olhos, com a aceita\u00e7\u00e3o do quadro criminoso, como se o crime fosse algo natural e inevit\u00e1vel, n\u00e3o constitui uma escolha aceit\u00e1vel\u201d, disse o magistrado.<\/p>\n<p>A perspic\u00e1cia da rep\u00f3rter D\u00e9bora Melo, do Terra, traduziu a bronca de Moro. E transcreveu na veia o que disse o juiz. \u201cO \u00e1libi \u2018todos n\u00f3s roubamos\u2019, lembrando o mesmo empregado no contexto da Opera\u00e7\u00f5es M\u00e3os Limpas italiana pelo ent\u00e3o \u2018criminoso zero\u2019, M\u00e1rio Chiesa (\u2018tutti rubiano cosi\u2019), n\u00e3o \u00e9 jur\u00eddica ou moralmente aceit\u00e1vel e, ademais, sequer \u00e9 verdadeiro\u201d, argumentou o magistrado.<\/p>\n<p>\u201cPor mais que pr\u00e1tica criminosa da esp\u00e9cie tenha se espalhado pela falta de resposta institucional adequada, \u00e9 evidente que n\u00e3o abrange a todos, quer agentes p\u00fablicos, empresas ou demais indiv\u00edduos, e n\u00e3o representa o que pensa a sociedade brasileira\u201d, afirmou Moro, em destaque no texto de D\u00e9bora.<\/p>\n<blockquote><p>O advogado, supostamente tentando jogar todo mundo na lama, disse que o pagamento de propina faz parte da \u201ccultura\u201d do Pa\u00eds. \u201cO empres\u00e1rio, porventura, faz uma composi\u00e7\u00e3o il\u00edcita com algum pol\u00edtico e paga alguma coisa. Se ele n\u00e3o fizer isso, e quem desconhece isso desconhece a hist\u00f3ria do Pa\u00eds, n\u00e3o tem obra. Pode pegar uma prefeitura do interior, uma empreiteirazinha com quatro funcion\u00e1rios. Se ele n\u00e3o fizer acerto, ele n\u00e3o p\u00f5e um paralelep\u00edpedo no ch\u00e3o\u201d, disse Oliveira Filho na ocasi\u00e3o.<\/p><\/blockquote>\n<p>A decis\u00e3o de Moro determinou que a pris\u00e3o tempor\u00e1ria (cinco dias) de Baiano fosse transformada em pris\u00e3o preventiva (30 dias). Segundo depoimentos do doleiro Alberto Youssef e do ex-diretor da Petrobras Paulo Roberto Costa, Baiano seria operador do esquema de corrup\u00e7\u00e3o na estatal, cobrando propina para o PMDB \u2013 o partido e o lobista negam as acusa\u00e7\u00f5es.<\/p>\n<p>Ao justificar a prorroga\u00e7\u00e3o da pris\u00e3o, Moro afirmou que \u201cgrande parte do esquema criminoso permanece ainda encoberto, sem que se tenha certeza de que todos os respons\u00e1veis ser\u00e3o identificados e todo o dinheiro desviado recuperado\u201d. O magistrado, contudo, pondera que \u201caqui n\u00e3o se faz cr\u00edtica partid\u00e1ria, pois se desconhece ainda o alcance e a dura\u00e7\u00e3o da pr\u00e1tica criminosa\u201d.<\/p>\n<p>Na decis\u00e3o, o juiz ainda lembrou o \u201cbloqueio de valores milion\u00e1rios\u201d em contas de empresas administradas por Baiano \u2013 Hawk Eyes Administra\u00e7\u00e3o de Bens, R$ 6,5 milh\u00f5es; e Technis, R$ 2 milh\u00f5es \u2013, o que indicaria \u201cque tais contas eram utilizadas para recebimento de valores, possivelmente indevidos\u201d. \u201cEvidentemente, caso esses valores tenham proced\u00eancia l\u00edcita, em consultorias de servi\u00e7os reais e l\u00edcitos, ter\u00e1 o investigado condi\u00e7\u00f5es de, com facilidade, demonstrar documentalmente o fato a este Ju\u00edzo\u201d, completou Moro.<\/p>\n<p><strong>Publicado originalmente em <a href=\"http:\/\/www.naredecomjoseseabra.com.br\" target=\"_blank\">naredecomjoseseabra.com.br<\/a><\/strong><\/p>\n<\/div>\n","protected":false},"excerpt":{"rendered":"<p>Henrique Pizzolato, ex-diretor de Marketing do Banco do Brasil que conseguiu fugir para a It\u00e1lia antes de ser condenado como mensaleiro, parece estar povoando a cabe\u00e7a de M\u00e1rio Oliveira Filho, que defende o lobista Fernando Baiano. E o juiz S\u00e9rgio Moro, que parece ler mentes, andou puxando as orelhas do advogado, ao condenar a declara\u00e7\u00e3o [&hellip;]<\/p>\n","protected":false},"author":2,"featured_media":29164,"comment_status":"open","ping_status":"closed","sticky":false,"template":"","format":"standard","meta":{"_acf_changed":false,"footnotes":""},"categories":[16],"tags":[],"class_list":["post-29163","post","type-post","status-publish","format-standard","has-post-thumbnail","hentry","category-brasil"],"acf":[],"yoast_head":"<!-- This site is optimized with the Yoast SEO plugin v27.2 - https:\/\/yoast.com\/product\/yoast-seo-wordpress\/ -->\n<title>Tutti rubiano cosi de Oliveira rende firme pux\u00e3o de orelhas - Notibras<\/title>\n<meta name=\"robots\" content=\"index, follow, max-snippet:-1, max-image-preview:large, max-video-preview:-1\" \/>\n<link rel=\"canonical\" href=\"https:\/\/www.notibras.com\/site\/tutti-rubiano-cosi-de-oliveira-advogado-de-baiano-rende-puxao-de-orelhas-de-moro\/\" \/>\n<meta property=\"og:locale\" content=\"pt_BR\" \/>\n<meta property=\"og:type\" content=\"article\" \/>\n<meta property=\"og:title\" content=\"Tutti rubiano cosi de Oliveira rende firme pux\u00e3o de orelhas - Notibras\" \/>\n<meta property=\"og:description\" content=\"Henrique Pizzolato, ex-diretor de Marketing do Banco do Brasil que conseguiu fugir para a It\u00e1lia antes de ser condenado como mensaleiro, parece estar povoando a cabe\u00e7a de M\u00e1rio Oliveira Filho, que defende o lobista Fernando Baiano. E o juiz S\u00e9rgio Moro, que parece ler mentes, andou puxando as orelhas do advogado, ao condenar a declara\u00e7\u00e3o [&hellip;]\" \/>\n<meta property=\"og:url\" content=\"https:\/\/www.notibras.com\/site\/tutti-rubiano-cosi-de-oliveira-advogado-de-baiano-rende-puxao-de-orelhas-de-moro\/\" \/>\n<meta property=\"og:site_name\" content=\"Notibras\" \/>\n<meta property=\"article:publisher\" content=\"https:\/\/www.facebook.com\/notibras\/\" \/>\n<meta property=\"article:published_time\" content=\"2014-11-22T13:19:31+00:00\" \/>\n<meta property=\"article:modified_time\" content=\"2014-11-22T21:24:20+00:00\" \/>\n<meta property=\"og:image\" content=\"https:\/\/www.notibras.com\/site\/wp-content\/uploads\/2014\/11\/Sergio-Fernando-Moro-JF-Di.jpg\" \/>\n\t<meta property=\"og:image:width\" content=\"440\" \/>\n\t<meta property=\"og:image:height\" content=\"325\" \/>\n\t<meta property=\"og:image:type\" content=\"image\/jpeg\" \/>\n<meta name=\"author\" content=\"Reda\u00e7\u00e3o\" \/>\n<meta name=\"twitter:card\" content=\"summary_large_image\" \/>\n<meta name=\"twitter:creator\" content=\"@Notibras\" \/>\n<meta name=\"twitter:site\" content=\"@Notibras\" \/>\n<meta name=\"twitter:label1\" content=\"Escrito por\" \/>\n\t<meta name=\"twitter:data1\" content=\"Reda\u00e7\u00e3o\" \/>\n\t<meta name=\"twitter:label2\" content=\"Est. tempo de leitura\" \/>\n\t<meta name=\"twitter:data2\" content=\"3 minutos\" \/>\n<script type=\"application\/ld+json\" class=\"yoast-schema-graph\">{\"@context\":\"https:\/\/schema.org\",\"@graph\":[{\"@type\":\"Article\",\"@id\":\"https:\/\/www.notibras.com\/site\/tutti-rubiano-cosi-de-oliveira-advogado-de-baiano-rende-puxao-de-orelhas-de-moro\/#article\",\"isPartOf\":{\"@id\":\"https:\/\/www.notibras.com\/site\/tutti-rubiano-cosi-de-oliveira-advogado-de-baiano-rende-puxao-de-orelhas-de-moro\/\"},\"author\":{\"name\":\"Reda\u00e7\u00e3o\",\"@id\":\"https:\/\/www.notibras.com\/site\/#\/schema\/person\/36ab0979449956132d3e5b517ea76ac8\"},\"headline\":\"Tutti rubiano cosi de Oliveira rende firme pux\u00e3o de orelhas\",\"datePublished\":\"2014-11-22T13:19:31+00:00\",\"dateModified\":\"2014-11-22T21:24:20+00:00\",\"mainEntityOfPage\":{\"@id\":\"https:\/\/www.notibras.com\/site\/tutti-rubiano-cosi-de-oliveira-advogado-de-baiano-rende-puxao-de-orelhas-de-moro\/\"},\"wordCount\":582,\"commentCount\":0,\"publisher\":{\"@id\":\"https:\/\/www.notibras.com\/site\/#organization\"},\"image\":{\"@id\":\"https:\/\/www.notibras.com\/site\/tutti-rubiano-cosi-de-oliveira-advogado-de-baiano-rende-puxao-de-orelhas-de-moro\/#primaryimage\"},\"thumbnailUrl\":\"https:\/\/www.notibras.com\/site\/wp-content\/uploads\/2014\/11\/Sergio-Fernando-Moro-JF-Di.jpg\",\"articleSection\":[\"Brasil\"],\"inLanguage\":\"pt-BR\",\"potentialAction\":[{\"@type\":\"CommentAction\",\"name\":\"Comment\",\"target\":[\"https:\/\/www.notibras.com\/site\/tutti-rubiano-cosi-de-oliveira-advogado-de-baiano-rende-puxao-de-orelhas-de-moro\/#respond\"]}]},{\"@type\":\"WebPage\",\"@id\":\"https:\/\/www.notibras.com\/site\/tutti-rubiano-cosi-de-oliveira-advogado-de-baiano-rende-puxao-de-orelhas-de-moro\/\",\"url\":\"https:\/\/www.notibras.com\/site\/tutti-rubiano-cosi-de-oliveira-advogado-de-baiano-rende-puxao-de-orelhas-de-moro\/\",\"name\":\"Tutti rubiano cosi de Oliveira rende firme pux\u00e3o de orelhas - Notibras\",\"isPartOf\":{\"@id\":\"https:\/\/www.notibras.com\/site\/#website\"},\"primaryImageOfPage\":{\"@id\":\"https:\/\/www.notibras.com\/site\/tutti-rubiano-cosi-de-oliveira-advogado-de-baiano-rende-puxao-de-orelhas-de-moro\/#primaryimage\"},\"image\":{\"@id\":\"https:\/\/www.notibras.com\/site\/tutti-rubiano-cosi-de-oliveira-advogado-de-baiano-rende-puxao-de-orelhas-de-moro\/#primaryimage\"},\"thumbnailUrl\":\"https:\/\/www.notibras.com\/site\/wp-content\/uploads\/2014\/11\/Sergio-Fernando-Moro-JF-Di.jpg\",\"datePublished\":\"2014-11-22T13:19:31+00:00\",\"dateModified\":\"2014-11-22T21:24:20+00:00\",\"breadcrumb\":{\"@id\":\"https:\/\/www.notibras.com\/site\/tutti-rubiano-cosi-de-oliveira-advogado-de-baiano-rende-puxao-de-orelhas-de-moro\/#breadcrumb\"},\"inLanguage\":\"pt-BR\",\"potentialAction\":[{\"@type\":\"ReadAction\",\"target\":[\"https:\/\/www.notibras.com\/site\/tutti-rubiano-cosi-de-oliveira-advogado-de-baiano-rende-puxao-de-orelhas-de-moro\/\"]}]},{\"@type\":\"ImageObject\",\"inLanguage\":\"pt-BR\",\"@id\":\"https:\/\/www.notibras.com\/site\/tutti-rubiano-cosi-de-oliveira-advogado-de-baiano-rende-puxao-de-orelhas-de-moro\/#primaryimage\",\"url\":\"https:\/\/www.notibras.com\/site\/wp-content\/uploads\/2014\/11\/Sergio-Fernando-Moro-JF-Di.jpg\",\"contentUrl\":\"https:\/\/www.notibras.com\/site\/wp-content\/uploads\/2014\/11\/Sergio-Fernando-Moro-JF-Di.jpg\",\"width\":440,\"height\":325},{\"@type\":\"BreadcrumbList\",\"@id\":\"https:\/\/www.notibras.com\/site\/tutti-rubiano-cosi-de-oliveira-advogado-de-baiano-rende-puxao-de-orelhas-de-moro\/#breadcrumb\",\"itemListElement\":[{\"@type\":\"ListItem\",\"position\":1,\"name\":\"In\u00edcio\",\"item\":\"https:\/\/www.notibras.com\/site\/\"},{\"@type\":\"ListItem\",\"position\":2,\"name\":\"Tutti rubiano cosi de Oliveira rende firme pux\u00e3o de orelhas\"}]},{\"@type\":\"WebSite\",\"@id\":\"https:\/\/www.notibras.com\/site\/#website\",\"url\":\"https:\/\/www.notibras.com\/site\/\",\"name\":\"Notibras\",\"description\":\"Not\u00edcias de Bras\u00edlia, do Brasil e do Mundo\",\"publisher\":{\"@id\":\"https:\/\/www.notibras.com\/site\/#organization\"},\"potentialAction\":[{\"@type\":\"SearchAction\",\"target\":{\"@type\":\"EntryPoint\",\"urlTemplate\":\"https:\/\/www.notibras.com\/site\/?s={search_term_string}\"},\"query-input\":{\"@type\":\"PropertyValueSpecification\",\"valueRequired\":true,\"valueName\":\"search_term_string\"}}],\"inLanguage\":\"pt-BR\"},{\"@type\":\"Organization\",\"@id\":\"https:\/\/www.notibras.com\/site\/#organization\",\"name\":\"Grupo Notibras de Comunica\u00e7\u00e3o\",\"url\":\"https:\/\/www.notibras.com\/site\/\",\"logo\":{\"@type\":\"ImageObject\",\"inLanguage\":\"pt-BR\",\"@id\":\"https:\/\/www.notibras.com\/site\/#\/schema\/logo\/image\/\",\"url\":\"https:\/\/www.notibras.com\/site\/wp-content\/uploads\/2023\/01\/notibras23.png\",\"contentUrl\":\"https:\/\/www.notibras.com\/site\/wp-content\/uploads\/2023\/01\/notibras23.png\",\"width\":350,\"height\":87,\"caption\":\"Grupo Notibras de Comunica\u00e7\u00e3o\"},\"image\":{\"@id\":\"https:\/\/www.notibras.com\/site\/#\/schema\/logo\/image\/\"},\"sameAs\":[\"https:\/\/www.facebook.com\/notibras\/\",\"https:\/\/x.com\/Notibras\",\"https:\/\/www.instagram.com\/notibras\/\"]},{\"@type\":\"Person\",\"@id\":\"https:\/\/www.notibras.com\/site\/#\/schema\/person\/36ab0979449956132d3e5b517ea76ac8\",\"name\":\"Reda\u00e7\u00e3o\",\"image\":{\"@type\":\"ImageObject\",\"inLanguage\":\"pt-BR\",\"@id\":\"https:\/\/secure.gravatar.com\/avatar\/e0a867bdedb85fd243eadf09663511f96fc81e0720a4a42581f334ad4303aa6b?s=96&d=mm&r=g\",\"url\":\"https:\/\/secure.gravatar.com\/avatar\/e0a867bdedb85fd243eadf09663511f96fc81e0720a4a42581f334ad4303aa6b?s=96&d=mm&r=g\",\"contentUrl\":\"https:\/\/secure.gravatar.com\/avatar\/e0a867bdedb85fd243eadf09663511f96fc81e0720a4a42581f334ad4303aa6b?s=96&d=mm&r=g\",\"caption\":\"Reda\u00e7\u00e3o\"}}]}<\/script>\n<!-- \/ Yoast SEO plugin. -->","yoast_head_json":{"title":"Tutti rubiano cosi de Oliveira rende firme pux\u00e3o de orelhas - Notibras","robots":{"index":"index","follow":"follow","max-snippet":"max-snippet:-1","max-image-preview":"max-image-preview:large","max-video-preview":"max-video-preview:-1"},"canonical":"https:\/\/www.notibras.com\/site\/tutti-rubiano-cosi-de-oliveira-advogado-de-baiano-rende-puxao-de-orelhas-de-moro\/","og_locale":"pt_BR","og_type":"article","og_title":"Tutti rubiano cosi de Oliveira rende firme pux\u00e3o de orelhas - Notibras","og_description":"Henrique Pizzolato, ex-diretor de Marketing do Banco do Brasil que conseguiu fugir para a It\u00e1lia antes de ser condenado como mensaleiro, parece estar povoando a cabe\u00e7a de M\u00e1rio Oliveira Filho, que defende o lobista Fernando Baiano. E o juiz S\u00e9rgio Moro, que parece ler mentes, andou puxando as orelhas do advogado, ao condenar a declara\u00e7\u00e3o [&hellip;]","og_url":"https:\/\/www.notibras.com\/site\/tutti-rubiano-cosi-de-oliveira-advogado-de-baiano-rende-puxao-de-orelhas-de-moro\/","og_site_name":"Notibras","article_publisher":"https:\/\/www.facebook.com\/notibras\/","article_published_time":"2014-11-22T13:19:31+00:00","article_modified_time":"2014-11-22T21:24:20+00:00","og_image":[{"width":440,"height":325,"url":"https:\/\/www.notibras.com\/site\/wp-content\/uploads\/2014\/11\/Sergio-Fernando-Moro-JF-Di.jpg","type":"image\/jpeg"}],"author":"Reda\u00e7\u00e3o","twitter_card":"summary_large_image","twitter_creator":"@Notibras","twitter_site":"@Notibras","twitter_misc":{"Escrito por":"Reda\u00e7\u00e3o","Est. tempo de leitura":"3 minutos"},"schema":{"@context":"https:\/\/schema.org","@graph":[{"@type":"Article","@id":"https:\/\/www.notibras.com\/site\/tutti-rubiano-cosi-de-oliveira-advogado-de-baiano-rende-puxao-de-orelhas-de-moro\/#article","isPartOf":{"@id":"https:\/\/www.notibras.com\/site\/tutti-rubiano-cosi-de-oliveira-advogado-de-baiano-rende-puxao-de-orelhas-de-moro\/"},"author":{"name":"Reda\u00e7\u00e3o","@id":"https:\/\/www.notibras.com\/site\/#\/schema\/person\/36ab0979449956132d3e5b517ea76ac8"},"headline":"Tutti rubiano cosi de Oliveira rende firme pux\u00e3o de orelhas","datePublished":"2014-11-22T13:19:31+00:00","dateModified":"2014-11-22T21:24:20+00:00","mainEntityOfPage":{"@id":"https:\/\/www.notibras.com\/site\/tutti-rubiano-cosi-de-oliveira-advogado-de-baiano-rende-puxao-de-orelhas-de-moro\/"},"wordCount":582,"commentCount":0,"publisher":{"@id":"https:\/\/www.notibras.com\/site\/#organization"},"image":{"@id":"https:\/\/www.notibras.com\/site\/tutti-rubiano-cosi-de-oliveira-advogado-de-baiano-rende-puxao-de-orelhas-de-moro\/#primaryimage"},"thumbnailUrl":"https:\/\/www.notibras.com\/site\/wp-content\/uploads\/2014\/11\/Sergio-Fernando-Moro-JF-Di.jpg","articleSection":["Brasil"],"inLanguage":"pt-BR","potentialAction":[{"@type":"CommentAction","name":"Comment","target":["https:\/\/www.notibras.com\/site\/tutti-rubiano-cosi-de-oliveira-advogado-de-baiano-rende-puxao-de-orelhas-de-moro\/#respond"]}]},{"@type":"WebPage","@id":"https:\/\/www.notibras.com\/site\/tutti-rubiano-cosi-de-oliveira-advogado-de-baiano-rende-puxao-de-orelhas-de-moro\/","url":"https:\/\/www.notibras.com\/site\/tutti-rubiano-cosi-de-oliveira-advogado-de-baiano-rende-puxao-de-orelhas-de-moro\/","name":"Tutti rubiano cosi de Oliveira rende firme pux\u00e3o de orelhas - Notibras","isPartOf":{"@id":"https:\/\/www.notibras.com\/site\/#website"},"primaryImageOfPage":{"@id":"https:\/\/www.notibras.com\/site\/tutti-rubiano-cosi-de-oliveira-advogado-de-baiano-rende-puxao-de-orelhas-de-moro\/#primaryimage"},"image":{"@id":"https:\/\/www.notibras.com\/site\/tutti-rubiano-cosi-de-oliveira-advogado-de-baiano-rende-puxao-de-orelhas-de-moro\/#primaryimage"},"thumbnailUrl":"https:\/\/www.notibras.com\/site\/wp-content\/uploads\/2014\/11\/Sergio-Fernando-Moro-JF-Di.jpg","datePublished":"2014-11-22T13:19:31+00:00","dateModified":"2014-11-22T21:24:20+00:00","breadcrumb":{"@id":"https:\/\/www.notibras.com\/site\/tutti-rubiano-cosi-de-oliveira-advogado-de-baiano-rende-puxao-de-orelhas-de-moro\/#breadcrumb"},"inLanguage":"pt-BR","potentialAction":[{"@type":"ReadAction","target":["https:\/\/www.notibras.com\/site\/tutti-rubiano-cosi-de-oliveira-advogado-de-baiano-rende-puxao-de-orelhas-de-moro\/"]}]},{"@type":"ImageObject","inLanguage":"pt-BR","@id":"https:\/\/www.notibras.com\/site\/tutti-rubiano-cosi-de-oliveira-advogado-de-baiano-rende-puxao-de-orelhas-de-moro\/#primaryimage","url":"https:\/\/www.notibras.com\/site\/wp-content\/uploads\/2014\/11\/Sergio-Fernando-Moro-JF-Di.jpg","contentUrl":"https:\/\/www.notibras.com\/site\/wp-content\/uploads\/2014\/11\/Sergio-Fernando-Moro-JF-Di.jpg","width":440,"height":325},{"@type":"BreadcrumbList","@id":"https:\/\/www.notibras.com\/site\/tutti-rubiano-cosi-de-oliveira-advogado-de-baiano-rende-puxao-de-orelhas-de-moro\/#breadcrumb","itemListElement":[{"@type":"ListItem","position":1,"name":"In\u00edcio","item":"https:\/\/www.notibras.com\/site\/"},{"@type":"ListItem","position":2,"name":"Tutti rubiano cosi de Oliveira rende firme pux\u00e3o de orelhas"}]},{"@type":"WebSite","@id":"https:\/\/www.notibras.com\/site\/#website","url":"https:\/\/www.notibras.com\/site\/","name":"Notibras","description":"Not\u00edcias de Bras\u00edlia, do Brasil e do Mundo","publisher":{"@id":"https:\/\/www.notibras.com\/site\/#organization"},"potentialAction":[{"@type":"SearchAction","target":{"@type":"EntryPoint","urlTemplate":"https:\/\/www.notibras.com\/site\/?s={search_term_string}"},"query-input":{"@type":"PropertyValueSpecification","valueRequired":true,"valueName":"search_term_string"}}],"inLanguage":"pt-BR"},{"@type":"Organization","@id":"https:\/\/www.notibras.com\/site\/#organization","name":"Grupo Notibras de Comunica\u00e7\u00e3o","url":"https:\/\/www.notibras.com\/site\/","logo":{"@type":"ImageObject","inLanguage":"pt-BR","@id":"https:\/\/www.notibras.com\/site\/#\/schema\/logo\/image\/","url":"https:\/\/www.notibras.com\/site\/wp-content\/uploads\/2023\/01\/notibras23.png","contentUrl":"https:\/\/www.notibras.com\/site\/wp-content\/uploads\/2023\/01\/notibras23.png","width":350,"height":87,"caption":"Grupo Notibras de Comunica\u00e7\u00e3o"},"image":{"@id":"https:\/\/www.notibras.com\/site\/#\/schema\/logo\/image\/"},"sameAs":["https:\/\/www.facebook.com\/notibras\/","https:\/\/x.com\/Notibras","https:\/\/www.instagram.com\/notibras\/"]},{"@type":"Person","@id":"https:\/\/www.notibras.com\/site\/#\/schema\/person\/36ab0979449956132d3e5b517ea76ac8","name":"Reda\u00e7\u00e3o","image":{"@type":"ImageObject","inLanguage":"pt-BR","@id":"https:\/\/secure.gravatar.com\/avatar\/e0a867bdedb85fd243eadf09663511f96fc81e0720a4a42581f334ad4303aa6b?s=96&d=mm&r=g","url":"https:\/\/secure.gravatar.com\/avatar\/e0a867bdedb85fd243eadf09663511f96fc81e0720a4a42581f334ad4303aa6b?s=96&d=mm&r=g","contentUrl":"https:\/\/secure.gravatar.com\/avatar\/e0a867bdedb85fd243eadf09663511f96fc81e0720a4a42581f334ad4303aa6b?s=96&d=mm&r=g","caption":"Reda\u00e7\u00e3o"}}]}},"amp_enabled":true,"_links":{"self":[{"href":"https:\/\/www.notibras.com\/site\/wp-json\/wp\/v2\/posts\/29163","targetHints":{"allow":["GET"]}}],"collection":[{"href":"https:\/\/www.notibras.com\/site\/wp-json\/wp\/v2\/posts"}],"about":[{"href":"https:\/\/www.notibras.com\/site\/wp-json\/wp\/v2\/types\/post"}],"author":[{"embeddable":true,"href":"https:\/\/www.notibras.com\/site\/wp-json\/wp\/v2\/users\/2"}],"replies":[{"embeddable":true,"href":"https:\/\/www.notibras.com\/site\/wp-json\/wp\/v2\/comments?post=29163"}],"version-history":[{"count":0,"href":"https:\/\/www.notibras.com\/site\/wp-json\/wp\/v2\/posts\/29163\/revisions"}],"wp:featuredmedia":[{"embeddable":true,"href":"https:\/\/www.notibras.com\/site\/wp-json\/wp\/v2\/media\/29164"}],"wp:attachment":[{"href":"https:\/\/www.notibras.com\/site\/wp-json\/wp\/v2\/media?parent=29163"}],"wp:term":[{"taxonomy":"category","embeddable":true,"href":"https:\/\/www.notibras.com\/site\/wp-json\/wp\/v2\/categories?post=29163"},{"taxonomy":"post_tag","embeddable":true,"href":"https:\/\/www.notibras.com\/site\/wp-json\/wp\/v2\/tags?post=29163"}],"curies":[{"name":"wp","href":"https:\/\/api.w.org\/{rel}","templated":true}]}}