{"id":29171,"date":"2014-11-22T17:43:40","date_gmt":"2014-11-22T20:43:40","guid":{"rendered":"http:\/\/www.notibras.com\/site\/?p=29171"},"modified":"2014-11-22T22:26:04","modified_gmt":"2014-11-23T01:26:04","slug":"vasco-volta-a-elite-com-empate-anima-torcida-mas-deixa-interrogacao-no-ar","status":"publish","type":"post","link":"https:\/\/www.notibras.com\/site\/vasco-volta-a-elite-com-empate-anima-torcida-mas-deixa-interrogacao-no-ar\/","title":{"rendered":"Vasco volta \u00e0 elite com empate, mas deixa interroga\u00e7\u00e3o no ar"},"content":{"rendered":"<p class=\"text\">O Vasco est\u00e1 de volta \u00e0 elite do futebol brasileiro. Neste s\u00e1bado, no Maracan\u00e3, a equipe Cruzmaltina saiu na frente com Kleber, mas cedeu o empate por 1 a 1 para o Icasa &#8211; que foi rebaixado com o resultado. Apesar do trope\u00e7o diante de sua torcida, o time de Joel Santana\u00a0garantiu matematicamente o acesso \u00e0 S\u00e9rie A com uma rodada de anteced\u00eancia, e comemorou muito ap\u00f3s o apito final.<\/p>\n<p class=\"text\">Agora, o Vasco soma 63 pontos, na terceira posi\u00e7\u00e3o, e n\u00e3o pode mais ser alcan\u00e7ado por Ava\u00ed (57) e Atl\u00e9tico-GO (56), times fora do G-4 que ainda amea\u00e7avam\u00a0os cariocas. J\u00e1 subiram tamb\u00e9m Joinville (70 pontos) e Ponte Preta (69), enquanto o Boa Esporte (59) atualmente \u00e9 o quarto colocado. O Am\u00e9rica-MG (56) tamb\u00e9m est\u00e1 na briga pela \u00faltima vaga.<\/p>\n<p>O Icasa, por outro lado, foi s\u00f3 a 40 pontos e deu adeus \u00e0s chances de permanecer na S\u00e9rie B. Com uma rodada restante, os cearenses ocupam o 18\u00ba lugar e t\u00eam tr\u00eas pontos e duas vit\u00f3rias a menos que Am\u00e9rica-RN e Bragantino, que aparecem logo \u00e0 frente na tabela..<\/p>\n<blockquote><p>O Vasco come\u00e7ou o jogo em cima do Icasa, mostrando muita intensidade. Antes dos 20min, teve chances com Kleber de voleio, Maxi Rodr\u00edguez de fora da \u00e1rea, e Douglas chegando atrasado no rebote. Mas o gol s\u00f3 saiu na bola parada. Aos 34min, Douglas cobrou falta na \u00e1rea e Kleber subiu sozinho, testando firme para o gol. O camisa 30 n\u00e3o marcava h\u00e1 12 jogos.<\/p><\/blockquote>\n<p>Se a primeira etapa come\u00e7ou em alta velocidade, o segundo tempo iniciou de maneira mais lenta. O Vasco diminuiu o ritmo e o Icasa aproveitou. Logo aos 10min, Gui\u00f1azu errou na sa\u00edda de bola e Nilson chegou na entrada da \u00e1rea em condi\u00e7\u00f5es de bater para o gol. Ele chutou colocado com muita categoria no canto esquerdo de Mart\u00edn Silva, que nada p\u00f4de fazer.<\/p>\n<p>O gol abalou o time vasca\u00edno, que n\u00e3o mostrava poder de rea\u00e7\u00e3o, e criou um clima de tens\u00e3o no Maracan\u00e3, j\u00e1 que desanimou a torcida. O Vasco sofria para chegar ao ataque e parecia satisfeito com o empate, que garantia o acesso. Precisando vencer, o Icasa se mandava para o ataque e apostava nas jogadas de velocidade para surpreender. No \u00faltimo lance, o time cearense teve uma chance de ouro em confus\u00e3o na \u00e1rea, mas a bola foi pra fora.<\/p>\n","protected":false},"excerpt":{"rendered":"<p>O Vasco est\u00e1 de volta \u00e0 elite do futebol brasileiro. Neste s\u00e1bado, no Maracan\u00e3, a equipe Cruzmaltina saiu na frente com Kleber, mas cedeu o empate por 1 a 1 para o Icasa &#8211; que foi rebaixado com o resultado. Apesar do trope\u00e7o diante de sua torcida, o time de Joel Santana\u00a0garantiu matematicamente o acesso [&hellip;]<\/p>\n","protected":false},"author":2,"featured_media":29172,"comment_status":"open","ping_status":"closed","sticky":false,"template":"","format":"standard","meta":{"_acf_changed":false,"footnotes":""},"categories":[19,29],"tags":[],"class_list":["post-29171","post","type-post","status-publish","format-standard","has-post-thumbnail","hentry","category-esportes","category-futebol"],"acf":[],"yoast_head":"<!-- This site is optimized with the Yoast SEO plugin v27.2 - https:\/\/yoast.com\/product\/yoast-seo-wordpress\/ -->\n<title>Vasco volta \u00e0 elite com empate, mas deixa interroga\u00e7\u00e3o no ar - Notibras<\/title>\n<meta name=\"robots\" content=\"index, follow, max-snippet:-1, max-image-preview:large, max-video-preview:-1\" \/>\n<link rel=\"canonical\" href=\"https:\/\/www.notibras.com\/site\/vasco-volta-a-elite-com-empate-anima-torcida-mas-deixa-interrogacao-no-ar\/\" \/>\n<meta property=\"og:locale\" content=\"pt_BR\" \/>\n<meta property=\"og:type\" content=\"article\" \/>\n<meta property=\"og:title\" content=\"Vasco volta \u00e0 elite com empate, mas deixa interroga\u00e7\u00e3o no ar - Notibras\" \/>\n<meta property=\"og:description\" content=\"O Vasco est\u00e1 de volta \u00e0 elite do futebol brasileiro. Neste s\u00e1bado, no Maracan\u00e3, a equipe Cruzmaltina saiu na frente com Kleber, mas cedeu o empate por 1 a 1 para o Icasa &#8211; que foi rebaixado com o resultado. Apesar do trope\u00e7o diante de sua torcida, o time de Joel Santana\u00a0garantiu matematicamente o acesso [&hellip;]\" \/>\n<meta property=\"og:url\" content=\"https:\/\/www.notibras.com\/site\/vasco-volta-a-elite-com-empate-anima-torcida-mas-deixa-interrogacao-no-ar\/\" \/>\n<meta property=\"og:site_name\" content=\"Notibras\" \/>\n<meta property=\"article:publisher\" content=\"https:\/\/www.facebook.com\/notibras\/\" \/>\n<meta property=\"article:published_time\" content=\"2014-11-22T20:43:40+00:00\" \/>\n<meta property=\"article:modified_time\" content=\"2014-11-23T01:26:04+00:00\" \/>\n<meta property=\"og:image\" content=\"https:\/\/www.notibras.com\/site\/wp-content\/uploads\/2014\/11\/07torcidavascofestadhavidnormandofp.jpg\" \/>\n\t<meta property=\"og:image:width\" content=\"750\" \/>\n\t<meta property=\"og:image:height\" content=\"500\" \/>\n\t<meta property=\"og:image:type\" content=\"image\/jpeg\" \/>\n<meta name=\"author\" content=\"Reda\u00e7\u00e3o\" \/>\n<meta name=\"twitter:card\" content=\"summary_large_image\" \/>\n<meta name=\"twitter:creator\" content=\"@Notibras\" \/>\n<meta name=\"twitter:site\" content=\"@Notibras\" \/>\n<meta name=\"twitter:label1\" content=\"Escrito por\" \/>\n\t<meta name=\"twitter:data1\" content=\"Reda\u00e7\u00e3o\" \/>\n\t<meta name=\"twitter:label2\" content=\"Est. tempo de leitura\" \/>\n\t<meta name=\"twitter:data2\" content=\"2 minutos\" \/>\n<script type=\"application\/ld+json\" class=\"yoast-schema-graph\">{\"@context\":\"https:\/\/schema.org\",\"@graph\":[{\"@type\":\"Article\",\"@id\":\"https:\/\/www.notibras.com\/site\/vasco-volta-a-elite-com-empate-anima-torcida-mas-deixa-interrogacao-no-ar\/#article\",\"isPartOf\":{\"@id\":\"https:\/\/www.notibras.com\/site\/vasco-volta-a-elite-com-empate-anima-torcida-mas-deixa-interrogacao-no-ar\/\"},\"author\":{\"name\":\"Reda\u00e7\u00e3o\",\"@id\":\"https:\/\/www.notibras.com\/site\/#\/schema\/person\/36ab0979449956132d3e5b517ea76ac8\"},\"headline\":\"Vasco volta \u00e0 elite com empate, mas deixa interroga\u00e7\u00e3o no ar\",\"datePublished\":\"2014-11-22T20:43:40+00:00\",\"dateModified\":\"2014-11-23T01:26:04+00:00\",\"mainEntityOfPage\":{\"@id\":\"https:\/\/www.notibras.com\/site\/vasco-volta-a-elite-com-empate-anima-torcida-mas-deixa-interrogacao-no-ar\/\"},\"wordCount\":416,\"commentCount\":0,\"publisher\":{\"@id\":\"https:\/\/www.notibras.com\/site\/#organization\"},\"image\":{\"@id\":\"https:\/\/www.notibras.com\/site\/vasco-volta-a-elite-com-empate-anima-torcida-mas-deixa-interrogacao-no-ar\/#primaryimage\"},\"thumbnailUrl\":\"https:\/\/www.notibras.com\/site\/wp-content\/uploads\/2014\/11\/07torcidavascofestadhavidnormandofp.jpg\",\"articleSection\":[\"Esportes\",\"Futebol\"],\"inLanguage\":\"pt-BR\",\"potentialAction\":[{\"@type\":\"CommentAction\",\"name\":\"Comment\",\"target\":[\"https:\/\/www.notibras.com\/site\/vasco-volta-a-elite-com-empate-anima-torcida-mas-deixa-interrogacao-no-ar\/#respond\"]}]},{\"@type\":\"WebPage\",\"@id\":\"https:\/\/www.notibras.com\/site\/vasco-volta-a-elite-com-empate-anima-torcida-mas-deixa-interrogacao-no-ar\/\",\"url\":\"https:\/\/www.notibras.com\/site\/vasco-volta-a-elite-com-empate-anima-torcida-mas-deixa-interrogacao-no-ar\/\",\"name\":\"Vasco volta \u00e0 elite com empate, mas deixa interroga\u00e7\u00e3o no ar - Notibras\",\"isPartOf\":{\"@id\":\"https:\/\/www.notibras.com\/site\/#website\"},\"primaryImageOfPage\":{\"@id\":\"https:\/\/www.notibras.com\/site\/vasco-volta-a-elite-com-empate-anima-torcida-mas-deixa-interrogacao-no-ar\/#primaryimage\"},\"image\":{\"@id\":\"https:\/\/www.notibras.com\/site\/vasco-volta-a-elite-com-empate-anima-torcida-mas-deixa-interrogacao-no-ar\/#primaryimage\"},\"thumbnailUrl\":\"https:\/\/www.notibras.com\/site\/wp-content\/uploads\/2014\/11\/07torcidavascofestadhavidnormandofp.jpg\",\"datePublished\":\"2014-11-22T20:43:40+00:00\",\"dateModified\":\"2014-11-23T01:26:04+00:00\",\"breadcrumb\":{\"@id\":\"https:\/\/www.notibras.com\/site\/vasco-volta-a-elite-com-empate-anima-torcida-mas-deixa-interrogacao-no-ar\/#breadcrumb\"},\"inLanguage\":\"pt-BR\",\"potentialAction\":[{\"@type\":\"ReadAction\",\"target\":[\"https:\/\/www.notibras.com\/site\/vasco-volta-a-elite-com-empate-anima-torcida-mas-deixa-interrogacao-no-ar\/\"]}]},{\"@type\":\"ImageObject\",\"inLanguage\":\"pt-BR\",\"@id\":\"https:\/\/www.notibras.com\/site\/vasco-volta-a-elite-com-empate-anima-torcida-mas-deixa-interrogacao-no-ar\/#primaryimage\",\"url\":\"https:\/\/www.notibras.com\/site\/wp-content\/uploads\/2014\/11\/07torcidavascofestadhavidnormandofp.jpg\",\"contentUrl\":\"https:\/\/www.notibras.com\/site\/wp-content\/uploads\/2014\/11\/07torcidavascofestadhavidnormandofp.jpg\",\"width\":750,\"height\":500},{\"@type\":\"BreadcrumbList\",\"@id\":\"https:\/\/www.notibras.com\/site\/vasco-volta-a-elite-com-empate-anima-torcida-mas-deixa-interrogacao-no-ar\/#breadcrumb\",\"itemListElement\":[{\"@type\":\"ListItem\",\"position\":1,\"name\":\"In\u00edcio\",\"item\":\"https:\/\/www.notibras.com\/site\/\"},{\"@type\":\"ListItem\",\"position\":2,\"name\":\"Vasco volta \u00e0 elite com empate, mas deixa interroga\u00e7\u00e3o no ar\"}]},{\"@type\":\"WebSite\",\"@id\":\"https:\/\/www.notibras.com\/site\/#website\",\"url\":\"https:\/\/www.notibras.com\/site\/\",\"name\":\"Notibras\",\"description\":\"Not\u00edcias de Bras\u00edlia, do Brasil e do Mundo\",\"publisher\":{\"@id\":\"https:\/\/www.notibras.com\/site\/#organization\"},\"potentialAction\":[{\"@type\":\"SearchAction\",\"target\":{\"@type\":\"EntryPoint\",\"urlTemplate\":\"https:\/\/www.notibras.com\/site\/?s={search_term_string}\"},\"query-input\":{\"@type\":\"PropertyValueSpecification\",\"valueRequired\":true,\"valueName\":\"search_term_string\"}}],\"inLanguage\":\"pt-BR\"},{\"@type\":\"Organization\",\"@id\":\"https:\/\/www.notibras.com\/site\/#organization\",\"name\":\"Grupo Notibras de Comunica\u00e7\u00e3o\",\"url\":\"https:\/\/www.notibras.com\/site\/\",\"logo\":{\"@type\":\"ImageObject\",\"inLanguage\":\"pt-BR\",\"@id\":\"https:\/\/www.notibras.com\/site\/#\/schema\/logo\/image\/\",\"url\":\"https:\/\/www.notibras.com\/site\/wp-content\/uploads\/2023\/01\/notibras23.png\",\"contentUrl\":\"https:\/\/www.notibras.com\/site\/wp-content\/uploads\/2023\/01\/notibras23.png\",\"width\":350,\"height\":87,\"caption\":\"Grupo Notibras de Comunica\u00e7\u00e3o\"},\"image\":{\"@id\":\"https:\/\/www.notibras.com\/site\/#\/schema\/logo\/image\/\"},\"sameAs\":[\"https:\/\/www.facebook.com\/notibras\/\",\"https:\/\/x.com\/Notibras\",\"https:\/\/www.instagram.com\/notibras\/\"]},{\"@type\":\"Person\",\"@id\":\"https:\/\/www.notibras.com\/site\/#\/schema\/person\/36ab0979449956132d3e5b517ea76ac8\",\"name\":\"Reda\u00e7\u00e3o\",\"image\":{\"@type\":\"ImageObject\",\"inLanguage\":\"pt-BR\",\"@id\":\"https:\/\/secure.gravatar.com\/avatar\/e0a867bdedb85fd243eadf09663511f96fc81e0720a4a42581f334ad4303aa6b?s=96&d=mm&r=g\",\"url\":\"https:\/\/secure.gravatar.com\/avatar\/e0a867bdedb85fd243eadf09663511f96fc81e0720a4a42581f334ad4303aa6b?s=96&d=mm&r=g\",\"contentUrl\":\"https:\/\/secure.gravatar.com\/avatar\/e0a867bdedb85fd243eadf09663511f96fc81e0720a4a42581f334ad4303aa6b?s=96&d=mm&r=g\",\"caption\":\"Reda\u00e7\u00e3o\"}}]}<\/script>\n<!-- \/ Yoast SEO plugin. -->","yoast_head_json":{"title":"Vasco volta \u00e0 elite com empate, mas deixa interroga\u00e7\u00e3o no ar - Notibras","robots":{"index":"index","follow":"follow","max-snippet":"max-snippet:-1","max-image-preview":"max-image-preview:large","max-video-preview":"max-video-preview:-1"},"canonical":"https:\/\/www.notibras.com\/site\/vasco-volta-a-elite-com-empate-anima-torcida-mas-deixa-interrogacao-no-ar\/","og_locale":"pt_BR","og_type":"article","og_title":"Vasco volta \u00e0 elite com empate, mas deixa interroga\u00e7\u00e3o no ar - Notibras","og_description":"O Vasco est\u00e1 de volta \u00e0 elite do futebol brasileiro. Neste s\u00e1bado, no Maracan\u00e3, a equipe Cruzmaltina saiu na frente com Kleber, mas cedeu o empate por 1 a 1 para o Icasa &#8211; que foi rebaixado com o resultado. Apesar do trope\u00e7o diante de sua torcida, o time de Joel Santana\u00a0garantiu matematicamente o acesso [&hellip;]","og_url":"https:\/\/www.notibras.com\/site\/vasco-volta-a-elite-com-empate-anima-torcida-mas-deixa-interrogacao-no-ar\/","og_site_name":"Notibras","article_publisher":"https:\/\/www.facebook.com\/notibras\/","article_published_time":"2014-11-22T20:43:40+00:00","article_modified_time":"2014-11-23T01:26:04+00:00","og_image":[{"width":750,"height":500,"url":"https:\/\/www.notibras.com\/site\/wp-content\/uploads\/2014\/11\/07torcidavascofestadhavidnormandofp.jpg","type":"image\/jpeg"}],"author":"Reda\u00e7\u00e3o","twitter_card":"summary_large_image","twitter_creator":"@Notibras","twitter_site":"@Notibras","twitter_misc":{"Escrito por":"Reda\u00e7\u00e3o","Est. tempo de leitura":"2 minutos"},"schema":{"@context":"https:\/\/schema.org","@graph":[{"@type":"Article","@id":"https:\/\/www.notibras.com\/site\/vasco-volta-a-elite-com-empate-anima-torcida-mas-deixa-interrogacao-no-ar\/#article","isPartOf":{"@id":"https:\/\/www.notibras.com\/site\/vasco-volta-a-elite-com-empate-anima-torcida-mas-deixa-interrogacao-no-ar\/"},"author":{"name":"Reda\u00e7\u00e3o","@id":"https:\/\/www.notibras.com\/site\/#\/schema\/person\/36ab0979449956132d3e5b517ea76ac8"},"headline":"Vasco volta \u00e0 elite com empate, mas deixa interroga\u00e7\u00e3o no ar","datePublished":"2014-11-22T20:43:40+00:00","dateModified":"2014-11-23T01:26:04+00:00","mainEntityOfPage":{"@id":"https:\/\/www.notibras.com\/site\/vasco-volta-a-elite-com-empate-anima-torcida-mas-deixa-interrogacao-no-ar\/"},"wordCount":416,"commentCount":0,"publisher":{"@id":"https:\/\/www.notibras.com\/site\/#organization"},"image":{"@id":"https:\/\/www.notibras.com\/site\/vasco-volta-a-elite-com-empate-anima-torcida-mas-deixa-interrogacao-no-ar\/#primaryimage"},"thumbnailUrl":"https:\/\/www.notibras.com\/site\/wp-content\/uploads\/2014\/11\/07torcidavascofestadhavidnormandofp.jpg","articleSection":["Esportes","Futebol"],"inLanguage":"pt-BR","potentialAction":[{"@type":"CommentAction","name":"Comment","target":["https:\/\/www.notibras.com\/site\/vasco-volta-a-elite-com-empate-anima-torcida-mas-deixa-interrogacao-no-ar\/#respond"]}]},{"@type":"WebPage","@id":"https:\/\/www.notibras.com\/site\/vasco-volta-a-elite-com-empate-anima-torcida-mas-deixa-interrogacao-no-ar\/","url":"https:\/\/www.notibras.com\/site\/vasco-volta-a-elite-com-empate-anima-torcida-mas-deixa-interrogacao-no-ar\/","name":"Vasco volta \u00e0 elite com empate, mas deixa interroga\u00e7\u00e3o no ar - Notibras","isPartOf":{"@id":"https:\/\/www.notibras.com\/site\/#website"},"primaryImageOfPage":{"@id":"https:\/\/www.notibras.com\/site\/vasco-volta-a-elite-com-empate-anima-torcida-mas-deixa-interrogacao-no-ar\/#primaryimage"},"image":{"@id":"https:\/\/www.notibras.com\/site\/vasco-volta-a-elite-com-empate-anima-torcida-mas-deixa-interrogacao-no-ar\/#primaryimage"},"thumbnailUrl":"https:\/\/www.notibras.com\/site\/wp-content\/uploads\/2014\/11\/07torcidavascofestadhavidnormandofp.jpg","datePublished":"2014-11-22T20:43:40+00:00","dateModified":"2014-11-23T01:26:04+00:00","breadcrumb":{"@id":"https:\/\/www.notibras.com\/site\/vasco-volta-a-elite-com-empate-anima-torcida-mas-deixa-interrogacao-no-ar\/#breadcrumb"},"inLanguage":"pt-BR","potentialAction":[{"@type":"ReadAction","target":["https:\/\/www.notibras.com\/site\/vasco-volta-a-elite-com-empate-anima-torcida-mas-deixa-interrogacao-no-ar\/"]}]},{"@type":"ImageObject","inLanguage":"pt-BR","@id":"https:\/\/www.notibras.com\/site\/vasco-volta-a-elite-com-empate-anima-torcida-mas-deixa-interrogacao-no-ar\/#primaryimage","url":"https:\/\/www.notibras.com\/site\/wp-content\/uploads\/2014\/11\/07torcidavascofestadhavidnormandofp.jpg","contentUrl":"https:\/\/www.notibras.com\/site\/wp-content\/uploads\/2014\/11\/07torcidavascofestadhavidnormandofp.jpg","width":750,"height":500},{"@type":"BreadcrumbList","@id":"https:\/\/www.notibras.com\/site\/vasco-volta-a-elite-com-empate-anima-torcida-mas-deixa-interrogacao-no-ar\/#breadcrumb","itemListElement":[{"@type":"ListItem","position":1,"name":"In\u00edcio","item":"https:\/\/www.notibras.com\/site\/"},{"@type":"ListItem","position":2,"name":"Vasco volta \u00e0 elite com empate, mas deixa interroga\u00e7\u00e3o no ar"}]},{"@type":"WebSite","@id":"https:\/\/www.notibras.com\/site\/#website","url":"https:\/\/www.notibras.com\/site\/","name":"Notibras","description":"Not\u00edcias de Bras\u00edlia, do Brasil e do Mundo","publisher":{"@id":"https:\/\/www.notibras.com\/site\/#organization"},"potentialAction":[{"@type":"SearchAction","target":{"@type":"EntryPoint","urlTemplate":"https:\/\/www.notibras.com\/site\/?s={search_term_string}"},"query-input":{"@type":"PropertyValueSpecification","valueRequired":true,"valueName":"search_term_string"}}],"inLanguage":"pt-BR"},{"@type":"Organization","@id":"https:\/\/www.notibras.com\/site\/#organization","name":"Grupo Notibras de Comunica\u00e7\u00e3o","url":"https:\/\/www.notibras.com\/site\/","logo":{"@type":"ImageObject","inLanguage":"pt-BR","@id":"https:\/\/www.notibras.com\/site\/#\/schema\/logo\/image\/","url":"https:\/\/www.notibras.com\/site\/wp-content\/uploads\/2023\/01\/notibras23.png","contentUrl":"https:\/\/www.notibras.com\/site\/wp-content\/uploads\/2023\/01\/notibras23.png","width":350,"height":87,"caption":"Grupo Notibras de Comunica\u00e7\u00e3o"},"image":{"@id":"https:\/\/www.notibras.com\/site\/#\/schema\/logo\/image\/"},"sameAs":["https:\/\/www.facebook.com\/notibras\/","https:\/\/x.com\/Notibras","https:\/\/www.instagram.com\/notibras\/"]},{"@type":"Person","@id":"https:\/\/www.notibras.com\/site\/#\/schema\/person\/36ab0979449956132d3e5b517ea76ac8","name":"Reda\u00e7\u00e3o","image":{"@type":"ImageObject","inLanguage":"pt-BR","@id":"https:\/\/secure.gravatar.com\/avatar\/e0a867bdedb85fd243eadf09663511f96fc81e0720a4a42581f334ad4303aa6b?s=96&d=mm&r=g","url":"https:\/\/secure.gravatar.com\/avatar\/e0a867bdedb85fd243eadf09663511f96fc81e0720a4a42581f334ad4303aa6b?s=96&d=mm&r=g","contentUrl":"https:\/\/secure.gravatar.com\/avatar\/e0a867bdedb85fd243eadf09663511f96fc81e0720a4a42581f334ad4303aa6b?s=96&d=mm&r=g","caption":"Reda\u00e7\u00e3o"}}]}},"amp_enabled":true,"_links":{"self":[{"href":"https:\/\/www.notibras.com\/site\/wp-json\/wp\/v2\/posts\/29171","targetHints":{"allow":["GET"]}}],"collection":[{"href":"https:\/\/www.notibras.com\/site\/wp-json\/wp\/v2\/posts"}],"about":[{"href":"https:\/\/www.notibras.com\/site\/wp-json\/wp\/v2\/types\/post"}],"author":[{"embeddable":true,"href":"https:\/\/www.notibras.com\/site\/wp-json\/wp\/v2\/users\/2"}],"replies":[{"embeddable":true,"href":"https:\/\/www.notibras.com\/site\/wp-json\/wp\/v2\/comments?post=29171"}],"version-history":[{"count":0,"href":"https:\/\/www.notibras.com\/site\/wp-json\/wp\/v2\/posts\/29171\/revisions"}],"wp:featuredmedia":[{"embeddable":true,"href":"https:\/\/www.notibras.com\/site\/wp-json\/wp\/v2\/media\/29172"}],"wp:attachment":[{"href":"https:\/\/www.notibras.com\/site\/wp-json\/wp\/v2\/media?parent=29171"}],"wp:term":[{"taxonomy":"category","embeddable":true,"href":"https:\/\/www.notibras.com\/site\/wp-json\/wp\/v2\/categories?post=29171"},{"taxonomy":"post_tag","embeddable":true,"href":"https:\/\/www.notibras.com\/site\/wp-json\/wp\/v2\/tags?post=29171"}],"curies":[{"name":"wp","href":"https:\/\/api.w.org\/{rel}","templated":true}]}}