{"id":291723,"date":"2022-09-14T05:13:37","date_gmt":"2022-09-14T08:13:37","guid":{"rendered":"https:\/\/www.notibras.com\/site\/?p=291723"},"modified":"2022-09-14T05:13:37","modified_gmt":"2022-09-14T08:13:37","slug":"dinamarca-treina-soldados-e-manda-mais-armas-para-kiev","status":"publish","type":"post","link":"https:\/\/www.notibras.com\/site\/dinamarca-treina-soldados-e-manda-mais-armas-para-kiev\/","title":{"rendered":"Dinamarca treina soldados e manda mais armas para Kiev"},"content":{"rendered":"<p>A Dinamarca est\u00e1 entre os mais ardentes apoiadores da Ucr\u00e2nia em seu recente conflito com a R\u00fassia, tendo treinado soldados ucranianos e doado armas no valor de aproximadamente US$ 270 milh\u00f5es. Os dois pa\u00eds estabeleceram um acordo pelo qual os soldados ucranianos ser\u00e3o treinados em solo dinamarqu\u00eas.<\/p>\n<p>\u201cN\u00e3o posso entrar em detalhes do acordo, mas os militares ucranianos ser\u00e3o treinados na Dinamarca\u201d, disse o ministro da Defesa dinamarqu\u00eas, Morten B\u00f8dskov, \u00e0 <em>TV2<\/em>, enquanto visitava a capital ucraniana, Kiev.<\/p>\n<p>No in\u00edcio de agosto, foi relatado que a Dinamarca contribuiria com 130 instrutores para o projeto liderado pelo Reino Unido neste outono para treinar soldados ucranianos com pouca ou nenhuma experi\u00eancia militar. Naquela \u00e9poca, o ministro da Defesa, Morten B\u00f8dskov, tamb\u00e9m prop\u00f4s treinamento adicional na Dinamarca, incluindo comandantes ucranianos.<\/p>\n<p>A Dinamarca vem treinando soldados ucranianos na Ucr\u00e2nia desde que a R\u00fassia se reunificou com a Crimeia em 2014, um ato que a Dinamarca considerou \u201canexa\u00e7\u00e3o\u201d. A Dinamarca tamb\u00e9m prometeu apoiar a Ucr\u00e2nia com doa\u00e7\u00f5es e armas no futuro.<\/p>\n<p>\u201cEnquanto eles quiserem nosso apoio, n\u00f3s os apoiaremos junto com outros aliados\u201d, disse B\u00f8dskov, citado pela r\u00e1dio dinamarquesa, acrescentando que o mundo precisa se preparar para um conflito \u201clongo\u201d.<\/p>\n<p>H\u00e1 um m\u00eas, a Dinamarca sediou uma confer\u00eancia internacional para garantir um fluxo est\u00e1vel de armas e muni\u00e7\u00f5es para os militares da Ucr\u00e2nia, e os participantes concordaram em criar um fundo de DKK 11 bilh\u00f5es (US$ 1,5 bilh\u00e3o).<\/p>\n<p>A assist\u00eancia armamentista dinamarquesa no passado incluiu ve\u00edculos blindados de transporte de pessoal, minas antitanque, m\u00edsseis navais Harpoon e granadas de morteiro. Somente no final de maio, a Dinamarca contribuiu com 2 bilh\u00f5es de coroas dinamarquesas (US$ 270 milh\u00f5es) em armas para a Ucr\u00e2nia.<\/p>\n<p>Al\u00e9m disso, Copenhague condenou a opera\u00e7\u00e3o especial da R\u00fassia na Ucr\u00e2nia e apoiou com entusiasmo todas as rodadas de san\u00e7\u00f5es da UE contra a R\u00fassia. A Dinamarca tamb\u00e9m e colocou a favor de uma proibi\u00e7\u00e3o geral da UE aos turistas russos, uma medida apoiada pela Pol\u00f4nia e pelos pa\u00edses b\u00e1lticos.<\/p>\n<p>O embaixador da R\u00fassia na Dinamarca criticou a decis\u00e3o anterior do pa\u00eds de treinar os soldados ucranianos como \u201capostando na vit\u00f3ria militar de Kiev\u201d e \u201catrasando a paz\u201d. A embaixada acrescentou que isso levaria a uma \u201cnova escalada do conflito\u201d e \u201cperdas inevit\u00e1veis \u200b\u200bpara a Ucr\u00e2nia\u201d.<\/p>\n","protected":false},"excerpt":{"rendered":"<p>A Dinamarca est\u00e1 entre os mais ardentes apoiadores da Ucr\u00e2nia em seu recente conflito com a R\u00fassia, tendo treinado soldados ucranianos e doado armas no valor de aproximadamente US$ 270 milh\u00f5es. Os dois pa\u00eds estabeleceram um acordo pelo qual os soldados ucranianos ser\u00e3o treinados em solo dinamarqu\u00eas. \u201cN\u00e3o posso entrar em detalhes do acordo, mas [&hellip;]<\/p>\n","protected":false},"author":2,"featured_media":291724,"comment_status":"closed","ping_status":"closed","sticky":false,"template":"","format":"standard","meta":{"_acf_changed":false,"footnotes":""},"categories":[159],"tags":[95],"class_list":["post-291723","post","type-post","status-publish","format-standard","has-post-thumbnail","hentry","category-apocalipse","tag-capa"],"acf":[],"yoast_head":"<!-- This site is optimized with the Yoast SEO plugin v27.2 - https:\/\/yoast.com\/product\/yoast-seo-wordpress\/ -->\n<title>Dinamarca treina soldados e manda mais armas para Kiev - Notibras<\/title>\n<meta name=\"robots\" content=\"index, follow, max-snippet:-1, max-image-preview:large, max-video-preview:-1\" \/>\n<link rel=\"canonical\" href=\"https:\/\/www.notibras.com\/site\/dinamarca-treina-soldados-e-manda-mais-armas-para-kiev\/\" \/>\n<meta property=\"og:locale\" content=\"pt_BR\" \/>\n<meta property=\"og:type\" content=\"article\" \/>\n<meta property=\"og:title\" content=\"Dinamarca treina soldados e manda mais armas para Kiev - Notibras\" \/>\n<meta property=\"og:description\" content=\"A Dinamarca est\u00e1 entre os mais ardentes apoiadores da Ucr\u00e2nia em seu recente conflito com a R\u00fassia, tendo treinado soldados ucranianos e doado armas no valor de aproximadamente US$ 270 milh\u00f5es. Os dois pa\u00eds estabeleceram um acordo pelo qual os soldados ucranianos ser\u00e3o treinados em solo dinamarqu\u00eas. \u201cN\u00e3o posso entrar em detalhes do acordo, mas [&hellip;]\" \/>\n<meta property=\"og:url\" content=\"https:\/\/www.notibras.com\/site\/dinamarca-treina-soldados-e-manda-mais-armas-para-kiev\/\" \/>\n<meta property=\"og:site_name\" content=\"Notibras\" \/>\n<meta property=\"article:publisher\" content=\"https:\/\/www.facebook.com\/notibras\/\" \/>\n<meta property=\"article:published_time\" content=\"2022-09-14T08:13:37+00:00\" \/>\n<meta property=\"og:image\" content=\"https:\/\/www.notibras.com\/site\/wp-content\/uploads\/2022\/09\/dinamarca.apoio_.webp\" \/>\n\t<meta property=\"og:image:width\" content=\"1920\" \/>\n\t<meta property=\"og:image:height\" content=\"1080\" \/>\n\t<meta property=\"og:image:type\" content=\"image\/webp\" \/>\n<meta name=\"author\" content=\"Reda\u00e7\u00e3o\" \/>\n<meta name=\"twitter:card\" content=\"summary_large_image\" \/>\n<meta name=\"twitter:creator\" content=\"@Notibras\" \/>\n<meta name=\"twitter:site\" content=\"@Notibras\" \/>\n<meta name=\"twitter:label1\" content=\"Escrito por\" \/>\n\t<meta name=\"twitter:data1\" content=\"Reda\u00e7\u00e3o\" \/>\n\t<meta name=\"twitter:label2\" content=\"Est. tempo de leitura\" \/>\n\t<meta name=\"twitter:data2\" content=\"3 minutos\" \/>\n<script type=\"application\/ld+json\" class=\"yoast-schema-graph\">{\"@context\":\"https:\/\/schema.org\",\"@graph\":[{\"@type\":\"Article\",\"@id\":\"https:\/\/www.notibras.com\/site\/dinamarca-treina-soldados-e-manda-mais-armas-para-kiev\/#article\",\"isPartOf\":{\"@id\":\"https:\/\/www.notibras.com\/site\/dinamarca-treina-soldados-e-manda-mais-armas-para-kiev\/\"},\"author\":{\"name\":\"Reda\u00e7\u00e3o\",\"@id\":\"https:\/\/www.notibras.com\/site\/#\/schema\/person\/36ab0979449956132d3e5b517ea76ac8\"},\"headline\":\"Dinamarca treina soldados e manda mais armas para Kiev\",\"datePublished\":\"2022-09-14T08:13:37+00:00\",\"mainEntityOfPage\":{\"@id\":\"https:\/\/www.notibras.com\/site\/dinamarca-treina-soldados-e-manda-mais-armas-para-kiev\/\"},\"wordCount\":428,\"publisher\":{\"@id\":\"https:\/\/www.notibras.com\/site\/#organization\"},\"image\":{\"@id\":\"https:\/\/www.notibras.com\/site\/dinamarca-treina-soldados-e-manda-mais-armas-para-kiev\/#primaryimage\"},\"thumbnailUrl\":\"https:\/\/www.notibras.com\/site\/wp-content\/uploads\/2022\/09\/dinamarca.apoio_.webp\",\"keywords\":[\"capa\"],\"articleSection\":[\"Apocalipse\"],\"inLanguage\":\"pt-BR\"},{\"@type\":\"WebPage\",\"@id\":\"https:\/\/www.notibras.com\/site\/dinamarca-treina-soldados-e-manda-mais-armas-para-kiev\/\",\"url\":\"https:\/\/www.notibras.com\/site\/dinamarca-treina-soldados-e-manda-mais-armas-para-kiev\/\",\"name\":\"Dinamarca treina soldados e manda mais armas para Kiev - Notibras\",\"isPartOf\":{\"@id\":\"https:\/\/www.notibras.com\/site\/#website\"},\"primaryImageOfPage\":{\"@id\":\"https:\/\/www.notibras.com\/site\/dinamarca-treina-soldados-e-manda-mais-armas-para-kiev\/#primaryimage\"},\"image\":{\"@id\":\"https:\/\/www.notibras.com\/site\/dinamarca-treina-soldados-e-manda-mais-armas-para-kiev\/#primaryimage\"},\"thumbnailUrl\":\"https:\/\/www.notibras.com\/site\/wp-content\/uploads\/2022\/09\/dinamarca.apoio_.webp\",\"datePublished\":\"2022-09-14T08:13:37+00:00\",\"breadcrumb\":{\"@id\":\"https:\/\/www.notibras.com\/site\/dinamarca-treina-soldados-e-manda-mais-armas-para-kiev\/#breadcrumb\"},\"inLanguage\":\"pt-BR\",\"potentialAction\":[{\"@type\":\"ReadAction\",\"target\":[\"https:\/\/www.notibras.com\/site\/dinamarca-treina-soldados-e-manda-mais-armas-para-kiev\/\"]}]},{\"@type\":\"ImageObject\",\"inLanguage\":\"pt-BR\",\"@id\":\"https:\/\/www.notibras.com\/site\/dinamarca-treina-soldados-e-manda-mais-armas-para-kiev\/#primaryimage\",\"url\":\"https:\/\/www.notibras.com\/site\/wp-content\/uploads\/2022\/09\/dinamarca.apoio_.webp\",\"contentUrl\":\"https:\/\/www.notibras.com\/site\/wp-content\/uploads\/2022\/09\/dinamarca.apoio_.webp\",\"width\":1920,\"height\":1080},{\"@type\":\"BreadcrumbList\",\"@id\":\"https:\/\/www.notibras.com\/site\/dinamarca-treina-soldados-e-manda-mais-armas-para-kiev\/#breadcrumb\",\"itemListElement\":[{\"@type\":\"ListItem\",\"position\":1,\"name\":\"In\u00edcio\",\"item\":\"https:\/\/www.notibras.com\/site\/\"},{\"@type\":\"ListItem\",\"position\":2,\"name\":\"Dinamarca treina soldados e manda mais armas para Kiev\"}]},{\"@type\":\"WebSite\",\"@id\":\"https:\/\/www.notibras.com\/site\/#website\",\"url\":\"https:\/\/www.notibras.com\/site\/\",\"name\":\"Notibras\",\"description\":\"Not\u00edcias de Bras\u00edlia, do Brasil e do Mundo\",\"publisher\":{\"@id\":\"https:\/\/www.notibras.com\/site\/#organization\"},\"potentialAction\":[{\"@type\":\"SearchAction\",\"target\":{\"@type\":\"EntryPoint\",\"urlTemplate\":\"https:\/\/www.notibras.com\/site\/?s={search_term_string}\"},\"query-input\":{\"@type\":\"PropertyValueSpecification\",\"valueRequired\":true,\"valueName\":\"search_term_string\"}}],\"inLanguage\":\"pt-BR\"},{\"@type\":\"Organization\",\"@id\":\"https:\/\/www.notibras.com\/site\/#organization\",\"name\":\"Grupo Notibras de Comunica\u00e7\u00e3o\",\"url\":\"https:\/\/www.notibras.com\/site\/\",\"logo\":{\"@type\":\"ImageObject\",\"inLanguage\":\"pt-BR\",\"@id\":\"https:\/\/www.notibras.com\/site\/#\/schema\/logo\/image\/\",\"url\":\"https:\/\/www.notibras.com\/site\/wp-content\/uploads\/2023\/01\/notibras23.png\",\"contentUrl\":\"https:\/\/www.notibras.com\/site\/wp-content\/uploads\/2023\/01\/notibras23.png\",\"width\":350,\"height\":87,\"caption\":\"Grupo Notibras de Comunica\u00e7\u00e3o\"},\"image\":{\"@id\":\"https:\/\/www.notibras.com\/site\/#\/schema\/logo\/image\/\"},\"sameAs\":[\"https:\/\/www.facebook.com\/notibras\/\",\"https:\/\/x.com\/Notibras\",\"https:\/\/www.instagram.com\/notibras\/\"]},{\"@type\":\"Person\",\"@id\":\"https:\/\/www.notibras.com\/site\/#\/schema\/person\/36ab0979449956132d3e5b517ea76ac8\",\"name\":\"Reda\u00e7\u00e3o\",\"image\":{\"@type\":\"ImageObject\",\"inLanguage\":\"pt-BR\",\"@id\":\"https:\/\/secure.gravatar.com\/avatar\/e0a867bdedb85fd243eadf09663511f96fc81e0720a4a42581f334ad4303aa6b?s=96&d=mm&r=g\",\"url\":\"https:\/\/secure.gravatar.com\/avatar\/e0a867bdedb85fd243eadf09663511f96fc81e0720a4a42581f334ad4303aa6b?s=96&d=mm&r=g\",\"contentUrl\":\"https:\/\/secure.gravatar.com\/avatar\/e0a867bdedb85fd243eadf09663511f96fc81e0720a4a42581f334ad4303aa6b?s=96&d=mm&r=g\",\"caption\":\"Reda\u00e7\u00e3o\"}}]}<\/script>\n<!-- \/ Yoast SEO plugin. -->","yoast_head_json":{"title":"Dinamarca treina soldados e manda mais armas para Kiev - Notibras","robots":{"index":"index","follow":"follow","max-snippet":"max-snippet:-1","max-image-preview":"max-image-preview:large","max-video-preview":"max-video-preview:-1"},"canonical":"https:\/\/www.notibras.com\/site\/dinamarca-treina-soldados-e-manda-mais-armas-para-kiev\/","og_locale":"pt_BR","og_type":"article","og_title":"Dinamarca treina soldados e manda mais armas para Kiev - Notibras","og_description":"A Dinamarca est\u00e1 entre os mais ardentes apoiadores da Ucr\u00e2nia em seu recente conflito com a R\u00fassia, tendo treinado soldados ucranianos e doado armas no valor de aproximadamente US$ 270 milh\u00f5es. Os dois pa\u00eds estabeleceram um acordo pelo qual os soldados ucranianos ser\u00e3o treinados em solo dinamarqu\u00eas. \u201cN\u00e3o posso entrar em detalhes do acordo, mas [&hellip;]","og_url":"https:\/\/www.notibras.com\/site\/dinamarca-treina-soldados-e-manda-mais-armas-para-kiev\/","og_site_name":"Notibras","article_publisher":"https:\/\/www.facebook.com\/notibras\/","article_published_time":"2022-09-14T08:13:37+00:00","og_image":[{"width":1920,"height":1080,"url":"https:\/\/www.notibras.com\/site\/wp-content\/uploads\/2022\/09\/dinamarca.apoio_.webp","type":"image\/webp"}],"author":"Reda\u00e7\u00e3o","twitter_card":"summary_large_image","twitter_creator":"@Notibras","twitter_site":"@Notibras","twitter_misc":{"Escrito por":"Reda\u00e7\u00e3o","Est. tempo de leitura":"3 minutos"},"schema":{"@context":"https:\/\/schema.org","@graph":[{"@type":"Article","@id":"https:\/\/www.notibras.com\/site\/dinamarca-treina-soldados-e-manda-mais-armas-para-kiev\/#article","isPartOf":{"@id":"https:\/\/www.notibras.com\/site\/dinamarca-treina-soldados-e-manda-mais-armas-para-kiev\/"},"author":{"name":"Reda\u00e7\u00e3o","@id":"https:\/\/www.notibras.com\/site\/#\/schema\/person\/36ab0979449956132d3e5b517ea76ac8"},"headline":"Dinamarca treina soldados e manda mais armas para Kiev","datePublished":"2022-09-14T08:13:37+00:00","mainEntityOfPage":{"@id":"https:\/\/www.notibras.com\/site\/dinamarca-treina-soldados-e-manda-mais-armas-para-kiev\/"},"wordCount":428,"publisher":{"@id":"https:\/\/www.notibras.com\/site\/#organization"},"image":{"@id":"https:\/\/www.notibras.com\/site\/dinamarca-treina-soldados-e-manda-mais-armas-para-kiev\/#primaryimage"},"thumbnailUrl":"https:\/\/www.notibras.com\/site\/wp-content\/uploads\/2022\/09\/dinamarca.apoio_.webp","keywords":["capa"],"articleSection":["Apocalipse"],"inLanguage":"pt-BR"},{"@type":"WebPage","@id":"https:\/\/www.notibras.com\/site\/dinamarca-treina-soldados-e-manda-mais-armas-para-kiev\/","url":"https:\/\/www.notibras.com\/site\/dinamarca-treina-soldados-e-manda-mais-armas-para-kiev\/","name":"Dinamarca treina soldados e manda mais armas para Kiev - Notibras","isPartOf":{"@id":"https:\/\/www.notibras.com\/site\/#website"},"primaryImageOfPage":{"@id":"https:\/\/www.notibras.com\/site\/dinamarca-treina-soldados-e-manda-mais-armas-para-kiev\/#primaryimage"},"image":{"@id":"https:\/\/www.notibras.com\/site\/dinamarca-treina-soldados-e-manda-mais-armas-para-kiev\/#primaryimage"},"thumbnailUrl":"https:\/\/www.notibras.com\/site\/wp-content\/uploads\/2022\/09\/dinamarca.apoio_.webp","datePublished":"2022-09-14T08:13:37+00:00","breadcrumb":{"@id":"https:\/\/www.notibras.com\/site\/dinamarca-treina-soldados-e-manda-mais-armas-para-kiev\/#breadcrumb"},"inLanguage":"pt-BR","potentialAction":[{"@type":"ReadAction","target":["https:\/\/www.notibras.com\/site\/dinamarca-treina-soldados-e-manda-mais-armas-para-kiev\/"]}]},{"@type":"ImageObject","inLanguage":"pt-BR","@id":"https:\/\/www.notibras.com\/site\/dinamarca-treina-soldados-e-manda-mais-armas-para-kiev\/#primaryimage","url":"https:\/\/www.notibras.com\/site\/wp-content\/uploads\/2022\/09\/dinamarca.apoio_.webp","contentUrl":"https:\/\/www.notibras.com\/site\/wp-content\/uploads\/2022\/09\/dinamarca.apoio_.webp","width":1920,"height":1080},{"@type":"BreadcrumbList","@id":"https:\/\/www.notibras.com\/site\/dinamarca-treina-soldados-e-manda-mais-armas-para-kiev\/#breadcrumb","itemListElement":[{"@type":"ListItem","position":1,"name":"In\u00edcio","item":"https:\/\/www.notibras.com\/site\/"},{"@type":"ListItem","position":2,"name":"Dinamarca treina soldados e manda mais armas para Kiev"}]},{"@type":"WebSite","@id":"https:\/\/www.notibras.com\/site\/#website","url":"https:\/\/www.notibras.com\/site\/","name":"Notibras","description":"Not\u00edcias de Bras\u00edlia, do Brasil e do Mundo","publisher":{"@id":"https:\/\/www.notibras.com\/site\/#organization"},"potentialAction":[{"@type":"SearchAction","target":{"@type":"EntryPoint","urlTemplate":"https:\/\/www.notibras.com\/site\/?s={search_term_string}"},"query-input":{"@type":"PropertyValueSpecification","valueRequired":true,"valueName":"search_term_string"}}],"inLanguage":"pt-BR"},{"@type":"Organization","@id":"https:\/\/www.notibras.com\/site\/#organization","name":"Grupo Notibras de Comunica\u00e7\u00e3o","url":"https:\/\/www.notibras.com\/site\/","logo":{"@type":"ImageObject","inLanguage":"pt-BR","@id":"https:\/\/www.notibras.com\/site\/#\/schema\/logo\/image\/","url":"https:\/\/www.notibras.com\/site\/wp-content\/uploads\/2023\/01\/notibras23.png","contentUrl":"https:\/\/www.notibras.com\/site\/wp-content\/uploads\/2023\/01\/notibras23.png","width":350,"height":87,"caption":"Grupo Notibras de Comunica\u00e7\u00e3o"},"image":{"@id":"https:\/\/www.notibras.com\/site\/#\/schema\/logo\/image\/"},"sameAs":["https:\/\/www.facebook.com\/notibras\/","https:\/\/x.com\/Notibras","https:\/\/www.instagram.com\/notibras\/"]},{"@type":"Person","@id":"https:\/\/www.notibras.com\/site\/#\/schema\/person\/36ab0979449956132d3e5b517ea76ac8","name":"Reda\u00e7\u00e3o","image":{"@type":"ImageObject","inLanguage":"pt-BR","@id":"https:\/\/secure.gravatar.com\/avatar\/e0a867bdedb85fd243eadf09663511f96fc81e0720a4a42581f334ad4303aa6b?s=96&d=mm&r=g","url":"https:\/\/secure.gravatar.com\/avatar\/e0a867bdedb85fd243eadf09663511f96fc81e0720a4a42581f334ad4303aa6b?s=96&d=mm&r=g","contentUrl":"https:\/\/secure.gravatar.com\/avatar\/e0a867bdedb85fd243eadf09663511f96fc81e0720a4a42581f334ad4303aa6b?s=96&d=mm&r=g","caption":"Reda\u00e7\u00e3o"}}]}},"amp_enabled":true,"_links":{"self":[{"href":"https:\/\/www.notibras.com\/site\/wp-json\/wp\/v2\/posts\/291723","targetHints":{"allow":["GET"]}}],"collection":[{"href":"https:\/\/www.notibras.com\/site\/wp-json\/wp\/v2\/posts"}],"about":[{"href":"https:\/\/www.notibras.com\/site\/wp-json\/wp\/v2\/types\/post"}],"author":[{"embeddable":true,"href":"https:\/\/www.notibras.com\/site\/wp-json\/wp\/v2\/users\/2"}],"replies":[{"embeddable":true,"href":"https:\/\/www.notibras.com\/site\/wp-json\/wp\/v2\/comments?post=291723"}],"version-history":[{"count":1,"href":"https:\/\/www.notibras.com\/site\/wp-json\/wp\/v2\/posts\/291723\/revisions"}],"predecessor-version":[{"id":291725,"href":"https:\/\/www.notibras.com\/site\/wp-json\/wp\/v2\/posts\/291723\/revisions\/291725"}],"wp:featuredmedia":[{"embeddable":true,"href":"https:\/\/www.notibras.com\/site\/wp-json\/wp\/v2\/media\/291724"}],"wp:attachment":[{"href":"https:\/\/www.notibras.com\/site\/wp-json\/wp\/v2\/media?parent=291723"}],"wp:term":[{"taxonomy":"category","embeddable":true,"href":"https:\/\/www.notibras.com\/site\/wp-json\/wp\/v2\/categories?post=291723"},{"taxonomy":"post_tag","embeddable":true,"href":"https:\/\/www.notibras.com\/site\/wp-json\/wp\/v2\/tags?post=291723"}],"curies":[{"name":"wp","href":"https:\/\/api.w.org\/{rel}","templated":true}]}}