{"id":291726,"date":"2022-09-14T05:19:25","date_gmt":"2022-09-14T08:19:25","guid":{"rendered":"https:\/\/www.notibras.com\/site\/?p=291726"},"modified":"2022-09-14T05:19:55","modified_gmt":"2022-09-14T08:19:55","slug":"paises-dos-balcas-baixam-crista-e-pedem-petroleo-e-gas-a-russia","status":"publish","type":"post","link":"https:\/\/www.notibras.com\/site\/paises-dos-balcas-baixam-crista-e-pedem-petroleo-e-gas-a-russia\/","title":{"rendered":"Pa\u00edses dos B\u00e1lc\u00e3s baixam crista e pedem petr\u00f3leo e g\u00e1s \u00e0 R\u00fassia"},"content":{"rendered":"<p>Os l\u00edderes de tr\u00eas pa\u00edses balc\u00e2nicos pediram ao presidente turco Recep Tayyip Erdogan para discutir a quest\u00e3o das entregas de energia com o presidente russo Vladimir Putin na c\u00fapula da Organiza\u00e7\u00e3o de Coopera\u00e7\u00e3o de Xangai, para evitar conting\u00eancias no inverno, disse o ministro turco da Agricultura e Florestas, Vahit Kirisci.<\/p>\n<p>&#8220;Visitamos a B\u00f3snia e Herzegovina, S\u00e9rvia e Cro\u00e1cia. Uma proposta feita pelos presidentes e primeiros-ministros desses tr\u00eas pa\u00edses sugeriu que conversemos com Putin\u00a0 o l\u00edder do Azerbaij\u00e3o Ilham Aliyev na c\u00fapula da SCO e pe\u00e7amos que n\u00e3o reduzam a entrega de petr\u00f3leo e g\u00e1s no per\u00edodo de inverno&#8221;, disse Kirisci ao portal de not\u00edcias turco<em> Haberler<\/em>.<\/p>\n<p>Erdogan realizar\u00e1 uma reuni\u00e3o com Putin \u00e0 margem da c\u00fapula da SCO na cidade uzbeque de Samarcanda de 15 a 16 de setembro.<\/p>\n<p>O l\u00edder turco supostamente planeja enfatizar a inten\u00e7\u00e3o de Ancara de fazer mais esfor\u00e7os para acabar com as hostilidades na Ucr\u00e2nia e alcan\u00e7ar um cessar-fogo sustent\u00e1vel por meio de iniciativas de media\u00e7\u00e3o. As partes tamb\u00e9m v\u00e3o discutir o funcionamento do &#8221; corredor de gr\u00e3os &#8221; porque quase todos os gr\u00e3os exportados da Ucr\u00e2nia foram enviados para estados membros da UE, com apena dois navios de 87 chegando a pa\u00edses necessitados, segundo Putin.<\/p>\n<p>Al\u00e9m disso, espera-se que a agenda das negocia\u00e7\u00f5es inclua uma opera\u00e7\u00e3o militar antiterrorista turca na S\u00edria anunciada por Erdogan no final de junho.<\/p>\n","protected":false},"excerpt":{"rendered":"<p>Os l\u00edderes de tr\u00eas pa\u00edses balc\u00e2nicos pediram ao presidente turco Recep Tayyip Erdogan para discutir a quest\u00e3o das entregas de energia com o presidente russo Vladimir Putin na c\u00fapula da Organiza\u00e7\u00e3o de Coopera\u00e7\u00e3o de Xangai, para evitar conting\u00eancias no inverno, disse o ministro turco da Agricultura e Florestas, Vahit Kirisci. &#8220;Visitamos a B\u00f3snia e Herzegovina, [&hellip;]<\/p>\n","protected":false},"author":2,"featured_media":291727,"comment_status":"closed","ping_status":"closed","sticky":false,"template":"","format":"standard","meta":{"_acf_changed":false,"footnotes":""},"categories":[159],"tags":[95],"class_list":["post-291726","post","type-post","status-publish","format-standard","has-post-thumbnail","hentry","category-apocalipse","tag-capa"],"acf":[],"yoast_head":"<!-- This site is optimized with the Yoast SEO plugin v27.2 - https:\/\/yoast.com\/product\/yoast-seo-wordpress\/ -->\n<title>Pa\u00edses dos B\u00e1lc\u00e3s baixam crista e pedem petr\u00f3leo e g\u00e1s \u00e0 R\u00fassia - Notibras<\/title>\n<meta name=\"robots\" content=\"index, follow, max-snippet:-1, max-image-preview:large, max-video-preview:-1\" \/>\n<link rel=\"canonical\" href=\"https:\/\/www.notibras.com\/site\/paises-dos-balcas-baixam-crista-e-pedem-petroleo-e-gas-a-russia\/\" \/>\n<meta property=\"og:locale\" content=\"pt_BR\" \/>\n<meta property=\"og:type\" content=\"article\" \/>\n<meta property=\"og:title\" content=\"Pa\u00edses dos B\u00e1lc\u00e3s baixam crista e pedem petr\u00f3leo e g\u00e1s \u00e0 R\u00fassia - Notibras\" \/>\n<meta property=\"og:description\" content=\"Os l\u00edderes de tr\u00eas pa\u00edses balc\u00e2nicos pediram ao presidente turco Recep Tayyip Erdogan para discutir a quest\u00e3o das entregas de energia com o presidente russo Vladimir Putin na c\u00fapula da Organiza\u00e7\u00e3o de Coopera\u00e7\u00e3o de Xangai, para evitar conting\u00eancias no inverno, disse o ministro turco da Agricultura e Florestas, Vahit Kirisci. &#8220;Visitamos a B\u00f3snia e Herzegovina, [&hellip;]\" \/>\n<meta property=\"og:url\" content=\"https:\/\/www.notibras.com\/site\/paises-dos-balcas-baixam-crista-e-pedem-petroleo-e-gas-a-russia\/\" \/>\n<meta property=\"og:site_name\" content=\"Notibras\" \/>\n<meta property=\"article:publisher\" content=\"https:\/\/www.facebook.com\/notibras\/\" \/>\n<meta property=\"article:published_time\" content=\"2022-09-14T08:19:25+00:00\" \/>\n<meta property=\"article:modified_time\" content=\"2022-09-14T08:19:55+00:00\" \/>\n<meta property=\"og:image\" content=\"https:\/\/www.notibras.com\/site\/wp-content\/uploads\/2022\/09\/balcas.2.webp\" \/>\n\t<meta property=\"og:image:width\" content=\"1920\" \/>\n\t<meta property=\"og:image:height\" content=\"1080\" \/>\n\t<meta property=\"og:image:type\" content=\"image\/webp\" \/>\n<meta name=\"author\" content=\"Reda\u00e7\u00e3o\" \/>\n<meta name=\"twitter:card\" content=\"summary_large_image\" \/>\n<meta name=\"twitter:creator\" content=\"@Notibras\" \/>\n<meta name=\"twitter:site\" content=\"@Notibras\" \/>\n<meta name=\"twitter:label1\" content=\"Escrito por\" \/>\n\t<meta name=\"twitter:data1\" content=\"Reda\u00e7\u00e3o\" \/>\n\t<meta name=\"twitter:label2\" content=\"Est. tempo de leitura\" \/>\n\t<meta name=\"twitter:data2\" content=\"2 minutos\" \/>\n<script type=\"application\/ld+json\" class=\"yoast-schema-graph\">{\"@context\":\"https:\/\/schema.org\",\"@graph\":[{\"@type\":\"Article\",\"@id\":\"https:\/\/www.notibras.com\/site\/paises-dos-balcas-baixam-crista-e-pedem-petroleo-e-gas-a-russia\/#article\",\"isPartOf\":{\"@id\":\"https:\/\/www.notibras.com\/site\/paises-dos-balcas-baixam-crista-e-pedem-petroleo-e-gas-a-russia\/\"},\"author\":{\"name\":\"Reda\u00e7\u00e3o\",\"@id\":\"https:\/\/www.notibras.com\/site\/#\/schema\/person\/36ab0979449956132d3e5b517ea76ac8\"},\"headline\":\"Pa\u00edses dos B\u00e1lc\u00e3s baixam crista e pedem petr\u00f3leo e g\u00e1s \u00e0 R\u00fassia\",\"datePublished\":\"2022-09-14T08:19:25+00:00\",\"dateModified\":\"2022-09-14T08:19:55+00:00\",\"mainEntityOfPage\":{\"@id\":\"https:\/\/www.notibras.com\/site\/paises-dos-balcas-baixam-crista-e-pedem-petroleo-e-gas-a-russia\/\"},\"wordCount\":277,\"publisher\":{\"@id\":\"https:\/\/www.notibras.com\/site\/#organization\"},\"image\":{\"@id\":\"https:\/\/www.notibras.com\/site\/paises-dos-balcas-baixam-crista-e-pedem-petroleo-e-gas-a-russia\/#primaryimage\"},\"thumbnailUrl\":\"https:\/\/www.notibras.com\/site\/wp-content\/uploads\/2022\/09\/balcas.2.webp\",\"keywords\":[\"capa\"],\"articleSection\":[\"Apocalipse\"],\"inLanguage\":\"pt-BR\"},{\"@type\":\"WebPage\",\"@id\":\"https:\/\/www.notibras.com\/site\/paises-dos-balcas-baixam-crista-e-pedem-petroleo-e-gas-a-russia\/\",\"url\":\"https:\/\/www.notibras.com\/site\/paises-dos-balcas-baixam-crista-e-pedem-petroleo-e-gas-a-russia\/\",\"name\":\"Pa\u00edses dos B\u00e1lc\u00e3s baixam crista e pedem petr\u00f3leo e g\u00e1s \u00e0 R\u00fassia - Notibras\",\"isPartOf\":{\"@id\":\"https:\/\/www.notibras.com\/site\/#website\"},\"primaryImageOfPage\":{\"@id\":\"https:\/\/www.notibras.com\/site\/paises-dos-balcas-baixam-crista-e-pedem-petroleo-e-gas-a-russia\/#primaryimage\"},\"image\":{\"@id\":\"https:\/\/www.notibras.com\/site\/paises-dos-balcas-baixam-crista-e-pedem-petroleo-e-gas-a-russia\/#primaryimage\"},\"thumbnailUrl\":\"https:\/\/www.notibras.com\/site\/wp-content\/uploads\/2022\/09\/balcas.2.webp\",\"datePublished\":\"2022-09-14T08:19:25+00:00\",\"dateModified\":\"2022-09-14T08:19:55+00:00\",\"breadcrumb\":{\"@id\":\"https:\/\/www.notibras.com\/site\/paises-dos-balcas-baixam-crista-e-pedem-petroleo-e-gas-a-russia\/#breadcrumb\"},\"inLanguage\":\"pt-BR\",\"potentialAction\":[{\"@type\":\"ReadAction\",\"target\":[\"https:\/\/www.notibras.com\/site\/paises-dos-balcas-baixam-crista-e-pedem-petroleo-e-gas-a-russia\/\"]}]},{\"@type\":\"ImageObject\",\"inLanguage\":\"pt-BR\",\"@id\":\"https:\/\/www.notibras.com\/site\/paises-dos-balcas-baixam-crista-e-pedem-petroleo-e-gas-a-russia\/#primaryimage\",\"url\":\"https:\/\/www.notibras.com\/site\/wp-content\/uploads\/2022\/09\/balcas.2.webp\",\"contentUrl\":\"https:\/\/www.notibras.com\/site\/wp-content\/uploads\/2022\/09\/balcas.2.webp\",\"width\":1920,\"height\":1080},{\"@type\":\"BreadcrumbList\",\"@id\":\"https:\/\/www.notibras.com\/site\/paises-dos-balcas-baixam-crista-e-pedem-petroleo-e-gas-a-russia\/#breadcrumb\",\"itemListElement\":[{\"@type\":\"ListItem\",\"position\":1,\"name\":\"In\u00edcio\",\"item\":\"https:\/\/www.notibras.com\/site\/\"},{\"@type\":\"ListItem\",\"position\":2,\"name\":\"Pa\u00edses dos B\u00e1lc\u00e3s baixam crista e pedem petr\u00f3leo e g\u00e1s \u00e0 R\u00fassia\"}]},{\"@type\":\"WebSite\",\"@id\":\"https:\/\/www.notibras.com\/site\/#website\",\"url\":\"https:\/\/www.notibras.com\/site\/\",\"name\":\"Notibras\",\"description\":\"Not\u00edcias de Bras\u00edlia, do Brasil e do Mundo\",\"publisher\":{\"@id\":\"https:\/\/www.notibras.com\/site\/#organization\"},\"potentialAction\":[{\"@type\":\"SearchAction\",\"target\":{\"@type\":\"EntryPoint\",\"urlTemplate\":\"https:\/\/www.notibras.com\/site\/?s={search_term_string}\"},\"query-input\":{\"@type\":\"PropertyValueSpecification\",\"valueRequired\":true,\"valueName\":\"search_term_string\"}}],\"inLanguage\":\"pt-BR\"},{\"@type\":\"Organization\",\"@id\":\"https:\/\/www.notibras.com\/site\/#organization\",\"name\":\"Grupo Notibras de Comunica\u00e7\u00e3o\",\"url\":\"https:\/\/www.notibras.com\/site\/\",\"logo\":{\"@type\":\"ImageObject\",\"inLanguage\":\"pt-BR\",\"@id\":\"https:\/\/www.notibras.com\/site\/#\/schema\/logo\/image\/\",\"url\":\"https:\/\/www.notibras.com\/site\/wp-content\/uploads\/2023\/01\/notibras23.png\",\"contentUrl\":\"https:\/\/www.notibras.com\/site\/wp-content\/uploads\/2023\/01\/notibras23.png\",\"width\":350,\"height\":87,\"caption\":\"Grupo Notibras de Comunica\u00e7\u00e3o\"},\"image\":{\"@id\":\"https:\/\/www.notibras.com\/site\/#\/schema\/logo\/image\/\"},\"sameAs\":[\"https:\/\/www.facebook.com\/notibras\/\",\"https:\/\/x.com\/Notibras\",\"https:\/\/www.instagram.com\/notibras\/\"]},{\"@type\":\"Person\",\"@id\":\"https:\/\/www.notibras.com\/site\/#\/schema\/person\/36ab0979449956132d3e5b517ea76ac8\",\"name\":\"Reda\u00e7\u00e3o\",\"image\":{\"@type\":\"ImageObject\",\"inLanguage\":\"pt-BR\",\"@id\":\"https:\/\/secure.gravatar.com\/avatar\/e0a867bdedb85fd243eadf09663511f96fc81e0720a4a42581f334ad4303aa6b?s=96&d=mm&r=g\",\"url\":\"https:\/\/secure.gravatar.com\/avatar\/e0a867bdedb85fd243eadf09663511f96fc81e0720a4a42581f334ad4303aa6b?s=96&d=mm&r=g\",\"contentUrl\":\"https:\/\/secure.gravatar.com\/avatar\/e0a867bdedb85fd243eadf09663511f96fc81e0720a4a42581f334ad4303aa6b?s=96&d=mm&r=g\",\"caption\":\"Reda\u00e7\u00e3o\"}}]}<\/script>\n<!-- \/ Yoast SEO plugin. -->","yoast_head_json":{"title":"Pa\u00edses dos B\u00e1lc\u00e3s baixam crista e pedem petr\u00f3leo e g\u00e1s \u00e0 R\u00fassia - Notibras","robots":{"index":"index","follow":"follow","max-snippet":"max-snippet:-1","max-image-preview":"max-image-preview:large","max-video-preview":"max-video-preview:-1"},"canonical":"https:\/\/www.notibras.com\/site\/paises-dos-balcas-baixam-crista-e-pedem-petroleo-e-gas-a-russia\/","og_locale":"pt_BR","og_type":"article","og_title":"Pa\u00edses dos B\u00e1lc\u00e3s baixam crista e pedem petr\u00f3leo e g\u00e1s \u00e0 R\u00fassia - Notibras","og_description":"Os l\u00edderes de tr\u00eas pa\u00edses balc\u00e2nicos pediram ao presidente turco Recep Tayyip Erdogan para discutir a quest\u00e3o das entregas de energia com o presidente russo Vladimir Putin na c\u00fapula da Organiza\u00e7\u00e3o de Coopera\u00e7\u00e3o de Xangai, para evitar conting\u00eancias no inverno, disse o ministro turco da Agricultura e Florestas, Vahit Kirisci. &#8220;Visitamos a B\u00f3snia e Herzegovina, [&hellip;]","og_url":"https:\/\/www.notibras.com\/site\/paises-dos-balcas-baixam-crista-e-pedem-petroleo-e-gas-a-russia\/","og_site_name":"Notibras","article_publisher":"https:\/\/www.facebook.com\/notibras\/","article_published_time":"2022-09-14T08:19:25+00:00","article_modified_time":"2022-09-14T08:19:55+00:00","og_image":[{"width":1920,"height":1080,"url":"https:\/\/www.notibras.com\/site\/wp-content\/uploads\/2022\/09\/balcas.2.webp","type":"image\/webp"}],"author":"Reda\u00e7\u00e3o","twitter_card":"summary_large_image","twitter_creator":"@Notibras","twitter_site":"@Notibras","twitter_misc":{"Escrito por":"Reda\u00e7\u00e3o","Est. tempo de leitura":"2 minutos"},"schema":{"@context":"https:\/\/schema.org","@graph":[{"@type":"Article","@id":"https:\/\/www.notibras.com\/site\/paises-dos-balcas-baixam-crista-e-pedem-petroleo-e-gas-a-russia\/#article","isPartOf":{"@id":"https:\/\/www.notibras.com\/site\/paises-dos-balcas-baixam-crista-e-pedem-petroleo-e-gas-a-russia\/"},"author":{"name":"Reda\u00e7\u00e3o","@id":"https:\/\/www.notibras.com\/site\/#\/schema\/person\/36ab0979449956132d3e5b517ea76ac8"},"headline":"Pa\u00edses dos B\u00e1lc\u00e3s baixam crista e pedem petr\u00f3leo e g\u00e1s \u00e0 R\u00fassia","datePublished":"2022-09-14T08:19:25+00:00","dateModified":"2022-09-14T08:19:55+00:00","mainEntityOfPage":{"@id":"https:\/\/www.notibras.com\/site\/paises-dos-balcas-baixam-crista-e-pedem-petroleo-e-gas-a-russia\/"},"wordCount":277,"publisher":{"@id":"https:\/\/www.notibras.com\/site\/#organization"},"image":{"@id":"https:\/\/www.notibras.com\/site\/paises-dos-balcas-baixam-crista-e-pedem-petroleo-e-gas-a-russia\/#primaryimage"},"thumbnailUrl":"https:\/\/www.notibras.com\/site\/wp-content\/uploads\/2022\/09\/balcas.2.webp","keywords":["capa"],"articleSection":["Apocalipse"],"inLanguage":"pt-BR"},{"@type":"WebPage","@id":"https:\/\/www.notibras.com\/site\/paises-dos-balcas-baixam-crista-e-pedem-petroleo-e-gas-a-russia\/","url":"https:\/\/www.notibras.com\/site\/paises-dos-balcas-baixam-crista-e-pedem-petroleo-e-gas-a-russia\/","name":"Pa\u00edses dos B\u00e1lc\u00e3s baixam crista e pedem petr\u00f3leo e g\u00e1s \u00e0 R\u00fassia - Notibras","isPartOf":{"@id":"https:\/\/www.notibras.com\/site\/#website"},"primaryImageOfPage":{"@id":"https:\/\/www.notibras.com\/site\/paises-dos-balcas-baixam-crista-e-pedem-petroleo-e-gas-a-russia\/#primaryimage"},"image":{"@id":"https:\/\/www.notibras.com\/site\/paises-dos-balcas-baixam-crista-e-pedem-petroleo-e-gas-a-russia\/#primaryimage"},"thumbnailUrl":"https:\/\/www.notibras.com\/site\/wp-content\/uploads\/2022\/09\/balcas.2.webp","datePublished":"2022-09-14T08:19:25+00:00","dateModified":"2022-09-14T08:19:55+00:00","breadcrumb":{"@id":"https:\/\/www.notibras.com\/site\/paises-dos-balcas-baixam-crista-e-pedem-petroleo-e-gas-a-russia\/#breadcrumb"},"inLanguage":"pt-BR","potentialAction":[{"@type":"ReadAction","target":["https:\/\/www.notibras.com\/site\/paises-dos-balcas-baixam-crista-e-pedem-petroleo-e-gas-a-russia\/"]}]},{"@type":"ImageObject","inLanguage":"pt-BR","@id":"https:\/\/www.notibras.com\/site\/paises-dos-balcas-baixam-crista-e-pedem-petroleo-e-gas-a-russia\/#primaryimage","url":"https:\/\/www.notibras.com\/site\/wp-content\/uploads\/2022\/09\/balcas.2.webp","contentUrl":"https:\/\/www.notibras.com\/site\/wp-content\/uploads\/2022\/09\/balcas.2.webp","width":1920,"height":1080},{"@type":"BreadcrumbList","@id":"https:\/\/www.notibras.com\/site\/paises-dos-balcas-baixam-crista-e-pedem-petroleo-e-gas-a-russia\/#breadcrumb","itemListElement":[{"@type":"ListItem","position":1,"name":"In\u00edcio","item":"https:\/\/www.notibras.com\/site\/"},{"@type":"ListItem","position":2,"name":"Pa\u00edses dos B\u00e1lc\u00e3s baixam crista e pedem petr\u00f3leo e g\u00e1s \u00e0 R\u00fassia"}]},{"@type":"WebSite","@id":"https:\/\/www.notibras.com\/site\/#website","url":"https:\/\/www.notibras.com\/site\/","name":"Notibras","description":"Not\u00edcias de Bras\u00edlia, do Brasil e do Mundo","publisher":{"@id":"https:\/\/www.notibras.com\/site\/#organization"},"potentialAction":[{"@type":"SearchAction","target":{"@type":"EntryPoint","urlTemplate":"https:\/\/www.notibras.com\/site\/?s={search_term_string}"},"query-input":{"@type":"PropertyValueSpecification","valueRequired":true,"valueName":"search_term_string"}}],"inLanguage":"pt-BR"},{"@type":"Organization","@id":"https:\/\/www.notibras.com\/site\/#organization","name":"Grupo Notibras de Comunica\u00e7\u00e3o","url":"https:\/\/www.notibras.com\/site\/","logo":{"@type":"ImageObject","inLanguage":"pt-BR","@id":"https:\/\/www.notibras.com\/site\/#\/schema\/logo\/image\/","url":"https:\/\/www.notibras.com\/site\/wp-content\/uploads\/2023\/01\/notibras23.png","contentUrl":"https:\/\/www.notibras.com\/site\/wp-content\/uploads\/2023\/01\/notibras23.png","width":350,"height":87,"caption":"Grupo Notibras de Comunica\u00e7\u00e3o"},"image":{"@id":"https:\/\/www.notibras.com\/site\/#\/schema\/logo\/image\/"},"sameAs":["https:\/\/www.facebook.com\/notibras\/","https:\/\/x.com\/Notibras","https:\/\/www.instagram.com\/notibras\/"]},{"@type":"Person","@id":"https:\/\/www.notibras.com\/site\/#\/schema\/person\/36ab0979449956132d3e5b517ea76ac8","name":"Reda\u00e7\u00e3o","image":{"@type":"ImageObject","inLanguage":"pt-BR","@id":"https:\/\/secure.gravatar.com\/avatar\/e0a867bdedb85fd243eadf09663511f96fc81e0720a4a42581f334ad4303aa6b?s=96&d=mm&r=g","url":"https:\/\/secure.gravatar.com\/avatar\/e0a867bdedb85fd243eadf09663511f96fc81e0720a4a42581f334ad4303aa6b?s=96&d=mm&r=g","contentUrl":"https:\/\/secure.gravatar.com\/avatar\/e0a867bdedb85fd243eadf09663511f96fc81e0720a4a42581f334ad4303aa6b?s=96&d=mm&r=g","caption":"Reda\u00e7\u00e3o"}}]}},"amp_enabled":true,"_links":{"self":[{"href":"https:\/\/www.notibras.com\/site\/wp-json\/wp\/v2\/posts\/291726","targetHints":{"allow":["GET"]}}],"collection":[{"href":"https:\/\/www.notibras.com\/site\/wp-json\/wp\/v2\/posts"}],"about":[{"href":"https:\/\/www.notibras.com\/site\/wp-json\/wp\/v2\/types\/post"}],"author":[{"embeddable":true,"href":"https:\/\/www.notibras.com\/site\/wp-json\/wp\/v2\/users\/2"}],"replies":[{"embeddable":true,"href":"https:\/\/www.notibras.com\/site\/wp-json\/wp\/v2\/comments?post=291726"}],"version-history":[{"count":1,"href":"https:\/\/www.notibras.com\/site\/wp-json\/wp\/v2\/posts\/291726\/revisions"}],"predecessor-version":[{"id":291728,"href":"https:\/\/www.notibras.com\/site\/wp-json\/wp\/v2\/posts\/291726\/revisions\/291728"}],"wp:featuredmedia":[{"embeddable":true,"href":"https:\/\/www.notibras.com\/site\/wp-json\/wp\/v2\/media\/291727"}],"wp:attachment":[{"href":"https:\/\/www.notibras.com\/site\/wp-json\/wp\/v2\/media?parent=291726"}],"wp:term":[{"taxonomy":"category","embeddable":true,"href":"https:\/\/www.notibras.com\/site\/wp-json\/wp\/v2\/categories?post=291726"},{"taxonomy":"post_tag","embeddable":true,"href":"https:\/\/www.notibras.com\/site\/wp-json\/wp\/v2\/tags?post=291726"}],"curies":[{"name":"wp","href":"https:\/\/api.w.org\/{rel}","templated":true}]}}