{"id":291729,"date":"2022-09-14T05:27:47","date_gmt":"2022-09-14T08:27:47","guid":{"rendered":"https:\/\/www.notibras.com\/site\/?p=291729"},"modified":"2022-09-14T05:30:01","modified_gmt":"2022-09-14T08:30:01","slug":"crise-na-fronteira-armenia-azerbaijao-pode-iniciar-nova-guerra","status":"publish","type":"post","link":"https:\/\/www.notibras.com\/site\/crise-na-fronteira-armenia-azerbaijao-pode-iniciar-nova-guerra\/","title":{"rendered":"Crise na fronteira Arm\u00eania-Azerbaij\u00e3o pode iniciar nova guerra"},"content":{"rendered":"<p>H\u00e1 dois dias, combates eclodiram na fronteira arm\u00eanio-azerbaijana. Ambos os lados relataram perdas entre militares e cada lado alegou que o outro era respons\u00e1vel pela escalada das hostilidades.<\/p>\n<p>Numa tentativa de apagar o pavio de um novo barril de p\u00f3lvora, l\u00edderes da Organiza\u00e7\u00e3o do Tratado de Seguran\u00e7a Coletiva concordaram em enviar uma miss\u00e3o \u00e0 Arm\u00eania, que ser\u00e1 chefiada pelo secret\u00e1rio-geral da CSTO, Stanislav Zas, depois que as tens\u00f5es aumentaram na fronteira do pa\u00eds com o Azerbaij\u00e3o.<\/p>\n<p>A Arm\u00eania e o Azerbaij\u00e3o t\u00eam rela\u00e7\u00f5es tensas e travaram uma guerra em uma regi\u00e3o contestada de Nagorno Karabakh em 2020. As hostilidades terminaram com Moscou orquestrando uma declara\u00e7\u00e3o trilateral, com Yerevan e Baku concordando com um cessar-fogo total e uma troca de prisioneiros, e a R\u00fassia enviou for\u00e7as de paz para a regi\u00e3o.<\/p>\n<p>O diplomata russo Igor Khovaev, que lida com a normaliza\u00e7\u00e3o das rela\u00e7\u00f5es entre a Arm\u00eania e o Azerbaij\u00e3o, visitar\u00e1 Yerevan e Baku para continuar o trabalho em um tratado de paz, disse o diretor do Quarto Departamento da CEI no Minist\u00e9rio das Rela\u00e7\u00f5es Exteriores da R\u00fassia, Denis Gonchar, em entrevista.<\/p>\n<p>&#8220;A prepara\u00e7\u00e3o de um tratado de paz ocupa um lugar importante em nossos esfor\u00e7os para promover a normaliza\u00e7\u00e3o arm\u00eanio-azerbaijana. Tanto Baku quanto Yerevan confirmaram a demanda por assist\u00eancia russa adequada. Claro, para n\u00f3s isso n\u00e3o \u00e9 uma quest\u00e3o de autopromo\u00e7\u00e3o, mas uma enorme responsabilidade&#8221;, disse Gonchar.<\/p>\n<p>Khovaev visita regularmente os pa\u00edses para consultas sobre o tratado de paz para facilitar o acordo sobre o esbo\u00e7o do acordo, disse o diplomata, acrescentando que &#8220;suas pr\u00f3ximas viagens \u00e0 regi\u00e3o est\u00e3o ocorrendo este m\u00eas&#8221;.<\/p>\n<p>O Minist\u00e9rio da Defesa do Azerbaij\u00e3o acusou o lado arm\u00eanio de violar o cessar-fogo e bombardear as posi\u00e7\u00f5es das for\u00e7as do Azerbaij\u00e3o na fronteira.<\/p>\n<p>&#8220;As for\u00e7as armadas arm\u00eanias, violando o acordo de cessar-fogo, dispararam contra nossas unidades localizadas na dire\u00e7\u00e3o das regi\u00f5es de Kelbajar e Lachin [fronteira com a Arm\u00eania], de morteiros e montagens de artilharia de v\u00e1rios calibres durante a noite de 14 de setembro e esta manh\u00e3&#8221;, disse o minist\u00e9rio. disse em um comunicado.<\/p>\n<p>J\u00e1 a Arm\u00eania diz que as for\u00e7as do Azerbaij\u00e3o bombardearam o lado arm\u00eanio, usando drones de ataque, artilharia e morteiros, segundo o porta-voz do Minist\u00e9rio da Defesa da Arm\u00eania, Aram Torosyan.<\/p>\n<p>&#8220;A situa\u00e7\u00e3o na fronteira arm\u00eanio-azerbaijana durante a noite de 14 de setembro continuou tensa. Em particular, o inimigo usou drones na dire\u00e7\u00e3o de Jermuk. Embora nenhum incidente significativo tenha sido registrado em outras \u00e1reas, o inimigo usou morteiros de artilharia e armas de grande calibre, em particular na dire\u00e7\u00e3o de Jermuk e Verin Shorzha&#8221;, disse Torosyan.<\/p>\n","protected":false},"excerpt":{"rendered":"<p>H\u00e1 dois dias, combates eclodiram na fronteira arm\u00eanio-azerbaijana. Ambos os lados relataram perdas entre militares e cada lado alegou que o outro era respons\u00e1vel pela escalada das hostilidades. Numa tentativa de apagar o pavio de um novo barril de p\u00f3lvora, l\u00edderes da Organiza\u00e7\u00e3o do Tratado de Seguran\u00e7a Coletiva concordaram em enviar uma miss\u00e3o \u00e0 Arm\u00eania, [&hellip;]<\/p>\n","protected":false},"author":2,"featured_media":291730,"comment_status":"closed","ping_status":"closed","sticky":false,"template":"","format":"standard","meta":{"_acf_changed":false,"footnotes":""},"categories":[159],"tags":[95],"class_list":["post-291729","post","type-post","status-publish","format-standard","has-post-thumbnail","hentry","category-apocalipse","tag-capa"],"acf":[],"yoast_head":"<!-- This site is optimized with the Yoast SEO plugin v27.2 - https:\/\/yoast.com\/product\/yoast-seo-wordpress\/ -->\n<title>Crise na fronteira Arm\u00eania-Azerbaij\u00e3o pode iniciar nova guerra - Notibras<\/title>\n<meta name=\"robots\" content=\"index, follow, max-snippet:-1, max-image-preview:large, max-video-preview:-1\" \/>\n<link rel=\"canonical\" href=\"https:\/\/www.notibras.com\/site\/crise-na-fronteira-armenia-azerbaijao-pode-iniciar-nova-guerra\/\" \/>\n<meta property=\"og:locale\" content=\"pt_BR\" \/>\n<meta property=\"og:type\" content=\"article\" \/>\n<meta property=\"og:title\" content=\"Crise na fronteira Arm\u00eania-Azerbaij\u00e3o pode iniciar nova guerra - Notibras\" \/>\n<meta property=\"og:description\" content=\"H\u00e1 dois dias, combates eclodiram na fronteira arm\u00eanio-azerbaijana. Ambos os lados relataram perdas entre militares e cada lado alegou que o outro era respons\u00e1vel pela escalada das hostilidades. Numa tentativa de apagar o pavio de um novo barril de p\u00f3lvora, l\u00edderes da Organiza\u00e7\u00e3o do Tratado de Seguran\u00e7a Coletiva concordaram em enviar uma miss\u00e3o \u00e0 Arm\u00eania, [&hellip;]\" \/>\n<meta property=\"og:url\" content=\"https:\/\/www.notibras.com\/site\/crise-na-fronteira-armenia-azerbaijao-pode-iniciar-nova-guerra\/\" \/>\n<meta property=\"og:site_name\" content=\"Notibras\" \/>\n<meta property=\"article:publisher\" content=\"https:\/\/www.facebook.com\/notibras\/\" \/>\n<meta property=\"article:published_time\" content=\"2022-09-14T08:27:47+00:00\" \/>\n<meta property=\"article:modified_time\" content=\"2022-09-14T08:30:01+00:00\" \/>\n<meta property=\"og:image\" content=\"https:\/\/www.notibras.com\/site\/wp-content\/uploads\/2022\/09\/armenia.combates.webp\" \/>\n\t<meta property=\"og:image:width\" content=\"600\" \/>\n\t<meta property=\"og:image:height\" content=\"337\" \/>\n\t<meta property=\"og:image:type\" content=\"image\/webp\" \/>\n<meta name=\"author\" content=\"Reda\u00e7\u00e3o\" \/>\n<meta name=\"twitter:card\" content=\"summary_large_image\" \/>\n<meta name=\"twitter:creator\" content=\"@Notibras\" \/>\n<meta name=\"twitter:site\" content=\"@Notibras\" \/>\n<meta name=\"twitter:label1\" content=\"Escrito por\" \/>\n\t<meta name=\"twitter:data1\" content=\"Reda\u00e7\u00e3o\" \/>\n\t<meta name=\"twitter:label2\" content=\"Est. tempo de leitura\" \/>\n\t<meta name=\"twitter:data2\" content=\"3 minutos\" \/>\n<script type=\"application\/ld+json\" class=\"yoast-schema-graph\">{\"@context\":\"https:\/\/schema.org\",\"@graph\":[{\"@type\":\"Article\",\"@id\":\"https:\/\/www.notibras.com\/site\/crise-na-fronteira-armenia-azerbaijao-pode-iniciar-nova-guerra\/#article\",\"isPartOf\":{\"@id\":\"https:\/\/www.notibras.com\/site\/crise-na-fronteira-armenia-azerbaijao-pode-iniciar-nova-guerra\/\"},\"author\":{\"name\":\"Reda\u00e7\u00e3o\",\"@id\":\"https:\/\/www.notibras.com\/site\/#\/schema\/person\/36ab0979449956132d3e5b517ea76ac8\"},\"headline\":\"Crise na fronteira Arm\u00eania-Azerbaij\u00e3o pode iniciar nova guerra\",\"datePublished\":\"2022-09-14T08:27:47+00:00\",\"dateModified\":\"2022-09-14T08:30:01+00:00\",\"mainEntityOfPage\":{\"@id\":\"https:\/\/www.notibras.com\/site\/crise-na-fronteira-armenia-azerbaijao-pode-iniciar-nova-guerra\/\"},\"wordCount\":494,\"publisher\":{\"@id\":\"https:\/\/www.notibras.com\/site\/#organization\"},\"image\":{\"@id\":\"https:\/\/www.notibras.com\/site\/crise-na-fronteira-armenia-azerbaijao-pode-iniciar-nova-guerra\/#primaryimage\"},\"thumbnailUrl\":\"https:\/\/www.notibras.com\/site\/wp-content\/uploads\/2022\/09\/armenia.combates.webp\",\"keywords\":[\"capa\"],\"articleSection\":[\"Apocalipse\"],\"inLanguage\":\"pt-BR\"},{\"@type\":\"WebPage\",\"@id\":\"https:\/\/www.notibras.com\/site\/crise-na-fronteira-armenia-azerbaijao-pode-iniciar-nova-guerra\/\",\"url\":\"https:\/\/www.notibras.com\/site\/crise-na-fronteira-armenia-azerbaijao-pode-iniciar-nova-guerra\/\",\"name\":\"Crise na fronteira Arm\u00eania-Azerbaij\u00e3o pode iniciar nova guerra - Notibras\",\"isPartOf\":{\"@id\":\"https:\/\/www.notibras.com\/site\/#website\"},\"primaryImageOfPage\":{\"@id\":\"https:\/\/www.notibras.com\/site\/crise-na-fronteira-armenia-azerbaijao-pode-iniciar-nova-guerra\/#primaryimage\"},\"image\":{\"@id\":\"https:\/\/www.notibras.com\/site\/crise-na-fronteira-armenia-azerbaijao-pode-iniciar-nova-guerra\/#primaryimage\"},\"thumbnailUrl\":\"https:\/\/www.notibras.com\/site\/wp-content\/uploads\/2022\/09\/armenia.combates.webp\",\"datePublished\":\"2022-09-14T08:27:47+00:00\",\"dateModified\":\"2022-09-14T08:30:01+00:00\",\"breadcrumb\":{\"@id\":\"https:\/\/www.notibras.com\/site\/crise-na-fronteira-armenia-azerbaijao-pode-iniciar-nova-guerra\/#breadcrumb\"},\"inLanguage\":\"pt-BR\",\"potentialAction\":[{\"@type\":\"ReadAction\",\"target\":[\"https:\/\/www.notibras.com\/site\/crise-na-fronteira-armenia-azerbaijao-pode-iniciar-nova-guerra\/\"]}]},{\"@type\":\"ImageObject\",\"inLanguage\":\"pt-BR\",\"@id\":\"https:\/\/www.notibras.com\/site\/crise-na-fronteira-armenia-azerbaijao-pode-iniciar-nova-guerra\/#primaryimage\",\"url\":\"https:\/\/www.notibras.com\/site\/wp-content\/uploads\/2022\/09\/armenia.combates.webp\",\"contentUrl\":\"https:\/\/www.notibras.com\/site\/wp-content\/uploads\/2022\/09\/armenia.combates.webp\",\"width\":600,\"height\":337},{\"@type\":\"BreadcrumbList\",\"@id\":\"https:\/\/www.notibras.com\/site\/crise-na-fronteira-armenia-azerbaijao-pode-iniciar-nova-guerra\/#breadcrumb\",\"itemListElement\":[{\"@type\":\"ListItem\",\"position\":1,\"name\":\"In\u00edcio\",\"item\":\"https:\/\/www.notibras.com\/site\/\"},{\"@type\":\"ListItem\",\"position\":2,\"name\":\"Crise na fronteira Arm\u00eania-Azerbaij\u00e3o pode iniciar nova guerra\"}]},{\"@type\":\"WebSite\",\"@id\":\"https:\/\/www.notibras.com\/site\/#website\",\"url\":\"https:\/\/www.notibras.com\/site\/\",\"name\":\"Notibras\",\"description\":\"Not\u00edcias de Bras\u00edlia, do Brasil e do Mundo\",\"publisher\":{\"@id\":\"https:\/\/www.notibras.com\/site\/#organization\"},\"potentialAction\":[{\"@type\":\"SearchAction\",\"target\":{\"@type\":\"EntryPoint\",\"urlTemplate\":\"https:\/\/www.notibras.com\/site\/?s={search_term_string}\"},\"query-input\":{\"@type\":\"PropertyValueSpecification\",\"valueRequired\":true,\"valueName\":\"search_term_string\"}}],\"inLanguage\":\"pt-BR\"},{\"@type\":\"Organization\",\"@id\":\"https:\/\/www.notibras.com\/site\/#organization\",\"name\":\"Grupo Notibras de Comunica\u00e7\u00e3o\",\"url\":\"https:\/\/www.notibras.com\/site\/\",\"logo\":{\"@type\":\"ImageObject\",\"inLanguage\":\"pt-BR\",\"@id\":\"https:\/\/www.notibras.com\/site\/#\/schema\/logo\/image\/\",\"url\":\"https:\/\/www.notibras.com\/site\/wp-content\/uploads\/2023\/01\/notibras23.png\",\"contentUrl\":\"https:\/\/www.notibras.com\/site\/wp-content\/uploads\/2023\/01\/notibras23.png\",\"width\":350,\"height\":87,\"caption\":\"Grupo Notibras de Comunica\u00e7\u00e3o\"},\"image\":{\"@id\":\"https:\/\/www.notibras.com\/site\/#\/schema\/logo\/image\/\"},\"sameAs\":[\"https:\/\/www.facebook.com\/notibras\/\",\"https:\/\/x.com\/Notibras\",\"https:\/\/www.instagram.com\/notibras\/\"]},{\"@type\":\"Person\",\"@id\":\"https:\/\/www.notibras.com\/site\/#\/schema\/person\/36ab0979449956132d3e5b517ea76ac8\",\"name\":\"Reda\u00e7\u00e3o\",\"image\":{\"@type\":\"ImageObject\",\"inLanguage\":\"pt-BR\",\"@id\":\"https:\/\/secure.gravatar.com\/avatar\/e0a867bdedb85fd243eadf09663511f96fc81e0720a4a42581f334ad4303aa6b?s=96&d=mm&r=g\",\"url\":\"https:\/\/secure.gravatar.com\/avatar\/e0a867bdedb85fd243eadf09663511f96fc81e0720a4a42581f334ad4303aa6b?s=96&d=mm&r=g\",\"contentUrl\":\"https:\/\/secure.gravatar.com\/avatar\/e0a867bdedb85fd243eadf09663511f96fc81e0720a4a42581f334ad4303aa6b?s=96&d=mm&r=g\",\"caption\":\"Reda\u00e7\u00e3o\"}}]}<\/script>\n<!-- \/ Yoast SEO plugin. -->","yoast_head_json":{"title":"Crise na fronteira Arm\u00eania-Azerbaij\u00e3o pode iniciar nova guerra - Notibras","robots":{"index":"index","follow":"follow","max-snippet":"max-snippet:-1","max-image-preview":"max-image-preview:large","max-video-preview":"max-video-preview:-1"},"canonical":"https:\/\/www.notibras.com\/site\/crise-na-fronteira-armenia-azerbaijao-pode-iniciar-nova-guerra\/","og_locale":"pt_BR","og_type":"article","og_title":"Crise na fronteira Arm\u00eania-Azerbaij\u00e3o pode iniciar nova guerra - Notibras","og_description":"H\u00e1 dois dias, combates eclodiram na fronteira arm\u00eanio-azerbaijana. Ambos os lados relataram perdas entre militares e cada lado alegou que o outro era respons\u00e1vel pela escalada das hostilidades. Numa tentativa de apagar o pavio de um novo barril de p\u00f3lvora, l\u00edderes da Organiza\u00e7\u00e3o do Tratado de Seguran\u00e7a Coletiva concordaram em enviar uma miss\u00e3o \u00e0 Arm\u00eania, [&hellip;]","og_url":"https:\/\/www.notibras.com\/site\/crise-na-fronteira-armenia-azerbaijao-pode-iniciar-nova-guerra\/","og_site_name":"Notibras","article_publisher":"https:\/\/www.facebook.com\/notibras\/","article_published_time":"2022-09-14T08:27:47+00:00","article_modified_time":"2022-09-14T08:30:01+00:00","og_image":[{"width":600,"height":337,"url":"https:\/\/www.notibras.com\/site\/wp-content\/uploads\/2022\/09\/armenia.combates.webp","type":"image\/webp"}],"author":"Reda\u00e7\u00e3o","twitter_card":"summary_large_image","twitter_creator":"@Notibras","twitter_site":"@Notibras","twitter_misc":{"Escrito por":"Reda\u00e7\u00e3o","Est. tempo de leitura":"3 minutos"},"schema":{"@context":"https:\/\/schema.org","@graph":[{"@type":"Article","@id":"https:\/\/www.notibras.com\/site\/crise-na-fronteira-armenia-azerbaijao-pode-iniciar-nova-guerra\/#article","isPartOf":{"@id":"https:\/\/www.notibras.com\/site\/crise-na-fronteira-armenia-azerbaijao-pode-iniciar-nova-guerra\/"},"author":{"name":"Reda\u00e7\u00e3o","@id":"https:\/\/www.notibras.com\/site\/#\/schema\/person\/36ab0979449956132d3e5b517ea76ac8"},"headline":"Crise na fronteira Arm\u00eania-Azerbaij\u00e3o pode iniciar nova guerra","datePublished":"2022-09-14T08:27:47+00:00","dateModified":"2022-09-14T08:30:01+00:00","mainEntityOfPage":{"@id":"https:\/\/www.notibras.com\/site\/crise-na-fronteira-armenia-azerbaijao-pode-iniciar-nova-guerra\/"},"wordCount":494,"publisher":{"@id":"https:\/\/www.notibras.com\/site\/#organization"},"image":{"@id":"https:\/\/www.notibras.com\/site\/crise-na-fronteira-armenia-azerbaijao-pode-iniciar-nova-guerra\/#primaryimage"},"thumbnailUrl":"https:\/\/www.notibras.com\/site\/wp-content\/uploads\/2022\/09\/armenia.combates.webp","keywords":["capa"],"articleSection":["Apocalipse"],"inLanguage":"pt-BR"},{"@type":"WebPage","@id":"https:\/\/www.notibras.com\/site\/crise-na-fronteira-armenia-azerbaijao-pode-iniciar-nova-guerra\/","url":"https:\/\/www.notibras.com\/site\/crise-na-fronteira-armenia-azerbaijao-pode-iniciar-nova-guerra\/","name":"Crise na fronteira Arm\u00eania-Azerbaij\u00e3o pode iniciar nova guerra - Notibras","isPartOf":{"@id":"https:\/\/www.notibras.com\/site\/#website"},"primaryImageOfPage":{"@id":"https:\/\/www.notibras.com\/site\/crise-na-fronteira-armenia-azerbaijao-pode-iniciar-nova-guerra\/#primaryimage"},"image":{"@id":"https:\/\/www.notibras.com\/site\/crise-na-fronteira-armenia-azerbaijao-pode-iniciar-nova-guerra\/#primaryimage"},"thumbnailUrl":"https:\/\/www.notibras.com\/site\/wp-content\/uploads\/2022\/09\/armenia.combates.webp","datePublished":"2022-09-14T08:27:47+00:00","dateModified":"2022-09-14T08:30:01+00:00","breadcrumb":{"@id":"https:\/\/www.notibras.com\/site\/crise-na-fronteira-armenia-azerbaijao-pode-iniciar-nova-guerra\/#breadcrumb"},"inLanguage":"pt-BR","potentialAction":[{"@type":"ReadAction","target":["https:\/\/www.notibras.com\/site\/crise-na-fronteira-armenia-azerbaijao-pode-iniciar-nova-guerra\/"]}]},{"@type":"ImageObject","inLanguage":"pt-BR","@id":"https:\/\/www.notibras.com\/site\/crise-na-fronteira-armenia-azerbaijao-pode-iniciar-nova-guerra\/#primaryimage","url":"https:\/\/www.notibras.com\/site\/wp-content\/uploads\/2022\/09\/armenia.combates.webp","contentUrl":"https:\/\/www.notibras.com\/site\/wp-content\/uploads\/2022\/09\/armenia.combates.webp","width":600,"height":337},{"@type":"BreadcrumbList","@id":"https:\/\/www.notibras.com\/site\/crise-na-fronteira-armenia-azerbaijao-pode-iniciar-nova-guerra\/#breadcrumb","itemListElement":[{"@type":"ListItem","position":1,"name":"In\u00edcio","item":"https:\/\/www.notibras.com\/site\/"},{"@type":"ListItem","position":2,"name":"Crise na fronteira Arm\u00eania-Azerbaij\u00e3o pode iniciar nova guerra"}]},{"@type":"WebSite","@id":"https:\/\/www.notibras.com\/site\/#website","url":"https:\/\/www.notibras.com\/site\/","name":"Notibras","description":"Not\u00edcias de Bras\u00edlia, do Brasil e do Mundo","publisher":{"@id":"https:\/\/www.notibras.com\/site\/#organization"},"potentialAction":[{"@type":"SearchAction","target":{"@type":"EntryPoint","urlTemplate":"https:\/\/www.notibras.com\/site\/?s={search_term_string}"},"query-input":{"@type":"PropertyValueSpecification","valueRequired":true,"valueName":"search_term_string"}}],"inLanguage":"pt-BR"},{"@type":"Organization","@id":"https:\/\/www.notibras.com\/site\/#organization","name":"Grupo Notibras de Comunica\u00e7\u00e3o","url":"https:\/\/www.notibras.com\/site\/","logo":{"@type":"ImageObject","inLanguage":"pt-BR","@id":"https:\/\/www.notibras.com\/site\/#\/schema\/logo\/image\/","url":"https:\/\/www.notibras.com\/site\/wp-content\/uploads\/2023\/01\/notibras23.png","contentUrl":"https:\/\/www.notibras.com\/site\/wp-content\/uploads\/2023\/01\/notibras23.png","width":350,"height":87,"caption":"Grupo Notibras de Comunica\u00e7\u00e3o"},"image":{"@id":"https:\/\/www.notibras.com\/site\/#\/schema\/logo\/image\/"},"sameAs":["https:\/\/www.facebook.com\/notibras\/","https:\/\/x.com\/Notibras","https:\/\/www.instagram.com\/notibras\/"]},{"@type":"Person","@id":"https:\/\/www.notibras.com\/site\/#\/schema\/person\/36ab0979449956132d3e5b517ea76ac8","name":"Reda\u00e7\u00e3o","image":{"@type":"ImageObject","inLanguage":"pt-BR","@id":"https:\/\/secure.gravatar.com\/avatar\/e0a867bdedb85fd243eadf09663511f96fc81e0720a4a42581f334ad4303aa6b?s=96&d=mm&r=g","url":"https:\/\/secure.gravatar.com\/avatar\/e0a867bdedb85fd243eadf09663511f96fc81e0720a4a42581f334ad4303aa6b?s=96&d=mm&r=g","contentUrl":"https:\/\/secure.gravatar.com\/avatar\/e0a867bdedb85fd243eadf09663511f96fc81e0720a4a42581f334ad4303aa6b?s=96&d=mm&r=g","caption":"Reda\u00e7\u00e3o"}}]}},"amp_enabled":true,"_links":{"self":[{"href":"https:\/\/www.notibras.com\/site\/wp-json\/wp\/v2\/posts\/291729","targetHints":{"allow":["GET"]}}],"collection":[{"href":"https:\/\/www.notibras.com\/site\/wp-json\/wp\/v2\/posts"}],"about":[{"href":"https:\/\/www.notibras.com\/site\/wp-json\/wp\/v2\/types\/post"}],"author":[{"embeddable":true,"href":"https:\/\/www.notibras.com\/site\/wp-json\/wp\/v2\/users\/2"}],"replies":[{"embeddable":true,"href":"https:\/\/www.notibras.com\/site\/wp-json\/wp\/v2\/comments?post=291729"}],"version-history":[{"count":1,"href":"https:\/\/www.notibras.com\/site\/wp-json\/wp\/v2\/posts\/291729\/revisions"}],"predecessor-version":[{"id":291731,"href":"https:\/\/www.notibras.com\/site\/wp-json\/wp\/v2\/posts\/291729\/revisions\/291731"}],"wp:featuredmedia":[{"embeddable":true,"href":"https:\/\/www.notibras.com\/site\/wp-json\/wp\/v2\/media\/291730"}],"wp:attachment":[{"href":"https:\/\/www.notibras.com\/site\/wp-json\/wp\/v2\/media?parent=291729"}],"wp:term":[{"taxonomy":"category","embeddable":true,"href":"https:\/\/www.notibras.com\/site\/wp-json\/wp\/v2\/categories?post=291729"},{"taxonomy":"post_tag","embeddable":true,"href":"https:\/\/www.notibras.com\/site\/wp-json\/wp\/v2\/tags?post=291729"}],"curies":[{"name":"wp","href":"https:\/\/api.w.org\/{rel}","templated":true}]}}