{"id":291732,"date":"2022-09-14T05:48:47","date_gmt":"2022-09-14T08:48:47","guid":{"rendered":"https:\/\/www.notibras.com\/site\/?p=291732"},"modified":"2022-09-19T10:03:06","modified_gmt":"2022-09-19T13:03:06","slug":"medvedev-ve-guerra-alem-da-ucrania-e-europa-em-chamas","status":"publish","type":"post","link":"https:\/\/www.notibras.com\/site\/medvedev-ve-guerra-alem-da-ucrania-e-europa-em-chamas\/","title":{"rendered":"Medvedev v\u00ea guerra al\u00e9m da Ucr\u00e2nia e Europa em chamas"},"content":{"rendered":"<p>O governo de Volodymyr Zelensky apresentou nesta quarta (14, hor\u00e1rio local) a seus quase parceiros da Otan um projeto de futuras &#8220;garantias de seguran\u00e7a&#8221; para a Ucr\u00e2nia ap\u00f3s o t\u00e9rmino da opera\u00e7\u00e3o militar especial da R\u00fassia. O plano inclui a militariza\u00e7\u00e3o massiva, bem como a interven\u00e7\u00e3o de fiadores estrangeiros em caso de ataque ao pa\u00eds.<\/p>\n<p>A resposta veio imediata, pela boca do vice-presidente do Conselho de Seguran\u00e7a da R\u00fassia, Dmitry Medvedev. Ele criticou duramente a proposta de Kiev, alertando que sua implementa\u00e7\u00e3o se tornar\u00e1 um &#8220;prel\u00fadio da Terceira Guerra Mundial&#8221;.<\/p>\n<p>Medvedev disse que o projeto apresentado \u00e9 basicamente igual a estender a prote\u00e7\u00e3o militar da Otan sobre a Ucr\u00e2nia. Ele alertou que, se os membros do bloco n\u00e3o pararem de enviar mais armas para Kiev, o conflito pode atingir um n\u00edvel diferente, tornar-se menos previs\u00edvel e come\u00e7ar a envolver cada vez mais pa\u00edses.<\/p>\n<p>&#8220;Assim, as [pessoas] dos pa\u00edses ocidentais n\u00e3o poder\u00e3o se sentar em suas casas e apartamentos limpos, rindo de como enfraquecem a R\u00fassia usando proxies. Tudo ao seu redor pegar\u00e1 fogo. Seus cidad\u00e3os ter\u00e3o seu quinh\u00e3o de infort\u00fanios. A terra literalmente queimar\u00e1 e o concreto derreter\u00e1 ao redor deles&#8221;, alertou Medvedev.<\/p>\n<p>Ao mesmo tempo, o ex-presidente russo admitiu que todos os pa\u00edses envolvidos, incluindo a R\u00fassia, ter\u00e3o sua parcela de problemas.<\/p>\n<p>Kiev quer que v\u00e1rios pa\u00edses atuem como fiadores para intervir militarmente se o pa\u00eds for &#8220;atacado&#8221; no futuro. O pa\u00eds tamb\u00e9m prop\u00f4s manter a R\u00fassia sob san\u00e7\u00f5es ocidentais at\u00e9 que pague pela restaura\u00e7\u00e3o da Ucr\u00e2nia.<\/p>\n<p>Al\u00e9m disso, o projeto proposto sugeria a militariza\u00e7\u00e3o maci\u00e7a da Ucr\u00e2nia pelos pa\u00edses ocidentais. Estes j\u00e1 est\u00e3o enviando dezenas de bilh\u00f5es de d\u00f3lares em armamentos para a Ucr\u00e2nia desde o in\u00edcio da opera\u00e7\u00e3o militar especial russa. O Kremlin exigiu que o Ocidente pare de armar a Ucr\u00e2nia, enfatizando que isso apenas prolonga o conflito e encoraja Kiev a ignorar um fim pac\u00edfico para ele.<\/p>\n","protected":false},"excerpt":{"rendered":"<p>O governo de Volodymyr Zelensky apresentou nesta quarta (14, hor\u00e1rio local) a seus quase parceiros da Otan um projeto de futuras &#8220;garantias de seguran\u00e7a&#8221; para a Ucr\u00e2nia ap\u00f3s o t\u00e9rmino da opera\u00e7\u00e3o militar especial da R\u00fassia. O plano inclui a militariza\u00e7\u00e3o massiva, bem como a interven\u00e7\u00e3o de fiadores estrangeiros em caso de ataque ao pa\u00eds. [&hellip;]<\/p>\n","protected":false},"author":2,"featured_media":291733,"comment_status":"closed","ping_status":"closed","sticky":false,"template":"","format":"standard","meta":{"_acf_changed":false,"footnotes":""},"categories":[159],"tags":[95],"class_list":["post-291732","post","type-post","status-publish","format-standard","has-post-thumbnail","hentry","category-apocalipse","tag-capa"],"acf":[],"yoast_head":"<!-- This site is optimized with the Yoast SEO plugin v27.2 - https:\/\/yoast.com\/product\/yoast-seo-wordpress\/ -->\n<title>Medvedev v\u00ea guerra al\u00e9m da Ucr\u00e2nia e Europa em chamas - Notibras<\/title>\n<meta name=\"robots\" content=\"index, follow, max-snippet:-1, max-image-preview:large, max-video-preview:-1\" \/>\n<link rel=\"canonical\" href=\"https:\/\/www.notibras.com\/site\/medvedev-ve-guerra-alem-da-ucrania-e-europa-em-chamas\/\" \/>\n<meta property=\"og:locale\" content=\"pt_BR\" \/>\n<meta property=\"og:type\" content=\"article\" \/>\n<meta property=\"og:title\" content=\"Medvedev v\u00ea guerra al\u00e9m da Ucr\u00e2nia e Europa em chamas - Notibras\" \/>\n<meta property=\"og:description\" content=\"O governo de Volodymyr Zelensky apresentou nesta quarta (14, hor\u00e1rio local) a seus quase parceiros da Otan um projeto de futuras &#8220;garantias de seguran\u00e7a&#8221; para a Ucr\u00e2nia ap\u00f3s o t\u00e9rmino da opera\u00e7\u00e3o militar especial da R\u00fassia. O plano inclui a militariza\u00e7\u00e3o massiva, bem como a interven\u00e7\u00e3o de fiadores estrangeiros em caso de ataque ao pa\u00eds. [&hellip;]\" \/>\n<meta property=\"og:url\" content=\"https:\/\/www.notibras.com\/site\/medvedev-ve-guerra-alem-da-ucrania-e-europa-em-chamas\/\" \/>\n<meta property=\"og:site_name\" content=\"Notibras\" \/>\n<meta property=\"article:publisher\" content=\"https:\/\/www.facebook.com\/notibras\/\" \/>\n<meta property=\"article:published_time\" content=\"2022-09-14T08:48:47+00:00\" \/>\n<meta property=\"article:modified_time\" content=\"2022-09-19T13:03:06+00:00\" \/>\n<meta property=\"og:image\" content=\"https:\/\/www.notibras.com\/site\/wp-content\/uploads\/2022\/09\/mevev.webp\" \/>\n\t<meta property=\"og:image:width\" content=\"1920\" \/>\n\t<meta property=\"og:image:height\" content=\"1080\" \/>\n\t<meta property=\"og:image:type\" content=\"image\/webp\" \/>\n<meta name=\"author\" content=\"Reda\u00e7\u00e3o\" \/>\n<meta name=\"twitter:card\" content=\"summary_large_image\" \/>\n<meta name=\"twitter:creator\" content=\"@Notibras\" \/>\n<meta name=\"twitter:site\" content=\"@Notibras\" \/>\n<meta name=\"twitter:label1\" content=\"Escrito por\" \/>\n\t<meta name=\"twitter:data1\" content=\"Reda\u00e7\u00e3o\" \/>\n\t<meta name=\"twitter:label2\" content=\"Est. tempo de leitura\" \/>\n\t<meta name=\"twitter:data2\" content=\"2 minutos\" \/>\n<script type=\"application\/ld+json\" class=\"yoast-schema-graph\">{\"@context\":\"https:\/\/schema.org\",\"@graph\":[{\"@type\":\"Article\",\"@id\":\"https:\/\/www.notibras.com\/site\/medvedev-ve-guerra-alem-da-ucrania-e-europa-em-chamas\/#article\",\"isPartOf\":{\"@id\":\"https:\/\/www.notibras.com\/site\/medvedev-ve-guerra-alem-da-ucrania-e-europa-em-chamas\/\"},\"author\":{\"name\":\"Reda\u00e7\u00e3o\",\"@id\":\"https:\/\/www.notibras.com\/site\/#\/schema\/person\/36ab0979449956132d3e5b517ea76ac8\"},\"headline\":\"Medvedev v\u00ea guerra al\u00e9m da Ucr\u00e2nia e Europa em chamas\",\"datePublished\":\"2022-09-14T08:48:47+00:00\",\"dateModified\":\"2022-09-19T13:03:06+00:00\",\"mainEntityOfPage\":{\"@id\":\"https:\/\/www.notibras.com\/site\/medvedev-ve-guerra-alem-da-ucrania-e-europa-em-chamas\/\"},\"wordCount\":377,\"publisher\":{\"@id\":\"https:\/\/www.notibras.com\/site\/#organization\"},\"image\":{\"@id\":\"https:\/\/www.notibras.com\/site\/medvedev-ve-guerra-alem-da-ucrania-e-europa-em-chamas\/#primaryimage\"},\"thumbnailUrl\":\"https:\/\/www.notibras.com\/site\/wp-content\/uploads\/2022\/09\/mevev.webp\",\"keywords\":[\"capa\"],\"articleSection\":[\"Apocalipse\"],\"inLanguage\":\"pt-BR\"},{\"@type\":\"WebPage\",\"@id\":\"https:\/\/www.notibras.com\/site\/medvedev-ve-guerra-alem-da-ucrania-e-europa-em-chamas\/\",\"url\":\"https:\/\/www.notibras.com\/site\/medvedev-ve-guerra-alem-da-ucrania-e-europa-em-chamas\/\",\"name\":\"Medvedev v\u00ea guerra al\u00e9m da Ucr\u00e2nia e Europa em chamas - Notibras\",\"isPartOf\":{\"@id\":\"https:\/\/www.notibras.com\/site\/#website\"},\"primaryImageOfPage\":{\"@id\":\"https:\/\/www.notibras.com\/site\/medvedev-ve-guerra-alem-da-ucrania-e-europa-em-chamas\/#primaryimage\"},\"image\":{\"@id\":\"https:\/\/www.notibras.com\/site\/medvedev-ve-guerra-alem-da-ucrania-e-europa-em-chamas\/#primaryimage\"},\"thumbnailUrl\":\"https:\/\/www.notibras.com\/site\/wp-content\/uploads\/2022\/09\/mevev.webp\",\"datePublished\":\"2022-09-14T08:48:47+00:00\",\"dateModified\":\"2022-09-19T13:03:06+00:00\",\"breadcrumb\":{\"@id\":\"https:\/\/www.notibras.com\/site\/medvedev-ve-guerra-alem-da-ucrania-e-europa-em-chamas\/#breadcrumb\"},\"inLanguage\":\"pt-BR\",\"potentialAction\":[{\"@type\":\"ReadAction\",\"target\":[\"https:\/\/www.notibras.com\/site\/medvedev-ve-guerra-alem-da-ucrania-e-europa-em-chamas\/\"]}]},{\"@type\":\"ImageObject\",\"inLanguage\":\"pt-BR\",\"@id\":\"https:\/\/www.notibras.com\/site\/medvedev-ve-guerra-alem-da-ucrania-e-europa-em-chamas\/#primaryimage\",\"url\":\"https:\/\/www.notibras.com\/site\/wp-content\/uploads\/2022\/09\/mevev.webp\",\"contentUrl\":\"https:\/\/www.notibras.com\/site\/wp-content\/uploads\/2022\/09\/mevev.webp\",\"width\":1920,\"height\":1080},{\"@type\":\"BreadcrumbList\",\"@id\":\"https:\/\/www.notibras.com\/site\/medvedev-ve-guerra-alem-da-ucrania-e-europa-em-chamas\/#breadcrumb\",\"itemListElement\":[{\"@type\":\"ListItem\",\"position\":1,\"name\":\"In\u00edcio\",\"item\":\"https:\/\/www.notibras.com\/site\/\"},{\"@type\":\"ListItem\",\"position\":2,\"name\":\"Medvedev v\u00ea guerra al\u00e9m da Ucr\u00e2nia e Europa em chamas\"}]},{\"@type\":\"WebSite\",\"@id\":\"https:\/\/www.notibras.com\/site\/#website\",\"url\":\"https:\/\/www.notibras.com\/site\/\",\"name\":\"Notibras\",\"description\":\"Not\u00edcias de Bras\u00edlia, do Brasil e do Mundo\",\"publisher\":{\"@id\":\"https:\/\/www.notibras.com\/site\/#organization\"},\"potentialAction\":[{\"@type\":\"SearchAction\",\"target\":{\"@type\":\"EntryPoint\",\"urlTemplate\":\"https:\/\/www.notibras.com\/site\/?s={search_term_string}\"},\"query-input\":{\"@type\":\"PropertyValueSpecification\",\"valueRequired\":true,\"valueName\":\"search_term_string\"}}],\"inLanguage\":\"pt-BR\"},{\"@type\":\"Organization\",\"@id\":\"https:\/\/www.notibras.com\/site\/#organization\",\"name\":\"Grupo Notibras de Comunica\u00e7\u00e3o\",\"url\":\"https:\/\/www.notibras.com\/site\/\",\"logo\":{\"@type\":\"ImageObject\",\"inLanguage\":\"pt-BR\",\"@id\":\"https:\/\/www.notibras.com\/site\/#\/schema\/logo\/image\/\",\"url\":\"https:\/\/www.notibras.com\/site\/wp-content\/uploads\/2023\/01\/notibras23.png\",\"contentUrl\":\"https:\/\/www.notibras.com\/site\/wp-content\/uploads\/2023\/01\/notibras23.png\",\"width\":350,\"height\":87,\"caption\":\"Grupo Notibras de Comunica\u00e7\u00e3o\"},\"image\":{\"@id\":\"https:\/\/www.notibras.com\/site\/#\/schema\/logo\/image\/\"},\"sameAs\":[\"https:\/\/www.facebook.com\/notibras\/\",\"https:\/\/x.com\/Notibras\",\"https:\/\/www.instagram.com\/notibras\/\"]},{\"@type\":\"Person\",\"@id\":\"https:\/\/www.notibras.com\/site\/#\/schema\/person\/36ab0979449956132d3e5b517ea76ac8\",\"name\":\"Reda\u00e7\u00e3o\",\"image\":{\"@type\":\"ImageObject\",\"inLanguage\":\"pt-BR\",\"@id\":\"https:\/\/secure.gravatar.com\/avatar\/e0a867bdedb85fd243eadf09663511f96fc81e0720a4a42581f334ad4303aa6b?s=96&d=mm&r=g\",\"url\":\"https:\/\/secure.gravatar.com\/avatar\/e0a867bdedb85fd243eadf09663511f96fc81e0720a4a42581f334ad4303aa6b?s=96&d=mm&r=g\",\"contentUrl\":\"https:\/\/secure.gravatar.com\/avatar\/e0a867bdedb85fd243eadf09663511f96fc81e0720a4a42581f334ad4303aa6b?s=96&d=mm&r=g\",\"caption\":\"Reda\u00e7\u00e3o\"}}]}<\/script>\n<!-- \/ Yoast SEO plugin. -->","yoast_head_json":{"title":"Medvedev v\u00ea guerra al\u00e9m da Ucr\u00e2nia e Europa em chamas - Notibras","robots":{"index":"index","follow":"follow","max-snippet":"max-snippet:-1","max-image-preview":"max-image-preview:large","max-video-preview":"max-video-preview:-1"},"canonical":"https:\/\/www.notibras.com\/site\/medvedev-ve-guerra-alem-da-ucrania-e-europa-em-chamas\/","og_locale":"pt_BR","og_type":"article","og_title":"Medvedev v\u00ea guerra al\u00e9m da Ucr\u00e2nia e Europa em chamas - Notibras","og_description":"O governo de Volodymyr Zelensky apresentou nesta quarta (14, hor\u00e1rio local) a seus quase parceiros da Otan um projeto de futuras &#8220;garantias de seguran\u00e7a&#8221; para a Ucr\u00e2nia ap\u00f3s o t\u00e9rmino da opera\u00e7\u00e3o militar especial da R\u00fassia. O plano inclui a militariza\u00e7\u00e3o massiva, bem como a interven\u00e7\u00e3o de fiadores estrangeiros em caso de ataque ao pa\u00eds. [&hellip;]","og_url":"https:\/\/www.notibras.com\/site\/medvedev-ve-guerra-alem-da-ucrania-e-europa-em-chamas\/","og_site_name":"Notibras","article_publisher":"https:\/\/www.facebook.com\/notibras\/","article_published_time":"2022-09-14T08:48:47+00:00","article_modified_time":"2022-09-19T13:03:06+00:00","og_image":[{"width":1920,"height":1080,"url":"https:\/\/www.notibras.com\/site\/wp-content\/uploads\/2022\/09\/mevev.webp","type":"image\/webp"}],"author":"Reda\u00e7\u00e3o","twitter_card":"summary_large_image","twitter_creator":"@Notibras","twitter_site":"@Notibras","twitter_misc":{"Escrito por":"Reda\u00e7\u00e3o","Est. tempo de leitura":"2 minutos"},"schema":{"@context":"https:\/\/schema.org","@graph":[{"@type":"Article","@id":"https:\/\/www.notibras.com\/site\/medvedev-ve-guerra-alem-da-ucrania-e-europa-em-chamas\/#article","isPartOf":{"@id":"https:\/\/www.notibras.com\/site\/medvedev-ve-guerra-alem-da-ucrania-e-europa-em-chamas\/"},"author":{"name":"Reda\u00e7\u00e3o","@id":"https:\/\/www.notibras.com\/site\/#\/schema\/person\/36ab0979449956132d3e5b517ea76ac8"},"headline":"Medvedev v\u00ea guerra al\u00e9m da Ucr\u00e2nia e Europa em chamas","datePublished":"2022-09-14T08:48:47+00:00","dateModified":"2022-09-19T13:03:06+00:00","mainEntityOfPage":{"@id":"https:\/\/www.notibras.com\/site\/medvedev-ve-guerra-alem-da-ucrania-e-europa-em-chamas\/"},"wordCount":377,"publisher":{"@id":"https:\/\/www.notibras.com\/site\/#organization"},"image":{"@id":"https:\/\/www.notibras.com\/site\/medvedev-ve-guerra-alem-da-ucrania-e-europa-em-chamas\/#primaryimage"},"thumbnailUrl":"https:\/\/www.notibras.com\/site\/wp-content\/uploads\/2022\/09\/mevev.webp","keywords":["capa"],"articleSection":["Apocalipse"],"inLanguage":"pt-BR"},{"@type":"WebPage","@id":"https:\/\/www.notibras.com\/site\/medvedev-ve-guerra-alem-da-ucrania-e-europa-em-chamas\/","url":"https:\/\/www.notibras.com\/site\/medvedev-ve-guerra-alem-da-ucrania-e-europa-em-chamas\/","name":"Medvedev v\u00ea guerra al\u00e9m da Ucr\u00e2nia e Europa em chamas - Notibras","isPartOf":{"@id":"https:\/\/www.notibras.com\/site\/#website"},"primaryImageOfPage":{"@id":"https:\/\/www.notibras.com\/site\/medvedev-ve-guerra-alem-da-ucrania-e-europa-em-chamas\/#primaryimage"},"image":{"@id":"https:\/\/www.notibras.com\/site\/medvedev-ve-guerra-alem-da-ucrania-e-europa-em-chamas\/#primaryimage"},"thumbnailUrl":"https:\/\/www.notibras.com\/site\/wp-content\/uploads\/2022\/09\/mevev.webp","datePublished":"2022-09-14T08:48:47+00:00","dateModified":"2022-09-19T13:03:06+00:00","breadcrumb":{"@id":"https:\/\/www.notibras.com\/site\/medvedev-ve-guerra-alem-da-ucrania-e-europa-em-chamas\/#breadcrumb"},"inLanguage":"pt-BR","potentialAction":[{"@type":"ReadAction","target":["https:\/\/www.notibras.com\/site\/medvedev-ve-guerra-alem-da-ucrania-e-europa-em-chamas\/"]}]},{"@type":"ImageObject","inLanguage":"pt-BR","@id":"https:\/\/www.notibras.com\/site\/medvedev-ve-guerra-alem-da-ucrania-e-europa-em-chamas\/#primaryimage","url":"https:\/\/www.notibras.com\/site\/wp-content\/uploads\/2022\/09\/mevev.webp","contentUrl":"https:\/\/www.notibras.com\/site\/wp-content\/uploads\/2022\/09\/mevev.webp","width":1920,"height":1080},{"@type":"BreadcrumbList","@id":"https:\/\/www.notibras.com\/site\/medvedev-ve-guerra-alem-da-ucrania-e-europa-em-chamas\/#breadcrumb","itemListElement":[{"@type":"ListItem","position":1,"name":"In\u00edcio","item":"https:\/\/www.notibras.com\/site\/"},{"@type":"ListItem","position":2,"name":"Medvedev v\u00ea guerra al\u00e9m da Ucr\u00e2nia e Europa em chamas"}]},{"@type":"WebSite","@id":"https:\/\/www.notibras.com\/site\/#website","url":"https:\/\/www.notibras.com\/site\/","name":"Notibras","description":"Not\u00edcias de Bras\u00edlia, do Brasil e do Mundo","publisher":{"@id":"https:\/\/www.notibras.com\/site\/#organization"},"potentialAction":[{"@type":"SearchAction","target":{"@type":"EntryPoint","urlTemplate":"https:\/\/www.notibras.com\/site\/?s={search_term_string}"},"query-input":{"@type":"PropertyValueSpecification","valueRequired":true,"valueName":"search_term_string"}}],"inLanguage":"pt-BR"},{"@type":"Organization","@id":"https:\/\/www.notibras.com\/site\/#organization","name":"Grupo Notibras de Comunica\u00e7\u00e3o","url":"https:\/\/www.notibras.com\/site\/","logo":{"@type":"ImageObject","inLanguage":"pt-BR","@id":"https:\/\/www.notibras.com\/site\/#\/schema\/logo\/image\/","url":"https:\/\/www.notibras.com\/site\/wp-content\/uploads\/2023\/01\/notibras23.png","contentUrl":"https:\/\/www.notibras.com\/site\/wp-content\/uploads\/2023\/01\/notibras23.png","width":350,"height":87,"caption":"Grupo Notibras de Comunica\u00e7\u00e3o"},"image":{"@id":"https:\/\/www.notibras.com\/site\/#\/schema\/logo\/image\/"},"sameAs":["https:\/\/www.facebook.com\/notibras\/","https:\/\/x.com\/Notibras","https:\/\/www.instagram.com\/notibras\/"]},{"@type":"Person","@id":"https:\/\/www.notibras.com\/site\/#\/schema\/person\/36ab0979449956132d3e5b517ea76ac8","name":"Reda\u00e7\u00e3o","image":{"@type":"ImageObject","inLanguage":"pt-BR","@id":"https:\/\/secure.gravatar.com\/avatar\/e0a867bdedb85fd243eadf09663511f96fc81e0720a4a42581f334ad4303aa6b?s=96&d=mm&r=g","url":"https:\/\/secure.gravatar.com\/avatar\/e0a867bdedb85fd243eadf09663511f96fc81e0720a4a42581f334ad4303aa6b?s=96&d=mm&r=g","contentUrl":"https:\/\/secure.gravatar.com\/avatar\/e0a867bdedb85fd243eadf09663511f96fc81e0720a4a42581f334ad4303aa6b?s=96&d=mm&r=g","caption":"Reda\u00e7\u00e3o"}}]}},"amp_enabled":true,"_links":{"self":[{"href":"https:\/\/www.notibras.com\/site\/wp-json\/wp\/v2\/posts\/291732","targetHints":{"allow":["GET"]}}],"collection":[{"href":"https:\/\/www.notibras.com\/site\/wp-json\/wp\/v2\/posts"}],"about":[{"href":"https:\/\/www.notibras.com\/site\/wp-json\/wp\/v2\/types\/post"}],"author":[{"embeddable":true,"href":"https:\/\/www.notibras.com\/site\/wp-json\/wp\/v2\/users\/2"}],"replies":[{"embeddable":true,"href":"https:\/\/www.notibras.com\/site\/wp-json\/wp\/v2\/comments?post=291732"}],"version-history":[{"count":3,"href":"https:\/\/www.notibras.com\/site\/wp-json\/wp\/v2\/posts\/291732\/revisions"}],"predecessor-version":[{"id":291951,"href":"https:\/\/www.notibras.com\/site\/wp-json\/wp\/v2\/posts\/291732\/revisions\/291951"}],"wp:featuredmedia":[{"embeddable":true,"href":"https:\/\/www.notibras.com\/site\/wp-json\/wp\/v2\/media\/291733"}],"wp:attachment":[{"href":"https:\/\/www.notibras.com\/site\/wp-json\/wp\/v2\/media?parent=291732"}],"wp:term":[{"taxonomy":"category","embeddable":true,"href":"https:\/\/www.notibras.com\/site\/wp-json\/wp\/v2\/categories?post=291732"},{"taxonomy":"post_tag","embeddable":true,"href":"https:\/\/www.notibras.com\/site\/wp-json\/wp\/v2\/tags?post=291732"}],"curies":[{"name":"wp","href":"https:\/\/api.w.org\/{rel}","templated":true}]}}