{"id":291768,"date":"2022-09-15T03:47:02","date_gmt":"2022-09-15T06:47:02","guid":{"rendered":"https:\/\/www.notibras.com\/site\/?p=291768"},"modified":"2022-09-15T03:57:45","modified_gmt":"2022-09-15T06:57:45","slug":"russia-e-china-reunem-aliados-para-criar-sua-propria-otan","status":"publish","type":"post","link":"https:\/\/www.notibras.com\/site\/russia-e-china-reunem-aliados-para-criar-sua-propria-otan\/","title":{"rendered":"R\u00fassia e China re\u00fanem aliados para criar sua pr\u00f3pria &#8216;Otan&#8217;"},"content":{"rendered":"<p>A \u00c1sia (\u00e0 frente a China) e o Leste Europeu (onde quem manda \u00e9 a R\u00fassia) est\u00e3o criando uma organiza\u00e7\u00e3o semelhante \u00e0 Otan, que re\u00fane a Europa Ocidental al\u00e9m dos Estados Unidos e Canad\u00e1. O organismo vai ampliar a Organiza\u00e7\u00e3o de Coopera\u00e7\u00e3o de Xangai (SCO). A decis\u00e3o r\u00e1 tomada nesta quinta (15) e exta (16) em reuni\u00e3o que se realiza no Uzbequist\u00e3o.<\/p>\n<p>No evento, que tem como principais estrelas Vladimir Putin (R\u00fassia) e Xi Jinping (China) l\u00edderes dos pa\u00edses membros da SCO debater\u00e3o uma ampla gama de t\u00f3picos, como fortalecer as capacidades da organiza\u00e7\u00e3o em seguran\u00e7a e estabilidade, al\u00e9m dos la\u00e7os econ\u00f4micos.<\/p>\n<p>Seis pa\u00edses receber\u00e3o o status de parceiro de di\u00e1logo na c\u00fapula e o Ir\u00e3 ser\u00e1 oficialmente aceito como membro da SCO, de acordo com o coordenador nacional da SCO, Rakhmatulla Nurimbetov, do Uzbequist\u00e3o.<\/p>\n<p>Esta \u00e9 a primeira c\u00fapula de l\u00edderes da SCO em que os membros est\u00e3o presentes desde 2019. A organiza\u00e7\u00e3o internacional foi fundada em 2001 pela China, Cazaquist\u00e3o, Quirguist\u00e3o, Tajiquist\u00e3o, R\u00fassia e Uzbequist\u00e3o. Em 2017, \u00cdndia e Paquist\u00e3o foram admitidos no grupo. Os pa\u00edses observadores s\u00e3o Afeganist\u00e3o, Bielorr\u00fassia e Mong\u00f3lia, e Arm\u00eania, Azerbaij\u00e3o, Camboja, Nepal, Sri Lanka e Turquia s\u00e3o pa\u00edses parceiros.<\/p>\n","protected":false},"excerpt":{"rendered":"<p>A \u00c1sia (\u00e0 frente a China) e o Leste Europeu (onde quem manda \u00e9 a R\u00fassia) est\u00e3o criando uma organiza\u00e7\u00e3o semelhante \u00e0 Otan, que re\u00fane a Europa Ocidental al\u00e9m dos Estados Unidos e Canad\u00e1. O organismo vai ampliar a Organiza\u00e7\u00e3o de Coopera\u00e7\u00e3o de Xangai (SCO). A decis\u00e3o r\u00e1 tomada nesta quinta (15) e exta (16) [&hellip;]<\/p>\n","protected":false},"author":2,"featured_media":291769,"comment_status":"closed","ping_status":"closed","sticky":false,"template":"","format":"standard","meta":{"_acf_changed":false,"footnotes":""},"categories":[159],"tags":[95],"class_list":["post-291768","post","type-post","status-publish","format-standard","has-post-thumbnail","hentry","category-apocalipse","tag-capa"],"acf":[],"yoast_head":"<!-- This site is optimized with the Yoast SEO plugin v27.2 - https:\/\/yoast.com\/product\/yoast-seo-wordpress\/ -->\n<title>R\u00fassia e China re\u00fanem aliados para criar sua pr\u00f3pria &#039;Otan&#039; - Notibras<\/title>\n<meta name=\"robots\" content=\"index, follow, max-snippet:-1, max-image-preview:large, max-video-preview:-1\" \/>\n<link rel=\"canonical\" href=\"https:\/\/www.notibras.com\/site\/russia-e-china-reunem-aliados-para-criar-sua-propria-otan\/\" \/>\n<meta property=\"og:locale\" content=\"pt_BR\" \/>\n<meta property=\"og:type\" content=\"article\" \/>\n<meta property=\"og:title\" content=\"R\u00fassia e China re\u00fanem aliados para criar sua pr\u00f3pria &#039;Otan&#039; - Notibras\" \/>\n<meta property=\"og:description\" content=\"A \u00c1sia (\u00e0 frente a China) e o Leste Europeu (onde quem manda \u00e9 a R\u00fassia) est\u00e3o criando uma organiza\u00e7\u00e3o semelhante \u00e0 Otan, que re\u00fane a Europa Ocidental al\u00e9m dos Estados Unidos e Canad\u00e1. O organismo vai ampliar a Organiza\u00e7\u00e3o de Coopera\u00e7\u00e3o de Xangai (SCO). A decis\u00e3o r\u00e1 tomada nesta quinta (15) e exta (16) [&hellip;]\" \/>\n<meta property=\"og:url\" content=\"https:\/\/www.notibras.com\/site\/russia-e-china-reunem-aliados-para-criar-sua-propria-otan\/\" \/>\n<meta property=\"og:site_name\" content=\"Notibras\" \/>\n<meta property=\"article:publisher\" content=\"https:\/\/www.facebook.com\/notibras\/\" \/>\n<meta property=\"article:published_time\" content=\"2022-09-15T06:47:02+00:00\" \/>\n<meta property=\"article:modified_time\" content=\"2022-09-15T06:57:45+00:00\" \/>\n<meta property=\"og:image\" content=\"https:\/\/www.notibras.com\/site\/wp-content\/uploads\/2022\/09\/ous.webp\" \/>\n\t<meta property=\"og:image:width\" content=\"600\" \/>\n\t<meta property=\"og:image:height\" content=\"337\" \/>\n\t<meta property=\"og:image:type\" content=\"image\/webp\" \/>\n<meta name=\"author\" content=\"Reda\u00e7\u00e3o\" \/>\n<meta name=\"twitter:card\" content=\"summary_large_image\" \/>\n<meta name=\"twitter:creator\" content=\"@Notibras\" \/>\n<meta name=\"twitter:site\" content=\"@Notibras\" \/>\n<meta name=\"twitter:label1\" content=\"Escrito por\" \/>\n\t<meta name=\"twitter:data1\" content=\"Reda\u00e7\u00e3o\" \/>\n\t<meta name=\"twitter:label2\" content=\"Est. tempo de leitura\" \/>\n\t<meta name=\"twitter:data2\" content=\"2 minutos\" \/>\n<script type=\"application\/ld+json\" class=\"yoast-schema-graph\">{\"@context\":\"https:\/\/schema.org\",\"@graph\":[{\"@type\":\"Article\",\"@id\":\"https:\/\/www.notibras.com\/site\/russia-e-china-reunem-aliados-para-criar-sua-propria-otan\/#article\",\"isPartOf\":{\"@id\":\"https:\/\/www.notibras.com\/site\/russia-e-china-reunem-aliados-para-criar-sua-propria-otan\/\"},\"author\":{\"name\":\"Reda\u00e7\u00e3o\",\"@id\":\"https:\/\/www.notibras.com\/site\/#\/schema\/person\/36ab0979449956132d3e5b517ea76ac8\"},\"headline\":\"R\u00fassia e China re\u00fanem aliados para criar sua pr\u00f3pria &#8216;Otan&#8217;\",\"datePublished\":\"2022-09-15T06:47:02+00:00\",\"dateModified\":\"2022-09-15T06:57:45+00:00\",\"mainEntityOfPage\":{\"@id\":\"https:\/\/www.notibras.com\/site\/russia-e-china-reunem-aliados-para-criar-sua-propria-otan\/\"},\"wordCount\":244,\"publisher\":{\"@id\":\"https:\/\/www.notibras.com\/site\/#organization\"},\"image\":{\"@id\":\"https:\/\/www.notibras.com\/site\/russia-e-china-reunem-aliados-para-criar-sua-propria-otan\/#primaryimage\"},\"thumbnailUrl\":\"https:\/\/www.notibras.com\/site\/wp-content\/uploads\/2022\/09\/ous.webp\",\"keywords\":[\"capa\"],\"articleSection\":[\"Apocalipse\"],\"inLanguage\":\"pt-BR\"},{\"@type\":\"WebPage\",\"@id\":\"https:\/\/www.notibras.com\/site\/russia-e-china-reunem-aliados-para-criar-sua-propria-otan\/\",\"url\":\"https:\/\/www.notibras.com\/site\/russia-e-china-reunem-aliados-para-criar-sua-propria-otan\/\",\"name\":\"R\u00fassia e China re\u00fanem aliados para criar sua pr\u00f3pria 'Otan' - Notibras\",\"isPartOf\":{\"@id\":\"https:\/\/www.notibras.com\/site\/#website\"},\"primaryImageOfPage\":{\"@id\":\"https:\/\/www.notibras.com\/site\/russia-e-china-reunem-aliados-para-criar-sua-propria-otan\/#primaryimage\"},\"image\":{\"@id\":\"https:\/\/www.notibras.com\/site\/russia-e-china-reunem-aliados-para-criar-sua-propria-otan\/#primaryimage\"},\"thumbnailUrl\":\"https:\/\/www.notibras.com\/site\/wp-content\/uploads\/2022\/09\/ous.webp\",\"datePublished\":\"2022-09-15T06:47:02+00:00\",\"dateModified\":\"2022-09-15T06:57:45+00:00\",\"breadcrumb\":{\"@id\":\"https:\/\/www.notibras.com\/site\/russia-e-china-reunem-aliados-para-criar-sua-propria-otan\/#breadcrumb\"},\"inLanguage\":\"pt-BR\",\"potentialAction\":[{\"@type\":\"ReadAction\",\"target\":[\"https:\/\/www.notibras.com\/site\/russia-e-china-reunem-aliados-para-criar-sua-propria-otan\/\"]}]},{\"@type\":\"ImageObject\",\"inLanguage\":\"pt-BR\",\"@id\":\"https:\/\/www.notibras.com\/site\/russia-e-china-reunem-aliados-para-criar-sua-propria-otan\/#primaryimage\",\"url\":\"https:\/\/www.notibras.com\/site\/wp-content\/uploads\/2022\/09\/ous.webp\",\"contentUrl\":\"https:\/\/www.notibras.com\/site\/wp-content\/uploads\/2022\/09\/ous.webp\",\"width\":600,\"height\":337},{\"@type\":\"BreadcrumbList\",\"@id\":\"https:\/\/www.notibras.com\/site\/russia-e-china-reunem-aliados-para-criar-sua-propria-otan\/#breadcrumb\",\"itemListElement\":[{\"@type\":\"ListItem\",\"position\":1,\"name\":\"In\u00edcio\",\"item\":\"https:\/\/www.notibras.com\/site\/\"},{\"@type\":\"ListItem\",\"position\":2,\"name\":\"R\u00fassia e China re\u00fanem aliados para criar sua pr\u00f3pria &#8216;Otan&#8217;\"}]},{\"@type\":\"WebSite\",\"@id\":\"https:\/\/www.notibras.com\/site\/#website\",\"url\":\"https:\/\/www.notibras.com\/site\/\",\"name\":\"Notibras\",\"description\":\"Not\u00edcias de Bras\u00edlia, do Brasil e do Mundo\",\"publisher\":{\"@id\":\"https:\/\/www.notibras.com\/site\/#organization\"},\"potentialAction\":[{\"@type\":\"SearchAction\",\"target\":{\"@type\":\"EntryPoint\",\"urlTemplate\":\"https:\/\/www.notibras.com\/site\/?s={search_term_string}\"},\"query-input\":{\"@type\":\"PropertyValueSpecification\",\"valueRequired\":true,\"valueName\":\"search_term_string\"}}],\"inLanguage\":\"pt-BR\"},{\"@type\":\"Organization\",\"@id\":\"https:\/\/www.notibras.com\/site\/#organization\",\"name\":\"Grupo Notibras de Comunica\u00e7\u00e3o\",\"url\":\"https:\/\/www.notibras.com\/site\/\",\"logo\":{\"@type\":\"ImageObject\",\"inLanguage\":\"pt-BR\",\"@id\":\"https:\/\/www.notibras.com\/site\/#\/schema\/logo\/image\/\",\"url\":\"https:\/\/www.notibras.com\/site\/wp-content\/uploads\/2023\/01\/notibras23.png\",\"contentUrl\":\"https:\/\/www.notibras.com\/site\/wp-content\/uploads\/2023\/01\/notibras23.png\",\"width\":350,\"height\":87,\"caption\":\"Grupo Notibras de Comunica\u00e7\u00e3o\"},\"image\":{\"@id\":\"https:\/\/www.notibras.com\/site\/#\/schema\/logo\/image\/\"},\"sameAs\":[\"https:\/\/www.facebook.com\/notibras\/\",\"https:\/\/x.com\/Notibras\",\"https:\/\/www.instagram.com\/notibras\/\"]},{\"@type\":\"Person\",\"@id\":\"https:\/\/www.notibras.com\/site\/#\/schema\/person\/36ab0979449956132d3e5b517ea76ac8\",\"name\":\"Reda\u00e7\u00e3o\",\"image\":{\"@type\":\"ImageObject\",\"inLanguage\":\"pt-BR\",\"@id\":\"https:\/\/secure.gravatar.com\/avatar\/e0a867bdedb85fd243eadf09663511f96fc81e0720a4a42581f334ad4303aa6b?s=96&d=mm&r=g\",\"url\":\"https:\/\/secure.gravatar.com\/avatar\/e0a867bdedb85fd243eadf09663511f96fc81e0720a4a42581f334ad4303aa6b?s=96&d=mm&r=g\",\"contentUrl\":\"https:\/\/secure.gravatar.com\/avatar\/e0a867bdedb85fd243eadf09663511f96fc81e0720a4a42581f334ad4303aa6b?s=96&d=mm&r=g\",\"caption\":\"Reda\u00e7\u00e3o\"}}]}<\/script>\n<!-- \/ Yoast SEO plugin. -->","yoast_head_json":{"title":"R\u00fassia e China re\u00fanem aliados para criar sua pr\u00f3pria 'Otan' - Notibras","robots":{"index":"index","follow":"follow","max-snippet":"max-snippet:-1","max-image-preview":"max-image-preview:large","max-video-preview":"max-video-preview:-1"},"canonical":"https:\/\/www.notibras.com\/site\/russia-e-china-reunem-aliados-para-criar-sua-propria-otan\/","og_locale":"pt_BR","og_type":"article","og_title":"R\u00fassia e China re\u00fanem aliados para criar sua pr\u00f3pria 'Otan' - Notibras","og_description":"A \u00c1sia (\u00e0 frente a China) e o Leste Europeu (onde quem manda \u00e9 a R\u00fassia) est\u00e3o criando uma organiza\u00e7\u00e3o semelhante \u00e0 Otan, que re\u00fane a Europa Ocidental al\u00e9m dos Estados Unidos e Canad\u00e1. O organismo vai ampliar a Organiza\u00e7\u00e3o de Coopera\u00e7\u00e3o de Xangai (SCO). A decis\u00e3o r\u00e1 tomada nesta quinta (15) e exta (16) [&hellip;]","og_url":"https:\/\/www.notibras.com\/site\/russia-e-china-reunem-aliados-para-criar-sua-propria-otan\/","og_site_name":"Notibras","article_publisher":"https:\/\/www.facebook.com\/notibras\/","article_published_time":"2022-09-15T06:47:02+00:00","article_modified_time":"2022-09-15T06:57:45+00:00","og_image":[{"width":600,"height":337,"url":"https:\/\/www.notibras.com\/site\/wp-content\/uploads\/2022\/09\/ous.webp","type":"image\/webp"}],"author":"Reda\u00e7\u00e3o","twitter_card":"summary_large_image","twitter_creator":"@Notibras","twitter_site":"@Notibras","twitter_misc":{"Escrito por":"Reda\u00e7\u00e3o","Est. tempo de leitura":"2 minutos"},"schema":{"@context":"https:\/\/schema.org","@graph":[{"@type":"Article","@id":"https:\/\/www.notibras.com\/site\/russia-e-china-reunem-aliados-para-criar-sua-propria-otan\/#article","isPartOf":{"@id":"https:\/\/www.notibras.com\/site\/russia-e-china-reunem-aliados-para-criar-sua-propria-otan\/"},"author":{"name":"Reda\u00e7\u00e3o","@id":"https:\/\/www.notibras.com\/site\/#\/schema\/person\/36ab0979449956132d3e5b517ea76ac8"},"headline":"R\u00fassia e China re\u00fanem aliados para criar sua pr\u00f3pria &#8216;Otan&#8217;","datePublished":"2022-09-15T06:47:02+00:00","dateModified":"2022-09-15T06:57:45+00:00","mainEntityOfPage":{"@id":"https:\/\/www.notibras.com\/site\/russia-e-china-reunem-aliados-para-criar-sua-propria-otan\/"},"wordCount":244,"publisher":{"@id":"https:\/\/www.notibras.com\/site\/#organization"},"image":{"@id":"https:\/\/www.notibras.com\/site\/russia-e-china-reunem-aliados-para-criar-sua-propria-otan\/#primaryimage"},"thumbnailUrl":"https:\/\/www.notibras.com\/site\/wp-content\/uploads\/2022\/09\/ous.webp","keywords":["capa"],"articleSection":["Apocalipse"],"inLanguage":"pt-BR"},{"@type":"WebPage","@id":"https:\/\/www.notibras.com\/site\/russia-e-china-reunem-aliados-para-criar-sua-propria-otan\/","url":"https:\/\/www.notibras.com\/site\/russia-e-china-reunem-aliados-para-criar-sua-propria-otan\/","name":"R\u00fassia e China re\u00fanem aliados para criar sua pr\u00f3pria 'Otan' - Notibras","isPartOf":{"@id":"https:\/\/www.notibras.com\/site\/#website"},"primaryImageOfPage":{"@id":"https:\/\/www.notibras.com\/site\/russia-e-china-reunem-aliados-para-criar-sua-propria-otan\/#primaryimage"},"image":{"@id":"https:\/\/www.notibras.com\/site\/russia-e-china-reunem-aliados-para-criar-sua-propria-otan\/#primaryimage"},"thumbnailUrl":"https:\/\/www.notibras.com\/site\/wp-content\/uploads\/2022\/09\/ous.webp","datePublished":"2022-09-15T06:47:02+00:00","dateModified":"2022-09-15T06:57:45+00:00","breadcrumb":{"@id":"https:\/\/www.notibras.com\/site\/russia-e-china-reunem-aliados-para-criar-sua-propria-otan\/#breadcrumb"},"inLanguage":"pt-BR","potentialAction":[{"@type":"ReadAction","target":["https:\/\/www.notibras.com\/site\/russia-e-china-reunem-aliados-para-criar-sua-propria-otan\/"]}]},{"@type":"ImageObject","inLanguage":"pt-BR","@id":"https:\/\/www.notibras.com\/site\/russia-e-china-reunem-aliados-para-criar-sua-propria-otan\/#primaryimage","url":"https:\/\/www.notibras.com\/site\/wp-content\/uploads\/2022\/09\/ous.webp","contentUrl":"https:\/\/www.notibras.com\/site\/wp-content\/uploads\/2022\/09\/ous.webp","width":600,"height":337},{"@type":"BreadcrumbList","@id":"https:\/\/www.notibras.com\/site\/russia-e-china-reunem-aliados-para-criar-sua-propria-otan\/#breadcrumb","itemListElement":[{"@type":"ListItem","position":1,"name":"In\u00edcio","item":"https:\/\/www.notibras.com\/site\/"},{"@type":"ListItem","position":2,"name":"R\u00fassia e China re\u00fanem aliados para criar sua pr\u00f3pria &#8216;Otan&#8217;"}]},{"@type":"WebSite","@id":"https:\/\/www.notibras.com\/site\/#website","url":"https:\/\/www.notibras.com\/site\/","name":"Notibras","description":"Not\u00edcias de Bras\u00edlia, do Brasil e do Mundo","publisher":{"@id":"https:\/\/www.notibras.com\/site\/#organization"},"potentialAction":[{"@type":"SearchAction","target":{"@type":"EntryPoint","urlTemplate":"https:\/\/www.notibras.com\/site\/?s={search_term_string}"},"query-input":{"@type":"PropertyValueSpecification","valueRequired":true,"valueName":"search_term_string"}}],"inLanguage":"pt-BR"},{"@type":"Organization","@id":"https:\/\/www.notibras.com\/site\/#organization","name":"Grupo Notibras de Comunica\u00e7\u00e3o","url":"https:\/\/www.notibras.com\/site\/","logo":{"@type":"ImageObject","inLanguage":"pt-BR","@id":"https:\/\/www.notibras.com\/site\/#\/schema\/logo\/image\/","url":"https:\/\/www.notibras.com\/site\/wp-content\/uploads\/2023\/01\/notibras23.png","contentUrl":"https:\/\/www.notibras.com\/site\/wp-content\/uploads\/2023\/01\/notibras23.png","width":350,"height":87,"caption":"Grupo Notibras de Comunica\u00e7\u00e3o"},"image":{"@id":"https:\/\/www.notibras.com\/site\/#\/schema\/logo\/image\/"},"sameAs":["https:\/\/www.facebook.com\/notibras\/","https:\/\/x.com\/Notibras","https:\/\/www.instagram.com\/notibras\/"]},{"@type":"Person","@id":"https:\/\/www.notibras.com\/site\/#\/schema\/person\/36ab0979449956132d3e5b517ea76ac8","name":"Reda\u00e7\u00e3o","image":{"@type":"ImageObject","inLanguage":"pt-BR","@id":"https:\/\/secure.gravatar.com\/avatar\/e0a867bdedb85fd243eadf09663511f96fc81e0720a4a42581f334ad4303aa6b?s=96&d=mm&r=g","url":"https:\/\/secure.gravatar.com\/avatar\/e0a867bdedb85fd243eadf09663511f96fc81e0720a4a42581f334ad4303aa6b?s=96&d=mm&r=g","contentUrl":"https:\/\/secure.gravatar.com\/avatar\/e0a867bdedb85fd243eadf09663511f96fc81e0720a4a42581f334ad4303aa6b?s=96&d=mm&r=g","caption":"Reda\u00e7\u00e3o"}}]}},"amp_enabled":true,"_links":{"self":[{"href":"https:\/\/www.notibras.com\/site\/wp-json\/wp\/v2\/posts\/291768","targetHints":{"allow":["GET"]}}],"collection":[{"href":"https:\/\/www.notibras.com\/site\/wp-json\/wp\/v2\/posts"}],"about":[{"href":"https:\/\/www.notibras.com\/site\/wp-json\/wp\/v2\/types\/post"}],"author":[{"embeddable":true,"href":"https:\/\/www.notibras.com\/site\/wp-json\/wp\/v2\/users\/2"}],"replies":[{"embeddable":true,"href":"https:\/\/www.notibras.com\/site\/wp-json\/wp\/v2\/comments?post=291768"}],"version-history":[{"count":1,"href":"https:\/\/www.notibras.com\/site\/wp-json\/wp\/v2\/posts\/291768\/revisions"}],"predecessor-version":[{"id":291770,"href":"https:\/\/www.notibras.com\/site\/wp-json\/wp\/v2\/posts\/291768\/revisions\/291770"}],"wp:featuredmedia":[{"embeddable":true,"href":"https:\/\/www.notibras.com\/site\/wp-json\/wp\/v2\/media\/291769"}],"wp:attachment":[{"href":"https:\/\/www.notibras.com\/site\/wp-json\/wp\/v2\/media?parent=291768"}],"wp:term":[{"taxonomy":"category","embeddable":true,"href":"https:\/\/www.notibras.com\/site\/wp-json\/wp\/v2\/categories?post=291768"},{"taxonomy":"post_tag","embeddable":true,"href":"https:\/\/www.notibras.com\/site\/wp-json\/wp\/v2\/tags?post=291768"}],"curies":[{"name":"wp","href":"https:\/\/api.w.org\/{rel}","templated":true}]}}