{"id":29184,"date":"2014-11-22T18:21:13","date_gmt":"2014-11-22T21:21:13","guid":{"rendered":"http:\/\/www.notibras.com\/site\/?p=29184"},"modified":"2014-11-22T18:22:50","modified_gmt":"2014-11-22T21:22:50","slug":"acareacao-na-cpi-pode-desvendar-verdades-do-petrolao","status":"publish","type":"post","link":"https:\/\/www.notibras.com\/site\/acareacao-na-cpi-pode-desvendar-verdades-do-petrolao\/","title":{"rendered":"Acarea\u00e7\u00e3o na CPI pode desvendar as verdades da propina do Petrol\u00e3o"},"content":{"rendered":"<p>O juiz federal S\u00e9rgio Moro determinou que o ex-diretor da Petrobras Paulo Roberto Costa compare\u00e7a ao Congresso Nacional, no pr\u00f3ximo dia 2, para participar de uma acarea\u00e7\u00e3o com o tamb\u00e9m ex-diretor da estatal Nestor Cerver\u00f3.<\/p>\n<p>Respons\u00e1vel pelo caso da Opera\u00e7\u00e3o Lava Jato na primeira inst\u00e2ncia, o juiz proibiu que a Pol\u00edcia Federal utilize algemas em Paulo Roberto, que est\u00e1 em pris\u00e3o domiciliar no Rio ap\u00f3s fazer acordo com a Justi\u00e7a para delatar o esquema.<\/p>\n<p>A acarea\u00e7\u00e3o, solicitada pelo deputado Enio Bacci (PDT-RS), foi aprovada pela CPI Mista da Petrobras no \u00faltimo dia 18. Na ocasi\u00e3o, o l\u00edder do governo no Congresso, senador Jos\u00e9 Pimentel (PT-CE), defendeu a rejei\u00e7\u00e3o do encontro entre os dois ex-diretores, alegando que Paulo Roberto se recusou a falar quando compareceu \u00e0 CPI.<\/p>\n<blockquote><p>Os parlamentares da oposi\u00e7\u00e3o querem confrontar as vers\u00f5es de Paulo Roberto e Nestor Cerver\u00f3. O primeiro disse que houve pagamento de propina na compra da refinaria de Pasadena, nos Estados Unidos. Vers\u00e3o recha\u00e7ada por Cerver\u00f3, ex-diretor da \u00e1rea internacional da empresa e apontado como respons\u00e1vel pelo relat\u00f3rio \u201ctecnicamente falho\u201d, que, segundo a presidente Dilma, embasou a negocia\u00e7\u00e3o que causou preju\u00edzo bilion\u00e1rio \u00e0 empresa brasileira. O ex-executivo nega ter havido irregularidades na compra da unidade no Texas.<\/p><\/blockquote>\n<p>O neg\u00f3cio \u00e9 investigado pela Pol\u00edcia Federal, pelo Minist\u00e9rio P\u00fablico Federal e pelo Tribunal de Contas da Uni\u00e3o (TCU). Na dela\u00e7\u00e3o premiada, Paulo Roberto admitiu participar de um esquema de corrup\u00e7\u00e3o na Petrobras e ter recebido pelo menos US$ 23 milh\u00f5es (cerca de R$ 55 milh\u00f5es) em propina. Valor que, pelo acordo, ser\u00e1 devolvido aos cofres p\u00fablicos. Segundo ele, o esquema beneficiava pol\u00edticos e partidos, como o PT, o PMDB e o PP.<\/p>\n","protected":false},"excerpt":{"rendered":"<p>O juiz federal S\u00e9rgio Moro determinou que o ex-diretor da Petrobras Paulo Roberto Costa compare\u00e7a ao Congresso Nacional, no pr\u00f3ximo dia 2, para participar de uma acarea\u00e7\u00e3o com o tamb\u00e9m ex-diretor da estatal Nestor Cerver\u00f3. Respons\u00e1vel pelo caso da Opera\u00e7\u00e3o Lava Jato na primeira inst\u00e2ncia, o juiz proibiu que a Pol\u00edcia Federal utilize algemas em [&hellip;]<\/p>\n","protected":false},"author":2,"featured_media":29186,"comment_status":"open","ping_status":"closed","sticky":false,"template":"","format":"standard","meta":{"_acf_changed":false,"footnotes":""},"categories":[16],"tags":[],"class_list":["post-29184","post","type-post","status-publish","format-standard","has-post-thumbnail","hentry","category-brasil"],"acf":[],"yoast_head":"<!-- This site is optimized with the Yoast SEO plugin v27.2 - https:\/\/yoast.com\/product\/yoast-seo-wordpress\/ -->\n<title>Acarea\u00e7\u00e3o na CPI pode desvendar as verdades da propina do Petrol\u00e3o - Notibras<\/title>\n<meta name=\"robots\" content=\"index, follow, max-snippet:-1, max-image-preview:large, max-video-preview:-1\" \/>\n<link rel=\"canonical\" href=\"https:\/\/www.notibras.com\/site\/acareacao-na-cpi-pode-desvendar-verdades-do-petrolao\/\" \/>\n<meta property=\"og:locale\" content=\"pt_BR\" \/>\n<meta property=\"og:type\" content=\"article\" \/>\n<meta property=\"og:title\" content=\"Acarea\u00e7\u00e3o na CPI pode desvendar as verdades da propina do Petrol\u00e3o - Notibras\" \/>\n<meta property=\"og:description\" content=\"O juiz federal S\u00e9rgio Moro determinou que o ex-diretor da Petrobras Paulo Roberto Costa compare\u00e7a ao Congresso Nacional, no pr\u00f3ximo dia 2, para participar de uma acarea\u00e7\u00e3o com o tamb\u00e9m ex-diretor da estatal Nestor Cerver\u00f3. Respons\u00e1vel pelo caso da Opera\u00e7\u00e3o Lava Jato na primeira inst\u00e2ncia, o juiz proibiu que a Pol\u00edcia Federal utilize algemas em [&hellip;]\" \/>\n<meta property=\"og:url\" content=\"https:\/\/www.notibras.com\/site\/acareacao-na-cpi-pode-desvendar-verdades-do-petrolao\/\" \/>\n<meta property=\"og:site_name\" content=\"Notibras\" \/>\n<meta property=\"article:publisher\" content=\"https:\/\/www.facebook.com\/notibras\/\" \/>\n<meta property=\"article:published_time\" content=\"2014-11-22T21:21:13+00:00\" \/>\n<meta property=\"article:modified_time\" content=\"2014-11-22T21:22:50+00:00\" \/>\n<meta property=\"og:image\" content=\"https:\/\/www.notibras.com\/site\/wp-content\/uploads\/2014\/11\/verdeJPEG.jpg\" \/>\n\t<meta property=\"og:image:width\" content=\"800\" \/>\n\t<meta property=\"og:image:height\" content=\"600\" \/>\n\t<meta property=\"og:image:type\" content=\"image\/jpeg\" \/>\n<meta name=\"author\" content=\"Reda\u00e7\u00e3o\" \/>\n<meta name=\"twitter:card\" content=\"summary_large_image\" \/>\n<meta name=\"twitter:creator\" content=\"@Notibras\" \/>\n<meta name=\"twitter:site\" content=\"@Notibras\" \/>\n<meta name=\"twitter:label1\" content=\"Escrito por\" \/>\n\t<meta name=\"twitter:data1\" content=\"Reda\u00e7\u00e3o\" \/>\n\t<meta name=\"twitter:label2\" content=\"Est. tempo de leitura\" \/>\n\t<meta name=\"twitter:data2\" content=\"2 minutos\" \/>\n<script type=\"application\/ld+json\" class=\"yoast-schema-graph\">{\"@context\":\"https:\/\/schema.org\",\"@graph\":[{\"@type\":\"Article\",\"@id\":\"https:\/\/www.notibras.com\/site\/acareacao-na-cpi-pode-desvendar-verdades-do-petrolao\/#article\",\"isPartOf\":{\"@id\":\"https:\/\/www.notibras.com\/site\/acareacao-na-cpi-pode-desvendar-verdades-do-petrolao\/\"},\"author\":{\"name\":\"Reda\u00e7\u00e3o\",\"@id\":\"https:\/\/www.notibras.com\/site\/#\/schema\/person\/36ab0979449956132d3e5b517ea76ac8\"},\"headline\":\"Acarea\u00e7\u00e3o na CPI pode desvendar as verdades da propina do Petrol\u00e3o\",\"datePublished\":\"2014-11-22T21:21:13+00:00\",\"dateModified\":\"2014-11-22T21:22:50+00:00\",\"mainEntityOfPage\":{\"@id\":\"https:\/\/www.notibras.com\/site\/acareacao-na-cpi-pode-desvendar-verdades-do-petrolao\/\"},\"wordCount\":317,\"commentCount\":0,\"publisher\":{\"@id\":\"https:\/\/www.notibras.com\/site\/#organization\"},\"image\":{\"@id\":\"https:\/\/www.notibras.com\/site\/acareacao-na-cpi-pode-desvendar-verdades-do-petrolao\/#primaryimage\"},\"thumbnailUrl\":\"https:\/\/www.notibras.com\/site\/wp-content\/uploads\/2014\/11\/verdeJPEG.jpg\",\"articleSection\":[\"Brasil\"],\"inLanguage\":\"pt-BR\",\"potentialAction\":[{\"@type\":\"CommentAction\",\"name\":\"Comment\",\"target\":[\"https:\/\/www.notibras.com\/site\/acareacao-na-cpi-pode-desvendar-verdades-do-petrolao\/#respond\"]}]},{\"@type\":\"WebPage\",\"@id\":\"https:\/\/www.notibras.com\/site\/acareacao-na-cpi-pode-desvendar-verdades-do-petrolao\/\",\"url\":\"https:\/\/www.notibras.com\/site\/acareacao-na-cpi-pode-desvendar-verdades-do-petrolao\/\",\"name\":\"Acarea\u00e7\u00e3o na CPI pode desvendar as verdades da propina do Petrol\u00e3o - Notibras\",\"isPartOf\":{\"@id\":\"https:\/\/www.notibras.com\/site\/#website\"},\"primaryImageOfPage\":{\"@id\":\"https:\/\/www.notibras.com\/site\/acareacao-na-cpi-pode-desvendar-verdades-do-petrolao\/#primaryimage\"},\"image\":{\"@id\":\"https:\/\/www.notibras.com\/site\/acareacao-na-cpi-pode-desvendar-verdades-do-petrolao\/#primaryimage\"},\"thumbnailUrl\":\"https:\/\/www.notibras.com\/site\/wp-content\/uploads\/2014\/11\/verdeJPEG.jpg\",\"datePublished\":\"2014-11-22T21:21:13+00:00\",\"dateModified\":\"2014-11-22T21:22:50+00:00\",\"breadcrumb\":{\"@id\":\"https:\/\/www.notibras.com\/site\/acareacao-na-cpi-pode-desvendar-verdades-do-petrolao\/#breadcrumb\"},\"inLanguage\":\"pt-BR\",\"potentialAction\":[{\"@type\":\"ReadAction\",\"target\":[\"https:\/\/www.notibras.com\/site\/acareacao-na-cpi-pode-desvendar-verdades-do-petrolao\/\"]}]},{\"@type\":\"ImageObject\",\"inLanguage\":\"pt-BR\",\"@id\":\"https:\/\/www.notibras.com\/site\/acareacao-na-cpi-pode-desvendar-verdades-do-petrolao\/#primaryimage\",\"url\":\"https:\/\/www.notibras.com\/site\/wp-content\/uploads\/2014\/11\/verdeJPEG.jpg\",\"contentUrl\":\"https:\/\/www.notibras.com\/site\/wp-content\/uploads\/2014\/11\/verdeJPEG.jpg\",\"width\":800,\"height\":600},{\"@type\":\"BreadcrumbList\",\"@id\":\"https:\/\/www.notibras.com\/site\/acareacao-na-cpi-pode-desvendar-verdades-do-petrolao\/#breadcrumb\",\"itemListElement\":[{\"@type\":\"ListItem\",\"position\":1,\"name\":\"In\u00edcio\",\"item\":\"https:\/\/www.notibras.com\/site\/\"},{\"@type\":\"ListItem\",\"position\":2,\"name\":\"Acarea\u00e7\u00e3o na CPI pode desvendar as verdades da propina do Petrol\u00e3o\"}]},{\"@type\":\"WebSite\",\"@id\":\"https:\/\/www.notibras.com\/site\/#website\",\"url\":\"https:\/\/www.notibras.com\/site\/\",\"name\":\"Notibras\",\"description\":\"Not\u00edcias de Bras\u00edlia, do Brasil e do Mundo\",\"publisher\":{\"@id\":\"https:\/\/www.notibras.com\/site\/#organization\"},\"potentialAction\":[{\"@type\":\"SearchAction\",\"target\":{\"@type\":\"EntryPoint\",\"urlTemplate\":\"https:\/\/www.notibras.com\/site\/?s={search_term_string}\"},\"query-input\":{\"@type\":\"PropertyValueSpecification\",\"valueRequired\":true,\"valueName\":\"search_term_string\"}}],\"inLanguage\":\"pt-BR\"},{\"@type\":\"Organization\",\"@id\":\"https:\/\/www.notibras.com\/site\/#organization\",\"name\":\"Grupo Notibras de Comunica\u00e7\u00e3o\",\"url\":\"https:\/\/www.notibras.com\/site\/\",\"logo\":{\"@type\":\"ImageObject\",\"inLanguage\":\"pt-BR\",\"@id\":\"https:\/\/www.notibras.com\/site\/#\/schema\/logo\/image\/\",\"url\":\"https:\/\/www.notibras.com\/site\/wp-content\/uploads\/2023\/01\/notibras23.png\",\"contentUrl\":\"https:\/\/www.notibras.com\/site\/wp-content\/uploads\/2023\/01\/notibras23.png\",\"width\":350,\"height\":87,\"caption\":\"Grupo Notibras de Comunica\u00e7\u00e3o\"},\"image\":{\"@id\":\"https:\/\/www.notibras.com\/site\/#\/schema\/logo\/image\/\"},\"sameAs\":[\"https:\/\/www.facebook.com\/notibras\/\",\"https:\/\/x.com\/Notibras\",\"https:\/\/www.instagram.com\/notibras\/\"]},{\"@type\":\"Person\",\"@id\":\"https:\/\/www.notibras.com\/site\/#\/schema\/person\/36ab0979449956132d3e5b517ea76ac8\",\"name\":\"Reda\u00e7\u00e3o\",\"image\":{\"@type\":\"ImageObject\",\"inLanguage\":\"pt-BR\",\"@id\":\"https:\/\/secure.gravatar.com\/avatar\/e0a867bdedb85fd243eadf09663511f96fc81e0720a4a42581f334ad4303aa6b?s=96&d=mm&r=g\",\"url\":\"https:\/\/secure.gravatar.com\/avatar\/e0a867bdedb85fd243eadf09663511f96fc81e0720a4a42581f334ad4303aa6b?s=96&d=mm&r=g\",\"contentUrl\":\"https:\/\/secure.gravatar.com\/avatar\/e0a867bdedb85fd243eadf09663511f96fc81e0720a4a42581f334ad4303aa6b?s=96&d=mm&r=g\",\"caption\":\"Reda\u00e7\u00e3o\"}}]}<\/script>\n<!-- \/ Yoast SEO plugin. -->","yoast_head_json":{"title":"Acarea\u00e7\u00e3o na CPI pode desvendar as verdades da propina do Petrol\u00e3o - Notibras","robots":{"index":"index","follow":"follow","max-snippet":"max-snippet:-1","max-image-preview":"max-image-preview:large","max-video-preview":"max-video-preview:-1"},"canonical":"https:\/\/www.notibras.com\/site\/acareacao-na-cpi-pode-desvendar-verdades-do-petrolao\/","og_locale":"pt_BR","og_type":"article","og_title":"Acarea\u00e7\u00e3o na CPI pode desvendar as verdades da propina do Petrol\u00e3o - Notibras","og_description":"O juiz federal S\u00e9rgio Moro determinou que o ex-diretor da Petrobras Paulo Roberto Costa compare\u00e7a ao Congresso Nacional, no pr\u00f3ximo dia 2, para participar de uma acarea\u00e7\u00e3o com o tamb\u00e9m ex-diretor da estatal Nestor Cerver\u00f3. Respons\u00e1vel pelo caso da Opera\u00e7\u00e3o Lava Jato na primeira inst\u00e2ncia, o juiz proibiu que a Pol\u00edcia Federal utilize algemas em [&hellip;]","og_url":"https:\/\/www.notibras.com\/site\/acareacao-na-cpi-pode-desvendar-verdades-do-petrolao\/","og_site_name":"Notibras","article_publisher":"https:\/\/www.facebook.com\/notibras\/","article_published_time":"2014-11-22T21:21:13+00:00","article_modified_time":"2014-11-22T21:22:50+00:00","og_image":[{"width":800,"height":600,"url":"https:\/\/www.notibras.com\/site\/wp-content\/uploads\/2014\/11\/verdeJPEG.jpg","type":"image\/jpeg"}],"author":"Reda\u00e7\u00e3o","twitter_card":"summary_large_image","twitter_creator":"@Notibras","twitter_site":"@Notibras","twitter_misc":{"Escrito por":"Reda\u00e7\u00e3o","Est. tempo de leitura":"2 minutos"},"schema":{"@context":"https:\/\/schema.org","@graph":[{"@type":"Article","@id":"https:\/\/www.notibras.com\/site\/acareacao-na-cpi-pode-desvendar-verdades-do-petrolao\/#article","isPartOf":{"@id":"https:\/\/www.notibras.com\/site\/acareacao-na-cpi-pode-desvendar-verdades-do-petrolao\/"},"author":{"name":"Reda\u00e7\u00e3o","@id":"https:\/\/www.notibras.com\/site\/#\/schema\/person\/36ab0979449956132d3e5b517ea76ac8"},"headline":"Acarea\u00e7\u00e3o na CPI pode desvendar as verdades da propina do Petrol\u00e3o","datePublished":"2014-11-22T21:21:13+00:00","dateModified":"2014-11-22T21:22:50+00:00","mainEntityOfPage":{"@id":"https:\/\/www.notibras.com\/site\/acareacao-na-cpi-pode-desvendar-verdades-do-petrolao\/"},"wordCount":317,"commentCount":0,"publisher":{"@id":"https:\/\/www.notibras.com\/site\/#organization"},"image":{"@id":"https:\/\/www.notibras.com\/site\/acareacao-na-cpi-pode-desvendar-verdades-do-petrolao\/#primaryimage"},"thumbnailUrl":"https:\/\/www.notibras.com\/site\/wp-content\/uploads\/2014\/11\/verdeJPEG.jpg","articleSection":["Brasil"],"inLanguage":"pt-BR","potentialAction":[{"@type":"CommentAction","name":"Comment","target":["https:\/\/www.notibras.com\/site\/acareacao-na-cpi-pode-desvendar-verdades-do-petrolao\/#respond"]}]},{"@type":"WebPage","@id":"https:\/\/www.notibras.com\/site\/acareacao-na-cpi-pode-desvendar-verdades-do-petrolao\/","url":"https:\/\/www.notibras.com\/site\/acareacao-na-cpi-pode-desvendar-verdades-do-petrolao\/","name":"Acarea\u00e7\u00e3o na CPI pode desvendar as verdades da propina do Petrol\u00e3o - Notibras","isPartOf":{"@id":"https:\/\/www.notibras.com\/site\/#website"},"primaryImageOfPage":{"@id":"https:\/\/www.notibras.com\/site\/acareacao-na-cpi-pode-desvendar-verdades-do-petrolao\/#primaryimage"},"image":{"@id":"https:\/\/www.notibras.com\/site\/acareacao-na-cpi-pode-desvendar-verdades-do-petrolao\/#primaryimage"},"thumbnailUrl":"https:\/\/www.notibras.com\/site\/wp-content\/uploads\/2014\/11\/verdeJPEG.jpg","datePublished":"2014-11-22T21:21:13+00:00","dateModified":"2014-11-22T21:22:50+00:00","breadcrumb":{"@id":"https:\/\/www.notibras.com\/site\/acareacao-na-cpi-pode-desvendar-verdades-do-petrolao\/#breadcrumb"},"inLanguage":"pt-BR","potentialAction":[{"@type":"ReadAction","target":["https:\/\/www.notibras.com\/site\/acareacao-na-cpi-pode-desvendar-verdades-do-petrolao\/"]}]},{"@type":"ImageObject","inLanguage":"pt-BR","@id":"https:\/\/www.notibras.com\/site\/acareacao-na-cpi-pode-desvendar-verdades-do-petrolao\/#primaryimage","url":"https:\/\/www.notibras.com\/site\/wp-content\/uploads\/2014\/11\/verdeJPEG.jpg","contentUrl":"https:\/\/www.notibras.com\/site\/wp-content\/uploads\/2014\/11\/verdeJPEG.jpg","width":800,"height":600},{"@type":"BreadcrumbList","@id":"https:\/\/www.notibras.com\/site\/acareacao-na-cpi-pode-desvendar-verdades-do-petrolao\/#breadcrumb","itemListElement":[{"@type":"ListItem","position":1,"name":"In\u00edcio","item":"https:\/\/www.notibras.com\/site\/"},{"@type":"ListItem","position":2,"name":"Acarea\u00e7\u00e3o na CPI pode desvendar as verdades da propina do Petrol\u00e3o"}]},{"@type":"WebSite","@id":"https:\/\/www.notibras.com\/site\/#website","url":"https:\/\/www.notibras.com\/site\/","name":"Notibras","description":"Not\u00edcias de Bras\u00edlia, do Brasil e do Mundo","publisher":{"@id":"https:\/\/www.notibras.com\/site\/#organization"},"potentialAction":[{"@type":"SearchAction","target":{"@type":"EntryPoint","urlTemplate":"https:\/\/www.notibras.com\/site\/?s={search_term_string}"},"query-input":{"@type":"PropertyValueSpecification","valueRequired":true,"valueName":"search_term_string"}}],"inLanguage":"pt-BR"},{"@type":"Organization","@id":"https:\/\/www.notibras.com\/site\/#organization","name":"Grupo Notibras de Comunica\u00e7\u00e3o","url":"https:\/\/www.notibras.com\/site\/","logo":{"@type":"ImageObject","inLanguage":"pt-BR","@id":"https:\/\/www.notibras.com\/site\/#\/schema\/logo\/image\/","url":"https:\/\/www.notibras.com\/site\/wp-content\/uploads\/2023\/01\/notibras23.png","contentUrl":"https:\/\/www.notibras.com\/site\/wp-content\/uploads\/2023\/01\/notibras23.png","width":350,"height":87,"caption":"Grupo Notibras de Comunica\u00e7\u00e3o"},"image":{"@id":"https:\/\/www.notibras.com\/site\/#\/schema\/logo\/image\/"},"sameAs":["https:\/\/www.facebook.com\/notibras\/","https:\/\/x.com\/Notibras","https:\/\/www.instagram.com\/notibras\/"]},{"@type":"Person","@id":"https:\/\/www.notibras.com\/site\/#\/schema\/person\/36ab0979449956132d3e5b517ea76ac8","name":"Reda\u00e7\u00e3o","image":{"@type":"ImageObject","inLanguage":"pt-BR","@id":"https:\/\/secure.gravatar.com\/avatar\/e0a867bdedb85fd243eadf09663511f96fc81e0720a4a42581f334ad4303aa6b?s=96&d=mm&r=g","url":"https:\/\/secure.gravatar.com\/avatar\/e0a867bdedb85fd243eadf09663511f96fc81e0720a4a42581f334ad4303aa6b?s=96&d=mm&r=g","contentUrl":"https:\/\/secure.gravatar.com\/avatar\/e0a867bdedb85fd243eadf09663511f96fc81e0720a4a42581f334ad4303aa6b?s=96&d=mm&r=g","caption":"Reda\u00e7\u00e3o"}}]}},"amp_enabled":true,"_links":{"self":[{"href":"https:\/\/www.notibras.com\/site\/wp-json\/wp\/v2\/posts\/29184","targetHints":{"allow":["GET"]}}],"collection":[{"href":"https:\/\/www.notibras.com\/site\/wp-json\/wp\/v2\/posts"}],"about":[{"href":"https:\/\/www.notibras.com\/site\/wp-json\/wp\/v2\/types\/post"}],"author":[{"embeddable":true,"href":"https:\/\/www.notibras.com\/site\/wp-json\/wp\/v2\/users\/2"}],"replies":[{"embeddable":true,"href":"https:\/\/www.notibras.com\/site\/wp-json\/wp\/v2\/comments?post=29184"}],"version-history":[{"count":0,"href":"https:\/\/www.notibras.com\/site\/wp-json\/wp\/v2\/posts\/29184\/revisions"}],"wp:featuredmedia":[{"embeddable":true,"href":"https:\/\/www.notibras.com\/site\/wp-json\/wp\/v2\/media\/29186"}],"wp:attachment":[{"href":"https:\/\/www.notibras.com\/site\/wp-json\/wp\/v2\/media?parent=29184"}],"wp:term":[{"taxonomy":"category","embeddable":true,"href":"https:\/\/www.notibras.com\/site\/wp-json\/wp\/v2\/categories?post=29184"},{"taxonomy":"post_tag","embeddable":true,"href":"https:\/\/www.notibras.com\/site\/wp-json\/wp\/v2\/tags?post=29184"}],"curies":[{"name":"wp","href":"https:\/\/api.w.org\/{rel}","templated":true}]}}