{"id":291908,"date":"2022-09-18T16:03:27","date_gmt":"2022-09-18T19:03:27","guid":{"rendered":"https:\/\/www.notibras.com\/site\/?p=291908"},"modified":"2022-09-19T06:59:23","modified_gmt":"2022-09-19T09:59:23","slug":"misseis-russos-explodem-base-mercenaria-dos-eua-na-ucrania","status":"publish","type":"post","link":"https:\/\/www.notibras.com\/site\/misseis-russos-explodem-base-mercenaria-dos-eua-na-ucrania\/","title":{"rendered":"M\u00edsseis russos explodem base mercen\u00e1ria dos EUA"},"content":{"rendered":"<p>O Minist\u00e9rio da Defesa da R\u00fassia anunciou neste domingo, 18, ter usado sua artilharia de m\u00edsseis de m\u00e9dio alcance e avi\u00f5es de combate para destruir pontos de apoio dos Estados Unidos na Ucr\u00e2nia. Ao menos 150 militares ucranianos e europeus, junto a mercen\u00e1rios de outros pa\u00edses, morreram na ofensiva. Tamb\u00e9m foi destru\u00eddo um arsenal de bombas fornecidas por Washington.<\/p>\n<p>Especificamente sobre a base de mercen\u00e1rios, segundo o governo russo, os m\u00edsseis focaram o QG da empresa militar privada norte-americana Blackwater (\u00e1gua preta), que prestava apoio log\u00edstico e m\u00e3o-de-obra armada para Kiev. A equipe da Blackwater estava atuando nas imedia\u00e7\u00f5es da cidade de Krasatorsk, na Rep\u00fablica Popular de Donetsk (DPR).<\/p>\n<p>De acordo com o Minist\u00e9rio da Defesa da R\u00fassia, milhares de mercen\u00e1rios estrangeiros viajaram para a Ucr\u00e2nia para lutar ao lado das for\u00e7as de Kiev em meio \u00e0 opera\u00e7\u00e3o militar especial de Moscou. O Kremlin aconselhou repetidamente os estados estrangeiros a impedir que seus cidad\u00e3os viajassem, alertando que eles n\u00e3o desfrutariam do status de combatente padr\u00e3o.<\/p>\n<p>Os ataques tamb\u00e9m atingiram o batalh\u00e3o nacionalista Kraken e centros de coordena\u00e7\u00e3o de ataques com m\u00edsseis ucranianos localizados perto da cidade de Shurino, regi\u00e3o de Nikolaev. Durante as opera\u00e7\u00f5es, 47 posi\u00e7\u00f5es de artilharia ucranianas e 127 tropas e equipamentos militares ucranianos foram atingidos.<\/p>\n<p>Os ataques ocorreram como parte da cont\u00ednua opera\u00e7\u00e3o militar especial russa na Ucr\u00e2nia, lan\u00e7ada em 24 de fevereiro pelo presidente Vladimir Putin a pedido da RPD e da Rep\u00fablica Popular de Lugansk (LPR). Ambas as rep\u00fablicas do Donbass sofreram com os bombardeios ucranianos desde que declararam a independ\u00eancia em resposta ao golpe apoiado pelo Ocidente em Kiev em 2014, que levou pol\u00edticos nacionalistas ao poder.<\/p>\n","protected":false},"excerpt":{"rendered":"<p>O Minist\u00e9rio da Defesa da R\u00fassia anunciou neste domingo, 18, ter usado sua artilharia de m\u00edsseis de m\u00e9dio alcance e avi\u00f5es de combate para destruir pontos de apoio dos Estados Unidos na Ucr\u00e2nia. Ao menos 150 militares ucranianos e europeus, junto a mercen\u00e1rios de outros pa\u00edses, morreram na ofensiva. Tamb\u00e9m foi destru\u00eddo um arsenal de [&hellip;]<\/p>\n","protected":false},"author":2,"featured_media":291909,"comment_status":"closed","ping_status":"closed","sticky":false,"template":"","format":"standard","meta":{"_acf_changed":false,"footnotes":""},"categories":[159],"tags":[95],"class_list":["post-291908","post","type-post","status-publish","format-standard","has-post-thumbnail","hentry","category-apocalipse","tag-capa"],"acf":[],"yoast_head":"<!-- This site is optimized with the Yoast SEO plugin v27.2 - https:\/\/yoast.com\/product\/yoast-seo-wordpress\/ -->\n<title>M\u00edsseis russos explodem base mercen\u00e1ria dos EUA - Notibras<\/title>\n<meta name=\"robots\" content=\"index, follow, max-snippet:-1, max-image-preview:large, max-video-preview:-1\" \/>\n<link rel=\"canonical\" href=\"https:\/\/www.notibras.com\/site\/misseis-russos-explodem-base-mercenaria-dos-eua-na-ucrania\/\" \/>\n<meta property=\"og:locale\" content=\"pt_BR\" \/>\n<meta property=\"og:type\" content=\"article\" \/>\n<meta property=\"og:title\" content=\"M\u00edsseis russos explodem base mercen\u00e1ria dos EUA - Notibras\" \/>\n<meta property=\"og:description\" content=\"O Minist\u00e9rio da Defesa da R\u00fassia anunciou neste domingo, 18, ter usado sua artilharia de m\u00edsseis de m\u00e9dio alcance e avi\u00f5es de combate para destruir pontos de apoio dos Estados Unidos na Ucr\u00e2nia. Ao menos 150 militares ucranianos e europeus, junto a mercen\u00e1rios de outros pa\u00edses, morreram na ofensiva. Tamb\u00e9m foi destru\u00eddo um arsenal de [&hellip;]\" \/>\n<meta property=\"og:url\" content=\"https:\/\/www.notibras.com\/site\/misseis-russos-explodem-base-mercenaria-dos-eua-na-ucrania\/\" \/>\n<meta property=\"og:site_name\" content=\"Notibras\" \/>\n<meta property=\"article:publisher\" content=\"https:\/\/www.facebook.com\/notibras\/\" \/>\n<meta property=\"article:published_time\" content=\"2022-09-18T19:03:27+00:00\" \/>\n<meta property=\"article:modified_time\" content=\"2022-09-19T09:59:23+00:00\" \/>\n<meta property=\"og:image\" content=\"https:\/\/www.notibras.com\/site\/wp-content\/uploads\/2022\/09\/blackucranoia.webp\" \/>\n\t<meta property=\"og:image:width\" content=\"1920\" \/>\n\t<meta property=\"og:image:height\" content=\"1080\" \/>\n\t<meta property=\"og:image:type\" content=\"image\/webp\" \/>\n<meta name=\"author\" content=\"Reda\u00e7\u00e3o\" \/>\n<meta name=\"twitter:card\" content=\"summary_large_image\" \/>\n<meta name=\"twitter:creator\" content=\"@Notibras\" \/>\n<meta name=\"twitter:site\" content=\"@Notibras\" \/>\n<meta name=\"twitter:label1\" content=\"Escrito por\" \/>\n\t<meta name=\"twitter:data1\" content=\"Reda\u00e7\u00e3o\" \/>\n\t<meta name=\"twitter:label2\" content=\"Est. tempo de leitura\" \/>\n\t<meta name=\"twitter:data2\" content=\"2 minutos\" \/>\n<script type=\"application\/ld+json\" class=\"yoast-schema-graph\">{\"@context\":\"https:\/\/schema.org\",\"@graph\":[{\"@type\":\"Article\",\"@id\":\"https:\/\/www.notibras.com\/site\/misseis-russos-explodem-base-mercenaria-dos-eua-na-ucrania\/#article\",\"isPartOf\":{\"@id\":\"https:\/\/www.notibras.com\/site\/misseis-russos-explodem-base-mercenaria-dos-eua-na-ucrania\/\"},\"author\":{\"name\":\"Reda\u00e7\u00e3o\",\"@id\":\"https:\/\/www.notibras.com\/site\/#\/schema\/person\/36ab0979449956132d3e5b517ea76ac8\"},\"headline\":\"M\u00edsseis russos explodem base mercen\u00e1ria dos EUA\",\"datePublished\":\"2022-09-18T19:03:27+00:00\",\"dateModified\":\"2022-09-19T09:59:23+00:00\",\"mainEntityOfPage\":{\"@id\":\"https:\/\/www.notibras.com\/site\/misseis-russos-explodem-base-mercenaria-dos-eua-na-ucrania\/\"},\"wordCount\":315,\"publisher\":{\"@id\":\"https:\/\/www.notibras.com\/site\/#organization\"},\"image\":{\"@id\":\"https:\/\/www.notibras.com\/site\/misseis-russos-explodem-base-mercenaria-dos-eua-na-ucrania\/#primaryimage\"},\"thumbnailUrl\":\"https:\/\/www.notibras.com\/site\/wp-content\/uploads\/2022\/09\/blackucranoia.webp\",\"keywords\":[\"capa\"],\"articleSection\":[\"Apocalipse\"],\"inLanguage\":\"pt-BR\"},{\"@type\":\"WebPage\",\"@id\":\"https:\/\/www.notibras.com\/site\/misseis-russos-explodem-base-mercenaria-dos-eua-na-ucrania\/\",\"url\":\"https:\/\/www.notibras.com\/site\/misseis-russos-explodem-base-mercenaria-dos-eua-na-ucrania\/\",\"name\":\"M\u00edsseis russos explodem base mercen\u00e1ria dos EUA - Notibras\",\"isPartOf\":{\"@id\":\"https:\/\/www.notibras.com\/site\/#website\"},\"primaryImageOfPage\":{\"@id\":\"https:\/\/www.notibras.com\/site\/misseis-russos-explodem-base-mercenaria-dos-eua-na-ucrania\/#primaryimage\"},\"image\":{\"@id\":\"https:\/\/www.notibras.com\/site\/misseis-russos-explodem-base-mercenaria-dos-eua-na-ucrania\/#primaryimage\"},\"thumbnailUrl\":\"https:\/\/www.notibras.com\/site\/wp-content\/uploads\/2022\/09\/blackucranoia.webp\",\"datePublished\":\"2022-09-18T19:03:27+00:00\",\"dateModified\":\"2022-09-19T09:59:23+00:00\",\"breadcrumb\":{\"@id\":\"https:\/\/www.notibras.com\/site\/misseis-russos-explodem-base-mercenaria-dos-eua-na-ucrania\/#breadcrumb\"},\"inLanguage\":\"pt-BR\",\"potentialAction\":[{\"@type\":\"ReadAction\",\"target\":[\"https:\/\/www.notibras.com\/site\/misseis-russos-explodem-base-mercenaria-dos-eua-na-ucrania\/\"]}]},{\"@type\":\"ImageObject\",\"inLanguage\":\"pt-BR\",\"@id\":\"https:\/\/www.notibras.com\/site\/misseis-russos-explodem-base-mercenaria-dos-eua-na-ucrania\/#primaryimage\",\"url\":\"https:\/\/www.notibras.com\/site\/wp-content\/uploads\/2022\/09\/blackucranoia.webp\",\"contentUrl\":\"https:\/\/www.notibras.com\/site\/wp-content\/uploads\/2022\/09\/blackucranoia.webp\",\"width\":1920,\"height\":1080},{\"@type\":\"BreadcrumbList\",\"@id\":\"https:\/\/www.notibras.com\/site\/misseis-russos-explodem-base-mercenaria-dos-eua-na-ucrania\/#breadcrumb\",\"itemListElement\":[{\"@type\":\"ListItem\",\"position\":1,\"name\":\"In\u00edcio\",\"item\":\"https:\/\/www.notibras.com\/site\/\"},{\"@type\":\"ListItem\",\"position\":2,\"name\":\"M\u00edsseis russos explodem base mercen\u00e1ria dos EUA\"}]},{\"@type\":\"WebSite\",\"@id\":\"https:\/\/www.notibras.com\/site\/#website\",\"url\":\"https:\/\/www.notibras.com\/site\/\",\"name\":\"Notibras\",\"description\":\"Not\u00edcias de Bras\u00edlia, do Brasil e do Mundo\",\"publisher\":{\"@id\":\"https:\/\/www.notibras.com\/site\/#organization\"},\"potentialAction\":[{\"@type\":\"SearchAction\",\"target\":{\"@type\":\"EntryPoint\",\"urlTemplate\":\"https:\/\/www.notibras.com\/site\/?s={search_term_string}\"},\"query-input\":{\"@type\":\"PropertyValueSpecification\",\"valueRequired\":true,\"valueName\":\"search_term_string\"}}],\"inLanguage\":\"pt-BR\"},{\"@type\":\"Organization\",\"@id\":\"https:\/\/www.notibras.com\/site\/#organization\",\"name\":\"Grupo Notibras de Comunica\u00e7\u00e3o\",\"url\":\"https:\/\/www.notibras.com\/site\/\",\"logo\":{\"@type\":\"ImageObject\",\"inLanguage\":\"pt-BR\",\"@id\":\"https:\/\/www.notibras.com\/site\/#\/schema\/logo\/image\/\",\"url\":\"https:\/\/www.notibras.com\/site\/wp-content\/uploads\/2023\/01\/notibras23.png\",\"contentUrl\":\"https:\/\/www.notibras.com\/site\/wp-content\/uploads\/2023\/01\/notibras23.png\",\"width\":350,\"height\":87,\"caption\":\"Grupo Notibras de Comunica\u00e7\u00e3o\"},\"image\":{\"@id\":\"https:\/\/www.notibras.com\/site\/#\/schema\/logo\/image\/\"},\"sameAs\":[\"https:\/\/www.facebook.com\/notibras\/\",\"https:\/\/x.com\/Notibras\",\"https:\/\/www.instagram.com\/notibras\/\"]},{\"@type\":\"Person\",\"@id\":\"https:\/\/www.notibras.com\/site\/#\/schema\/person\/36ab0979449956132d3e5b517ea76ac8\",\"name\":\"Reda\u00e7\u00e3o\",\"image\":{\"@type\":\"ImageObject\",\"inLanguage\":\"pt-BR\",\"@id\":\"https:\/\/secure.gravatar.com\/avatar\/e0a867bdedb85fd243eadf09663511f96fc81e0720a4a42581f334ad4303aa6b?s=96&d=mm&r=g\",\"url\":\"https:\/\/secure.gravatar.com\/avatar\/e0a867bdedb85fd243eadf09663511f96fc81e0720a4a42581f334ad4303aa6b?s=96&d=mm&r=g\",\"contentUrl\":\"https:\/\/secure.gravatar.com\/avatar\/e0a867bdedb85fd243eadf09663511f96fc81e0720a4a42581f334ad4303aa6b?s=96&d=mm&r=g\",\"caption\":\"Reda\u00e7\u00e3o\"}}]}<\/script>\n<!-- \/ Yoast SEO plugin. -->","yoast_head_json":{"title":"M\u00edsseis russos explodem base mercen\u00e1ria dos EUA - Notibras","robots":{"index":"index","follow":"follow","max-snippet":"max-snippet:-1","max-image-preview":"max-image-preview:large","max-video-preview":"max-video-preview:-1"},"canonical":"https:\/\/www.notibras.com\/site\/misseis-russos-explodem-base-mercenaria-dos-eua-na-ucrania\/","og_locale":"pt_BR","og_type":"article","og_title":"M\u00edsseis russos explodem base mercen\u00e1ria dos EUA - Notibras","og_description":"O Minist\u00e9rio da Defesa da R\u00fassia anunciou neste domingo, 18, ter usado sua artilharia de m\u00edsseis de m\u00e9dio alcance e avi\u00f5es de combate para destruir pontos de apoio dos Estados Unidos na Ucr\u00e2nia. Ao menos 150 militares ucranianos e europeus, junto a mercen\u00e1rios de outros pa\u00edses, morreram na ofensiva. Tamb\u00e9m foi destru\u00eddo um arsenal de [&hellip;]","og_url":"https:\/\/www.notibras.com\/site\/misseis-russos-explodem-base-mercenaria-dos-eua-na-ucrania\/","og_site_name":"Notibras","article_publisher":"https:\/\/www.facebook.com\/notibras\/","article_published_time":"2022-09-18T19:03:27+00:00","article_modified_time":"2022-09-19T09:59:23+00:00","og_image":[{"width":1920,"height":1080,"url":"https:\/\/www.notibras.com\/site\/wp-content\/uploads\/2022\/09\/blackucranoia.webp","type":"image\/webp"}],"author":"Reda\u00e7\u00e3o","twitter_card":"summary_large_image","twitter_creator":"@Notibras","twitter_site":"@Notibras","twitter_misc":{"Escrito por":"Reda\u00e7\u00e3o","Est. tempo de leitura":"2 minutos"},"schema":{"@context":"https:\/\/schema.org","@graph":[{"@type":"Article","@id":"https:\/\/www.notibras.com\/site\/misseis-russos-explodem-base-mercenaria-dos-eua-na-ucrania\/#article","isPartOf":{"@id":"https:\/\/www.notibras.com\/site\/misseis-russos-explodem-base-mercenaria-dos-eua-na-ucrania\/"},"author":{"name":"Reda\u00e7\u00e3o","@id":"https:\/\/www.notibras.com\/site\/#\/schema\/person\/36ab0979449956132d3e5b517ea76ac8"},"headline":"M\u00edsseis russos explodem base mercen\u00e1ria dos EUA","datePublished":"2022-09-18T19:03:27+00:00","dateModified":"2022-09-19T09:59:23+00:00","mainEntityOfPage":{"@id":"https:\/\/www.notibras.com\/site\/misseis-russos-explodem-base-mercenaria-dos-eua-na-ucrania\/"},"wordCount":315,"publisher":{"@id":"https:\/\/www.notibras.com\/site\/#organization"},"image":{"@id":"https:\/\/www.notibras.com\/site\/misseis-russos-explodem-base-mercenaria-dos-eua-na-ucrania\/#primaryimage"},"thumbnailUrl":"https:\/\/www.notibras.com\/site\/wp-content\/uploads\/2022\/09\/blackucranoia.webp","keywords":["capa"],"articleSection":["Apocalipse"],"inLanguage":"pt-BR"},{"@type":"WebPage","@id":"https:\/\/www.notibras.com\/site\/misseis-russos-explodem-base-mercenaria-dos-eua-na-ucrania\/","url":"https:\/\/www.notibras.com\/site\/misseis-russos-explodem-base-mercenaria-dos-eua-na-ucrania\/","name":"M\u00edsseis russos explodem base mercen\u00e1ria dos EUA - Notibras","isPartOf":{"@id":"https:\/\/www.notibras.com\/site\/#website"},"primaryImageOfPage":{"@id":"https:\/\/www.notibras.com\/site\/misseis-russos-explodem-base-mercenaria-dos-eua-na-ucrania\/#primaryimage"},"image":{"@id":"https:\/\/www.notibras.com\/site\/misseis-russos-explodem-base-mercenaria-dos-eua-na-ucrania\/#primaryimage"},"thumbnailUrl":"https:\/\/www.notibras.com\/site\/wp-content\/uploads\/2022\/09\/blackucranoia.webp","datePublished":"2022-09-18T19:03:27+00:00","dateModified":"2022-09-19T09:59:23+00:00","breadcrumb":{"@id":"https:\/\/www.notibras.com\/site\/misseis-russos-explodem-base-mercenaria-dos-eua-na-ucrania\/#breadcrumb"},"inLanguage":"pt-BR","potentialAction":[{"@type":"ReadAction","target":["https:\/\/www.notibras.com\/site\/misseis-russos-explodem-base-mercenaria-dos-eua-na-ucrania\/"]}]},{"@type":"ImageObject","inLanguage":"pt-BR","@id":"https:\/\/www.notibras.com\/site\/misseis-russos-explodem-base-mercenaria-dos-eua-na-ucrania\/#primaryimage","url":"https:\/\/www.notibras.com\/site\/wp-content\/uploads\/2022\/09\/blackucranoia.webp","contentUrl":"https:\/\/www.notibras.com\/site\/wp-content\/uploads\/2022\/09\/blackucranoia.webp","width":1920,"height":1080},{"@type":"BreadcrumbList","@id":"https:\/\/www.notibras.com\/site\/misseis-russos-explodem-base-mercenaria-dos-eua-na-ucrania\/#breadcrumb","itemListElement":[{"@type":"ListItem","position":1,"name":"In\u00edcio","item":"https:\/\/www.notibras.com\/site\/"},{"@type":"ListItem","position":2,"name":"M\u00edsseis russos explodem base mercen\u00e1ria dos EUA"}]},{"@type":"WebSite","@id":"https:\/\/www.notibras.com\/site\/#website","url":"https:\/\/www.notibras.com\/site\/","name":"Notibras","description":"Not\u00edcias de Bras\u00edlia, do Brasil e do Mundo","publisher":{"@id":"https:\/\/www.notibras.com\/site\/#organization"},"potentialAction":[{"@type":"SearchAction","target":{"@type":"EntryPoint","urlTemplate":"https:\/\/www.notibras.com\/site\/?s={search_term_string}"},"query-input":{"@type":"PropertyValueSpecification","valueRequired":true,"valueName":"search_term_string"}}],"inLanguage":"pt-BR"},{"@type":"Organization","@id":"https:\/\/www.notibras.com\/site\/#organization","name":"Grupo Notibras de Comunica\u00e7\u00e3o","url":"https:\/\/www.notibras.com\/site\/","logo":{"@type":"ImageObject","inLanguage":"pt-BR","@id":"https:\/\/www.notibras.com\/site\/#\/schema\/logo\/image\/","url":"https:\/\/www.notibras.com\/site\/wp-content\/uploads\/2023\/01\/notibras23.png","contentUrl":"https:\/\/www.notibras.com\/site\/wp-content\/uploads\/2023\/01\/notibras23.png","width":350,"height":87,"caption":"Grupo Notibras de Comunica\u00e7\u00e3o"},"image":{"@id":"https:\/\/www.notibras.com\/site\/#\/schema\/logo\/image\/"},"sameAs":["https:\/\/www.facebook.com\/notibras\/","https:\/\/x.com\/Notibras","https:\/\/www.instagram.com\/notibras\/"]},{"@type":"Person","@id":"https:\/\/www.notibras.com\/site\/#\/schema\/person\/36ab0979449956132d3e5b517ea76ac8","name":"Reda\u00e7\u00e3o","image":{"@type":"ImageObject","inLanguage":"pt-BR","@id":"https:\/\/secure.gravatar.com\/avatar\/e0a867bdedb85fd243eadf09663511f96fc81e0720a4a42581f334ad4303aa6b?s=96&d=mm&r=g","url":"https:\/\/secure.gravatar.com\/avatar\/e0a867bdedb85fd243eadf09663511f96fc81e0720a4a42581f334ad4303aa6b?s=96&d=mm&r=g","contentUrl":"https:\/\/secure.gravatar.com\/avatar\/e0a867bdedb85fd243eadf09663511f96fc81e0720a4a42581f334ad4303aa6b?s=96&d=mm&r=g","caption":"Reda\u00e7\u00e3o"}}]}},"amp_enabled":true,"_links":{"self":[{"href":"https:\/\/www.notibras.com\/site\/wp-json\/wp\/v2\/posts\/291908","targetHints":{"allow":["GET"]}}],"collection":[{"href":"https:\/\/www.notibras.com\/site\/wp-json\/wp\/v2\/posts"}],"about":[{"href":"https:\/\/www.notibras.com\/site\/wp-json\/wp\/v2\/types\/post"}],"author":[{"embeddable":true,"href":"https:\/\/www.notibras.com\/site\/wp-json\/wp\/v2\/users\/2"}],"replies":[{"embeddable":true,"href":"https:\/\/www.notibras.com\/site\/wp-json\/wp\/v2\/comments?post=291908"}],"version-history":[{"count":4,"href":"https:\/\/www.notibras.com\/site\/wp-json\/wp\/v2\/posts\/291908\/revisions"}],"predecessor-version":[{"id":291929,"href":"https:\/\/www.notibras.com\/site\/wp-json\/wp\/v2\/posts\/291908\/revisions\/291929"}],"wp:featuredmedia":[{"embeddable":true,"href":"https:\/\/www.notibras.com\/site\/wp-json\/wp\/v2\/media\/291909"}],"wp:attachment":[{"href":"https:\/\/www.notibras.com\/site\/wp-json\/wp\/v2\/media?parent=291908"}],"wp:term":[{"taxonomy":"category","embeddable":true,"href":"https:\/\/www.notibras.com\/site\/wp-json\/wp\/v2\/categories?post=291908"},{"taxonomy":"post_tag","embeddable":true,"href":"https:\/\/www.notibras.com\/site\/wp-json\/wp\/v2\/tags?post=291908"}],"curies":[{"name":"wp","href":"https:\/\/api.w.org\/{rel}","templated":true}]}}