{"id":29195,"date":"2014-11-22T18:34:57","date_gmt":"2014-11-22T21:34:57","guid":{"rendered":"http:\/\/www.notibras.com\/site\/?p=29195"},"modified":"2014-11-23T19:12:00","modified_gmt":"2014-11-23T22:12:00","slug":"morre-seu-lunga-o-poeta-da-resposta-ironica-para-as-perguntas-imbecis","status":"publish","type":"post","link":"https:\/\/www.notibras.com\/site\/morre-seu-lunga-o-poeta-da-resposta-ironica-para-as-perguntas-imbecis\/","title":{"rendered":"Morre Seu Lunga, poeta da ironia para perguntas imbecis"},"content":{"rendered":"<p>Joaquim Santos Rodrigues, o &#8220;Seu Lunga&#8221;, morreu neste s\u00e1bado (22) na cidade de Barbalha, no Cariri cearense.\u00a0 &#8220;Seu Lunga&#8221; tinha 87 anos e estava internado no Hospital S\u00e3o Vicente de Paulo h\u00e1 tr\u00eas dias, em Barbalha, por causa de um c\u00e2ncer de es\u00f4fago.<\/p>\n<p>O sepultamento ser\u00e1 neste domingo(23) no Cemit\u00e9rio do Socorro, em Juazeiro do Norte. Comerciante, poeta e repentista ganhou fama no Nordeste pelos causos que citavam seu mau-humor.<\/p>\n<p>&#8220;Seu\u00a0 Lunga&#8221; nasceu no dia 18 de agosto de 1927, no S\u00edtio Gravat\u00e1, na zona rural do munic\u00edpio de Cariria\u00e7u, na Regi\u00e3o do Cariri.\u00a0 Viveu a inf\u00e2ncia com os pais e sete irm\u00e3os no munic\u00edpio de Assar\u00e9, e com 16 anos foi morar em Juazeiro do Norte.<\/p>\n<p>O cearense era um dos mais folcl\u00f3ricos nomes da cultura popular nordestina. Tornou-se personagem de in\u00fameras anedotas por suas respostas ao &#8221;p\u00e9 da letra&#8221;, diretas e intempestivas.<\/p>\n<p>O apelido, recebeu de uma vizinha que passou a cham\u00e1-lo de Calunga que, com o tempo foi reduzido para &#8220;Lunga&#8221;. Casado com dona Carmelita Rodrigues Camilo, era pai de 13 filhos, dos quais, dois morreram.<\/p>\n<blockquote><p>Em entrevista veiculada na TV Verdes Mares em abril de 1996, um morador conta que o prefeito de Juazeiro do Norte precisou construir uma pra\u00e7a e avisou aos moradores das casas que retirassem os ve\u00edculos, j\u00e1 que a pra\u00e7a fecharia o acesso \u00e0s garagens. \u201cSeu Lunga\u201d cismou e disse que n\u00e3o retirava. O resultado \u00e9 que o carro ficou \u201cpreso\u201d na garagem, segundo o morador.<\/p><\/blockquote>\n<p>Perguntado pela rep\u00f3rter se o coment\u00e1rio era verdadeiro, ele respondeu: \u201cTudo no mundo tem jeito. O que n\u00e3o tem jeito \u00e9 esse bando de desocupado que fica inventando est\u00f3ria e fazendo pergunta imbecil\u201d. &#8220;O senhor \u00e9 popular na cidade?&#8221;, pergunta o rep\u00f3rter &#8220;N\u00e3o. \u00c9 que eu n\u00e3o gosto de pergunta imbecil e o povo gosta de fazer pergunta imbecil. Tem de pensar antes de falar. Eu n\u00e3o tenho esse jeito de falar bobagem e de ouvir besteira&#8221;. A entrevista continua: &#8220;O senhor vende tudo aqui, n\u00e3o \u00e9, \u201cSeu Lunga\u201d?&#8221;. O comerciante reponde de pronto:\u00a0 &#8220;N\u00e3o. O mundo n\u00e3o tem tudo, como \u00e9 que voc\u00ea quer que eu venda tudo aqui na minha mercearia?&#8221;<\/p>\n<p>Sobre os pol\u00edticos, \u201cSeu Lunga\u201d tamb\u00e9m tinha opini\u00e3o formada \u00e9 n\u00e3o era das melhores. \u201cNo nosso Brasil t\u00e1 faltando homem de fibra, de car\u00e1ter, homem que fa\u00e7a as coisas de maneira honesta. Esse povo que est\u00e1 a\u00ed no poder, mandando, \u00e9 de fazer vergonha\u201d.<\/p>\n","protected":false},"excerpt":{"rendered":"<p>Joaquim Santos Rodrigues, o &#8220;Seu Lunga&#8221;, morreu neste s\u00e1bado (22) na cidade de Barbalha, no Cariri cearense.\u00a0 &#8220;Seu Lunga&#8221; tinha 87 anos e estava internado no Hospital S\u00e3o Vicente de Paulo h\u00e1 tr\u00eas dias, em Barbalha, por causa de um c\u00e2ncer de es\u00f4fago. O sepultamento ser\u00e1 neste domingo(23) no Cemit\u00e9rio do Socorro, em Juazeiro do [&hellip;]<\/p>\n","protected":false},"author":2,"featured_media":29196,"comment_status":"open","ping_status":"closed","sticky":false,"template":"","format":"standard","meta":{"_acf_changed":false,"footnotes":""},"categories":[16],"tags":[],"class_list":["post-29195","post","type-post","status-publish","format-standard","has-post-thumbnail","hentry","category-brasil"],"acf":[],"yoast_head":"<!-- This site is optimized with the Yoast SEO plugin v27.2 - https:\/\/yoast.com\/product\/yoast-seo-wordpress\/ -->\n<title>Morre Seu Lunga, poeta da ironia para perguntas imbecis - Notibras<\/title>\n<meta name=\"robots\" content=\"index, follow, max-snippet:-1, max-image-preview:large, max-video-preview:-1\" \/>\n<link rel=\"canonical\" href=\"https:\/\/www.notibras.com\/site\/morre-seu-lunga-o-poeta-da-resposta-ironica-para-as-perguntas-imbecis\/\" \/>\n<meta property=\"og:locale\" content=\"pt_BR\" \/>\n<meta property=\"og:type\" content=\"article\" \/>\n<meta property=\"og:title\" content=\"Morre Seu Lunga, poeta da ironia para perguntas imbecis - Notibras\" \/>\n<meta property=\"og:description\" content=\"Joaquim Santos Rodrigues, o &#8220;Seu Lunga&#8221;, morreu neste s\u00e1bado (22) na cidade de Barbalha, no Cariri cearense.\u00a0 &#8220;Seu Lunga&#8221; tinha 87 anos e estava internado no Hospital S\u00e3o Vicente de Paulo h\u00e1 tr\u00eas dias, em Barbalha, por causa de um c\u00e2ncer de es\u00f4fago. O sepultamento ser\u00e1 neste domingo(23) no Cemit\u00e9rio do Socorro, em Juazeiro do [&hellip;]\" \/>\n<meta property=\"og:url\" content=\"https:\/\/www.notibras.com\/site\/morre-seu-lunga-o-poeta-da-resposta-ironica-para-as-perguntas-imbecis\/\" \/>\n<meta property=\"og:site_name\" content=\"Notibras\" \/>\n<meta property=\"article:publisher\" content=\"https:\/\/www.facebook.com\/notibras\/\" \/>\n<meta property=\"article:published_time\" content=\"2014-11-22T21:34:57+00:00\" \/>\n<meta property=\"article:modified_time\" content=\"2014-11-23T22:12:00+00:00\" \/>\n<meta property=\"og:image\" content=\"https:\/\/www.notibras.com\/site\/wp-content\/uploads\/2014\/11\/seu_lunga.jpg\" \/>\n\t<meta property=\"og:image:width\" content=\"620\" \/>\n\t<meta property=\"og:image:height\" content=\"465\" \/>\n\t<meta property=\"og:image:type\" content=\"image\/jpeg\" \/>\n<meta name=\"author\" content=\"Reda\u00e7\u00e3o\" \/>\n<meta name=\"twitter:card\" content=\"summary_large_image\" \/>\n<meta name=\"twitter:creator\" content=\"@Notibras\" \/>\n<meta name=\"twitter:site\" content=\"@Notibras\" \/>\n<meta name=\"twitter:label1\" content=\"Escrito por\" \/>\n\t<meta name=\"twitter:data1\" content=\"Reda\u00e7\u00e3o\" \/>\n\t<meta name=\"twitter:label2\" content=\"Est. tempo de leitura\" \/>\n\t<meta name=\"twitter:data2\" content=\"2 minutos\" \/>\n<script type=\"application\/ld+json\" class=\"yoast-schema-graph\">{\"@context\":\"https:\/\/schema.org\",\"@graph\":[{\"@type\":\"Article\",\"@id\":\"https:\/\/www.notibras.com\/site\/morre-seu-lunga-o-poeta-da-resposta-ironica-para-as-perguntas-imbecis\/#article\",\"isPartOf\":{\"@id\":\"https:\/\/www.notibras.com\/site\/morre-seu-lunga-o-poeta-da-resposta-ironica-para-as-perguntas-imbecis\/\"},\"author\":{\"name\":\"Reda\u00e7\u00e3o\",\"@id\":\"https:\/\/www.notibras.com\/site\/#\/schema\/person\/36ab0979449956132d3e5b517ea76ac8\"},\"headline\":\"Morre Seu Lunga, poeta da ironia para perguntas imbecis\",\"datePublished\":\"2014-11-22T21:34:57+00:00\",\"dateModified\":\"2014-11-23T22:12:00+00:00\",\"mainEntityOfPage\":{\"@id\":\"https:\/\/www.notibras.com\/site\/morre-seu-lunga-o-poeta-da-resposta-ironica-para-as-perguntas-imbecis\/\"},\"wordCount\":432,\"commentCount\":0,\"publisher\":{\"@id\":\"https:\/\/www.notibras.com\/site\/#organization\"},\"image\":{\"@id\":\"https:\/\/www.notibras.com\/site\/morre-seu-lunga-o-poeta-da-resposta-ironica-para-as-perguntas-imbecis\/#primaryimage\"},\"thumbnailUrl\":\"https:\/\/www.notibras.com\/site\/wp-content\/uploads\/2014\/11\/seu_lunga.jpg\",\"articleSection\":[\"Brasil\"],\"inLanguage\":\"pt-BR\",\"potentialAction\":[{\"@type\":\"CommentAction\",\"name\":\"Comment\",\"target\":[\"https:\/\/www.notibras.com\/site\/morre-seu-lunga-o-poeta-da-resposta-ironica-para-as-perguntas-imbecis\/#respond\"]}]},{\"@type\":\"WebPage\",\"@id\":\"https:\/\/www.notibras.com\/site\/morre-seu-lunga-o-poeta-da-resposta-ironica-para-as-perguntas-imbecis\/\",\"url\":\"https:\/\/www.notibras.com\/site\/morre-seu-lunga-o-poeta-da-resposta-ironica-para-as-perguntas-imbecis\/\",\"name\":\"Morre Seu Lunga, poeta da ironia para perguntas imbecis - Notibras\",\"isPartOf\":{\"@id\":\"https:\/\/www.notibras.com\/site\/#website\"},\"primaryImageOfPage\":{\"@id\":\"https:\/\/www.notibras.com\/site\/morre-seu-lunga-o-poeta-da-resposta-ironica-para-as-perguntas-imbecis\/#primaryimage\"},\"image\":{\"@id\":\"https:\/\/www.notibras.com\/site\/morre-seu-lunga-o-poeta-da-resposta-ironica-para-as-perguntas-imbecis\/#primaryimage\"},\"thumbnailUrl\":\"https:\/\/www.notibras.com\/site\/wp-content\/uploads\/2014\/11\/seu_lunga.jpg\",\"datePublished\":\"2014-11-22T21:34:57+00:00\",\"dateModified\":\"2014-11-23T22:12:00+00:00\",\"breadcrumb\":{\"@id\":\"https:\/\/www.notibras.com\/site\/morre-seu-lunga-o-poeta-da-resposta-ironica-para-as-perguntas-imbecis\/#breadcrumb\"},\"inLanguage\":\"pt-BR\",\"potentialAction\":[{\"@type\":\"ReadAction\",\"target\":[\"https:\/\/www.notibras.com\/site\/morre-seu-lunga-o-poeta-da-resposta-ironica-para-as-perguntas-imbecis\/\"]}]},{\"@type\":\"ImageObject\",\"inLanguage\":\"pt-BR\",\"@id\":\"https:\/\/www.notibras.com\/site\/morre-seu-lunga-o-poeta-da-resposta-ironica-para-as-perguntas-imbecis\/#primaryimage\",\"url\":\"https:\/\/www.notibras.com\/site\/wp-content\/uploads\/2014\/11\/seu_lunga.jpg\",\"contentUrl\":\"https:\/\/www.notibras.com\/site\/wp-content\/uploads\/2014\/11\/seu_lunga.jpg\",\"width\":620,\"height\":465},{\"@type\":\"BreadcrumbList\",\"@id\":\"https:\/\/www.notibras.com\/site\/morre-seu-lunga-o-poeta-da-resposta-ironica-para-as-perguntas-imbecis\/#breadcrumb\",\"itemListElement\":[{\"@type\":\"ListItem\",\"position\":1,\"name\":\"In\u00edcio\",\"item\":\"https:\/\/www.notibras.com\/site\/\"},{\"@type\":\"ListItem\",\"position\":2,\"name\":\"Morre Seu Lunga, poeta da ironia para perguntas imbecis\"}]},{\"@type\":\"WebSite\",\"@id\":\"https:\/\/www.notibras.com\/site\/#website\",\"url\":\"https:\/\/www.notibras.com\/site\/\",\"name\":\"Notibras\",\"description\":\"Not\u00edcias de Bras\u00edlia, do Brasil e do Mundo\",\"publisher\":{\"@id\":\"https:\/\/www.notibras.com\/site\/#organization\"},\"potentialAction\":[{\"@type\":\"SearchAction\",\"target\":{\"@type\":\"EntryPoint\",\"urlTemplate\":\"https:\/\/www.notibras.com\/site\/?s={search_term_string}\"},\"query-input\":{\"@type\":\"PropertyValueSpecification\",\"valueRequired\":true,\"valueName\":\"search_term_string\"}}],\"inLanguage\":\"pt-BR\"},{\"@type\":\"Organization\",\"@id\":\"https:\/\/www.notibras.com\/site\/#organization\",\"name\":\"Grupo Notibras de Comunica\u00e7\u00e3o\",\"url\":\"https:\/\/www.notibras.com\/site\/\",\"logo\":{\"@type\":\"ImageObject\",\"inLanguage\":\"pt-BR\",\"@id\":\"https:\/\/www.notibras.com\/site\/#\/schema\/logo\/image\/\",\"url\":\"https:\/\/www.notibras.com\/site\/wp-content\/uploads\/2023\/01\/notibras23.png\",\"contentUrl\":\"https:\/\/www.notibras.com\/site\/wp-content\/uploads\/2023\/01\/notibras23.png\",\"width\":350,\"height\":87,\"caption\":\"Grupo Notibras de Comunica\u00e7\u00e3o\"},\"image\":{\"@id\":\"https:\/\/www.notibras.com\/site\/#\/schema\/logo\/image\/\"},\"sameAs\":[\"https:\/\/www.facebook.com\/notibras\/\",\"https:\/\/x.com\/Notibras\",\"https:\/\/www.instagram.com\/notibras\/\"]},{\"@type\":\"Person\",\"@id\":\"https:\/\/www.notibras.com\/site\/#\/schema\/person\/36ab0979449956132d3e5b517ea76ac8\",\"name\":\"Reda\u00e7\u00e3o\",\"image\":{\"@type\":\"ImageObject\",\"inLanguage\":\"pt-BR\",\"@id\":\"https:\/\/secure.gravatar.com\/avatar\/e0a867bdedb85fd243eadf09663511f96fc81e0720a4a42581f334ad4303aa6b?s=96&d=mm&r=g\",\"url\":\"https:\/\/secure.gravatar.com\/avatar\/e0a867bdedb85fd243eadf09663511f96fc81e0720a4a42581f334ad4303aa6b?s=96&d=mm&r=g\",\"contentUrl\":\"https:\/\/secure.gravatar.com\/avatar\/e0a867bdedb85fd243eadf09663511f96fc81e0720a4a42581f334ad4303aa6b?s=96&d=mm&r=g\",\"caption\":\"Reda\u00e7\u00e3o\"}}]}<\/script>\n<!-- \/ Yoast SEO plugin. -->","yoast_head_json":{"title":"Morre Seu Lunga, poeta da ironia para perguntas imbecis - Notibras","robots":{"index":"index","follow":"follow","max-snippet":"max-snippet:-1","max-image-preview":"max-image-preview:large","max-video-preview":"max-video-preview:-1"},"canonical":"https:\/\/www.notibras.com\/site\/morre-seu-lunga-o-poeta-da-resposta-ironica-para-as-perguntas-imbecis\/","og_locale":"pt_BR","og_type":"article","og_title":"Morre Seu Lunga, poeta da ironia para perguntas imbecis - Notibras","og_description":"Joaquim Santos Rodrigues, o &#8220;Seu Lunga&#8221;, morreu neste s\u00e1bado (22) na cidade de Barbalha, no Cariri cearense.\u00a0 &#8220;Seu Lunga&#8221; tinha 87 anos e estava internado no Hospital S\u00e3o Vicente de Paulo h\u00e1 tr\u00eas dias, em Barbalha, por causa de um c\u00e2ncer de es\u00f4fago. O sepultamento ser\u00e1 neste domingo(23) no Cemit\u00e9rio do Socorro, em Juazeiro do [&hellip;]","og_url":"https:\/\/www.notibras.com\/site\/morre-seu-lunga-o-poeta-da-resposta-ironica-para-as-perguntas-imbecis\/","og_site_name":"Notibras","article_publisher":"https:\/\/www.facebook.com\/notibras\/","article_published_time":"2014-11-22T21:34:57+00:00","article_modified_time":"2014-11-23T22:12:00+00:00","og_image":[{"width":620,"height":465,"url":"https:\/\/www.notibras.com\/site\/wp-content\/uploads\/2014\/11\/seu_lunga.jpg","type":"image\/jpeg"}],"author":"Reda\u00e7\u00e3o","twitter_card":"summary_large_image","twitter_creator":"@Notibras","twitter_site":"@Notibras","twitter_misc":{"Escrito por":"Reda\u00e7\u00e3o","Est. tempo de leitura":"2 minutos"},"schema":{"@context":"https:\/\/schema.org","@graph":[{"@type":"Article","@id":"https:\/\/www.notibras.com\/site\/morre-seu-lunga-o-poeta-da-resposta-ironica-para-as-perguntas-imbecis\/#article","isPartOf":{"@id":"https:\/\/www.notibras.com\/site\/morre-seu-lunga-o-poeta-da-resposta-ironica-para-as-perguntas-imbecis\/"},"author":{"name":"Reda\u00e7\u00e3o","@id":"https:\/\/www.notibras.com\/site\/#\/schema\/person\/36ab0979449956132d3e5b517ea76ac8"},"headline":"Morre Seu Lunga, poeta da ironia para perguntas imbecis","datePublished":"2014-11-22T21:34:57+00:00","dateModified":"2014-11-23T22:12:00+00:00","mainEntityOfPage":{"@id":"https:\/\/www.notibras.com\/site\/morre-seu-lunga-o-poeta-da-resposta-ironica-para-as-perguntas-imbecis\/"},"wordCount":432,"commentCount":0,"publisher":{"@id":"https:\/\/www.notibras.com\/site\/#organization"},"image":{"@id":"https:\/\/www.notibras.com\/site\/morre-seu-lunga-o-poeta-da-resposta-ironica-para-as-perguntas-imbecis\/#primaryimage"},"thumbnailUrl":"https:\/\/www.notibras.com\/site\/wp-content\/uploads\/2014\/11\/seu_lunga.jpg","articleSection":["Brasil"],"inLanguage":"pt-BR","potentialAction":[{"@type":"CommentAction","name":"Comment","target":["https:\/\/www.notibras.com\/site\/morre-seu-lunga-o-poeta-da-resposta-ironica-para-as-perguntas-imbecis\/#respond"]}]},{"@type":"WebPage","@id":"https:\/\/www.notibras.com\/site\/morre-seu-lunga-o-poeta-da-resposta-ironica-para-as-perguntas-imbecis\/","url":"https:\/\/www.notibras.com\/site\/morre-seu-lunga-o-poeta-da-resposta-ironica-para-as-perguntas-imbecis\/","name":"Morre Seu Lunga, poeta da ironia para perguntas imbecis - Notibras","isPartOf":{"@id":"https:\/\/www.notibras.com\/site\/#website"},"primaryImageOfPage":{"@id":"https:\/\/www.notibras.com\/site\/morre-seu-lunga-o-poeta-da-resposta-ironica-para-as-perguntas-imbecis\/#primaryimage"},"image":{"@id":"https:\/\/www.notibras.com\/site\/morre-seu-lunga-o-poeta-da-resposta-ironica-para-as-perguntas-imbecis\/#primaryimage"},"thumbnailUrl":"https:\/\/www.notibras.com\/site\/wp-content\/uploads\/2014\/11\/seu_lunga.jpg","datePublished":"2014-11-22T21:34:57+00:00","dateModified":"2014-11-23T22:12:00+00:00","breadcrumb":{"@id":"https:\/\/www.notibras.com\/site\/morre-seu-lunga-o-poeta-da-resposta-ironica-para-as-perguntas-imbecis\/#breadcrumb"},"inLanguage":"pt-BR","potentialAction":[{"@type":"ReadAction","target":["https:\/\/www.notibras.com\/site\/morre-seu-lunga-o-poeta-da-resposta-ironica-para-as-perguntas-imbecis\/"]}]},{"@type":"ImageObject","inLanguage":"pt-BR","@id":"https:\/\/www.notibras.com\/site\/morre-seu-lunga-o-poeta-da-resposta-ironica-para-as-perguntas-imbecis\/#primaryimage","url":"https:\/\/www.notibras.com\/site\/wp-content\/uploads\/2014\/11\/seu_lunga.jpg","contentUrl":"https:\/\/www.notibras.com\/site\/wp-content\/uploads\/2014\/11\/seu_lunga.jpg","width":620,"height":465},{"@type":"BreadcrumbList","@id":"https:\/\/www.notibras.com\/site\/morre-seu-lunga-o-poeta-da-resposta-ironica-para-as-perguntas-imbecis\/#breadcrumb","itemListElement":[{"@type":"ListItem","position":1,"name":"In\u00edcio","item":"https:\/\/www.notibras.com\/site\/"},{"@type":"ListItem","position":2,"name":"Morre Seu Lunga, poeta da ironia para perguntas imbecis"}]},{"@type":"WebSite","@id":"https:\/\/www.notibras.com\/site\/#website","url":"https:\/\/www.notibras.com\/site\/","name":"Notibras","description":"Not\u00edcias de Bras\u00edlia, do Brasil e do Mundo","publisher":{"@id":"https:\/\/www.notibras.com\/site\/#organization"},"potentialAction":[{"@type":"SearchAction","target":{"@type":"EntryPoint","urlTemplate":"https:\/\/www.notibras.com\/site\/?s={search_term_string}"},"query-input":{"@type":"PropertyValueSpecification","valueRequired":true,"valueName":"search_term_string"}}],"inLanguage":"pt-BR"},{"@type":"Organization","@id":"https:\/\/www.notibras.com\/site\/#organization","name":"Grupo Notibras de Comunica\u00e7\u00e3o","url":"https:\/\/www.notibras.com\/site\/","logo":{"@type":"ImageObject","inLanguage":"pt-BR","@id":"https:\/\/www.notibras.com\/site\/#\/schema\/logo\/image\/","url":"https:\/\/www.notibras.com\/site\/wp-content\/uploads\/2023\/01\/notibras23.png","contentUrl":"https:\/\/www.notibras.com\/site\/wp-content\/uploads\/2023\/01\/notibras23.png","width":350,"height":87,"caption":"Grupo Notibras de Comunica\u00e7\u00e3o"},"image":{"@id":"https:\/\/www.notibras.com\/site\/#\/schema\/logo\/image\/"},"sameAs":["https:\/\/www.facebook.com\/notibras\/","https:\/\/x.com\/Notibras","https:\/\/www.instagram.com\/notibras\/"]},{"@type":"Person","@id":"https:\/\/www.notibras.com\/site\/#\/schema\/person\/36ab0979449956132d3e5b517ea76ac8","name":"Reda\u00e7\u00e3o","image":{"@type":"ImageObject","inLanguage":"pt-BR","@id":"https:\/\/secure.gravatar.com\/avatar\/e0a867bdedb85fd243eadf09663511f96fc81e0720a4a42581f334ad4303aa6b?s=96&d=mm&r=g","url":"https:\/\/secure.gravatar.com\/avatar\/e0a867bdedb85fd243eadf09663511f96fc81e0720a4a42581f334ad4303aa6b?s=96&d=mm&r=g","contentUrl":"https:\/\/secure.gravatar.com\/avatar\/e0a867bdedb85fd243eadf09663511f96fc81e0720a4a42581f334ad4303aa6b?s=96&d=mm&r=g","caption":"Reda\u00e7\u00e3o"}}]}},"amp_enabled":true,"_links":{"self":[{"href":"https:\/\/www.notibras.com\/site\/wp-json\/wp\/v2\/posts\/29195","targetHints":{"allow":["GET"]}}],"collection":[{"href":"https:\/\/www.notibras.com\/site\/wp-json\/wp\/v2\/posts"}],"about":[{"href":"https:\/\/www.notibras.com\/site\/wp-json\/wp\/v2\/types\/post"}],"author":[{"embeddable":true,"href":"https:\/\/www.notibras.com\/site\/wp-json\/wp\/v2\/users\/2"}],"replies":[{"embeddable":true,"href":"https:\/\/www.notibras.com\/site\/wp-json\/wp\/v2\/comments?post=29195"}],"version-history":[{"count":0,"href":"https:\/\/www.notibras.com\/site\/wp-json\/wp\/v2\/posts\/29195\/revisions"}],"wp:featuredmedia":[{"embeddable":true,"href":"https:\/\/www.notibras.com\/site\/wp-json\/wp\/v2\/media\/29196"}],"wp:attachment":[{"href":"https:\/\/www.notibras.com\/site\/wp-json\/wp\/v2\/media?parent=29195"}],"wp:term":[{"taxonomy":"category","embeddable":true,"href":"https:\/\/www.notibras.com\/site\/wp-json\/wp\/v2\/categories?post=29195"},{"taxonomy":"post_tag","embeddable":true,"href":"https:\/\/www.notibras.com\/site\/wp-json\/wp\/v2\/tags?post=29195"}],"curies":[{"name":"wp","href":"https:\/\/api.w.org\/{rel}","templated":true}]}}