{"id":29210,"date":"2014-11-22T20:28:44","date_gmt":"2014-11-22T23:28:44","guid":{"rendered":"http:\/\/www.notibras.com\/site\/?p=29210"},"modified":"2014-11-22T22:30:52","modified_gmt":"2014-11-23T01:30:52","slug":"bahia-perde-em-casa-e-fica-na-marca-do-penalti-para-segundona","status":"publish","type":"post","link":"https:\/\/www.notibras.com\/site\/bahia-perde-em-casa-e-fica-na-marca-do-penalti-para-segundona\/","title":{"rendered":"Bahia perde em casa e fica na marca do p\u00eanalti para Segundona"},"content":{"rendered":"<p>Ficou muito dif\u00edcil para o Bahia. Mesmo apoiado pela sua torcida na Arena Fonte Nova, o time tricolor perdeu de 2 a 1 para o Atl\u00e9tico-PR neste s\u00e1bado e agora pode ser rebaixado j\u00e1 no domingo, dependendo dos resultados desta 36\u00aa rodada da S\u00e9rie A do Campeonato Brasileiro.<\/p>\n<p>Com o resultado, o Bahia estacionou nos 34 pontos e desta forma s\u00f3 pode chegar aos 40 ao final da competi\u00e7\u00e3o. Portanto, caso Vit\u00f3ria (16\u00ba, com 38) e Chapecoense (15\u00ba, com 39) ven\u00e7am suas partidas neste domingo, a equipe tricolor n\u00e3o ter\u00e1 mais chances de permanecer na elite.<\/p>\n<p>As redes s\u00f3 foram balan\u00e7ar na Arena Fonte Nova no segundo tempo. Algumas chances at\u00e9 foram criadas na etapa inicial, mas na melhor delas Marcos Guilherme, cara a cara com Marcelo Lomba, finalizou para fora. O Atl\u00e9tico-PR assustou na maioria das vezes em contra-ataques, enquanto o Bahia, apesar da maior posse de bola, n\u00e3o chegou com muito perigo.<\/p>\n<p>Mas depois do intervalo a hist\u00f3ria mudou. E aos 16min o Atl\u00e9tico-PR abriu o placar, para desespero da torcida que compareceu em bom n\u00famero \u00e0 Fonte Nova (cerca de 15 mil). Depois de escanteio cobrado por Natanael, Willian Rocha tentou de cabe\u00e7a e a bola bateu no ombro de Fahel para depois seguir para as redes. 1 a 0. Dez minutos depois, mais Atl\u00e9tico-PR.<\/p>\n<p>Bady recebeu na entrada da \u00e1rea, fez a finta e chutou forte para vencer Marcelo Lomba. 2 a 0. Dois minutos depois, o Bahia conseguiu diminuir ap\u00f3s cruzamento de William Barbio \u2013 que havia entrado na segunda etapa \u2013 e finaliza\u00e7\u00e3o de Henrique. Mas a rea\u00e7\u00e3o do time tricolor, apesar do apoio da torcida, parou por a\u00ed. E a S\u00e9rie B ficou ainda mais pr\u00f3xima.<\/p>\n","protected":false},"excerpt":{"rendered":"<p>Ficou muito dif\u00edcil para o Bahia. Mesmo apoiado pela sua torcida na Arena Fonte Nova, o time tricolor perdeu de 2 a 1 para o Atl\u00e9tico-PR neste s\u00e1bado e agora pode ser rebaixado j\u00e1 no domingo, dependendo dos resultados desta 36\u00aa rodada da S\u00e9rie A do Campeonato Brasileiro. Com o resultado, o Bahia estacionou nos [&hellip;]<\/p>\n","protected":false},"author":2,"featured_media":29211,"comment_status":"open","ping_status":"closed","sticky":false,"template":"","format":"standard","meta":{"_acf_changed":false,"footnotes":""},"categories":[19,29],"tags":[],"class_list":["post-29210","post","type-post","status-publish","format-standard","has-post-thumbnail","hentry","category-esportes","category-futebol"],"acf":[],"yoast_head":"<!-- This site is optimized with the Yoast SEO plugin v27.2 - https:\/\/yoast.com\/product\/yoast-seo-wordpress\/ -->\n<title>Bahia perde em casa e fica na marca do p\u00eanalti para Segundona - Notibras<\/title>\n<meta name=\"robots\" content=\"index, follow, max-snippet:-1, max-image-preview:large, max-video-preview:-1\" \/>\n<link rel=\"canonical\" href=\"https:\/\/www.notibras.com\/site\/bahia-perde-em-casa-e-fica-na-marca-do-penalti-para-segundona\/\" \/>\n<meta property=\"og:locale\" content=\"pt_BR\" \/>\n<meta property=\"og:type\" content=\"article\" \/>\n<meta property=\"og:title\" content=\"Bahia perde em casa e fica na marca do p\u00eanalti para Segundona - Notibras\" \/>\n<meta property=\"og:description\" content=\"Ficou muito dif\u00edcil para o Bahia. Mesmo apoiado pela sua torcida na Arena Fonte Nova, o time tricolor perdeu de 2 a 1 para o Atl\u00e9tico-PR neste s\u00e1bado e agora pode ser rebaixado j\u00e1 no domingo, dependendo dos resultados desta 36\u00aa rodada da S\u00e9rie A do Campeonato Brasileiro. Com o resultado, o Bahia estacionou nos [&hellip;]\" \/>\n<meta property=\"og:url\" content=\"https:\/\/www.notibras.com\/site\/bahia-perde-em-casa-e-fica-na-marca-do-penalti-para-segundona\/\" \/>\n<meta property=\"og:site_name\" content=\"Notibras\" \/>\n<meta property=\"article:publisher\" content=\"https:\/\/www.facebook.com\/notibras\/\" \/>\n<meta property=\"article:published_time\" content=\"2014-11-22T23:28:44+00:00\" \/>\n<meta property=\"article:modified_time\" content=\"2014-11-23T01:30:52+00:00\" \/>\n<meta property=\"og:image\" content=\"https:\/\/www.notibras.com\/site\/wp-content\/uploads\/2014\/11\/ba.jpg\" \/>\n\t<meta property=\"og:image:width\" content=\"460\" \/>\n\t<meta property=\"og:image:height\" content=\"340\" \/>\n\t<meta property=\"og:image:type\" content=\"image\/jpeg\" \/>\n<meta name=\"author\" content=\"Reda\u00e7\u00e3o\" \/>\n<meta name=\"twitter:card\" content=\"summary_large_image\" \/>\n<meta name=\"twitter:creator\" content=\"@Notibras\" \/>\n<meta name=\"twitter:site\" content=\"@Notibras\" \/>\n<meta name=\"twitter:label1\" content=\"Escrito por\" \/>\n\t<meta name=\"twitter:data1\" content=\"Reda\u00e7\u00e3o\" \/>\n\t<meta name=\"twitter:label2\" content=\"Est. tempo de leitura\" \/>\n\t<meta name=\"twitter:data2\" content=\"1 minuto\" \/>\n<script type=\"application\/ld+json\" class=\"yoast-schema-graph\">{\"@context\":\"https:\/\/schema.org\",\"@graph\":[{\"@type\":\"Article\",\"@id\":\"https:\/\/www.notibras.com\/site\/bahia-perde-em-casa-e-fica-na-marca-do-penalti-para-segundona\/#article\",\"isPartOf\":{\"@id\":\"https:\/\/www.notibras.com\/site\/bahia-perde-em-casa-e-fica-na-marca-do-penalti-para-segundona\/\"},\"author\":{\"name\":\"Reda\u00e7\u00e3o\",\"@id\":\"https:\/\/www.notibras.com\/site\/#\/schema\/person\/36ab0979449956132d3e5b517ea76ac8\"},\"headline\":\"Bahia perde em casa e fica na marca do p\u00eanalti para Segundona\",\"datePublished\":\"2014-11-22T23:28:44+00:00\",\"dateModified\":\"2014-11-23T01:30:52+00:00\",\"mainEntityOfPage\":{\"@id\":\"https:\/\/www.notibras.com\/site\/bahia-perde-em-casa-e-fica-na-marca-do-penalti-para-segundona\/\"},\"wordCount\":300,\"commentCount\":0,\"publisher\":{\"@id\":\"https:\/\/www.notibras.com\/site\/#organization\"},\"image\":{\"@id\":\"https:\/\/www.notibras.com\/site\/bahia-perde-em-casa-e-fica-na-marca-do-penalti-para-segundona\/#primaryimage\"},\"thumbnailUrl\":\"https:\/\/www.notibras.com\/site\/wp-content\/uploads\/2014\/11\/ba.jpg\",\"articleSection\":[\"Esportes\",\"Futebol\"],\"inLanguage\":\"pt-BR\",\"potentialAction\":[{\"@type\":\"CommentAction\",\"name\":\"Comment\",\"target\":[\"https:\/\/www.notibras.com\/site\/bahia-perde-em-casa-e-fica-na-marca-do-penalti-para-segundona\/#respond\"]}]},{\"@type\":\"WebPage\",\"@id\":\"https:\/\/www.notibras.com\/site\/bahia-perde-em-casa-e-fica-na-marca-do-penalti-para-segundona\/\",\"url\":\"https:\/\/www.notibras.com\/site\/bahia-perde-em-casa-e-fica-na-marca-do-penalti-para-segundona\/\",\"name\":\"Bahia perde em casa e fica na marca do p\u00eanalti para Segundona - Notibras\",\"isPartOf\":{\"@id\":\"https:\/\/www.notibras.com\/site\/#website\"},\"primaryImageOfPage\":{\"@id\":\"https:\/\/www.notibras.com\/site\/bahia-perde-em-casa-e-fica-na-marca-do-penalti-para-segundona\/#primaryimage\"},\"image\":{\"@id\":\"https:\/\/www.notibras.com\/site\/bahia-perde-em-casa-e-fica-na-marca-do-penalti-para-segundona\/#primaryimage\"},\"thumbnailUrl\":\"https:\/\/www.notibras.com\/site\/wp-content\/uploads\/2014\/11\/ba.jpg\",\"datePublished\":\"2014-11-22T23:28:44+00:00\",\"dateModified\":\"2014-11-23T01:30:52+00:00\",\"breadcrumb\":{\"@id\":\"https:\/\/www.notibras.com\/site\/bahia-perde-em-casa-e-fica-na-marca-do-penalti-para-segundona\/#breadcrumb\"},\"inLanguage\":\"pt-BR\",\"potentialAction\":[{\"@type\":\"ReadAction\",\"target\":[\"https:\/\/www.notibras.com\/site\/bahia-perde-em-casa-e-fica-na-marca-do-penalti-para-segundona\/\"]}]},{\"@type\":\"ImageObject\",\"inLanguage\":\"pt-BR\",\"@id\":\"https:\/\/www.notibras.com\/site\/bahia-perde-em-casa-e-fica-na-marca-do-penalti-para-segundona\/#primaryimage\",\"url\":\"https:\/\/www.notibras.com\/site\/wp-content\/uploads\/2014\/11\/ba.jpg\",\"contentUrl\":\"https:\/\/www.notibras.com\/site\/wp-content\/uploads\/2014\/11\/ba.jpg\",\"width\":460,\"height\":340},{\"@type\":\"BreadcrumbList\",\"@id\":\"https:\/\/www.notibras.com\/site\/bahia-perde-em-casa-e-fica-na-marca-do-penalti-para-segundona\/#breadcrumb\",\"itemListElement\":[{\"@type\":\"ListItem\",\"position\":1,\"name\":\"In\u00edcio\",\"item\":\"https:\/\/www.notibras.com\/site\/\"},{\"@type\":\"ListItem\",\"position\":2,\"name\":\"Bahia perde em casa e fica na marca do p\u00eanalti para Segundona\"}]},{\"@type\":\"WebSite\",\"@id\":\"https:\/\/www.notibras.com\/site\/#website\",\"url\":\"https:\/\/www.notibras.com\/site\/\",\"name\":\"Notibras\",\"description\":\"Not\u00edcias de Bras\u00edlia, do Brasil e do Mundo\",\"publisher\":{\"@id\":\"https:\/\/www.notibras.com\/site\/#organization\"},\"potentialAction\":[{\"@type\":\"SearchAction\",\"target\":{\"@type\":\"EntryPoint\",\"urlTemplate\":\"https:\/\/www.notibras.com\/site\/?s={search_term_string}\"},\"query-input\":{\"@type\":\"PropertyValueSpecification\",\"valueRequired\":true,\"valueName\":\"search_term_string\"}}],\"inLanguage\":\"pt-BR\"},{\"@type\":\"Organization\",\"@id\":\"https:\/\/www.notibras.com\/site\/#organization\",\"name\":\"Grupo Notibras de Comunica\u00e7\u00e3o\",\"url\":\"https:\/\/www.notibras.com\/site\/\",\"logo\":{\"@type\":\"ImageObject\",\"inLanguage\":\"pt-BR\",\"@id\":\"https:\/\/www.notibras.com\/site\/#\/schema\/logo\/image\/\",\"url\":\"https:\/\/www.notibras.com\/site\/wp-content\/uploads\/2023\/01\/notibras23.png\",\"contentUrl\":\"https:\/\/www.notibras.com\/site\/wp-content\/uploads\/2023\/01\/notibras23.png\",\"width\":350,\"height\":87,\"caption\":\"Grupo Notibras de Comunica\u00e7\u00e3o\"},\"image\":{\"@id\":\"https:\/\/www.notibras.com\/site\/#\/schema\/logo\/image\/\"},\"sameAs\":[\"https:\/\/www.facebook.com\/notibras\/\",\"https:\/\/x.com\/Notibras\",\"https:\/\/www.instagram.com\/notibras\/\"]},{\"@type\":\"Person\",\"@id\":\"https:\/\/www.notibras.com\/site\/#\/schema\/person\/36ab0979449956132d3e5b517ea76ac8\",\"name\":\"Reda\u00e7\u00e3o\",\"image\":{\"@type\":\"ImageObject\",\"inLanguage\":\"pt-BR\",\"@id\":\"https:\/\/secure.gravatar.com\/avatar\/e0a867bdedb85fd243eadf09663511f96fc81e0720a4a42581f334ad4303aa6b?s=96&d=mm&r=g\",\"url\":\"https:\/\/secure.gravatar.com\/avatar\/e0a867bdedb85fd243eadf09663511f96fc81e0720a4a42581f334ad4303aa6b?s=96&d=mm&r=g\",\"contentUrl\":\"https:\/\/secure.gravatar.com\/avatar\/e0a867bdedb85fd243eadf09663511f96fc81e0720a4a42581f334ad4303aa6b?s=96&d=mm&r=g\",\"caption\":\"Reda\u00e7\u00e3o\"}}]}<\/script>\n<!-- \/ Yoast SEO plugin. -->","yoast_head_json":{"title":"Bahia perde em casa e fica na marca do p\u00eanalti para Segundona - Notibras","robots":{"index":"index","follow":"follow","max-snippet":"max-snippet:-1","max-image-preview":"max-image-preview:large","max-video-preview":"max-video-preview:-1"},"canonical":"https:\/\/www.notibras.com\/site\/bahia-perde-em-casa-e-fica-na-marca-do-penalti-para-segundona\/","og_locale":"pt_BR","og_type":"article","og_title":"Bahia perde em casa e fica na marca do p\u00eanalti para Segundona - Notibras","og_description":"Ficou muito dif\u00edcil para o Bahia. Mesmo apoiado pela sua torcida na Arena Fonte Nova, o time tricolor perdeu de 2 a 1 para o Atl\u00e9tico-PR neste s\u00e1bado e agora pode ser rebaixado j\u00e1 no domingo, dependendo dos resultados desta 36\u00aa rodada da S\u00e9rie A do Campeonato Brasileiro. Com o resultado, o Bahia estacionou nos [&hellip;]","og_url":"https:\/\/www.notibras.com\/site\/bahia-perde-em-casa-e-fica-na-marca-do-penalti-para-segundona\/","og_site_name":"Notibras","article_publisher":"https:\/\/www.facebook.com\/notibras\/","article_published_time":"2014-11-22T23:28:44+00:00","article_modified_time":"2014-11-23T01:30:52+00:00","og_image":[{"width":460,"height":340,"url":"https:\/\/www.notibras.com\/site\/wp-content\/uploads\/2014\/11\/ba.jpg","type":"image\/jpeg"}],"author":"Reda\u00e7\u00e3o","twitter_card":"summary_large_image","twitter_creator":"@Notibras","twitter_site":"@Notibras","twitter_misc":{"Escrito por":"Reda\u00e7\u00e3o","Est. tempo de leitura":"1 minuto"},"schema":{"@context":"https:\/\/schema.org","@graph":[{"@type":"Article","@id":"https:\/\/www.notibras.com\/site\/bahia-perde-em-casa-e-fica-na-marca-do-penalti-para-segundona\/#article","isPartOf":{"@id":"https:\/\/www.notibras.com\/site\/bahia-perde-em-casa-e-fica-na-marca-do-penalti-para-segundona\/"},"author":{"name":"Reda\u00e7\u00e3o","@id":"https:\/\/www.notibras.com\/site\/#\/schema\/person\/36ab0979449956132d3e5b517ea76ac8"},"headline":"Bahia perde em casa e fica na marca do p\u00eanalti para Segundona","datePublished":"2014-11-22T23:28:44+00:00","dateModified":"2014-11-23T01:30:52+00:00","mainEntityOfPage":{"@id":"https:\/\/www.notibras.com\/site\/bahia-perde-em-casa-e-fica-na-marca-do-penalti-para-segundona\/"},"wordCount":300,"commentCount":0,"publisher":{"@id":"https:\/\/www.notibras.com\/site\/#organization"},"image":{"@id":"https:\/\/www.notibras.com\/site\/bahia-perde-em-casa-e-fica-na-marca-do-penalti-para-segundona\/#primaryimage"},"thumbnailUrl":"https:\/\/www.notibras.com\/site\/wp-content\/uploads\/2014\/11\/ba.jpg","articleSection":["Esportes","Futebol"],"inLanguage":"pt-BR","potentialAction":[{"@type":"CommentAction","name":"Comment","target":["https:\/\/www.notibras.com\/site\/bahia-perde-em-casa-e-fica-na-marca-do-penalti-para-segundona\/#respond"]}]},{"@type":"WebPage","@id":"https:\/\/www.notibras.com\/site\/bahia-perde-em-casa-e-fica-na-marca-do-penalti-para-segundona\/","url":"https:\/\/www.notibras.com\/site\/bahia-perde-em-casa-e-fica-na-marca-do-penalti-para-segundona\/","name":"Bahia perde em casa e fica na marca do p\u00eanalti para Segundona - Notibras","isPartOf":{"@id":"https:\/\/www.notibras.com\/site\/#website"},"primaryImageOfPage":{"@id":"https:\/\/www.notibras.com\/site\/bahia-perde-em-casa-e-fica-na-marca-do-penalti-para-segundona\/#primaryimage"},"image":{"@id":"https:\/\/www.notibras.com\/site\/bahia-perde-em-casa-e-fica-na-marca-do-penalti-para-segundona\/#primaryimage"},"thumbnailUrl":"https:\/\/www.notibras.com\/site\/wp-content\/uploads\/2014\/11\/ba.jpg","datePublished":"2014-11-22T23:28:44+00:00","dateModified":"2014-11-23T01:30:52+00:00","breadcrumb":{"@id":"https:\/\/www.notibras.com\/site\/bahia-perde-em-casa-e-fica-na-marca-do-penalti-para-segundona\/#breadcrumb"},"inLanguage":"pt-BR","potentialAction":[{"@type":"ReadAction","target":["https:\/\/www.notibras.com\/site\/bahia-perde-em-casa-e-fica-na-marca-do-penalti-para-segundona\/"]}]},{"@type":"ImageObject","inLanguage":"pt-BR","@id":"https:\/\/www.notibras.com\/site\/bahia-perde-em-casa-e-fica-na-marca-do-penalti-para-segundona\/#primaryimage","url":"https:\/\/www.notibras.com\/site\/wp-content\/uploads\/2014\/11\/ba.jpg","contentUrl":"https:\/\/www.notibras.com\/site\/wp-content\/uploads\/2014\/11\/ba.jpg","width":460,"height":340},{"@type":"BreadcrumbList","@id":"https:\/\/www.notibras.com\/site\/bahia-perde-em-casa-e-fica-na-marca-do-penalti-para-segundona\/#breadcrumb","itemListElement":[{"@type":"ListItem","position":1,"name":"In\u00edcio","item":"https:\/\/www.notibras.com\/site\/"},{"@type":"ListItem","position":2,"name":"Bahia perde em casa e fica na marca do p\u00eanalti para Segundona"}]},{"@type":"WebSite","@id":"https:\/\/www.notibras.com\/site\/#website","url":"https:\/\/www.notibras.com\/site\/","name":"Notibras","description":"Not\u00edcias de Bras\u00edlia, do Brasil e do Mundo","publisher":{"@id":"https:\/\/www.notibras.com\/site\/#organization"},"potentialAction":[{"@type":"SearchAction","target":{"@type":"EntryPoint","urlTemplate":"https:\/\/www.notibras.com\/site\/?s={search_term_string}"},"query-input":{"@type":"PropertyValueSpecification","valueRequired":true,"valueName":"search_term_string"}}],"inLanguage":"pt-BR"},{"@type":"Organization","@id":"https:\/\/www.notibras.com\/site\/#organization","name":"Grupo Notibras de Comunica\u00e7\u00e3o","url":"https:\/\/www.notibras.com\/site\/","logo":{"@type":"ImageObject","inLanguage":"pt-BR","@id":"https:\/\/www.notibras.com\/site\/#\/schema\/logo\/image\/","url":"https:\/\/www.notibras.com\/site\/wp-content\/uploads\/2023\/01\/notibras23.png","contentUrl":"https:\/\/www.notibras.com\/site\/wp-content\/uploads\/2023\/01\/notibras23.png","width":350,"height":87,"caption":"Grupo Notibras de Comunica\u00e7\u00e3o"},"image":{"@id":"https:\/\/www.notibras.com\/site\/#\/schema\/logo\/image\/"},"sameAs":["https:\/\/www.facebook.com\/notibras\/","https:\/\/x.com\/Notibras","https:\/\/www.instagram.com\/notibras\/"]},{"@type":"Person","@id":"https:\/\/www.notibras.com\/site\/#\/schema\/person\/36ab0979449956132d3e5b517ea76ac8","name":"Reda\u00e7\u00e3o","image":{"@type":"ImageObject","inLanguage":"pt-BR","@id":"https:\/\/secure.gravatar.com\/avatar\/e0a867bdedb85fd243eadf09663511f96fc81e0720a4a42581f334ad4303aa6b?s=96&d=mm&r=g","url":"https:\/\/secure.gravatar.com\/avatar\/e0a867bdedb85fd243eadf09663511f96fc81e0720a4a42581f334ad4303aa6b?s=96&d=mm&r=g","contentUrl":"https:\/\/secure.gravatar.com\/avatar\/e0a867bdedb85fd243eadf09663511f96fc81e0720a4a42581f334ad4303aa6b?s=96&d=mm&r=g","caption":"Reda\u00e7\u00e3o"}}]}},"amp_enabled":true,"_links":{"self":[{"href":"https:\/\/www.notibras.com\/site\/wp-json\/wp\/v2\/posts\/29210","targetHints":{"allow":["GET"]}}],"collection":[{"href":"https:\/\/www.notibras.com\/site\/wp-json\/wp\/v2\/posts"}],"about":[{"href":"https:\/\/www.notibras.com\/site\/wp-json\/wp\/v2\/types\/post"}],"author":[{"embeddable":true,"href":"https:\/\/www.notibras.com\/site\/wp-json\/wp\/v2\/users\/2"}],"replies":[{"embeddable":true,"href":"https:\/\/www.notibras.com\/site\/wp-json\/wp\/v2\/comments?post=29210"}],"version-history":[{"count":0,"href":"https:\/\/www.notibras.com\/site\/wp-json\/wp\/v2\/posts\/29210\/revisions"}],"wp:featuredmedia":[{"embeddable":true,"href":"https:\/\/www.notibras.com\/site\/wp-json\/wp\/v2\/media\/29211"}],"wp:attachment":[{"href":"https:\/\/www.notibras.com\/site\/wp-json\/wp\/v2\/media?parent=29210"}],"wp:term":[{"taxonomy":"category","embeddable":true,"href":"https:\/\/www.notibras.com\/site\/wp-json\/wp\/v2\/categories?post=29210"},{"taxonomy":"post_tag","embeddable":true,"href":"https:\/\/www.notibras.com\/site\/wp-json\/wp\/v2\/tags?post=29210"}],"curies":[{"name":"wp","href":"https:\/\/api.w.org\/{rel}","templated":true}]}}