{"id":29213,"date":"2014-11-23T09:04:20","date_gmt":"2014-11-23T12:04:20","guid":{"rendered":"http:\/\/www.notibras.com\/site\/?p=29213"},"modified":"2014-11-23T09:04:20","modified_gmt":"2014-11-23T12:04:20","slug":"empreiteiras-faturam-alto-nao-e-de-hoje-e-financiam-o-sistema-politico","status":"publish","type":"post","link":"https:\/\/www.notibras.com\/site\/empreiteiras-faturam-alto-nao-e-de-hoje-e-financiam-o-sistema-politico\/","title":{"rendered":"Empreiteiras faturam alto n\u00e3o \u00e9 de hoje e financiam o sistema pol\u00edtico"},"content":{"rendered":"<p>Nada a ver com &#8220;m\u00e1 \u00edndole&#8221; de alguns: a corrup\u00e7\u00e3o no Brasil \u00e9 sist\u00eamica, estrutural, larvar, fruto da hist\u00f3rica perda de fronteira entre o p\u00fablico e o privado. A cultura da corrup\u00e7\u00e3o resiste no patrimonialismo, no clientelismo e no compadrio. Modernamente, ela se expande, voraz, sob nomes de fantasia como &#8220;privataria&#8221;, &#8220;mensal\u00e3o&#8221;, &#8220;trensal\u00e3o&#8221;, &#8220;petrol\u00e3o&#8221;.<\/p>\n<p>As empreiteiras agora investigadas na Opera\u00e7\u00e3o Lava Jato s\u00e3o a mola mestra de um modelo de desenvolvimento econ\u00f4mico baseado em grandes obras \u2013 desde a ditadura, ali\u00e1s. Elas tamb\u00e9m financiam o sistema pol\u00edtico dominante. J\u00e1 se apurou que seus executivos mantinham reuni\u00f5es peri\u00f3dicas para azeitar o cartel que controla, em contratos, megainvestimentos estatais (da Uni\u00e3o, Estados e munic\u00edpios maiores).<\/p>\n<p>Nas Elei\u00e7\u00f5es de 2014, essas construtoras doaram pelo menos R$ 218 milh\u00f5es para seus candidatos. Os ditos principais postulantes \u00e0 Presid\u00eancia da Rep\u00fablica tamb\u00e9m receberam polpudas somas do clube corruptor. Dever de gratid\u00e3o: afinal, o faturamento das empreiteiras no ano passado foi de R$ 33 bilh\u00f5es \u2013 quase metade vindo de contratos p\u00fablicos.<\/p>\n<p>Como foi noticiado em relat\u00f3rio da Pol\u00edcia Federal da \u00faltima fase da Opera\u00e7\u00e3o Lava Jato &#8220;a apura\u00e7\u00e3o coloca em xeque at\u00e9 os repasses legais feitos pelas empreiteiras \u00e0s campanhas eleitorais \u2013 o &#8220;caixa um&#8221;. As doa\u00e7\u00f5es legalmente registradas podem indicar uma forma estruturada de lavagem de dinheiro, diz a PF. Na disputa deste ano, todas as siglas que elegeram representantes para o Congresso, com exce\u00e7\u00e3o do PSOL, tiveram candidatos ou diret\u00f3rios financiados pelas empresas mencionadas.&#8221;<\/p>\n<p>\u00c9 o interesse privado colonizando a pol\u00edtica. Como sabemos, quem contrata o DJ escolhe a trilha sonora da festa. Para a inevit\u00e1vel CPI da pr\u00f3xima Legislatura, \u00e9 imperativo que n\u00e3o se indique ningu\u00e9m que tenha sido eleito com financiamento do cons\u00f3rcio que &#8220;propinou&#8221; na Petrobras, por claro conflito de interesses.<\/p>\n<blockquote><p>Seria profil\u00e1tico conhecer logo quem s\u00e3o os parlamentares citados nas investiga\u00e7\u00f5es. N\u00e3o para conden\u00e1-los sem defesa, mas para que, por cautela, eles n\u00e3o venham a ser eleitos para as mesas diretoras do Senado e da C\u00e2mara, em fevereiro, caso se candidatem. Essa revela\u00e7\u00e3o de interesse p\u00fablico est\u00e1 nas m\u00e3os do STF: o ministro Teori Zavascki \u00e9 o relator do caso.<\/p><\/blockquote>\n<p>No STF tamb\u00e9m est\u00e1 pendente a decis\u00e3o sobre o fim do financiamento empresarial de campanhas, cuja vota\u00e7\u00e3o o ministro Gilmar Mendes impede que se conclua. O seu colega Luis Roberto Barroso, na outra ponta, \u00e9 contundente: &#8220;Se n\u00e3o mudarmos o sistema pol\u00edtico, sobretudo para baratear o processo eleitoral, o financiamento de campanhas continuar\u00e1 por tr\u00e1s de todos os esc\u00e2ndalos do pa\u00eds. N\u00e3o sairemos do p\u00e2ntano. A centralidade do dinheiro nos roubou o idealismo e o senso de patriotismo.&#8221;<\/p>\n<p>H\u00e1 raz\u00f5es criminais e penais para a investiga\u00e7\u00e3o dos grav\u00edssimos desmandos propineiros. O financiamento interessado de todos os grandes partidos pelo poder econ\u00f4mico cristaliza a privatiza\u00e7\u00e3o m\u00e1xima na escolha dos agentes p\u00fablicos, cada vez mais desacreditados.<\/p>\n<p>Mas \u00e9 preciso evitar que esses imprescind\u00edveis questionamentos levem \u00e0 desconstitui\u00e7\u00e3o da pol\u00edtica propriamente dita. Ela, a pol\u00edtica, \u00e9 o \u00fanico caminho para a resist\u00eancia \u00e0 mercantiliza\u00e7\u00e3o da vida, \u00e0 hegemonia do capitalismo predat\u00f3rio e \u00e0 captura do Estado pelos interesses particulares.<\/p>\n<p>Al\u00e9m de encarcerar os ladr\u00f5es do dinheiro p\u00fablico e banir da vida pol\u00edtica os corruptos, responsabilizando tamb\u00e9m seus partidos, \u00e9 urgente mudar profundamente o sistema plutocr\u00e1tico que nos rege. H\u00e1 propostas muito alentadoras &#8211; como a Iniciativa Popular de Lei, liderada pela OAB e CNBB &#8211; que democratizam nossa ordem pol\u00edtica. Elas dependem, por\u00e9m, da mobiliza\u00e7\u00e3o cidad\u00e3. Reforma Pol\u00edtica substantiva s\u00f3 com participa\u00e7\u00e3o popular!<\/p>\n<p><strong>Chico Alencar<\/strong><\/p>\n","protected":false},"excerpt":{"rendered":"<p>Nada a ver com &#8220;m\u00e1 \u00edndole&#8221; de alguns: a corrup\u00e7\u00e3o no Brasil \u00e9 sist\u00eamica, estrutural, larvar, fruto da hist\u00f3rica perda de fronteira entre o p\u00fablico e o privado. A cultura da corrup\u00e7\u00e3o resiste no patrimonialismo, no clientelismo e no compadrio. Modernamente, ela se expande, voraz, sob nomes de fantasia como &#8220;privataria&#8221;, &#8220;mensal\u00e3o&#8221;, &#8220;trensal\u00e3o&#8221;, &#8220;petrol\u00e3o&#8221;. As [&hellip;]<\/p>\n","protected":false},"author":2,"featured_media":29214,"comment_status":"open","ping_status":"closed","sticky":false,"template":"","format":"standard","meta":{"_acf_changed":false,"footnotes":""},"categories":[25],"tags":[],"class_list":["post-29213","post","type-post","status-publish","format-standard","has-post-thumbnail","hentry","category-opina-ai"],"acf":[],"yoast_head":"<!-- This site is optimized with the Yoast SEO plugin v27.2 - https:\/\/yoast.com\/product\/yoast-seo-wordpress\/ -->\n<title>Empreiteiras faturam alto n\u00e3o \u00e9 de hoje e financiam o sistema pol\u00edtico - Notibras<\/title>\n<meta name=\"robots\" content=\"index, follow, max-snippet:-1, max-image-preview:large, max-video-preview:-1\" \/>\n<link rel=\"canonical\" href=\"https:\/\/www.notibras.com\/site\/empreiteiras-faturam-alto-nao-e-de-hoje-e-financiam-o-sistema-politico\/\" \/>\n<meta property=\"og:locale\" content=\"pt_BR\" \/>\n<meta property=\"og:type\" content=\"article\" \/>\n<meta property=\"og:title\" content=\"Empreiteiras faturam alto n\u00e3o \u00e9 de hoje e financiam o sistema pol\u00edtico - Notibras\" \/>\n<meta property=\"og:description\" content=\"Nada a ver com &#8220;m\u00e1 \u00edndole&#8221; de alguns: a corrup\u00e7\u00e3o no Brasil \u00e9 sist\u00eamica, estrutural, larvar, fruto da hist\u00f3rica perda de fronteira entre o p\u00fablico e o privado. A cultura da corrup\u00e7\u00e3o resiste no patrimonialismo, no clientelismo e no compadrio. Modernamente, ela se expande, voraz, sob nomes de fantasia como &#8220;privataria&#8221;, &#8220;mensal\u00e3o&#8221;, &#8220;trensal\u00e3o&#8221;, &#8220;petrol\u00e3o&#8221;. As [&hellip;]\" \/>\n<meta property=\"og:url\" content=\"https:\/\/www.notibras.com\/site\/empreiteiras-faturam-alto-nao-e-de-hoje-e-financiam-o-sistema-politico\/\" \/>\n<meta property=\"og:site_name\" content=\"Notibras\" \/>\n<meta property=\"article:publisher\" content=\"https:\/\/www.facebook.com\/notibras\/\" \/>\n<meta property=\"article:published_time\" content=\"2014-11-23T12:04:20+00:00\" \/>\n<meta property=\"og:image\" content=\"https:\/\/www.notibras.com\/site\/wp-content\/uploads\/2014\/11\/politicos-corruptos-noticia-santa-rita-hoje.jpg\" \/>\n\t<meta property=\"og:image:width\" content=\"640\" \/>\n\t<meta property=\"og:image:height\" content=\"480\" \/>\n\t<meta property=\"og:image:type\" content=\"image\/jpeg\" \/>\n<meta name=\"author\" content=\"Reda\u00e7\u00e3o\" \/>\n<meta name=\"twitter:card\" content=\"summary_large_image\" \/>\n<meta name=\"twitter:creator\" content=\"@Notibras\" \/>\n<meta name=\"twitter:site\" content=\"@Notibras\" \/>\n<meta name=\"twitter:label1\" content=\"Escrito por\" \/>\n\t<meta name=\"twitter:data1\" content=\"Reda\u00e7\u00e3o\" \/>\n\t<meta name=\"twitter:label2\" content=\"Est. tempo de leitura\" \/>\n\t<meta name=\"twitter:data2\" content=\"3 minutos\" \/>\n<script type=\"application\/ld+json\" class=\"yoast-schema-graph\">{\"@context\":\"https:\/\/schema.org\",\"@graph\":[{\"@type\":\"Article\",\"@id\":\"https:\/\/www.notibras.com\/site\/empreiteiras-faturam-alto-nao-e-de-hoje-e-financiam-o-sistema-politico\/#article\",\"isPartOf\":{\"@id\":\"https:\/\/www.notibras.com\/site\/empreiteiras-faturam-alto-nao-e-de-hoje-e-financiam-o-sistema-politico\/\"},\"author\":{\"name\":\"Reda\u00e7\u00e3o\",\"@id\":\"https:\/\/www.notibras.com\/site\/#\/schema\/person\/36ab0979449956132d3e5b517ea76ac8\"},\"headline\":\"Empreiteiras faturam alto n\u00e3o \u00e9 de hoje e financiam o sistema pol\u00edtico\",\"datePublished\":\"2014-11-23T12:04:20+00:00\",\"mainEntityOfPage\":{\"@id\":\"https:\/\/www.notibras.com\/site\/empreiteiras-faturam-alto-nao-e-de-hoje-e-financiam-o-sistema-politico\/\"},\"wordCount\":651,\"commentCount\":0,\"publisher\":{\"@id\":\"https:\/\/www.notibras.com\/site\/#organization\"},\"image\":{\"@id\":\"https:\/\/www.notibras.com\/site\/empreiteiras-faturam-alto-nao-e-de-hoje-e-financiam-o-sistema-politico\/#primaryimage\"},\"thumbnailUrl\":\"https:\/\/www.notibras.com\/site\/wp-content\/uploads\/2014\/11\/politicos-corruptos-noticia-santa-rita-hoje.jpg\",\"articleSection\":[\"Opina a\u00ed\"],\"inLanguage\":\"pt-BR\",\"potentialAction\":[{\"@type\":\"CommentAction\",\"name\":\"Comment\",\"target\":[\"https:\/\/www.notibras.com\/site\/empreiteiras-faturam-alto-nao-e-de-hoje-e-financiam-o-sistema-politico\/#respond\"]}]},{\"@type\":\"WebPage\",\"@id\":\"https:\/\/www.notibras.com\/site\/empreiteiras-faturam-alto-nao-e-de-hoje-e-financiam-o-sistema-politico\/\",\"url\":\"https:\/\/www.notibras.com\/site\/empreiteiras-faturam-alto-nao-e-de-hoje-e-financiam-o-sistema-politico\/\",\"name\":\"Empreiteiras faturam alto n\u00e3o \u00e9 de hoje e financiam o sistema pol\u00edtico - Notibras\",\"isPartOf\":{\"@id\":\"https:\/\/www.notibras.com\/site\/#website\"},\"primaryImageOfPage\":{\"@id\":\"https:\/\/www.notibras.com\/site\/empreiteiras-faturam-alto-nao-e-de-hoje-e-financiam-o-sistema-politico\/#primaryimage\"},\"image\":{\"@id\":\"https:\/\/www.notibras.com\/site\/empreiteiras-faturam-alto-nao-e-de-hoje-e-financiam-o-sistema-politico\/#primaryimage\"},\"thumbnailUrl\":\"https:\/\/www.notibras.com\/site\/wp-content\/uploads\/2014\/11\/politicos-corruptos-noticia-santa-rita-hoje.jpg\",\"datePublished\":\"2014-11-23T12:04:20+00:00\",\"breadcrumb\":{\"@id\":\"https:\/\/www.notibras.com\/site\/empreiteiras-faturam-alto-nao-e-de-hoje-e-financiam-o-sistema-politico\/#breadcrumb\"},\"inLanguage\":\"pt-BR\",\"potentialAction\":[{\"@type\":\"ReadAction\",\"target\":[\"https:\/\/www.notibras.com\/site\/empreiteiras-faturam-alto-nao-e-de-hoje-e-financiam-o-sistema-politico\/\"]}]},{\"@type\":\"ImageObject\",\"inLanguage\":\"pt-BR\",\"@id\":\"https:\/\/www.notibras.com\/site\/empreiteiras-faturam-alto-nao-e-de-hoje-e-financiam-o-sistema-politico\/#primaryimage\",\"url\":\"https:\/\/www.notibras.com\/site\/wp-content\/uploads\/2014\/11\/politicos-corruptos-noticia-santa-rita-hoje.jpg\",\"contentUrl\":\"https:\/\/www.notibras.com\/site\/wp-content\/uploads\/2014\/11\/politicos-corruptos-noticia-santa-rita-hoje.jpg\",\"width\":640,\"height\":480},{\"@type\":\"BreadcrumbList\",\"@id\":\"https:\/\/www.notibras.com\/site\/empreiteiras-faturam-alto-nao-e-de-hoje-e-financiam-o-sistema-politico\/#breadcrumb\",\"itemListElement\":[{\"@type\":\"ListItem\",\"position\":1,\"name\":\"In\u00edcio\",\"item\":\"https:\/\/www.notibras.com\/site\/\"},{\"@type\":\"ListItem\",\"position\":2,\"name\":\"Empreiteiras faturam alto n\u00e3o \u00e9 de hoje e financiam o sistema pol\u00edtico\"}]},{\"@type\":\"WebSite\",\"@id\":\"https:\/\/www.notibras.com\/site\/#website\",\"url\":\"https:\/\/www.notibras.com\/site\/\",\"name\":\"Notibras\",\"description\":\"Not\u00edcias de Bras\u00edlia, do Brasil e do Mundo\",\"publisher\":{\"@id\":\"https:\/\/www.notibras.com\/site\/#organization\"},\"potentialAction\":[{\"@type\":\"SearchAction\",\"target\":{\"@type\":\"EntryPoint\",\"urlTemplate\":\"https:\/\/www.notibras.com\/site\/?s={search_term_string}\"},\"query-input\":{\"@type\":\"PropertyValueSpecification\",\"valueRequired\":true,\"valueName\":\"search_term_string\"}}],\"inLanguage\":\"pt-BR\"},{\"@type\":\"Organization\",\"@id\":\"https:\/\/www.notibras.com\/site\/#organization\",\"name\":\"Grupo Notibras de Comunica\u00e7\u00e3o\",\"url\":\"https:\/\/www.notibras.com\/site\/\",\"logo\":{\"@type\":\"ImageObject\",\"inLanguage\":\"pt-BR\",\"@id\":\"https:\/\/www.notibras.com\/site\/#\/schema\/logo\/image\/\",\"url\":\"https:\/\/www.notibras.com\/site\/wp-content\/uploads\/2023\/01\/notibras23.png\",\"contentUrl\":\"https:\/\/www.notibras.com\/site\/wp-content\/uploads\/2023\/01\/notibras23.png\",\"width\":350,\"height\":87,\"caption\":\"Grupo Notibras de Comunica\u00e7\u00e3o\"},\"image\":{\"@id\":\"https:\/\/www.notibras.com\/site\/#\/schema\/logo\/image\/\"},\"sameAs\":[\"https:\/\/www.facebook.com\/notibras\/\",\"https:\/\/x.com\/Notibras\",\"https:\/\/www.instagram.com\/notibras\/\"]},{\"@type\":\"Person\",\"@id\":\"https:\/\/www.notibras.com\/site\/#\/schema\/person\/36ab0979449956132d3e5b517ea76ac8\",\"name\":\"Reda\u00e7\u00e3o\",\"image\":{\"@type\":\"ImageObject\",\"inLanguage\":\"pt-BR\",\"@id\":\"https:\/\/secure.gravatar.com\/avatar\/e0a867bdedb85fd243eadf09663511f96fc81e0720a4a42581f334ad4303aa6b?s=96&d=mm&r=g\",\"url\":\"https:\/\/secure.gravatar.com\/avatar\/e0a867bdedb85fd243eadf09663511f96fc81e0720a4a42581f334ad4303aa6b?s=96&d=mm&r=g\",\"contentUrl\":\"https:\/\/secure.gravatar.com\/avatar\/e0a867bdedb85fd243eadf09663511f96fc81e0720a4a42581f334ad4303aa6b?s=96&d=mm&r=g\",\"caption\":\"Reda\u00e7\u00e3o\"}}]}<\/script>\n<!-- \/ Yoast SEO plugin. -->","yoast_head_json":{"title":"Empreiteiras faturam alto n\u00e3o \u00e9 de hoje e financiam o sistema pol\u00edtico - Notibras","robots":{"index":"index","follow":"follow","max-snippet":"max-snippet:-1","max-image-preview":"max-image-preview:large","max-video-preview":"max-video-preview:-1"},"canonical":"https:\/\/www.notibras.com\/site\/empreiteiras-faturam-alto-nao-e-de-hoje-e-financiam-o-sistema-politico\/","og_locale":"pt_BR","og_type":"article","og_title":"Empreiteiras faturam alto n\u00e3o \u00e9 de hoje e financiam o sistema pol\u00edtico - Notibras","og_description":"Nada a ver com &#8220;m\u00e1 \u00edndole&#8221; de alguns: a corrup\u00e7\u00e3o no Brasil \u00e9 sist\u00eamica, estrutural, larvar, fruto da hist\u00f3rica perda de fronteira entre o p\u00fablico e o privado. A cultura da corrup\u00e7\u00e3o resiste no patrimonialismo, no clientelismo e no compadrio. Modernamente, ela se expande, voraz, sob nomes de fantasia como &#8220;privataria&#8221;, &#8220;mensal\u00e3o&#8221;, &#8220;trensal\u00e3o&#8221;, &#8220;petrol\u00e3o&#8221;. As [&hellip;]","og_url":"https:\/\/www.notibras.com\/site\/empreiteiras-faturam-alto-nao-e-de-hoje-e-financiam-o-sistema-politico\/","og_site_name":"Notibras","article_publisher":"https:\/\/www.facebook.com\/notibras\/","article_published_time":"2014-11-23T12:04:20+00:00","og_image":[{"width":640,"height":480,"url":"https:\/\/www.notibras.com\/site\/wp-content\/uploads\/2014\/11\/politicos-corruptos-noticia-santa-rita-hoje.jpg","type":"image\/jpeg"}],"author":"Reda\u00e7\u00e3o","twitter_card":"summary_large_image","twitter_creator":"@Notibras","twitter_site":"@Notibras","twitter_misc":{"Escrito por":"Reda\u00e7\u00e3o","Est. tempo de leitura":"3 minutos"},"schema":{"@context":"https:\/\/schema.org","@graph":[{"@type":"Article","@id":"https:\/\/www.notibras.com\/site\/empreiteiras-faturam-alto-nao-e-de-hoje-e-financiam-o-sistema-politico\/#article","isPartOf":{"@id":"https:\/\/www.notibras.com\/site\/empreiteiras-faturam-alto-nao-e-de-hoje-e-financiam-o-sistema-politico\/"},"author":{"name":"Reda\u00e7\u00e3o","@id":"https:\/\/www.notibras.com\/site\/#\/schema\/person\/36ab0979449956132d3e5b517ea76ac8"},"headline":"Empreiteiras faturam alto n\u00e3o \u00e9 de hoje e financiam o sistema pol\u00edtico","datePublished":"2014-11-23T12:04:20+00:00","mainEntityOfPage":{"@id":"https:\/\/www.notibras.com\/site\/empreiteiras-faturam-alto-nao-e-de-hoje-e-financiam-o-sistema-politico\/"},"wordCount":651,"commentCount":0,"publisher":{"@id":"https:\/\/www.notibras.com\/site\/#organization"},"image":{"@id":"https:\/\/www.notibras.com\/site\/empreiteiras-faturam-alto-nao-e-de-hoje-e-financiam-o-sistema-politico\/#primaryimage"},"thumbnailUrl":"https:\/\/www.notibras.com\/site\/wp-content\/uploads\/2014\/11\/politicos-corruptos-noticia-santa-rita-hoje.jpg","articleSection":["Opina a\u00ed"],"inLanguage":"pt-BR","potentialAction":[{"@type":"CommentAction","name":"Comment","target":["https:\/\/www.notibras.com\/site\/empreiteiras-faturam-alto-nao-e-de-hoje-e-financiam-o-sistema-politico\/#respond"]}]},{"@type":"WebPage","@id":"https:\/\/www.notibras.com\/site\/empreiteiras-faturam-alto-nao-e-de-hoje-e-financiam-o-sistema-politico\/","url":"https:\/\/www.notibras.com\/site\/empreiteiras-faturam-alto-nao-e-de-hoje-e-financiam-o-sistema-politico\/","name":"Empreiteiras faturam alto n\u00e3o \u00e9 de hoje e financiam o sistema pol\u00edtico - Notibras","isPartOf":{"@id":"https:\/\/www.notibras.com\/site\/#website"},"primaryImageOfPage":{"@id":"https:\/\/www.notibras.com\/site\/empreiteiras-faturam-alto-nao-e-de-hoje-e-financiam-o-sistema-politico\/#primaryimage"},"image":{"@id":"https:\/\/www.notibras.com\/site\/empreiteiras-faturam-alto-nao-e-de-hoje-e-financiam-o-sistema-politico\/#primaryimage"},"thumbnailUrl":"https:\/\/www.notibras.com\/site\/wp-content\/uploads\/2014\/11\/politicos-corruptos-noticia-santa-rita-hoje.jpg","datePublished":"2014-11-23T12:04:20+00:00","breadcrumb":{"@id":"https:\/\/www.notibras.com\/site\/empreiteiras-faturam-alto-nao-e-de-hoje-e-financiam-o-sistema-politico\/#breadcrumb"},"inLanguage":"pt-BR","potentialAction":[{"@type":"ReadAction","target":["https:\/\/www.notibras.com\/site\/empreiteiras-faturam-alto-nao-e-de-hoje-e-financiam-o-sistema-politico\/"]}]},{"@type":"ImageObject","inLanguage":"pt-BR","@id":"https:\/\/www.notibras.com\/site\/empreiteiras-faturam-alto-nao-e-de-hoje-e-financiam-o-sistema-politico\/#primaryimage","url":"https:\/\/www.notibras.com\/site\/wp-content\/uploads\/2014\/11\/politicos-corruptos-noticia-santa-rita-hoje.jpg","contentUrl":"https:\/\/www.notibras.com\/site\/wp-content\/uploads\/2014\/11\/politicos-corruptos-noticia-santa-rita-hoje.jpg","width":640,"height":480},{"@type":"BreadcrumbList","@id":"https:\/\/www.notibras.com\/site\/empreiteiras-faturam-alto-nao-e-de-hoje-e-financiam-o-sistema-politico\/#breadcrumb","itemListElement":[{"@type":"ListItem","position":1,"name":"In\u00edcio","item":"https:\/\/www.notibras.com\/site\/"},{"@type":"ListItem","position":2,"name":"Empreiteiras faturam alto n\u00e3o \u00e9 de hoje e financiam o sistema pol\u00edtico"}]},{"@type":"WebSite","@id":"https:\/\/www.notibras.com\/site\/#website","url":"https:\/\/www.notibras.com\/site\/","name":"Notibras","description":"Not\u00edcias de Bras\u00edlia, do Brasil e do Mundo","publisher":{"@id":"https:\/\/www.notibras.com\/site\/#organization"},"potentialAction":[{"@type":"SearchAction","target":{"@type":"EntryPoint","urlTemplate":"https:\/\/www.notibras.com\/site\/?s={search_term_string}"},"query-input":{"@type":"PropertyValueSpecification","valueRequired":true,"valueName":"search_term_string"}}],"inLanguage":"pt-BR"},{"@type":"Organization","@id":"https:\/\/www.notibras.com\/site\/#organization","name":"Grupo Notibras de Comunica\u00e7\u00e3o","url":"https:\/\/www.notibras.com\/site\/","logo":{"@type":"ImageObject","inLanguage":"pt-BR","@id":"https:\/\/www.notibras.com\/site\/#\/schema\/logo\/image\/","url":"https:\/\/www.notibras.com\/site\/wp-content\/uploads\/2023\/01\/notibras23.png","contentUrl":"https:\/\/www.notibras.com\/site\/wp-content\/uploads\/2023\/01\/notibras23.png","width":350,"height":87,"caption":"Grupo Notibras de Comunica\u00e7\u00e3o"},"image":{"@id":"https:\/\/www.notibras.com\/site\/#\/schema\/logo\/image\/"},"sameAs":["https:\/\/www.facebook.com\/notibras\/","https:\/\/x.com\/Notibras","https:\/\/www.instagram.com\/notibras\/"]},{"@type":"Person","@id":"https:\/\/www.notibras.com\/site\/#\/schema\/person\/36ab0979449956132d3e5b517ea76ac8","name":"Reda\u00e7\u00e3o","image":{"@type":"ImageObject","inLanguage":"pt-BR","@id":"https:\/\/secure.gravatar.com\/avatar\/e0a867bdedb85fd243eadf09663511f96fc81e0720a4a42581f334ad4303aa6b?s=96&d=mm&r=g","url":"https:\/\/secure.gravatar.com\/avatar\/e0a867bdedb85fd243eadf09663511f96fc81e0720a4a42581f334ad4303aa6b?s=96&d=mm&r=g","contentUrl":"https:\/\/secure.gravatar.com\/avatar\/e0a867bdedb85fd243eadf09663511f96fc81e0720a4a42581f334ad4303aa6b?s=96&d=mm&r=g","caption":"Reda\u00e7\u00e3o"}}]}},"amp_enabled":true,"_links":{"self":[{"href":"https:\/\/www.notibras.com\/site\/wp-json\/wp\/v2\/posts\/29213","targetHints":{"allow":["GET"]}}],"collection":[{"href":"https:\/\/www.notibras.com\/site\/wp-json\/wp\/v2\/posts"}],"about":[{"href":"https:\/\/www.notibras.com\/site\/wp-json\/wp\/v2\/types\/post"}],"author":[{"embeddable":true,"href":"https:\/\/www.notibras.com\/site\/wp-json\/wp\/v2\/users\/2"}],"replies":[{"embeddable":true,"href":"https:\/\/www.notibras.com\/site\/wp-json\/wp\/v2\/comments?post=29213"}],"version-history":[{"count":0,"href":"https:\/\/www.notibras.com\/site\/wp-json\/wp\/v2\/posts\/29213\/revisions"}],"wp:featuredmedia":[{"embeddable":true,"href":"https:\/\/www.notibras.com\/site\/wp-json\/wp\/v2\/media\/29214"}],"wp:attachment":[{"href":"https:\/\/www.notibras.com\/site\/wp-json\/wp\/v2\/media?parent=29213"}],"wp:term":[{"taxonomy":"category","embeddable":true,"href":"https:\/\/www.notibras.com\/site\/wp-json\/wp\/v2\/categories?post=29213"},{"taxonomy":"post_tag","embeddable":true,"href":"https:\/\/www.notibras.com\/site\/wp-json\/wp\/v2\/tags?post=29213"}],"curies":[{"name":"wp","href":"https:\/\/api.w.org\/{rel}","templated":true}]}}