{"id":29238,"date":"2014-11-23T11:57:33","date_gmt":"2014-11-23T14:57:33","guid":{"rendered":"http:\/\/www.notibras.com\/site\/?p=29238"},"modified":"2014-11-24T11:39:36","modified_gmt":"2014-11-24T14:39:36","slug":"hamilton-e-bicampeao-e-massa-mostra-que-vai-brigar-por-vitorias-em-2015","status":"publish","type":"post","link":"https:\/\/www.notibras.com\/site\/hamilton-e-bicampeao-e-massa-mostra-que-vai-brigar-por-vitorias-em-2015\/","title":{"rendered":"Hamilton \u00e9 bicampe\u00e3o e Massa mostra que vai brigar por vit\u00f3rias"},"content":{"rendered":"<p>Do prod\u00edgio campe\u00e3o de 2008 a um experiente bicampe\u00e3o em 2014. Seis anos se passaram, mas o arrojado Lewis Hamilton enfim conquistou seu segundo t\u00edtulo Mundial de F\u00f3rmula 1. Numa temporada com dom\u00ednio da Mercedes, o GP de Abu Dhabi teve muita emo\u00e7\u00e3o, quando parecia fadado a um desfecho frio. Problemas nas Mercedes quase custaram a vit\u00f3ria ao ingl\u00eas, mas ela veio no finzinho. Hamilton, que podia at\u00e9 chegar em segundo lugar, pulou \u00e0 frente logo na largada, retomou a lideran\u00e7a a dez voltas no fim, amea\u00e7ado por Felipe Massa, segundo colocado, e acelerou no limite do que podia para vencer e levantar a ta\u00e7a com sua 11\u00aa vit\u00f3ria no ano.<\/p>\n<p>O brasileiro Felipe Massa brilhou como n\u00e3o fizera em toda a temporada. Com seu melhor resultado do ano, chegou na segunda coloca\u00e7\u00e3o, colado ao l\u00edder, e ficou muito pr\u00f3ximo da sua primeira vit\u00f3ria desde 2008. O piloto da Williams precisou fazer uma segunda parada e deixou o triunfo escapar. Valtteri Bottas, seu companheiro de time, foi o segundo colocado. Rosberg chegou em 14\u00ba ap\u00f3s os problemas que afetaram a sua Mercedes e a de Hamilton.<\/p>\n<p>A largada definiu o t\u00edtulo em favor de Hamilton. Rosberg, o pole position, &#8220;engasgou&#8221; na embreagem, n\u00e3o conseguiu acelerar no limite e viu o ingl\u00eas passar. Um banho de \u00e1gua fria enorme para quem dizia que seria o primeiro colocado e torceria por um erro para brigar pela ta\u00e7a. Neste momento, Massa aparecia em terceiro, e nada indicava que os torcedores de Abu Dhabi veriam algo emocionante na pista.<\/p>\n<p>Foi s\u00f3 na metade da prova que Massa pintou como potencial vencedor. Primeiro, Rosberg teve problemas. Se abandonasse, daria automaticamente o t\u00edtulo a Hamilton. Mas n\u00e3o chegou a tanto. Depois, foi o ingl\u00eas que tamb\u00e9m caiu de produ\u00e7\u00e3o drasticamente. Massa chegou a liderar. Mas poderia ele ficar sem uma segunda parada?<\/p>\n<blockquote><p>N\u00e3o&#8230; O brasileiro precisou trocar os pneus mais uma vez, e viu o l\u00edder do campeonato retomar a ponta. Massa at\u00e9 amea\u00e7ou, mas era tarde para conseguir sua primeira vit\u00f3ria desde 2008 \u2013 no Brasil, naquela mesma corrida em que Hamilton conquistou sua primeira ta\u00e7a.<\/p><\/blockquote>\n<p>No fim, 11\u00aa vit\u00f3ria para Lewis Hamilton, com Massa colado em seu encal\u00e7o. Nico Rosberg sequer chegou pelo menos na quinta posi\u00e7\u00e3o, o m\u00ednimo que podia fazer. Foi 14\u00ba e ouviu desculpas de um dos engenheiros, via r\u00e1dio. T\u00edtulo e festa para a Inglaterra nos Emirados \u00c1rabes Unidos.<\/p>\n<p>&#8220;Uhu! N\u00e3o posso acreditar! Campe\u00e3o do mundo! Obrigado caras&#8221;, disse Hamilton, via r\u00e1dio.<\/p>\n<p>Nico Rosberg tinha tudo para fazer uma briga quente com Hamilton pelo t\u00edtulo, largando de sua 11\u00aa pole position do ano. Mas, tudo foi abaixo em segundos. O alem\u00e3o largou muito mal \u2013 teve um problema com o ponto da embreagem nas fra\u00e7\u00f5es de segundo das trocas das primeiras marchas, o que j\u00e1 havia acontecido em outras corridas. Ent\u00e3o, viu Hamilton acelerar e tomar a primeira posi\u00e7\u00e3o com facilidade, e ainda tomou um calor de Felipe Massa, quase perdendo o segundo lugar. Valtteri Bottas foi ainda pior, j\u00e1 que saiu em terceiro e pouco depois rodava apenas em oitavo.<\/p>\n<p>Estava mudado todo o cen\u00e1rio do GP, com Hamilton assumindo as a\u00e7\u00f5es e precisando s\u00f3 abrir espa\u00e7o para garantir o seu t\u00edtulo. Era tudo o que ele precisava, tendo um cen\u00e1rio de tranquilidade em um circuito de dif\u00edcil ultrapassagem.<\/p>\n<p>Hamilton conseguiu construir uma vantagem confort\u00e1vel de 1s6 nas primeiras tr\u00eas voltas, apenas para respirar e n\u00e3o ter de lidar com tentativas de ultrapassagem. Com pneus supermacios, logo viria o primeiro pit stop. Como as paradas come\u00e7aram muito cedo, favoritos se misturaram ao fim do pelot\u00e3o, com Fernando Alonso caindo para 18\u00ba e tendo de passar Cartehams e outros rivais fracos.<\/p>\n<p>Massa conseguiu apresentar um bom ritmo e at\u00e9 liderou, durante a parada das Mercedes, na 12\u00aa volta. Nem Hamilton, nem Rosberg tiveram problemas, e o brasileiro aproveitou para tentar fazer voltas r\u00e1pidas e tirar a diferen\u00e7a que tinha para eles. N\u00e3o foi o suficiente, e as posi\u00e7\u00f5es ficaram inalteradas quando tudo voltou ao normal.<\/p>\n<p>Como n\u00e3o conseguia brigar por posi\u00e7\u00e3o, restou a Rosberg mudar a estrat\u00e9gia. Ele ent\u00e3o foi avisado de que o melhor era manter uma dist\u00e2ncia pr\u00f3xima, mas segura de Hamilton. A sua equipe apostou em fazer um trecho mais longo antes da segunda parada e tentar uma ultrapassagem contando com as passagens pelo boxes.<\/p>\n<p>Massa at\u00e9 se manteve no mesmo segundo dos rivais, mas o ritmo caiu, n\u00e3o oferecendo mais perigo, naquele momento.<\/p>\n<p>A mudan\u00e7a de cen\u00e1rio veio com um problema mec\u00e2nico de Rosberg, no sistema de recupera\u00e7\u00e3o de energia, causando perda grave de pot\u00eancia. Na 26\u00aa volta, Rosberg passou a andar muito lento, quase tr\u00eas segundos atr\u00e1s de Hamilton, e passou a ver Felipe Massa se aproximar. O brasileiro da Williams conseguiu a ultrapassagem na 27\u00aa volta.<\/p>\n<p>&#8220;N\u00e3o \u00e9 s\u00f3 um problema de pot\u00eancia, parece que algo est\u00e1 freando o carro. Vejam isso e me digam o que fazer&#8221;, desesperou-se o alem\u00e3o, no r\u00e1dio.<\/p>\n<p>Ningu\u00e9m poderia imaginar que Hamilton tamb\u00e9m apresentaria problemas e come\u00e7aria a rodar bem mais lento que o brasileiro. Massa come\u00e7ou a aproxima\u00e7\u00e3o, como fizera com Rosberg. Hamilton foi para os boxes e deixou o piloto da Williams no primeiro posto.<\/p>\n<p>Massa curtiu bons momentos rodando r\u00e1pido, mas a Williams precisou chamar o piloto para uma segunda parada. Com o pneu supermacio, o brasileiro teve chances de rodar mais r\u00e1pido e atacar o ingl\u00eas, em busca da vit\u00f3ria. O piloto da Williams at\u00e9 chegou, mas, \u00e9 aquele papo: &#8220;chegar \u00e9 uma coisa, passar \u00e9 outra&#8221;. E Massa n\u00e3o ultrapassou o campe\u00e3o mundial de F\u00f3rmula 1 de 2014.<\/p>\n","protected":false},"excerpt":{"rendered":"<p>Do prod\u00edgio campe\u00e3o de 2008 a um experiente bicampe\u00e3o em 2014. Seis anos se passaram, mas o arrojado Lewis Hamilton enfim conquistou seu segundo t\u00edtulo Mundial de F\u00f3rmula 1. Numa temporada com dom\u00ednio da Mercedes, o GP de Abu Dhabi teve muita emo\u00e7\u00e3o, quando parecia fadado a um desfecho frio. Problemas nas Mercedes quase custaram [&hellip;]<\/p>\n","protected":false},"author":2,"featured_media":29239,"comment_status":"open","ping_status":"closed","sticky":false,"template":"","format":"standard","meta":{"_acf_changed":false,"footnotes":""},"categories":[27,19],"tags":[],"class_list":["post-29238","post","type-post","status-publish","format-standard","has-post-thumbnail","hentry","category-automobilismo","category-esportes"],"acf":[],"yoast_head":"<!-- This site is optimized with the Yoast SEO plugin v27.2 - https:\/\/yoast.com\/product\/yoast-seo-wordpress\/ -->\n<title>Hamilton \u00e9 bicampe\u00e3o e Massa mostra que vai brigar por vit\u00f3rias - Notibras<\/title>\n<meta name=\"robots\" content=\"index, follow, max-snippet:-1, max-image-preview:large, max-video-preview:-1\" \/>\n<link rel=\"canonical\" href=\"https:\/\/www.notibras.com\/site\/hamilton-e-bicampeao-e-massa-mostra-que-vai-brigar-por-vitorias-em-2015\/\" \/>\n<meta property=\"og:locale\" content=\"pt_BR\" \/>\n<meta property=\"og:type\" content=\"article\" \/>\n<meta property=\"og:title\" content=\"Hamilton \u00e9 bicampe\u00e3o e Massa mostra que vai brigar por vit\u00f3rias - Notibras\" \/>\n<meta property=\"og:description\" content=\"Do prod\u00edgio campe\u00e3o de 2008 a um experiente bicampe\u00e3o em 2014. Seis anos se passaram, mas o arrojado Lewis Hamilton enfim conquistou seu segundo t\u00edtulo Mundial de F\u00f3rmula 1. Numa temporada com dom\u00ednio da Mercedes, o GP de Abu Dhabi teve muita emo\u00e7\u00e3o, quando parecia fadado a um desfecho frio. Problemas nas Mercedes quase custaram [&hellip;]\" \/>\n<meta property=\"og:url\" content=\"https:\/\/www.notibras.com\/site\/hamilton-e-bicampeao-e-massa-mostra-que-vai-brigar-por-vitorias-em-2015\/\" \/>\n<meta property=\"og:site_name\" content=\"Notibras\" \/>\n<meta property=\"article:publisher\" content=\"https:\/\/www.facebook.com\/notibras\/\" \/>\n<meta property=\"article:published_time\" content=\"2014-11-23T14:57:33+00:00\" \/>\n<meta property=\"article:modified_time\" content=\"2014-11-24T14:39:36+00:00\" \/>\n<meta property=\"og:image\" content=\"https:\/\/www.notibras.com\/site\/wp-content\/uploads\/2014\/11\/massa-afp.jpg\" \/>\n\t<meta property=\"og:image:width\" content=\"460\" \/>\n\t<meta property=\"og:image:height\" content=\"340\" \/>\n\t<meta property=\"og:image:type\" content=\"image\/jpeg\" \/>\n<meta name=\"author\" content=\"Reda\u00e7\u00e3o\" \/>\n<meta name=\"twitter:card\" content=\"summary_large_image\" \/>\n<meta name=\"twitter:creator\" content=\"@Notibras\" \/>\n<meta name=\"twitter:site\" content=\"@Notibras\" \/>\n<meta name=\"twitter:label1\" content=\"Escrito por\" \/>\n\t<meta name=\"twitter:data1\" content=\"Reda\u00e7\u00e3o\" \/>\n\t<meta name=\"twitter:label2\" content=\"Est. tempo de leitura\" \/>\n\t<meta name=\"twitter:data2\" content=\"5 minutos\" \/>\n<script type=\"application\/ld+json\" class=\"yoast-schema-graph\">{\"@context\":\"https:\/\/schema.org\",\"@graph\":[{\"@type\":\"Article\",\"@id\":\"https:\/\/www.notibras.com\/site\/hamilton-e-bicampeao-e-massa-mostra-que-vai-brigar-por-vitorias-em-2015\/#article\",\"isPartOf\":{\"@id\":\"https:\/\/www.notibras.com\/site\/hamilton-e-bicampeao-e-massa-mostra-que-vai-brigar-por-vitorias-em-2015\/\"},\"author\":{\"name\":\"Reda\u00e7\u00e3o\",\"@id\":\"https:\/\/www.notibras.com\/site\/#\/schema\/person\/36ab0979449956132d3e5b517ea76ac8\"},\"headline\":\"Hamilton \u00e9 bicampe\u00e3o e Massa mostra que vai brigar por vit\u00f3rias\",\"datePublished\":\"2014-11-23T14:57:33+00:00\",\"dateModified\":\"2014-11-24T14:39:36+00:00\",\"mainEntityOfPage\":{\"@id\":\"https:\/\/www.notibras.com\/site\/hamilton-e-bicampeao-e-massa-mostra-que-vai-brigar-por-vitorias-em-2015\/\"},\"wordCount\":1006,\"commentCount\":0,\"publisher\":{\"@id\":\"https:\/\/www.notibras.com\/site\/#organization\"},\"image\":{\"@id\":\"https:\/\/www.notibras.com\/site\/hamilton-e-bicampeao-e-massa-mostra-que-vai-brigar-por-vitorias-em-2015\/#primaryimage\"},\"thumbnailUrl\":\"https:\/\/www.notibras.com\/site\/wp-content\/uploads\/2014\/11\/massa-afp.jpg\",\"articleSection\":[\"Automobilismo\",\"Esportes\"],\"inLanguage\":\"pt-BR\",\"potentialAction\":[{\"@type\":\"CommentAction\",\"name\":\"Comment\",\"target\":[\"https:\/\/www.notibras.com\/site\/hamilton-e-bicampeao-e-massa-mostra-que-vai-brigar-por-vitorias-em-2015\/#respond\"]}]},{\"@type\":\"WebPage\",\"@id\":\"https:\/\/www.notibras.com\/site\/hamilton-e-bicampeao-e-massa-mostra-que-vai-brigar-por-vitorias-em-2015\/\",\"url\":\"https:\/\/www.notibras.com\/site\/hamilton-e-bicampeao-e-massa-mostra-que-vai-brigar-por-vitorias-em-2015\/\",\"name\":\"Hamilton \u00e9 bicampe\u00e3o e Massa mostra que vai brigar por vit\u00f3rias - Notibras\",\"isPartOf\":{\"@id\":\"https:\/\/www.notibras.com\/site\/#website\"},\"primaryImageOfPage\":{\"@id\":\"https:\/\/www.notibras.com\/site\/hamilton-e-bicampeao-e-massa-mostra-que-vai-brigar-por-vitorias-em-2015\/#primaryimage\"},\"image\":{\"@id\":\"https:\/\/www.notibras.com\/site\/hamilton-e-bicampeao-e-massa-mostra-que-vai-brigar-por-vitorias-em-2015\/#primaryimage\"},\"thumbnailUrl\":\"https:\/\/www.notibras.com\/site\/wp-content\/uploads\/2014\/11\/massa-afp.jpg\",\"datePublished\":\"2014-11-23T14:57:33+00:00\",\"dateModified\":\"2014-11-24T14:39:36+00:00\",\"breadcrumb\":{\"@id\":\"https:\/\/www.notibras.com\/site\/hamilton-e-bicampeao-e-massa-mostra-que-vai-brigar-por-vitorias-em-2015\/#breadcrumb\"},\"inLanguage\":\"pt-BR\",\"potentialAction\":[{\"@type\":\"ReadAction\",\"target\":[\"https:\/\/www.notibras.com\/site\/hamilton-e-bicampeao-e-massa-mostra-que-vai-brigar-por-vitorias-em-2015\/\"]}]},{\"@type\":\"ImageObject\",\"inLanguage\":\"pt-BR\",\"@id\":\"https:\/\/www.notibras.com\/site\/hamilton-e-bicampeao-e-massa-mostra-que-vai-brigar-por-vitorias-em-2015\/#primaryimage\",\"url\":\"https:\/\/www.notibras.com\/site\/wp-content\/uploads\/2014\/11\/massa-afp.jpg\",\"contentUrl\":\"https:\/\/www.notibras.com\/site\/wp-content\/uploads\/2014\/11\/massa-afp.jpg\",\"width\":460,\"height\":340},{\"@type\":\"BreadcrumbList\",\"@id\":\"https:\/\/www.notibras.com\/site\/hamilton-e-bicampeao-e-massa-mostra-que-vai-brigar-por-vitorias-em-2015\/#breadcrumb\",\"itemListElement\":[{\"@type\":\"ListItem\",\"position\":1,\"name\":\"In\u00edcio\",\"item\":\"https:\/\/www.notibras.com\/site\/\"},{\"@type\":\"ListItem\",\"position\":2,\"name\":\"Hamilton \u00e9 bicampe\u00e3o e Massa mostra que vai brigar por vit\u00f3rias\"}]},{\"@type\":\"WebSite\",\"@id\":\"https:\/\/www.notibras.com\/site\/#website\",\"url\":\"https:\/\/www.notibras.com\/site\/\",\"name\":\"Notibras\",\"description\":\"Not\u00edcias de Bras\u00edlia, do Brasil e do Mundo\",\"publisher\":{\"@id\":\"https:\/\/www.notibras.com\/site\/#organization\"},\"potentialAction\":[{\"@type\":\"SearchAction\",\"target\":{\"@type\":\"EntryPoint\",\"urlTemplate\":\"https:\/\/www.notibras.com\/site\/?s={search_term_string}\"},\"query-input\":{\"@type\":\"PropertyValueSpecification\",\"valueRequired\":true,\"valueName\":\"search_term_string\"}}],\"inLanguage\":\"pt-BR\"},{\"@type\":\"Organization\",\"@id\":\"https:\/\/www.notibras.com\/site\/#organization\",\"name\":\"Grupo Notibras de Comunica\u00e7\u00e3o\",\"url\":\"https:\/\/www.notibras.com\/site\/\",\"logo\":{\"@type\":\"ImageObject\",\"inLanguage\":\"pt-BR\",\"@id\":\"https:\/\/www.notibras.com\/site\/#\/schema\/logo\/image\/\",\"url\":\"https:\/\/www.notibras.com\/site\/wp-content\/uploads\/2023\/01\/notibras23.png\",\"contentUrl\":\"https:\/\/www.notibras.com\/site\/wp-content\/uploads\/2023\/01\/notibras23.png\",\"width\":350,\"height\":87,\"caption\":\"Grupo Notibras de Comunica\u00e7\u00e3o\"},\"image\":{\"@id\":\"https:\/\/www.notibras.com\/site\/#\/schema\/logo\/image\/\"},\"sameAs\":[\"https:\/\/www.facebook.com\/notibras\/\",\"https:\/\/x.com\/Notibras\",\"https:\/\/www.instagram.com\/notibras\/\"]},{\"@type\":\"Person\",\"@id\":\"https:\/\/www.notibras.com\/site\/#\/schema\/person\/36ab0979449956132d3e5b517ea76ac8\",\"name\":\"Reda\u00e7\u00e3o\",\"image\":{\"@type\":\"ImageObject\",\"inLanguage\":\"pt-BR\",\"@id\":\"https:\/\/secure.gravatar.com\/avatar\/e0a867bdedb85fd243eadf09663511f96fc81e0720a4a42581f334ad4303aa6b?s=96&d=mm&r=g\",\"url\":\"https:\/\/secure.gravatar.com\/avatar\/e0a867bdedb85fd243eadf09663511f96fc81e0720a4a42581f334ad4303aa6b?s=96&d=mm&r=g\",\"contentUrl\":\"https:\/\/secure.gravatar.com\/avatar\/e0a867bdedb85fd243eadf09663511f96fc81e0720a4a42581f334ad4303aa6b?s=96&d=mm&r=g\",\"caption\":\"Reda\u00e7\u00e3o\"}}]}<\/script>\n<!-- \/ Yoast SEO plugin. -->","yoast_head_json":{"title":"Hamilton \u00e9 bicampe\u00e3o e Massa mostra que vai brigar por vit\u00f3rias - Notibras","robots":{"index":"index","follow":"follow","max-snippet":"max-snippet:-1","max-image-preview":"max-image-preview:large","max-video-preview":"max-video-preview:-1"},"canonical":"https:\/\/www.notibras.com\/site\/hamilton-e-bicampeao-e-massa-mostra-que-vai-brigar-por-vitorias-em-2015\/","og_locale":"pt_BR","og_type":"article","og_title":"Hamilton \u00e9 bicampe\u00e3o e Massa mostra que vai brigar por vit\u00f3rias - Notibras","og_description":"Do prod\u00edgio campe\u00e3o de 2008 a um experiente bicampe\u00e3o em 2014. Seis anos se passaram, mas o arrojado Lewis Hamilton enfim conquistou seu segundo t\u00edtulo Mundial de F\u00f3rmula 1. Numa temporada com dom\u00ednio da Mercedes, o GP de Abu Dhabi teve muita emo\u00e7\u00e3o, quando parecia fadado a um desfecho frio. Problemas nas Mercedes quase custaram [&hellip;]","og_url":"https:\/\/www.notibras.com\/site\/hamilton-e-bicampeao-e-massa-mostra-que-vai-brigar-por-vitorias-em-2015\/","og_site_name":"Notibras","article_publisher":"https:\/\/www.facebook.com\/notibras\/","article_published_time":"2014-11-23T14:57:33+00:00","article_modified_time":"2014-11-24T14:39:36+00:00","og_image":[{"width":460,"height":340,"url":"https:\/\/www.notibras.com\/site\/wp-content\/uploads\/2014\/11\/massa-afp.jpg","type":"image\/jpeg"}],"author":"Reda\u00e7\u00e3o","twitter_card":"summary_large_image","twitter_creator":"@Notibras","twitter_site":"@Notibras","twitter_misc":{"Escrito por":"Reda\u00e7\u00e3o","Est. tempo de leitura":"5 minutos"},"schema":{"@context":"https:\/\/schema.org","@graph":[{"@type":"Article","@id":"https:\/\/www.notibras.com\/site\/hamilton-e-bicampeao-e-massa-mostra-que-vai-brigar-por-vitorias-em-2015\/#article","isPartOf":{"@id":"https:\/\/www.notibras.com\/site\/hamilton-e-bicampeao-e-massa-mostra-que-vai-brigar-por-vitorias-em-2015\/"},"author":{"name":"Reda\u00e7\u00e3o","@id":"https:\/\/www.notibras.com\/site\/#\/schema\/person\/36ab0979449956132d3e5b517ea76ac8"},"headline":"Hamilton \u00e9 bicampe\u00e3o e Massa mostra que vai brigar por vit\u00f3rias","datePublished":"2014-11-23T14:57:33+00:00","dateModified":"2014-11-24T14:39:36+00:00","mainEntityOfPage":{"@id":"https:\/\/www.notibras.com\/site\/hamilton-e-bicampeao-e-massa-mostra-que-vai-brigar-por-vitorias-em-2015\/"},"wordCount":1006,"commentCount":0,"publisher":{"@id":"https:\/\/www.notibras.com\/site\/#organization"},"image":{"@id":"https:\/\/www.notibras.com\/site\/hamilton-e-bicampeao-e-massa-mostra-que-vai-brigar-por-vitorias-em-2015\/#primaryimage"},"thumbnailUrl":"https:\/\/www.notibras.com\/site\/wp-content\/uploads\/2014\/11\/massa-afp.jpg","articleSection":["Automobilismo","Esportes"],"inLanguage":"pt-BR","potentialAction":[{"@type":"CommentAction","name":"Comment","target":["https:\/\/www.notibras.com\/site\/hamilton-e-bicampeao-e-massa-mostra-que-vai-brigar-por-vitorias-em-2015\/#respond"]}]},{"@type":"WebPage","@id":"https:\/\/www.notibras.com\/site\/hamilton-e-bicampeao-e-massa-mostra-que-vai-brigar-por-vitorias-em-2015\/","url":"https:\/\/www.notibras.com\/site\/hamilton-e-bicampeao-e-massa-mostra-que-vai-brigar-por-vitorias-em-2015\/","name":"Hamilton \u00e9 bicampe\u00e3o e Massa mostra que vai brigar por vit\u00f3rias - Notibras","isPartOf":{"@id":"https:\/\/www.notibras.com\/site\/#website"},"primaryImageOfPage":{"@id":"https:\/\/www.notibras.com\/site\/hamilton-e-bicampeao-e-massa-mostra-que-vai-brigar-por-vitorias-em-2015\/#primaryimage"},"image":{"@id":"https:\/\/www.notibras.com\/site\/hamilton-e-bicampeao-e-massa-mostra-que-vai-brigar-por-vitorias-em-2015\/#primaryimage"},"thumbnailUrl":"https:\/\/www.notibras.com\/site\/wp-content\/uploads\/2014\/11\/massa-afp.jpg","datePublished":"2014-11-23T14:57:33+00:00","dateModified":"2014-11-24T14:39:36+00:00","breadcrumb":{"@id":"https:\/\/www.notibras.com\/site\/hamilton-e-bicampeao-e-massa-mostra-que-vai-brigar-por-vitorias-em-2015\/#breadcrumb"},"inLanguage":"pt-BR","potentialAction":[{"@type":"ReadAction","target":["https:\/\/www.notibras.com\/site\/hamilton-e-bicampeao-e-massa-mostra-que-vai-brigar-por-vitorias-em-2015\/"]}]},{"@type":"ImageObject","inLanguage":"pt-BR","@id":"https:\/\/www.notibras.com\/site\/hamilton-e-bicampeao-e-massa-mostra-que-vai-brigar-por-vitorias-em-2015\/#primaryimage","url":"https:\/\/www.notibras.com\/site\/wp-content\/uploads\/2014\/11\/massa-afp.jpg","contentUrl":"https:\/\/www.notibras.com\/site\/wp-content\/uploads\/2014\/11\/massa-afp.jpg","width":460,"height":340},{"@type":"BreadcrumbList","@id":"https:\/\/www.notibras.com\/site\/hamilton-e-bicampeao-e-massa-mostra-que-vai-brigar-por-vitorias-em-2015\/#breadcrumb","itemListElement":[{"@type":"ListItem","position":1,"name":"In\u00edcio","item":"https:\/\/www.notibras.com\/site\/"},{"@type":"ListItem","position":2,"name":"Hamilton \u00e9 bicampe\u00e3o e Massa mostra que vai brigar por vit\u00f3rias"}]},{"@type":"WebSite","@id":"https:\/\/www.notibras.com\/site\/#website","url":"https:\/\/www.notibras.com\/site\/","name":"Notibras","description":"Not\u00edcias de Bras\u00edlia, do Brasil e do Mundo","publisher":{"@id":"https:\/\/www.notibras.com\/site\/#organization"},"potentialAction":[{"@type":"SearchAction","target":{"@type":"EntryPoint","urlTemplate":"https:\/\/www.notibras.com\/site\/?s={search_term_string}"},"query-input":{"@type":"PropertyValueSpecification","valueRequired":true,"valueName":"search_term_string"}}],"inLanguage":"pt-BR"},{"@type":"Organization","@id":"https:\/\/www.notibras.com\/site\/#organization","name":"Grupo Notibras de Comunica\u00e7\u00e3o","url":"https:\/\/www.notibras.com\/site\/","logo":{"@type":"ImageObject","inLanguage":"pt-BR","@id":"https:\/\/www.notibras.com\/site\/#\/schema\/logo\/image\/","url":"https:\/\/www.notibras.com\/site\/wp-content\/uploads\/2023\/01\/notibras23.png","contentUrl":"https:\/\/www.notibras.com\/site\/wp-content\/uploads\/2023\/01\/notibras23.png","width":350,"height":87,"caption":"Grupo Notibras de Comunica\u00e7\u00e3o"},"image":{"@id":"https:\/\/www.notibras.com\/site\/#\/schema\/logo\/image\/"},"sameAs":["https:\/\/www.facebook.com\/notibras\/","https:\/\/x.com\/Notibras","https:\/\/www.instagram.com\/notibras\/"]},{"@type":"Person","@id":"https:\/\/www.notibras.com\/site\/#\/schema\/person\/36ab0979449956132d3e5b517ea76ac8","name":"Reda\u00e7\u00e3o","image":{"@type":"ImageObject","inLanguage":"pt-BR","@id":"https:\/\/secure.gravatar.com\/avatar\/e0a867bdedb85fd243eadf09663511f96fc81e0720a4a42581f334ad4303aa6b?s=96&d=mm&r=g","url":"https:\/\/secure.gravatar.com\/avatar\/e0a867bdedb85fd243eadf09663511f96fc81e0720a4a42581f334ad4303aa6b?s=96&d=mm&r=g","contentUrl":"https:\/\/secure.gravatar.com\/avatar\/e0a867bdedb85fd243eadf09663511f96fc81e0720a4a42581f334ad4303aa6b?s=96&d=mm&r=g","caption":"Reda\u00e7\u00e3o"}}]}},"amp_enabled":true,"_links":{"self":[{"href":"https:\/\/www.notibras.com\/site\/wp-json\/wp\/v2\/posts\/29238","targetHints":{"allow":["GET"]}}],"collection":[{"href":"https:\/\/www.notibras.com\/site\/wp-json\/wp\/v2\/posts"}],"about":[{"href":"https:\/\/www.notibras.com\/site\/wp-json\/wp\/v2\/types\/post"}],"author":[{"embeddable":true,"href":"https:\/\/www.notibras.com\/site\/wp-json\/wp\/v2\/users\/2"}],"replies":[{"embeddable":true,"href":"https:\/\/www.notibras.com\/site\/wp-json\/wp\/v2\/comments?post=29238"}],"version-history":[{"count":0,"href":"https:\/\/www.notibras.com\/site\/wp-json\/wp\/v2\/posts\/29238\/revisions"}],"wp:featuredmedia":[{"embeddable":true,"href":"https:\/\/www.notibras.com\/site\/wp-json\/wp\/v2\/media\/29239"}],"wp:attachment":[{"href":"https:\/\/www.notibras.com\/site\/wp-json\/wp\/v2\/media?parent=29238"}],"wp:term":[{"taxonomy":"category","embeddable":true,"href":"https:\/\/www.notibras.com\/site\/wp-json\/wp\/v2\/categories?post=29238"},{"taxonomy":"post_tag","embeddable":true,"href":"https:\/\/www.notibras.com\/site\/wp-json\/wp\/v2\/tags?post=29238"}],"curies":[{"name":"wp","href":"https:\/\/api.w.org\/{rel}","templated":true}]}}