{"id":29312,"date":"2014-11-24T00:14:36","date_gmt":"2014-11-24T03:14:36","guid":{"rendered":"http:\/\/www.notibras.com\/site\/?p=29312"},"modified":"2014-11-24T00:14:36","modified_gmt":"2014-11-24T03:14:36","slug":"a-lei-a-hierarquia-a-ser-observada-e-a-forca-dos-direitos-humanos","status":"publish","type":"post","link":"https:\/\/www.notibras.com\/site\/a-lei-a-hierarquia-a-ser-observada-e-a-forca-dos-direitos-humanos\/","title":{"rendered":"A Lei, a hierarquia a ser observada e a for\u00e7a dos direitos humanos"},"content":{"rendered":"<p>Em outros tempos o cidad\u00e3o comum supunha que o territ\u00f3rio do Direito e da Justi\u00e7a fosse cercado por um muro. S\u00f3 os iniciados \u2013 os que tinham consentimento dos potentados \u2013 poderiam atravessar a muralha. O avan\u00e7o da cidadania, nos \u00faltimos tempos de Brasil, modificou substancialmente este panorama.<\/p>\n<p>O mundo do Direito n\u00e3o \u00e9 apenas o mundo dos advogados e outros profissionais da seara jur\u00eddica. Todas as pessoas, de alguma forma, acabam envolvidas nisto que poder\u00edamos chamar de &#8220;universo jur\u00eddico&#8221;. Da\u00ed a legitimidade da participa\u00e7\u00e3o do povo nessa esfera da vida social.<\/p>\n<p>Cidad\u00e3os ou profissionais, todos estamos dentro dessa nau. De minha parte foi como profissional que fiz a viagem. Comecei como advogado, integrei depois o Minist\u00e9rio P\u00fablico. Ap\u00f3s cumprir o rito de passagem, vim a ser Juiz de Direito porque a magistratura era mesmo o meu destino. Eu seria juiz no Esp\u00edrito Santo, como juiz foi, n\u00e3o no Esp\u00edrito Santo, meu av\u00f4 pernambucano \u2013 Pedro Carneiro Estellita Lins. Esse av\u00f4, estudioso e doce, exerceu tamanho fasc\u00ednio sobre mim que determinou a escolha profissional que fiz.<\/p>\n<p>Meu caminho, nas sendas do Direito, foi marcado de sofrimento em raz\u00e3o de conflitos \u00edntimos.<\/p>\n<blockquote><p>Sempre aprendi que o juiz est\u00e1 submetido \u00e0 lei. E continuo seguro de que este princ\u00edpio \u00e9 verdadeiro. Abol\u00edssemos a lei como limita\u00e7\u00e3o do poder e estaria instaurado o regime do arb\u00edtrio.<\/p><\/blockquote>\n<p>N\u00e3o obstante a aceita\u00e7\u00e3o de que o &#8220;regime de legalidade&#8221; \u00e9 uma conquista do Direito e da Cultura, esta premissa n\u00e3o deve conduzir \u00e0 conclus\u00e3o de que os ju\u00edzes devam devotar \u00e0 lei um culto id\u00f3latra.<\/p>\n<p>Uma coisa \u00e9 a lei abstrata e geral. Outra coisa \u00e9 o caso concreto, dentro do qual se situa a condi\u00e7\u00e3o humana.<\/p>\n<p>\u00c0 face do caso concreto a dif\u00edcil miss\u00e3o do juiz \u00e9 trabalhar com a lei para que prevale\u00e7a a Justi\u00e7a.<\/p>\n<p>N\u00e3o foram apenas os livros que me ensinaram esta li\u00e7\u00e3o, mas tamb\u00e9m a vida, a dramaticidade de muitas situa\u00e7\u00f5es.<\/p>\n<p>H\u00e1 uma hierarquia de valores a ser observada.<\/p>\n<p>N\u00e3o \u00e9 num passe de m\u00e1gica que se faz a travessia da lei ao Direito. Muito pelo contr\u00e1rio, o caminho \u00e9 dif\u00edcil. Exige crit\u00e9rio, sensibilidade e ampla cultura geral ao lado da cultura simplesmente jur\u00eddica.<\/p>\n<p>O jurista n\u00e3o lida com pedras de um xadrez, mas com pessoas, dramas e ang\u00fastias humanas. N\u00e3o \u00e9 atrav\u00e9s do manejo dos silogismos que se desvenda o Direito, tantas vezes escondido nas roupagens da lei. O olhar do verdadeiro jurista vai muito al\u00e9m dos silogismos.<\/p>\n<p>Da mesma forma que os cidad\u00e3os em geral n\u00e3o podem fechar os olhos para as coisas do Direito, o estudioso do Direito n\u00e3o pode limitar-se ao estreito limite das quest\u00f5es jur\u00eddicas. O jurista que s\u00f3 conhece Direito acaba por ter do pr\u00f3prio Direito uma vis\u00e3o defeituosa e fragmentada.<\/p>\n<p>Estamos num mundo de interc\u00e2mbio, di\u00e1logo, debate.<\/p>\n<p>Se quisermos servir ao bem comum, contribuir com o nosso saber para o avan\u00e7o da sociedade, imp\u00f5e-se que abramos nosso esp\u00edrito a uma curiosidade variada e universal.<\/p>\n<p><strong>Jo\u00e3o Baptista Herkenhoff<\/strong><\/p>\n","protected":false},"excerpt":{"rendered":"<p>Em outros tempos o cidad\u00e3o comum supunha que o territ\u00f3rio do Direito e da Justi\u00e7a fosse cercado por um muro. S\u00f3 os iniciados \u2013 os que tinham consentimento dos potentados \u2013 poderiam atravessar a muralha. O avan\u00e7o da cidadania, nos \u00faltimos tempos de Brasil, modificou substancialmente este panorama. O mundo do Direito n\u00e3o \u00e9 apenas [&hellip;]<\/p>\n","protected":false},"author":2,"featured_media":29313,"comment_status":"open","ping_status":"closed","sticky":false,"template":"","format":"standard","meta":{"_acf_changed":false,"footnotes":""},"categories":[25],"tags":[],"class_list":["post-29312","post","type-post","status-publish","format-standard","has-post-thumbnail","hentry","category-opina-ai"],"acf":[],"yoast_head":"<!-- This site is optimized with the Yoast SEO plugin v27.5 - https:\/\/yoast.com\/product\/yoast-seo-wordpress\/ -->\n<title>A Lei, a hierarquia a ser observada e a for\u00e7a dos direitos humanos - Notibras<\/title>\n<meta name=\"robots\" content=\"index, follow, max-snippet:-1, max-image-preview:large, max-video-preview:-1\" \/>\n<link rel=\"canonical\" href=\"https:\/\/www.notibras.com\/site\/a-lei-a-hierarquia-a-ser-observada-e-a-forca-dos-direitos-humanos\/\" \/>\n<meta property=\"og:locale\" content=\"pt_BR\" \/>\n<meta property=\"og:type\" content=\"article\" \/>\n<meta property=\"og:title\" content=\"A Lei, a hierarquia a ser observada e a for\u00e7a dos direitos humanos - Notibras\" \/>\n<meta property=\"og:description\" content=\"Em outros tempos o cidad\u00e3o comum supunha que o territ\u00f3rio do Direito e da Justi\u00e7a fosse cercado por um muro. S\u00f3 os iniciados \u2013 os que tinham consentimento dos potentados \u2013 poderiam atravessar a muralha. O avan\u00e7o da cidadania, nos \u00faltimos tempos de Brasil, modificou substancialmente este panorama. O mundo do Direito n\u00e3o \u00e9 apenas [&hellip;]\" \/>\n<meta property=\"og:url\" content=\"https:\/\/www.notibras.com\/site\/a-lei-a-hierarquia-a-ser-observada-e-a-forca-dos-direitos-humanos\/\" \/>\n<meta property=\"og:site_name\" content=\"Notibras\" \/>\n<meta property=\"article:publisher\" content=\"https:\/\/www.facebook.com\/notibras\/\" \/>\n<meta property=\"article:published_time\" content=\"2014-11-24T03:14:36+00:00\" \/>\n<meta property=\"og:image\" content=\"https:\/\/www.notibras.com\/site\/wp-content\/uploads\/2014\/11\/op4.jpg\" \/>\n\t<meta property=\"og:image:width\" content=\"590\" \/>\n\t<meta property=\"og:image:height\" content=\"380\" \/>\n\t<meta property=\"og:image:type\" content=\"image\/jpeg\" \/>\n<meta name=\"author\" content=\"Reda\u00e7\u00e3o\" \/>\n<meta name=\"twitter:card\" content=\"summary_large_image\" \/>\n<meta name=\"twitter:creator\" content=\"@Notibras\" \/>\n<meta name=\"twitter:site\" content=\"@Notibras\" \/>\n<meta name=\"twitter:label1\" content=\"Escrito por\" \/>\n\t<meta name=\"twitter:data1\" content=\"Reda\u00e7\u00e3o\" \/>\n\t<meta name=\"twitter:label2\" content=\"Est. tempo de leitura\" \/>\n\t<meta name=\"twitter:data2\" content=\"3 minutos\" \/>\n<script type=\"application\/ld+json\" class=\"yoast-schema-graph\">{\"@context\":\"https:\\\/\\\/schema.org\",\"@graph\":[{\"@type\":\"Article\",\"@id\":\"https:\\\/\\\/www.notibras.com\\\/site\\\/a-lei-a-hierarquia-a-ser-observada-e-a-forca-dos-direitos-humanos\\\/#article\",\"isPartOf\":{\"@id\":\"https:\\\/\\\/www.notibras.com\\\/site\\\/a-lei-a-hierarquia-a-ser-observada-e-a-forca-dos-direitos-humanos\\\/\"},\"author\":{\"name\":\"Reda\u00e7\u00e3o\",\"@id\":\"https:\\\/\\\/www.notibras.com\\\/site\\\/#\\\/schema\\\/person\\\/36ab0979449956132d3e5b517ea76ac8\"},\"headline\":\"A Lei, a hierarquia a ser observada e a for\u00e7a dos direitos humanos\",\"datePublished\":\"2014-11-24T03:14:36+00:00\",\"mainEntityOfPage\":{\"@id\":\"https:\\\/\\\/www.notibras.com\\\/site\\\/a-lei-a-hierarquia-a-ser-observada-e-a-forca-dos-direitos-humanos\\\/\"},\"wordCount\":552,\"commentCount\":0,\"publisher\":{\"@id\":\"https:\\\/\\\/www.notibras.com\\\/site\\\/#organization\"},\"image\":{\"@id\":\"https:\\\/\\\/www.notibras.com\\\/site\\\/a-lei-a-hierarquia-a-ser-observada-e-a-forca-dos-direitos-humanos\\\/#primaryimage\"},\"thumbnailUrl\":\"https:\\\/\\\/www.notibras.com\\\/site\\\/wp-content\\\/uploads\\\/2014\\\/11\\\/op4.jpg\",\"articleSection\":[\"Opina a\u00ed\"],\"inLanguage\":\"pt-BR\",\"potentialAction\":[{\"@type\":\"CommentAction\",\"name\":\"Comment\",\"target\":[\"https:\\\/\\\/www.notibras.com\\\/site\\\/a-lei-a-hierarquia-a-ser-observada-e-a-forca-dos-direitos-humanos\\\/#respond\"]}]},{\"@type\":\"WebPage\",\"@id\":\"https:\\\/\\\/www.notibras.com\\\/site\\\/a-lei-a-hierarquia-a-ser-observada-e-a-forca-dos-direitos-humanos\\\/\",\"url\":\"https:\\\/\\\/www.notibras.com\\\/site\\\/a-lei-a-hierarquia-a-ser-observada-e-a-forca-dos-direitos-humanos\\\/\",\"name\":\"A Lei, a hierarquia a ser observada e a for\u00e7a dos direitos humanos - Notibras\",\"isPartOf\":{\"@id\":\"https:\\\/\\\/www.notibras.com\\\/site\\\/#website\"},\"primaryImageOfPage\":{\"@id\":\"https:\\\/\\\/www.notibras.com\\\/site\\\/a-lei-a-hierarquia-a-ser-observada-e-a-forca-dos-direitos-humanos\\\/#primaryimage\"},\"image\":{\"@id\":\"https:\\\/\\\/www.notibras.com\\\/site\\\/a-lei-a-hierarquia-a-ser-observada-e-a-forca-dos-direitos-humanos\\\/#primaryimage\"},\"thumbnailUrl\":\"https:\\\/\\\/www.notibras.com\\\/site\\\/wp-content\\\/uploads\\\/2014\\\/11\\\/op4.jpg\",\"datePublished\":\"2014-11-24T03:14:36+00:00\",\"breadcrumb\":{\"@id\":\"https:\\\/\\\/www.notibras.com\\\/site\\\/a-lei-a-hierarquia-a-ser-observada-e-a-forca-dos-direitos-humanos\\\/#breadcrumb\"},\"inLanguage\":\"pt-BR\",\"potentialAction\":[{\"@type\":\"ReadAction\",\"target\":[\"https:\\\/\\\/www.notibras.com\\\/site\\\/a-lei-a-hierarquia-a-ser-observada-e-a-forca-dos-direitos-humanos\\\/\"]}]},{\"@type\":\"ImageObject\",\"inLanguage\":\"pt-BR\",\"@id\":\"https:\\\/\\\/www.notibras.com\\\/site\\\/a-lei-a-hierarquia-a-ser-observada-e-a-forca-dos-direitos-humanos\\\/#primaryimage\",\"url\":\"https:\\\/\\\/www.notibras.com\\\/site\\\/wp-content\\\/uploads\\\/2014\\\/11\\\/op4.jpg\",\"contentUrl\":\"https:\\\/\\\/www.notibras.com\\\/site\\\/wp-content\\\/uploads\\\/2014\\\/11\\\/op4.jpg\",\"width\":590,\"height\":380},{\"@type\":\"BreadcrumbList\",\"@id\":\"https:\\\/\\\/www.notibras.com\\\/site\\\/a-lei-a-hierarquia-a-ser-observada-e-a-forca-dos-direitos-humanos\\\/#breadcrumb\",\"itemListElement\":[{\"@type\":\"ListItem\",\"position\":1,\"name\":\"In\u00edcio\",\"item\":\"https:\\\/\\\/www.notibras.com\\\/site\\\/\"},{\"@type\":\"ListItem\",\"position\":2,\"name\":\"A Lei, a hierarquia a ser observada e a for\u00e7a dos direitos humanos\"}]},{\"@type\":\"WebSite\",\"@id\":\"https:\\\/\\\/www.notibras.com\\\/site\\\/#website\",\"url\":\"https:\\\/\\\/www.notibras.com\\\/site\\\/\",\"name\":\"Notibras\",\"description\":\"Not\u00edcias de Bras\u00edlia, do Brasil e do Mundo\",\"publisher\":{\"@id\":\"https:\\\/\\\/www.notibras.com\\\/site\\\/#organization\"},\"potentialAction\":[{\"@type\":\"SearchAction\",\"target\":{\"@type\":\"EntryPoint\",\"urlTemplate\":\"https:\\\/\\\/www.notibras.com\\\/site\\\/?s={search_term_string}\"},\"query-input\":{\"@type\":\"PropertyValueSpecification\",\"valueRequired\":true,\"valueName\":\"search_term_string\"}}],\"inLanguage\":\"pt-BR\"},{\"@type\":\"Organization\",\"@id\":\"https:\\\/\\\/www.notibras.com\\\/site\\\/#organization\",\"name\":\"Grupo Notibras de Comunica\u00e7\u00e3o\",\"url\":\"https:\\\/\\\/www.notibras.com\\\/site\\\/\",\"logo\":{\"@type\":\"ImageObject\",\"inLanguage\":\"pt-BR\",\"@id\":\"https:\\\/\\\/www.notibras.com\\\/site\\\/#\\\/schema\\\/logo\\\/image\\\/\",\"url\":\"https:\\\/\\\/www.notibras.com\\\/site\\\/wp-content\\\/uploads\\\/2023\\\/01\\\/notibras23.png\",\"contentUrl\":\"https:\\\/\\\/www.notibras.com\\\/site\\\/wp-content\\\/uploads\\\/2023\\\/01\\\/notibras23.png\",\"width\":350,\"height\":87,\"caption\":\"Grupo Notibras de Comunica\u00e7\u00e3o\"},\"image\":{\"@id\":\"https:\\\/\\\/www.notibras.com\\\/site\\\/#\\\/schema\\\/logo\\\/image\\\/\"},\"sameAs\":[\"https:\\\/\\\/www.facebook.com\\\/notibras\\\/\",\"https:\\\/\\\/x.com\\\/Notibras\",\"https:\\\/\\\/www.instagram.com\\\/notibras\\\/\"]},{\"@type\":\"Person\",\"@id\":\"https:\\\/\\\/www.notibras.com\\\/site\\\/#\\\/schema\\\/person\\\/36ab0979449956132d3e5b517ea76ac8\",\"name\":\"Reda\u00e7\u00e3o\",\"image\":{\"@type\":\"ImageObject\",\"inLanguage\":\"pt-BR\",\"@id\":\"https:\\\/\\\/secure.gravatar.com\\\/avatar\\\/e0a867bdedb85fd243eadf09663511f96fc81e0720a4a42581f334ad4303aa6b?s=96&d=mm&r=g\",\"url\":\"https:\\\/\\\/secure.gravatar.com\\\/avatar\\\/e0a867bdedb85fd243eadf09663511f96fc81e0720a4a42581f334ad4303aa6b?s=96&d=mm&r=g\",\"contentUrl\":\"https:\\\/\\\/secure.gravatar.com\\\/avatar\\\/e0a867bdedb85fd243eadf09663511f96fc81e0720a4a42581f334ad4303aa6b?s=96&d=mm&r=g\",\"caption\":\"Reda\u00e7\u00e3o\"}}]}<\/script>\n<!-- \/ Yoast SEO plugin. -->","yoast_head_json":{"title":"A Lei, a hierarquia a ser observada e a for\u00e7a dos direitos humanos - Notibras","robots":{"index":"index","follow":"follow","max-snippet":"max-snippet:-1","max-image-preview":"max-image-preview:large","max-video-preview":"max-video-preview:-1"},"canonical":"https:\/\/www.notibras.com\/site\/a-lei-a-hierarquia-a-ser-observada-e-a-forca-dos-direitos-humanos\/","og_locale":"pt_BR","og_type":"article","og_title":"A Lei, a hierarquia a ser observada e a for\u00e7a dos direitos humanos - Notibras","og_description":"Em outros tempos o cidad\u00e3o comum supunha que o territ\u00f3rio do Direito e da Justi\u00e7a fosse cercado por um muro. S\u00f3 os iniciados \u2013 os que tinham consentimento dos potentados \u2013 poderiam atravessar a muralha. O avan\u00e7o da cidadania, nos \u00faltimos tempos de Brasil, modificou substancialmente este panorama. O mundo do Direito n\u00e3o \u00e9 apenas [&hellip;]","og_url":"https:\/\/www.notibras.com\/site\/a-lei-a-hierarquia-a-ser-observada-e-a-forca-dos-direitos-humanos\/","og_site_name":"Notibras","article_publisher":"https:\/\/www.facebook.com\/notibras\/","article_published_time":"2014-11-24T03:14:36+00:00","og_image":[{"width":590,"height":380,"url":"https:\/\/www.notibras.com\/site\/wp-content\/uploads\/2014\/11\/op4.jpg","type":"image\/jpeg"}],"author":"Reda\u00e7\u00e3o","twitter_card":"summary_large_image","twitter_creator":"@Notibras","twitter_site":"@Notibras","twitter_misc":{"Escrito por":"Reda\u00e7\u00e3o","Est. tempo de leitura":"3 minutos"},"schema":{"@context":"https:\/\/schema.org","@graph":[{"@type":"Article","@id":"https:\/\/www.notibras.com\/site\/a-lei-a-hierarquia-a-ser-observada-e-a-forca-dos-direitos-humanos\/#article","isPartOf":{"@id":"https:\/\/www.notibras.com\/site\/a-lei-a-hierarquia-a-ser-observada-e-a-forca-dos-direitos-humanos\/"},"author":{"name":"Reda\u00e7\u00e3o","@id":"https:\/\/www.notibras.com\/site\/#\/schema\/person\/36ab0979449956132d3e5b517ea76ac8"},"headline":"A Lei, a hierarquia a ser observada e a for\u00e7a dos direitos humanos","datePublished":"2014-11-24T03:14:36+00:00","mainEntityOfPage":{"@id":"https:\/\/www.notibras.com\/site\/a-lei-a-hierarquia-a-ser-observada-e-a-forca-dos-direitos-humanos\/"},"wordCount":552,"commentCount":0,"publisher":{"@id":"https:\/\/www.notibras.com\/site\/#organization"},"image":{"@id":"https:\/\/www.notibras.com\/site\/a-lei-a-hierarquia-a-ser-observada-e-a-forca-dos-direitos-humanos\/#primaryimage"},"thumbnailUrl":"https:\/\/www.notibras.com\/site\/wp-content\/uploads\/2014\/11\/op4.jpg","articleSection":["Opina a\u00ed"],"inLanguage":"pt-BR","potentialAction":[{"@type":"CommentAction","name":"Comment","target":["https:\/\/www.notibras.com\/site\/a-lei-a-hierarquia-a-ser-observada-e-a-forca-dos-direitos-humanos\/#respond"]}]},{"@type":"WebPage","@id":"https:\/\/www.notibras.com\/site\/a-lei-a-hierarquia-a-ser-observada-e-a-forca-dos-direitos-humanos\/","url":"https:\/\/www.notibras.com\/site\/a-lei-a-hierarquia-a-ser-observada-e-a-forca-dos-direitos-humanos\/","name":"A Lei, a hierarquia a ser observada e a for\u00e7a dos direitos humanos - Notibras","isPartOf":{"@id":"https:\/\/www.notibras.com\/site\/#website"},"primaryImageOfPage":{"@id":"https:\/\/www.notibras.com\/site\/a-lei-a-hierarquia-a-ser-observada-e-a-forca-dos-direitos-humanos\/#primaryimage"},"image":{"@id":"https:\/\/www.notibras.com\/site\/a-lei-a-hierarquia-a-ser-observada-e-a-forca-dos-direitos-humanos\/#primaryimage"},"thumbnailUrl":"https:\/\/www.notibras.com\/site\/wp-content\/uploads\/2014\/11\/op4.jpg","datePublished":"2014-11-24T03:14:36+00:00","breadcrumb":{"@id":"https:\/\/www.notibras.com\/site\/a-lei-a-hierarquia-a-ser-observada-e-a-forca-dos-direitos-humanos\/#breadcrumb"},"inLanguage":"pt-BR","potentialAction":[{"@type":"ReadAction","target":["https:\/\/www.notibras.com\/site\/a-lei-a-hierarquia-a-ser-observada-e-a-forca-dos-direitos-humanos\/"]}]},{"@type":"ImageObject","inLanguage":"pt-BR","@id":"https:\/\/www.notibras.com\/site\/a-lei-a-hierarquia-a-ser-observada-e-a-forca-dos-direitos-humanos\/#primaryimage","url":"https:\/\/www.notibras.com\/site\/wp-content\/uploads\/2014\/11\/op4.jpg","contentUrl":"https:\/\/www.notibras.com\/site\/wp-content\/uploads\/2014\/11\/op4.jpg","width":590,"height":380},{"@type":"BreadcrumbList","@id":"https:\/\/www.notibras.com\/site\/a-lei-a-hierarquia-a-ser-observada-e-a-forca-dos-direitos-humanos\/#breadcrumb","itemListElement":[{"@type":"ListItem","position":1,"name":"In\u00edcio","item":"https:\/\/www.notibras.com\/site\/"},{"@type":"ListItem","position":2,"name":"A Lei, a hierarquia a ser observada e a for\u00e7a dos direitos humanos"}]},{"@type":"WebSite","@id":"https:\/\/www.notibras.com\/site\/#website","url":"https:\/\/www.notibras.com\/site\/","name":"Notibras","description":"Not\u00edcias de Bras\u00edlia, do Brasil e do Mundo","publisher":{"@id":"https:\/\/www.notibras.com\/site\/#organization"},"potentialAction":[{"@type":"SearchAction","target":{"@type":"EntryPoint","urlTemplate":"https:\/\/www.notibras.com\/site\/?s={search_term_string}"},"query-input":{"@type":"PropertyValueSpecification","valueRequired":true,"valueName":"search_term_string"}}],"inLanguage":"pt-BR"},{"@type":"Organization","@id":"https:\/\/www.notibras.com\/site\/#organization","name":"Grupo Notibras de Comunica\u00e7\u00e3o","url":"https:\/\/www.notibras.com\/site\/","logo":{"@type":"ImageObject","inLanguage":"pt-BR","@id":"https:\/\/www.notibras.com\/site\/#\/schema\/logo\/image\/","url":"https:\/\/www.notibras.com\/site\/wp-content\/uploads\/2023\/01\/notibras23.png","contentUrl":"https:\/\/www.notibras.com\/site\/wp-content\/uploads\/2023\/01\/notibras23.png","width":350,"height":87,"caption":"Grupo Notibras de Comunica\u00e7\u00e3o"},"image":{"@id":"https:\/\/www.notibras.com\/site\/#\/schema\/logo\/image\/"},"sameAs":["https:\/\/www.facebook.com\/notibras\/","https:\/\/x.com\/Notibras","https:\/\/www.instagram.com\/notibras\/"]},{"@type":"Person","@id":"https:\/\/www.notibras.com\/site\/#\/schema\/person\/36ab0979449956132d3e5b517ea76ac8","name":"Reda\u00e7\u00e3o","image":{"@type":"ImageObject","inLanguage":"pt-BR","@id":"https:\/\/secure.gravatar.com\/avatar\/e0a867bdedb85fd243eadf09663511f96fc81e0720a4a42581f334ad4303aa6b?s=96&d=mm&r=g","url":"https:\/\/secure.gravatar.com\/avatar\/e0a867bdedb85fd243eadf09663511f96fc81e0720a4a42581f334ad4303aa6b?s=96&d=mm&r=g","contentUrl":"https:\/\/secure.gravatar.com\/avatar\/e0a867bdedb85fd243eadf09663511f96fc81e0720a4a42581f334ad4303aa6b?s=96&d=mm&r=g","caption":"Reda\u00e7\u00e3o"}}]}},"amp_enabled":true,"_links":{"self":[{"href":"https:\/\/www.notibras.com\/site\/wp-json\/wp\/v2\/posts\/29312","targetHints":{"allow":["GET"]}}],"collection":[{"href":"https:\/\/www.notibras.com\/site\/wp-json\/wp\/v2\/posts"}],"about":[{"href":"https:\/\/www.notibras.com\/site\/wp-json\/wp\/v2\/types\/post"}],"author":[{"embeddable":true,"href":"https:\/\/www.notibras.com\/site\/wp-json\/wp\/v2\/users\/2"}],"replies":[{"embeddable":true,"href":"https:\/\/www.notibras.com\/site\/wp-json\/wp\/v2\/comments?post=29312"}],"version-history":[{"count":0,"href":"https:\/\/www.notibras.com\/site\/wp-json\/wp\/v2\/posts\/29312\/revisions"}],"wp:featuredmedia":[{"embeddable":true,"href":"https:\/\/www.notibras.com\/site\/wp-json\/wp\/v2\/media\/29313"}],"wp:attachment":[{"href":"https:\/\/www.notibras.com\/site\/wp-json\/wp\/v2\/media?parent=29312"}],"wp:term":[{"taxonomy":"category","embeddable":true,"href":"https:\/\/www.notibras.com\/site\/wp-json\/wp\/v2\/categories?post=29312"},{"taxonomy":"post_tag","embeddable":true,"href":"https:\/\/www.notibras.com\/site\/wp-json\/wp\/v2\/tags?post=29312"}],"curies":[{"name":"wp","href":"https:\/\/api.w.org\/{rel}","templated":true}]}}