{"id":29327,"date":"2014-11-24T10:41:14","date_gmt":"2014-11-24T13:41:14","guid":{"rendered":"http:\/\/www.notibras.com\/site\/?p=29327"},"modified":"2014-11-24T13:51:57","modified_gmt":"2014-11-24T16:51:57","slug":"adarico-negromonte-ultimo-foragido-da-7a-fase-da-lava-jato-se-entrega","status":"publish","type":"post","link":"https:\/\/www.notibras.com\/site\/adarico-negromonte-ultimo-foragido-da-7a-fase-da-lava-jato-se-entrega\/","title":{"rendered":"Adarico, irm\u00e3o do ex-ministro Negromonte, \u00faltimo foragido da Lava Jato, se entrega \u00e0 PF"},"content":{"rendered":"<p>O \u00faltimo foragido da Pol\u00edcia Federal (PF) na s\u00e9tima fase da Opera\u00e7\u00e3o Lava Jato, Adarico Negromonte Filho, se entregou na carceragem de Curitiba \u00e0s 11h15 desta segunda-feira (24). Ele \u00e9 um dos 25 investigados nesta fase da opera\u00e7\u00e3o e estava foragido desde sexta-feira (14).<\/p>\n<p>Negromonte \u00e9 suspeito de liga\u00e7\u00e3o com o doleiro Alberto Youssef, considerado o l\u00edder de um esquema de lavagem e desvio de dinehiro. Segundo as investiga\u00e7\u00f5es, ele levava dinheiro do escrit\u00f3rio do doleiro at\u00e9 os agentes p\u00fablicos e partidos pol\u00edticos. O investigado chegou de t\u00e1xi \u00e0 Pol\u00edcia Federal, acompanhado pela advogada que o representa. Eles preferiram n\u00e3o dar entrevista.<\/p>\n<blockquote><p>Adarico \u00e9 irm\u00e3o do ex-ministro das Cidades M\u00e1rio Negromonte (PP-BA). Em documento protocolado na Justi\u00e7a, a defesa enfatizou o pedido de revoga\u00e7\u00e3o da pris\u00e3o tempor\u00e1ria do cliente, e diz que a autoridade policial foi informada sobre a apresenta\u00e7\u00e3o.<\/p><\/blockquote>\n<p>De acordo com as advogadas que o representam, Joyce Roysen, Denise Nunes Garcia, D\u00e9bora Motta Cardoso, e K\u00e1tia Toscano Mielenhausen, o juiz federal Sergio Moro determinou na ter\u00e7a-feira (18) que o Minist\u00e9rio P\u00fablico Federal (MPF) se manifestasse em at\u00e9 tr\u00eas dias sobre o pedido de revoga\u00e7\u00e3o da pris\u00e3o &#8211; o que, de acordo com a defesa, ainda n\u00e3o ocorreu.<\/p>\n<p>Deflagrada em mar\u00e7o deste ano, a Opera\u00e7\u00e3o Lava Jato prendeu v\u00e1rias pessoas, entre elas est\u00e3o o ex-diretor de Abastecimento da Petrobras Paulo Roberto Costa, que cumpre pris\u00e3o domiciliar no Rio de Janeiro, o ex-diretor de Servi\u00e7o Renato Duque, e o doleiro Alberto Youssef, acusado de comandar o esquema. Os dois \u00faltimos est\u00e3o detidos na carceragem em Curitiba.<\/p>\n<p>A defesa de Adarico Negromonte alega ainda que n\u00e3o h\u00e1 necessidade da pris\u00e3o de Negromonte para o prosseguimento das investiga\u00e7\u00f5es. &#8220;Ratifica-se que a liberdade do Requerente que conta com quase 70 anos de idade, \u00e9 prim\u00e1rio, tem bons antecedentes, possui resid\u00eancia fixa e ocupa\u00e7\u00e3o l\u00edcita, em nada poder\u00e1 influenciar sobre a colheita de provas que ainda resta ser feita&#8221;, argumentam.<\/p>\n","protected":false},"excerpt":{"rendered":"<p>O \u00faltimo foragido da Pol\u00edcia Federal (PF) na s\u00e9tima fase da Opera\u00e7\u00e3o Lava Jato, Adarico Negromonte Filho, se entregou na carceragem de Curitiba \u00e0s 11h15 desta segunda-feira (24). Ele \u00e9 um dos 25 investigados nesta fase da opera\u00e7\u00e3o e estava foragido desde sexta-feira (14). Negromonte \u00e9 suspeito de liga\u00e7\u00e3o com o doleiro Alberto Youssef, considerado [&hellip;]<\/p>\n","protected":false},"author":1,"featured_media":29328,"comment_status":"open","ping_status":"closed","sticky":false,"template":"","format":"standard","meta":{"_acf_changed":false,"footnotes":""},"categories":[16],"tags":[],"class_list":["post-29327","post","type-post","status-publish","format-standard","has-post-thumbnail","hentry","category-brasil"],"acf":[],"yoast_head":"<!-- This site is optimized with the Yoast SEO plugin v27.2 - https:\/\/yoast.com\/product\/yoast-seo-wordpress\/ -->\n<title>Adarico, irm\u00e3o do ex-ministro Negromonte, \u00faltimo foragido da Lava Jato, se entrega \u00e0 PF - Notibras<\/title>\n<meta name=\"robots\" content=\"index, follow, max-snippet:-1, max-image-preview:large, max-video-preview:-1\" \/>\n<link rel=\"canonical\" href=\"https:\/\/www.notibras.com\/site\/adarico-negromonte-ultimo-foragido-da-7a-fase-da-lava-jato-se-entrega\/\" \/>\n<meta property=\"og:locale\" content=\"pt_BR\" \/>\n<meta property=\"og:type\" content=\"article\" \/>\n<meta property=\"og:title\" content=\"Adarico, irm\u00e3o do ex-ministro Negromonte, \u00faltimo foragido da Lava Jato, se entrega \u00e0 PF - Notibras\" \/>\n<meta property=\"og:description\" content=\"O \u00faltimo foragido da Pol\u00edcia Federal (PF) na s\u00e9tima fase da Opera\u00e7\u00e3o Lava Jato, Adarico Negromonte Filho, se entregou na carceragem de Curitiba \u00e0s 11h15 desta segunda-feira (24). Ele \u00e9 um dos 25 investigados nesta fase da opera\u00e7\u00e3o e estava foragido desde sexta-feira (14). Negromonte \u00e9 suspeito de liga\u00e7\u00e3o com o doleiro Alberto Youssef, considerado [&hellip;]\" \/>\n<meta property=\"og:url\" content=\"https:\/\/www.notibras.com\/site\/adarico-negromonte-ultimo-foragido-da-7a-fase-da-lava-jato-se-entrega\/\" \/>\n<meta property=\"og:site_name\" content=\"Notibras\" \/>\n<meta property=\"article:publisher\" content=\"https:\/\/www.facebook.com\/notibras\/\" \/>\n<meta property=\"article:published_time\" content=\"2014-11-24T13:41:14+00:00\" \/>\n<meta property=\"article:modified_time\" content=\"2014-11-24T16:51:57+00:00\" \/>\n<meta property=\"og:image\" content=\"https:\/\/www.notibras.com\/site\/wp-content\/uploads\/2014\/11\/Sem-t\u00edtulo-182.jpg\" \/>\n\t<meta property=\"og:image:width\" content=\"499\" \/>\n\t<meta property=\"og:image:height\" content=\"342\" \/>\n\t<meta property=\"og:image:type\" content=\"image\/jpeg\" \/>\n<meta name=\"author\" content=\"Reda\u00e7\u00e3o\" \/>\n<meta name=\"twitter:card\" content=\"summary_large_image\" \/>\n<meta name=\"twitter:creator\" content=\"@Notibras\" \/>\n<meta name=\"twitter:site\" content=\"@Notibras\" \/>\n<meta name=\"twitter:label1\" content=\"Escrito por\" \/>\n\t<meta name=\"twitter:data1\" content=\"Reda\u00e7\u00e3o\" \/>\n\t<meta name=\"twitter:label2\" content=\"Est. tempo de leitura\" \/>\n\t<meta name=\"twitter:data2\" content=\"2 minutos\" \/>\n<script type=\"application\/ld+json\" class=\"yoast-schema-graph\">{\"@context\":\"https:\/\/schema.org\",\"@graph\":[{\"@type\":\"Article\",\"@id\":\"https:\/\/www.notibras.com\/site\/adarico-negromonte-ultimo-foragido-da-7a-fase-da-lava-jato-se-entrega\/#article\",\"isPartOf\":{\"@id\":\"https:\/\/www.notibras.com\/site\/adarico-negromonte-ultimo-foragido-da-7a-fase-da-lava-jato-se-entrega\/\"},\"author\":{\"name\":\"Reda\u00e7\u00e3o\",\"@id\":\"https:\/\/www.notibras.com\/site\/#\/schema\/person\/00b8e1aa08f9ef6563e878c5159d01cf\"},\"headline\":\"Adarico, irm\u00e3o do ex-ministro Negromonte, \u00faltimo foragido da Lava Jato, se entrega \u00e0 PF\",\"datePublished\":\"2014-11-24T13:41:14+00:00\",\"dateModified\":\"2014-11-24T16:51:57+00:00\",\"mainEntityOfPage\":{\"@id\":\"https:\/\/www.notibras.com\/site\/adarico-negromonte-ultimo-foragido-da-7a-fase-da-lava-jato-se-entrega\/\"},\"wordCount\":363,\"commentCount\":0,\"publisher\":{\"@id\":\"https:\/\/www.notibras.com\/site\/#organization\"},\"image\":{\"@id\":\"https:\/\/www.notibras.com\/site\/adarico-negromonte-ultimo-foragido-da-7a-fase-da-lava-jato-se-entrega\/#primaryimage\"},\"thumbnailUrl\":\"https:\/\/www.notibras.com\/site\/wp-content\/uploads\/2014\/11\/Sem-t\u00edtulo-182.jpg\",\"articleSection\":[\"Brasil\"],\"inLanguage\":\"pt-BR\",\"potentialAction\":[{\"@type\":\"CommentAction\",\"name\":\"Comment\",\"target\":[\"https:\/\/www.notibras.com\/site\/adarico-negromonte-ultimo-foragido-da-7a-fase-da-lava-jato-se-entrega\/#respond\"]}]},{\"@type\":\"WebPage\",\"@id\":\"https:\/\/www.notibras.com\/site\/adarico-negromonte-ultimo-foragido-da-7a-fase-da-lava-jato-se-entrega\/\",\"url\":\"https:\/\/www.notibras.com\/site\/adarico-negromonte-ultimo-foragido-da-7a-fase-da-lava-jato-se-entrega\/\",\"name\":\"Adarico, irm\u00e3o do ex-ministro Negromonte, \u00faltimo foragido da Lava Jato, se entrega \u00e0 PF - Notibras\",\"isPartOf\":{\"@id\":\"https:\/\/www.notibras.com\/site\/#website\"},\"primaryImageOfPage\":{\"@id\":\"https:\/\/www.notibras.com\/site\/adarico-negromonte-ultimo-foragido-da-7a-fase-da-lava-jato-se-entrega\/#primaryimage\"},\"image\":{\"@id\":\"https:\/\/www.notibras.com\/site\/adarico-negromonte-ultimo-foragido-da-7a-fase-da-lava-jato-se-entrega\/#primaryimage\"},\"thumbnailUrl\":\"https:\/\/www.notibras.com\/site\/wp-content\/uploads\/2014\/11\/Sem-t\u00edtulo-182.jpg\",\"datePublished\":\"2014-11-24T13:41:14+00:00\",\"dateModified\":\"2014-11-24T16:51:57+00:00\",\"breadcrumb\":{\"@id\":\"https:\/\/www.notibras.com\/site\/adarico-negromonte-ultimo-foragido-da-7a-fase-da-lava-jato-se-entrega\/#breadcrumb\"},\"inLanguage\":\"pt-BR\",\"potentialAction\":[{\"@type\":\"ReadAction\",\"target\":[\"https:\/\/www.notibras.com\/site\/adarico-negromonte-ultimo-foragido-da-7a-fase-da-lava-jato-se-entrega\/\"]}]},{\"@type\":\"ImageObject\",\"inLanguage\":\"pt-BR\",\"@id\":\"https:\/\/www.notibras.com\/site\/adarico-negromonte-ultimo-foragido-da-7a-fase-da-lava-jato-se-entrega\/#primaryimage\",\"url\":\"https:\/\/www.notibras.com\/site\/wp-content\/uploads\/2014\/11\/Sem-t\u00edtulo-182.jpg\",\"contentUrl\":\"https:\/\/www.notibras.com\/site\/wp-content\/uploads\/2014\/11\/Sem-t\u00edtulo-182.jpg\",\"width\":499,\"height\":342},{\"@type\":\"BreadcrumbList\",\"@id\":\"https:\/\/www.notibras.com\/site\/adarico-negromonte-ultimo-foragido-da-7a-fase-da-lava-jato-se-entrega\/#breadcrumb\",\"itemListElement\":[{\"@type\":\"ListItem\",\"position\":1,\"name\":\"In\u00edcio\",\"item\":\"https:\/\/www.notibras.com\/site\/\"},{\"@type\":\"ListItem\",\"position\":2,\"name\":\"Adarico, irm\u00e3o do ex-ministro Negromonte, \u00faltimo foragido da Lava Jato, se entrega \u00e0 PF\"}]},{\"@type\":\"WebSite\",\"@id\":\"https:\/\/www.notibras.com\/site\/#website\",\"url\":\"https:\/\/www.notibras.com\/site\/\",\"name\":\"Notibras\",\"description\":\"Not\u00edcias de Bras\u00edlia, do Brasil e do Mundo\",\"publisher\":{\"@id\":\"https:\/\/www.notibras.com\/site\/#organization\"},\"potentialAction\":[{\"@type\":\"SearchAction\",\"target\":{\"@type\":\"EntryPoint\",\"urlTemplate\":\"https:\/\/www.notibras.com\/site\/?s={search_term_string}\"},\"query-input\":{\"@type\":\"PropertyValueSpecification\",\"valueRequired\":true,\"valueName\":\"search_term_string\"}}],\"inLanguage\":\"pt-BR\"},{\"@type\":\"Organization\",\"@id\":\"https:\/\/www.notibras.com\/site\/#organization\",\"name\":\"Grupo Notibras de Comunica\u00e7\u00e3o\",\"url\":\"https:\/\/www.notibras.com\/site\/\",\"logo\":{\"@type\":\"ImageObject\",\"inLanguage\":\"pt-BR\",\"@id\":\"https:\/\/www.notibras.com\/site\/#\/schema\/logo\/image\/\",\"url\":\"https:\/\/www.notibras.com\/site\/wp-content\/uploads\/2023\/01\/notibras23.png\",\"contentUrl\":\"https:\/\/www.notibras.com\/site\/wp-content\/uploads\/2023\/01\/notibras23.png\",\"width\":350,\"height\":87,\"caption\":\"Grupo Notibras de Comunica\u00e7\u00e3o\"},\"image\":{\"@id\":\"https:\/\/www.notibras.com\/site\/#\/schema\/logo\/image\/\"},\"sameAs\":[\"https:\/\/www.facebook.com\/notibras\/\",\"https:\/\/x.com\/Notibras\",\"https:\/\/www.instagram.com\/notibras\/\"]},{\"@type\":\"Person\",\"@id\":\"https:\/\/www.notibras.com\/site\/#\/schema\/person\/00b8e1aa08f9ef6563e878c5159d01cf\",\"name\":\"Reda\u00e7\u00e3o\",\"image\":{\"@type\":\"ImageObject\",\"inLanguage\":\"pt-BR\",\"@id\":\"https:\/\/secure.gravatar.com\/avatar\/ac5a707d5b47784a5ed426c6e213e201423c750890f64e4c379114dade67dfb9?s=96&d=mm&r=g\",\"url\":\"https:\/\/secure.gravatar.com\/avatar\/ac5a707d5b47784a5ed426c6e213e201423c750890f64e4c379114dade67dfb9?s=96&d=mm&r=g\",\"contentUrl\":\"https:\/\/secure.gravatar.com\/avatar\/ac5a707d5b47784a5ed426c6e213e201423c750890f64e4c379114dade67dfb9?s=96&d=mm&r=g\",\"caption\":\"Reda\u00e7\u00e3o\"}}]}<\/script>\n<!-- \/ Yoast SEO plugin. -->","yoast_head_json":{"title":"Adarico, irm\u00e3o do ex-ministro Negromonte, \u00faltimo foragido da Lava Jato, se entrega \u00e0 PF - Notibras","robots":{"index":"index","follow":"follow","max-snippet":"max-snippet:-1","max-image-preview":"max-image-preview:large","max-video-preview":"max-video-preview:-1"},"canonical":"https:\/\/www.notibras.com\/site\/adarico-negromonte-ultimo-foragido-da-7a-fase-da-lava-jato-se-entrega\/","og_locale":"pt_BR","og_type":"article","og_title":"Adarico, irm\u00e3o do ex-ministro Negromonte, \u00faltimo foragido da Lava Jato, se entrega \u00e0 PF - Notibras","og_description":"O \u00faltimo foragido da Pol\u00edcia Federal (PF) na s\u00e9tima fase da Opera\u00e7\u00e3o Lava Jato, Adarico Negromonte Filho, se entregou na carceragem de Curitiba \u00e0s 11h15 desta segunda-feira (24). Ele \u00e9 um dos 25 investigados nesta fase da opera\u00e7\u00e3o e estava foragido desde sexta-feira (14). Negromonte \u00e9 suspeito de liga\u00e7\u00e3o com o doleiro Alberto Youssef, considerado [&hellip;]","og_url":"https:\/\/www.notibras.com\/site\/adarico-negromonte-ultimo-foragido-da-7a-fase-da-lava-jato-se-entrega\/","og_site_name":"Notibras","article_publisher":"https:\/\/www.facebook.com\/notibras\/","article_published_time":"2014-11-24T13:41:14+00:00","article_modified_time":"2014-11-24T16:51:57+00:00","og_image":[{"width":499,"height":342,"url":"https:\/\/www.notibras.com\/site\/wp-content\/uploads\/2014\/11\/Sem-t\u00edtulo-182.jpg","type":"image\/jpeg"}],"author":"Reda\u00e7\u00e3o","twitter_card":"summary_large_image","twitter_creator":"@Notibras","twitter_site":"@Notibras","twitter_misc":{"Escrito por":"Reda\u00e7\u00e3o","Est. tempo de leitura":"2 minutos"},"schema":{"@context":"https:\/\/schema.org","@graph":[{"@type":"Article","@id":"https:\/\/www.notibras.com\/site\/adarico-negromonte-ultimo-foragido-da-7a-fase-da-lava-jato-se-entrega\/#article","isPartOf":{"@id":"https:\/\/www.notibras.com\/site\/adarico-negromonte-ultimo-foragido-da-7a-fase-da-lava-jato-se-entrega\/"},"author":{"name":"Reda\u00e7\u00e3o","@id":"https:\/\/www.notibras.com\/site\/#\/schema\/person\/00b8e1aa08f9ef6563e878c5159d01cf"},"headline":"Adarico, irm\u00e3o do ex-ministro Negromonte, \u00faltimo foragido da Lava Jato, se entrega \u00e0 PF","datePublished":"2014-11-24T13:41:14+00:00","dateModified":"2014-11-24T16:51:57+00:00","mainEntityOfPage":{"@id":"https:\/\/www.notibras.com\/site\/adarico-negromonte-ultimo-foragido-da-7a-fase-da-lava-jato-se-entrega\/"},"wordCount":363,"commentCount":0,"publisher":{"@id":"https:\/\/www.notibras.com\/site\/#organization"},"image":{"@id":"https:\/\/www.notibras.com\/site\/adarico-negromonte-ultimo-foragido-da-7a-fase-da-lava-jato-se-entrega\/#primaryimage"},"thumbnailUrl":"https:\/\/www.notibras.com\/site\/wp-content\/uploads\/2014\/11\/Sem-t\u00edtulo-182.jpg","articleSection":["Brasil"],"inLanguage":"pt-BR","potentialAction":[{"@type":"CommentAction","name":"Comment","target":["https:\/\/www.notibras.com\/site\/adarico-negromonte-ultimo-foragido-da-7a-fase-da-lava-jato-se-entrega\/#respond"]}]},{"@type":"WebPage","@id":"https:\/\/www.notibras.com\/site\/adarico-negromonte-ultimo-foragido-da-7a-fase-da-lava-jato-se-entrega\/","url":"https:\/\/www.notibras.com\/site\/adarico-negromonte-ultimo-foragido-da-7a-fase-da-lava-jato-se-entrega\/","name":"Adarico, irm\u00e3o do ex-ministro Negromonte, \u00faltimo foragido da Lava Jato, se entrega \u00e0 PF - Notibras","isPartOf":{"@id":"https:\/\/www.notibras.com\/site\/#website"},"primaryImageOfPage":{"@id":"https:\/\/www.notibras.com\/site\/adarico-negromonte-ultimo-foragido-da-7a-fase-da-lava-jato-se-entrega\/#primaryimage"},"image":{"@id":"https:\/\/www.notibras.com\/site\/adarico-negromonte-ultimo-foragido-da-7a-fase-da-lava-jato-se-entrega\/#primaryimage"},"thumbnailUrl":"https:\/\/www.notibras.com\/site\/wp-content\/uploads\/2014\/11\/Sem-t\u00edtulo-182.jpg","datePublished":"2014-11-24T13:41:14+00:00","dateModified":"2014-11-24T16:51:57+00:00","breadcrumb":{"@id":"https:\/\/www.notibras.com\/site\/adarico-negromonte-ultimo-foragido-da-7a-fase-da-lava-jato-se-entrega\/#breadcrumb"},"inLanguage":"pt-BR","potentialAction":[{"@type":"ReadAction","target":["https:\/\/www.notibras.com\/site\/adarico-negromonte-ultimo-foragido-da-7a-fase-da-lava-jato-se-entrega\/"]}]},{"@type":"ImageObject","inLanguage":"pt-BR","@id":"https:\/\/www.notibras.com\/site\/adarico-negromonte-ultimo-foragido-da-7a-fase-da-lava-jato-se-entrega\/#primaryimage","url":"https:\/\/www.notibras.com\/site\/wp-content\/uploads\/2014\/11\/Sem-t\u00edtulo-182.jpg","contentUrl":"https:\/\/www.notibras.com\/site\/wp-content\/uploads\/2014\/11\/Sem-t\u00edtulo-182.jpg","width":499,"height":342},{"@type":"BreadcrumbList","@id":"https:\/\/www.notibras.com\/site\/adarico-negromonte-ultimo-foragido-da-7a-fase-da-lava-jato-se-entrega\/#breadcrumb","itemListElement":[{"@type":"ListItem","position":1,"name":"In\u00edcio","item":"https:\/\/www.notibras.com\/site\/"},{"@type":"ListItem","position":2,"name":"Adarico, irm\u00e3o do ex-ministro Negromonte, \u00faltimo foragido da Lava Jato, se entrega \u00e0 PF"}]},{"@type":"WebSite","@id":"https:\/\/www.notibras.com\/site\/#website","url":"https:\/\/www.notibras.com\/site\/","name":"Notibras","description":"Not\u00edcias de Bras\u00edlia, do Brasil e do Mundo","publisher":{"@id":"https:\/\/www.notibras.com\/site\/#organization"},"potentialAction":[{"@type":"SearchAction","target":{"@type":"EntryPoint","urlTemplate":"https:\/\/www.notibras.com\/site\/?s={search_term_string}"},"query-input":{"@type":"PropertyValueSpecification","valueRequired":true,"valueName":"search_term_string"}}],"inLanguage":"pt-BR"},{"@type":"Organization","@id":"https:\/\/www.notibras.com\/site\/#organization","name":"Grupo Notibras de Comunica\u00e7\u00e3o","url":"https:\/\/www.notibras.com\/site\/","logo":{"@type":"ImageObject","inLanguage":"pt-BR","@id":"https:\/\/www.notibras.com\/site\/#\/schema\/logo\/image\/","url":"https:\/\/www.notibras.com\/site\/wp-content\/uploads\/2023\/01\/notibras23.png","contentUrl":"https:\/\/www.notibras.com\/site\/wp-content\/uploads\/2023\/01\/notibras23.png","width":350,"height":87,"caption":"Grupo Notibras de Comunica\u00e7\u00e3o"},"image":{"@id":"https:\/\/www.notibras.com\/site\/#\/schema\/logo\/image\/"},"sameAs":["https:\/\/www.facebook.com\/notibras\/","https:\/\/x.com\/Notibras","https:\/\/www.instagram.com\/notibras\/"]},{"@type":"Person","@id":"https:\/\/www.notibras.com\/site\/#\/schema\/person\/00b8e1aa08f9ef6563e878c5159d01cf","name":"Reda\u00e7\u00e3o","image":{"@type":"ImageObject","inLanguage":"pt-BR","@id":"https:\/\/secure.gravatar.com\/avatar\/ac5a707d5b47784a5ed426c6e213e201423c750890f64e4c379114dade67dfb9?s=96&d=mm&r=g","url":"https:\/\/secure.gravatar.com\/avatar\/ac5a707d5b47784a5ed426c6e213e201423c750890f64e4c379114dade67dfb9?s=96&d=mm&r=g","contentUrl":"https:\/\/secure.gravatar.com\/avatar\/ac5a707d5b47784a5ed426c6e213e201423c750890f64e4c379114dade67dfb9?s=96&d=mm&r=g","caption":"Reda\u00e7\u00e3o"}}]}},"amp_enabled":true,"_links":{"self":[{"href":"https:\/\/www.notibras.com\/site\/wp-json\/wp\/v2\/posts\/29327","targetHints":{"allow":["GET"]}}],"collection":[{"href":"https:\/\/www.notibras.com\/site\/wp-json\/wp\/v2\/posts"}],"about":[{"href":"https:\/\/www.notibras.com\/site\/wp-json\/wp\/v2\/types\/post"}],"author":[{"embeddable":true,"href":"https:\/\/www.notibras.com\/site\/wp-json\/wp\/v2\/users\/1"}],"replies":[{"embeddable":true,"href":"https:\/\/www.notibras.com\/site\/wp-json\/wp\/v2\/comments?post=29327"}],"version-history":[{"count":0,"href":"https:\/\/www.notibras.com\/site\/wp-json\/wp\/v2\/posts\/29327\/revisions"}],"wp:featuredmedia":[{"embeddable":true,"href":"https:\/\/www.notibras.com\/site\/wp-json\/wp\/v2\/media\/29328"}],"wp:attachment":[{"href":"https:\/\/www.notibras.com\/site\/wp-json\/wp\/v2\/media?parent=29327"}],"wp:term":[{"taxonomy":"category","embeddable":true,"href":"https:\/\/www.notibras.com\/site\/wp-json\/wp\/v2\/categories?post=29327"},{"taxonomy":"post_tag","embeddable":true,"href":"https:\/\/www.notibras.com\/site\/wp-json\/wp\/v2\/tags?post=29327"}],"curies":[{"name":"wp","href":"https:\/\/api.w.org\/{rel}","templated":true}]}}