{"id":29339,"date":"2014-11-24T15:20:43","date_gmt":"2014-11-24T18:20:43","guid":{"rendered":"http:\/\/www.notibras.com\/site\/?p=29339"},"modified":"2014-11-24T16:09:09","modified_gmt":"2014-11-24T19:09:09","slug":"policiais-seminuas-provocam-sensacao-na-web-e-preocupacao-nas-delegacias","status":"publish","type":"post","link":"https:\/\/www.notibras.com\/site\/policiais-seminuas-provocam-sensacao-na-web-e-preocupacao-nas-delegacias\/","title":{"rendered":"Policiais seminuas provocam sensa\u00e7\u00e3o em redes sociais e deixam delegacias preocupadas"},"content":{"rendered":"<p>As pol\u00edcias do Paran\u00e1 investigam pelo menos tr\u00eas casos que envolvem imagens de nudez e sexo com pessoas vestindo uniformes das corpora\u00e7\u00f5es.<\/p>\n<p>No caso mais recente, a imagem de uma mulher seminua vestindo um colete da Pol\u00edcia Militar est\u00e1 sendo vinculada a uma foto do rosto de uma policial militar.<\/p>\n<p>As imagens come\u00e7aram a circular inicialmente em grupos fechados do WhatsApp que re\u00fane policiais e se espalhou pela internet. A foto da mulher seminua era enviada aos destinat\u00e1rios e, na sequ\u00eancia, tamb\u00e9m era compartilhada a foto com o rosto da policial, como se fossem a mesma pessoa. O Comando da PM quer identificar o autor da associa\u00e7\u00e3o.<\/p>\n<p>Al\u00e9m da investiga\u00e7\u00e3o interna da PM, o caso tamb\u00e9m est\u00e1 sendo investigado pelo N\u00facleo de Combate aos Ciber Crimes (Nuciber), onde a policial registrou um boletim de ocorr\u00eancia por crime contra a honra. Ela nega ser a pessoa fotografa sem roupa.<\/p>\n<blockquote><p>A militar tamb\u00e9m utilizou seu perfil no Facebook para comentar o caso. No texto, ela alerta que o caso n\u00e3o ficar\u00e1 esquecido e adverte o autor da postagem da foto que &#8220;voc\u00ea mexeu com pol\u00edcia e n\u00e3o com crian\u00e7a&#8221;.<\/p><\/blockquote>\n<p>A assessoria de comunica\u00e7\u00e3o da PM informou que a corpora\u00e7\u00e3o est\u00e1 estudando as medidas legais para identificar o autor da postagem. Em nota encaminhada \u00e0 reportagem, a PM afirma que &#8220;ao funcion\u00e1rio p\u00fablico ofendido em situa\u00e7\u00f5es de divulga\u00e7\u00e3o de imagens cabe buscar os seus direitos conforme legisla\u00e7\u00e3o vigente e representar contra seu ofensor em uma delegacia, conforme o caso da policial militar citada nas m\u00eddias sociais&#8221;.<\/p>\n<p>Em rela\u00e7\u00e3o a foto da mulher seminua, a PM diz que &#8220;se ficar comprovado que seja uma policial, ou um policial que emprestou as vestimentas para a foto, fica este pass\u00edvel de responsabiliza\u00e7\u00e3o severa j\u00e1 que fere \u00e9tica e moralmente a legisla\u00e7\u00e3o castrense&#8221;.<\/p>\n<p>Em outro caso, a imagem de uma mulher ajoelhada sobre uma cama e vestindo uma camiseta preta semelhante \u00e0s utilizadas por policiais civis do Paran\u00e1 tamb\u00e9m circula por grupos do WhatsApp.<\/p>\n<p>Na foto, a mulher porta uma arma, presa em uma calcinha branca. A arma se assemelha a uma pistola, tamb\u00e9m utilizada pela Policia Civil.<\/p>\n<p>De acordo com a assessoria de imprensa da institui\u00e7\u00e3o, a foto n\u00e3o cont\u00e9m elementos que possa levar a identifica\u00e7\u00e3o da mulher, que est\u00e1 de costas. A coordena\u00e7\u00e3o da Pol\u00edcia Civil admite haver semelhan\u00e7as entre a camiseta e a arma -marca Taurus calibre .40- utilizadas na institui\u00e7\u00e3o, mas ressalva que a pistola pode ser um simulacro e o vestu\u00e1rio pode ter sido confeccionado sem o conhecimento da pol\u00edcia.<\/p>\n<p>Sem a identifica\u00e7\u00e3o da mulher, a Pol\u00edcia Civil coleta dados para saber a origem da foto, sem instaura\u00e7\u00e3o de procedimento oficial. A assessoria de imprensa do \u00f3rg\u00e3o afirma que se for comprovada a condi\u00e7\u00e3o de policial da mulher, ela poder\u00e1 responder a procedimento interno e ser suspensa da fun\u00e7\u00e3o por um per\u00edodo de at\u00e9 60 dias, por infra\u00e7\u00e3o \u00e0s normas da pol\u00edcia.<\/p>\n<p>Se a mulher n\u00e3o pertencer \u00e0 institui\u00e7\u00e3o e se for comprovada que a arma \u00e9 verdadeira, ela poder\u00e1 ser indiciada por posse ilegal de arma. Quanto ao uso da camiseta, a Pol\u00edcia Civil informou que n\u00e3o existe padroniza\u00e7\u00e3o das camisetas e apesar das semelhan\u00e7as, cada delegacia pode confeccionar o vestu\u00e1rio para os policiais.<\/p>\n","protected":false},"excerpt":{"rendered":"<p>As pol\u00edcias do Paran\u00e1 investigam pelo menos tr\u00eas casos que envolvem imagens de nudez e sexo com pessoas vestindo uniformes das corpora\u00e7\u00f5es. No caso mais recente, a imagem de uma mulher seminua vestindo um colete da Pol\u00edcia Militar est\u00e1 sendo vinculada a uma foto do rosto de uma policial militar. As imagens come\u00e7aram a circular [&hellip;]<\/p>\n","protected":false},"author":2,"featured_media":29352,"comment_status":"open","ping_status":"closed","sticky":false,"template":"","format":"standard","meta":{"_acf_changed":false,"footnotes":""},"categories":[16],"tags":[],"class_list":["post-29339","post","type-post","status-publish","format-standard","has-post-thumbnail","hentry","category-brasil"],"acf":[],"yoast_head":"<!-- This site is optimized with the Yoast SEO plugin v27.2 - https:\/\/yoast.com\/product\/yoast-seo-wordpress\/ -->\n<title>Policiais seminuas provocam sensa\u00e7\u00e3o em redes sociais e deixam delegacias preocupadas - Notibras<\/title>\n<meta name=\"robots\" content=\"index, follow, max-snippet:-1, max-image-preview:large, max-video-preview:-1\" \/>\n<link rel=\"canonical\" href=\"https:\/\/www.notibras.com\/site\/policiais-seminuas-provocam-sensacao-na-web-e-preocupacao-nas-delegacias\/\" \/>\n<meta property=\"og:locale\" content=\"pt_BR\" \/>\n<meta property=\"og:type\" content=\"article\" \/>\n<meta property=\"og:title\" content=\"Policiais seminuas provocam sensa\u00e7\u00e3o em redes sociais e deixam delegacias preocupadas - Notibras\" \/>\n<meta property=\"og:description\" content=\"As pol\u00edcias do Paran\u00e1 investigam pelo menos tr\u00eas casos que envolvem imagens de nudez e sexo com pessoas vestindo uniformes das corpora\u00e7\u00f5es. No caso mais recente, a imagem de uma mulher seminua vestindo um colete da Pol\u00edcia Militar est\u00e1 sendo vinculada a uma foto do rosto de uma policial militar. As imagens come\u00e7aram a circular [&hellip;]\" \/>\n<meta property=\"og:url\" content=\"https:\/\/www.notibras.com\/site\/policiais-seminuas-provocam-sensacao-na-web-e-preocupacao-nas-delegacias\/\" \/>\n<meta property=\"og:site_name\" content=\"Notibras\" \/>\n<meta property=\"article:publisher\" content=\"https:\/\/www.facebook.com\/notibras\/\" \/>\n<meta property=\"article:published_time\" content=\"2014-11-24T18:20:43+00:00\" \/>\n<meta property=\"article:modified_time\" content=\"2014-11-24T19:09:09+00:00\" \/>\n<meta property=\"og:image\" content=\"https:\/\/www.notibras.com\/site\/wp-content\/uploads\/2014\/11\/Sem-t\u00edtulo-183.jpg\" \/>\n\t<meta property=\"og:image:width\" content=\"410\" \/>\n\t<meta property=\"og:image:height\" content=\"300\" \/>\n\t<meta property=\"og:image:type\" content=\"image\/jpeg\" \/>\n<meta name=\"author\" content=\"Reda\u00e7\u00e3o\" \/>\n<meta name=\"twitter:card\" content=\"summary_large_image\" \/>\n<meta name=\"twitter:creator\" content=\"@Notibras\" \/>\n<meta name=\"twitter:site\" content=\"@Notibras\" \/>\n<meta name=\"twitter:label1\" content=\"Escrito por\" \/>\n\t<meta name=\"twitter:data1\" content=\"Reda\u00e7\u00e3o\" \/>\n\t<meta name=\"twitter:label2\" content=\"Est. tempo de leitura\" \/>\n\t<meta name=\"twitter:data2\" content=\"3 minutos\" \/>\n<script type=\"application\/ld+json\" class=\"yoast-schema-graph\">{\"@context\":\"https:\/\/schema.org\",\"@graph\":[{\"@type\":\"Article\",\"@id\":\"https:\/\/www.notibras.com\/site\/policiais-seminuas-provocam-sensacao-na-web-e-preocupacao-nas-delegacias\/#article\",\"isPartOf\":{\"@id\":\"https:\/\/www.notibras.com\/site\/policiais-seminuas-provocam-sensacao-na-web-e-preocupacao-nas-delegacias\/\"},\"author\":{\"name\":\"Reda\u00e7\u00e3o\",\"@id\":\"https:\/\/www.notibras.com\/site\/#\/schema\/person\/36ab0979449956132d3e5b517ea76ac8\"},\"headline\":\"Policiais seminuas provocam sensa\u00e7\u00e3o em redes sociais e deixam delegacias preocupadas\",\"datePublished\":\"2014-11-24T18:20:43+00:00\",\"dateModified\":\"2014-11-24T19:09:09+00:00\",\"mainEntityOfPage\":{\"@id\":\"https:\/\/www.notibras.com\/site\/policiais-seminuas-provocam-sensacao-na-web-e-preocupacao-nas-delegacias\/\"},\"wordCount\":601,\"commentCount\":0,\"publisher\":{\"@id\":\"https:\/\/www.notibras.com\/site\/#organization\"},\"image\":{\"@id\":\"https:\/\/www.notibras.com\/site\/policiais-seminuas-provocam-sensacao-na-web-e-preocupacao-nas-delegacias\/#primaryimage\"},\"thumbnailUrl\":\"https:\/\/www.notibras.com\/site\/wp-content\/uploads\/2014\/11\/Sem-t\u00edtulo-183.jpg\",\"articleSection\":[\"Brasil\"],\"inLanguage\":\"pt-BR\",\"potentialAction\":[{\"@type\":\"CommentAction\",\"name\":\"Comment\",\"target\":[\"https:\/\/www.notibras.com\/site\/policiais-seminuas-provocam-sensacao-na-web-e-preocupacao-nas-delegacias\/#respond\"]}]},{\"@type\":\"WebPage\",\"@id\":\"https:\/\/www.notibras.com\/site\/policiais-seminuas-provocam-sensacao-na-web-e-preocupacao-nas-delegacias\/\",\"url\":\"https:\/\/www.notibras.com\/site\/policiais-seminuas-provocam-sensacao-na-web-e-preocupacao-nas-delegacias\/\",\"name\":\"Policiais seminuas provocam sensa\u00e7\u00e3o em redes sociais e deixam delegacias preocupadas - Notibras\",\"isPartOf\":{\"@id\":\"https:\/\/www.notibras.com\/site\/#website\"},\"primaryImageOfPage\":{\"@id\":\"https:\/\/www.notibras.com\/site\/policiais-seminuas-provocam-sensacao-na-web-e-preocupacao-nas-delegacias\/#primaryimage\"},\"image\":{\"@id\":\"https:\/\/www.notibras.com\/site\/policiais-seminuas-provocam-sensacao-na-web-e-preocupacao-nas-delegacias\/#primaryimage\"},\"thumbnailUrl\":\"https:\/\/www.notibras.com\/site\/wp-content\/uploads\/2014\/11\/Sem-t\u00edtulo-183.jpg\",\"datePublished\":\"2014-11-24T18:20:43+00:00\",\"dateModified\":\"2014-11-24T19:09:09+00:00\",\"breadcrumb\":{\"@id\":\"https:\/\/www.notibras.com\/site\/policiais-seminuas-provocam-sensacao-na-web-e-preocupacao-nas-delegacias\/#breadcrumb\"},\"inLanguage\":\"pt-BR\",\"potentialAction\":[{\"@type\":\"ReadAction\",\"target\":[\"https:\/\/www.notibras.com\/site\/policiais-seminuas-provocam-sensacao-na-web-e-preocupacao-nas-delegacias\/\"]}]},{\"@type\":\"ImageObject\",\"inLanguage\":\"pt-BR\",\"@id\":\"https:\/\/www.notibras.com\/site\/policiais-seminuas-provocam-sensacao-na-web-e-preocupacao-nas-delegacias\/#primaryimage\",\"url\":\"https:\/\/www.notibras.com\/site\/wp-content\/uploads\/2014\/11\/Sem-t\u00edtulo-183.jpg\",\"contentUrl\":\"https:\/\/www.notibras.com\/site\/wp-content\/uploads\/2014\/11\/Sem-t\u00edtulo-183.jpg\",\"width\":410,\"height\":300},{\"@type\":\"BreadcrumbList\",\"@id\":\"https:\/\/www.notibras.com\/site\/policiais-seminuas-provocam-sensacao-na-web-e-preocupacao-nas-delegacias\/#breadcrumb\",\"itemListElement\":[{\"@type\":\"ListItem\",\"position\":1,\"name\":\"In\u00edcio\",\"item\":\"https:\/\/www.notibras.com\/site\/\"},{\"@type\":\"ListItem\",\"position\":2,\"name\":\"Policiais seminuas provocam sensa\u00e7\u00e3o em redes sociais e deixam delegacias preocupadas\"}]},{\"@type\":\"WebSite\",\"@id\":\"https:\/\/www.notibras.com\/site\/#website\",\"url\":\"https:\/\/www.notibras.com\/site\/\",\"name\":\"Notibras\",\"description\":\"Not\u00edcias de Bras\u00edlia, do Brasil e do Mundo\",\"publisher\":{\"@id\":\"https:\/\/www.notibras.com\/site\/#organization\"},\"potentialAction\":[{\"@type\":\"SearchAction\",\"target\":{\"@type\":\"EntryPoint\",\"urlTemplate\":\"https:\/\/www.notibras.com\/site\/?s={search_term_string}\"},\"query-input\":{\"@type\":\"PropertyValueSpecification\",\"valueRequired\":true,\"valueName\":\"search_term_string\"}}],\"inLanguage\":\"pt-BR\"},{\"@type\":\"Organization\",\"@id\":\"https:\/\/www.notibras.com\/site\/#organization\",\"name\":\"Grupo Notibras de Comunica\u00e7\u00e3o\",\"url\":\"https:\/\/www.notibras.com\/site\/\",\"logo\":{\"@type\":\"ImageObject\",\"inLanguage\":\"pt-BR\",\"@id\":\"https:\/\/www.notibras.com\/site\/#\/schema\/logo\/image\/\",\"url\":\"https:\/\/www.notibras.com\/site\/wp-content\/uploads\/2023\/01\/notibras23.png\",\"contentUrl\":\"https:\/\/www.notibras.com\/site\/wp-content\/uploads\/2023\/01\/notibras23.png\",\"width\":350,\"height\":87,\"caption\":\"Grupo Notibras de Comunica\u00e7\u00e3o\"},\"image\":{\"@id\":\"https:\/\/www.notibras.com\/site\/#\/schema\/logo\/image\/\"},\"sameAs\":[\"https:\/\/www.facebook.com\/notibras\/\",\"https:\/\/x.com\/Notibras\",\"https:\/\/www.instagram.com\/notibras\/\"]},{\"@type\":\"Person\",\"@id\":\"https:\/\/www.notibras.com\/site\/#\/schema\/person\/36ab0979449956132d3e5b517ea76ac8\",\"name\":\"Reda\u00e7\u00e3o\",\"image\":{\"@type\":\"ImageObject\",\"inLanguage\":\"pt-BR\",\"@id\":\"https:\/\/secure.gravatar.com\/avatar\/e0a867bdedb85fd243eadf09663511f96fc81e0720a4a42581f334ad4303aa6b?s=96&d=mm&r=g\",\"url\":\"https:\/\/secure.gravatar.com\/avatar\/e0a867bdedb85fd243eadf09663511f96fc81e0720a4a42581f334ad4303aa6b?s=96&d=mm&r=g\",\"contentUrl\":\"https:\/\/secure.gravatar.com\/avatar\/e0a867bdedb85fd243eadf09663511f96fc81e0720a4a42581f334ad4303aa6b?s=96&d=mm&r=g\",\"caption\":\"Reda\u00e7\u00e3o\"}}]}<\/script>\n<!-- \/ Yoast SEO plugin. -->","yoast_head_json":{"title":"Policiais seminuas provocam sensa\u00e7\u00e3o em redes sociais e deixam delegacias preocupadas - Notibras","robots":{"index":"index","follow":"follow","max-snippet":"max-snippet:-1","max-image-preview":"max-image-preview:large","max-video-preview":"max-video-preview:-1"},"canonical":"https:\/\/www.notibras.com\/site\/policiais-seminuas-provocam-sensacao-na-web-e-preocupacao-nas-delegacias\/","og_locale":"pt_BR","og_type":"article","og_title":"Policiais seminuas provocam sensa\u00e7\u00e3o em redes sociais e deixam delegacias preocupadas - Notibras","og_description":"As pol\u00edcias do Paran\u00e1 investigam pelo menos tr\u00eas casos que envolvem imagens de nudez e sexo com pessoas vestindo uniformes das corpora\u00e7\u00f5es. No caso mais recente, a imagem de uma mulher seminua vestindo um colete da Pol\u00edcia Militar est\u00e1 sendo vinculada a uma foto do rosto de uma policial militar. As imagens come\u00e7aram a circular [&hellip;]","og_url":"https:\/\/www.notibras.com\/site\/policiais-seminuas-provocam-sensacao-na-web-e-preocupacao-nas-delegacias\/","og_site_name":"Notibras","article_publisher":"https:\/\/www.facebook.com\/notibras\/","article_published_time":"2014-11-24T18:20:43+00:00","article_modified_time":"2014-11-24T19:09:09+00:00","og_image":[{"width":410,"height":300,"url":"https:\/\/www.notibras.com\/site\/wp-content\/uploads\/2014\/11\/Sem-t\u00edtulo-183.jpg","type":"image\/jpeg"}],"author":"Reda\u00e7\u00e3o","twitter_card":"summary_large_image","twitter_creator":"@Notibras","twitter_site":"@Notibras","twitter_misc":{"Escrito por":"Reda\u00e7\u00e3o","Est. tempo de leitura":"3 minutos"},"schema":{"@context":"https:\/\/schema.org","@graph":[{"@type":"Article","@id":"https:\/\/www.notibras.com\/site\/policiais-seminuas-provocam-sensacao-na-web-e-preocupacao-nas-delegacias\/#article","isPartOf":{"@id":"https:\/\/www.notibras.com\/site\/policiais-seminuas-provocam-sensacao-na-web-e-preocupacao-nas-delegacias\/"},"author":{"name":"Reda\u00e7\u00e3o","@id":"https:\/\/www.notibras.com\/site\/#\/schema\/person\/36ab0979449956132d3e5b517ea76ac8"},"headline":"Policiais seminuas provocam sensa\u00e7\u00e3o em redes sociais e deixam delegacias preocupadas","datePublished":"2014-11-24T18:20:43+00:00","dateModified":"2014-11-24T19:09:09+00:00","mainEntityOfPage":{"@id":"https:\/\/www.notibras.com\/site\/policiais-seminuas-provocam-sensacao-na-web-e-preocupacao-nas-delegacias\/"},"wordCount":601,"commentCount":0,"publisher":{"@id":"https:\/\/www.notibras.com\/site\/#organization"},"image":{"@id":"https:\/\/www.notibras.com\/site\/policiais-seminuas-provocam-sensacao-na-web-e-preocupacao-nas-delegacias\/#primaryimage"},"thumbnailUrl":"https:\/\/www.notibras.com\/site\/wp-content\/uploads\/2014\/11\/Sem-t\u00edtulo-183.jpg","articleSection":["Brasil"],"inLanguage":"pt-BR","potentialAction":[{"@type":"CommentAction","name":"Comment","target":["https:\/\/www.notibras.com\/site\/policiais-seminuas-provocam-sensacao-na-web-e-preocupacao-nas-delegacias\/#respond"]}]},{"@type":"WebPage","@id":"https:\/\/www.notibras.com\/site\/policiais-seminuas-provocam-sensacao-na-web-e-preocupacao-nas-delegacias\/","url":"https:\/\/www.notibras.com\/site\/policiais-seminuas-provocam-sensacao-na-web-e-preocupacao-nas-delegacias\/","name":"Policiais seminuas provocam sensa\u00e7\u00e3o em redes sociais e deixam delegacias preocupadas - Notibras","isPartOf":{"@id":"https:\/\/www.notibras.com\/site\/#website"},"primaryImageOfPage":{"@id":"https:\/\/www.notibras.com\/site\/policiais-seminuas-provocam-sensacao-na-web-e-preocupacao-nas-delegacias\/#primaryimage"},"image":{"@id":"https:\/\/www.notibras.com\/site\/policiais-seminuas-provocam-sensacao-na-web-e-preocupacao-nas-delegacias\/#primaryimage"},"thumbnailUrl":"https:\/\/www.notibras.com\/site\/wp-content\/uploads\/2014\/11\/Sem-t\u00edtulo-183.jpg","datePublished":"2014-11-24T18:20:43+00:00","dateModified":"2014-11-24T19:09:09+00:00","breadcrumb":{"@id":"https:\/\/www.notibras.com\/site\/policiais-seminuas-provocam-sensacao-na-web-e-preocupacao-nas-delegacias\/#breadcrumb"},"inLanguage":"pt-BR","potentialAction":[{"@type":"ReadAction","target":["https:\/\/www.notibras.com\/site\/policiais-seminuas-provocam-sensacao-na-web-e-preocupacao-nas-delegacias\/"]}]},{"@type":"ImageObject","inLanguage":"pt-BR","@id":"https:\/\/www.notibras.com\/site\/policiais-seminuas-provocam-sensacao-na-web-e-preocupacao-nas-delegacias\/#primaryimage","url":"https:\/\/www.notibras.com\/site\/wp-content\/uploads\/2014\/11\/Sem-t\u00edtulo-183.jpg","contentUrl":"https:\/\/www.notibras.com\/site\/wp-content\/uploads\/2014\/11\/Sem-t\u00edtulo-183.jpg","width":410,"height":300},{"@type":"BreadcrumbList","@id":"https:\/\/www.notibras.com\/site\/policiais-seminuas-provocam-sensacao-na-web-e-preocupacao-nas-delegacias\/#breadcrumb","itemListElement":[{"@type":"ListItem","position":1,"name":"In\u00edcio","item":"https:\/\/www.notibras.com\/site\/"},{"@type":"ListItem","position":2,"name":"Policiais seminuas provocam sensa\u00e7\u00e3o em redes sociais e deixam delegacias preocupadas"}]},{"@type":"WebSite","@id":"https:\/\/www.notibras.com\/site\/#website","url":"https:\/\/www.notibras.com\/site\/","name":"Notibras","description":"Not\u00edcias de Bras\u00edlia, do Brasil e do Mundo","publisher":{"@id":"https:\/\/www.notibras.com\/site\/#organization"},"potentialAction":[{"@type":"SearchAction","target":{"@type":"EntryPoint","urlTemplate":"https:\/\/www.notibras.com\/site\/?s={search_term_string}"},"query-input":{"@type":"PropertyValueSpecification","valueRequired":true,"valueName":"search_term_string"}}],"inLanguage":"pt-BR"},{"@type":"Organization","@id":"https:\/\/www.notibras.com\/site\/#organization","name":"Grupo Notibras de Comunica\u00e7\u00e3o","url":"https:\/\/www.notibras.com\/site\/","logo":{"@type":"ImageObject","inLanguage":"pt-BR","@id":"https:\/\/www.notibras.com\/site\/#\/schema\/logo\/image\/","url":"https:\/\/www.notibras.com\/site\/wp-content\/uploads\/2023\/01\/notibras23.png","contentUrl":"https:\/\/www.notibras.com\/site\/wp-content\/uploads\/2023\/01\/notibras23.png","width":350,"height":87,"caption":"Grupo Notibras de Comunica\u00e7\u00e3o"},"image":{"@id":"https:\/\/www.notibras.com\/site\/#\/schema\/logo\/image\/"},"sameAs":["https:\/\/www.facebook.com\/notibras\/","https:\/\/x.com\/Notibras","https:\/\/www.instagram.com\/notibras\/"]},{"@type":"Person","@id":"https:\/\/www.notibras.com\/site\/#\/schema\/person\/36ab0979449956132d3e5b517ea76ac8","name":"Reda\u00e7\u00e3o","image":{"@type":"ImageObject","inLanguage":"pt-BR","@id":"https:\/\/secure.gravatar.com\/avatar\/e0a867bdedb85fd243eadf09663511f96fc81e0720a4a42581f334ad4303aa6b?s=96&d=mm&r=g","url":"https:\/\/secure.gravatar.com\/avatar\/e0a867bdedb85fd243eadf09663511f96fc81e0720a4a42581f334ad4303aa6b?s=96&d=mm&r=g","contentUrl":"https:\/\/secure.gravatar.com\/avatar\/e0a867bdedb85fd243eadf09663511f96fc81e0720a4a42581f334ad4303aa6b?s=96&d=mm&r=g","caption":"Reda\u00e7\u00e3o"}}]}},"amp_enabled":true,"_links":{"self":[{"href":"https:\/\/www.notibras.com\/site\/wp-json\/wp\/v2\/posts\/29339","targetHints":{"allow":["GET"]}}],"collection":[{"href":"https:\/\/www.notibras.com\/site\/wp-json\/wp\/v2\/posts"}],"about":[{"href":"https:\/\/www.notibras.com\/site\/wp-json\/wp\/v2\/types\/post"}],"author":[{"embeddable":true,"href":"https:\/\/www.notibras.com\/site\/wp-json\/wp\/v2\/users\/2"}],"replies":[{"embeddable":true,"href":"https:\/\/www.notibras.com\/site\/wp-json\/wp\/v2\/comments?post=29339"}],"version-history":[{"count":0,"href":"https:\/\/www.notibras.com\/site\/wp-json\/wp\/v2\/posts\/29339\/revisions"}],"wp:featuredmedia":[{"embeddable":true,"href":"https:\/\/www.notibras.com\/site\/wp-json\/wp\/v2\/media\/29352"}],"wp:attachment":[{"href":"https:\/\/www.notibras.com\/site\/wp-json\/wp\/v2\/media?parent=29339"}],"wp:term":[{"taxonomy":"category","embeddable":true,"href":"https:\/\/www.notibras.com\/site\/wp-json\/wp\/v2\/categories?post=29339"},{"taxonomy":"post_tag","embeddable":true,"href":"https:\/\/www.notibras.com\/site\/wp-json\/wp\/v2\/tags?post=29339"}],"curies":[{"name":"wp","href":"https:\/\/api.w.org\/{rel}","templated":true}]}}