{"id":29344,"date":"2014-11-24T11:28:21","date_gmt":"2014-11-24T14:28:21","guid":{"rendered":"http:\/\/www.notibras.com\/site\/?p=29344"},"modified":"2014-11-24T16:09:57","modified_gmt":"2014-11-24T19:09:57","slug":"loemy-24-anos-a-modelo-que-trocou-as-passarelas-pela-cracolandia","status":"publish","type":"post","link":"https:\/\/www.notibras.com\/site\/loemy-24-anos-a-modelo-que-trocou-as-passarelas-pela-cracolandia\/","title":{"rendered":"Loemy, 24 anos, a modelo que trocou passarelas pelo crack"},"content":{"rendered":"<p>A revista Veja SP trouxe em sua capa nesta semana a hist\u00f3ria de uma modelo que foi parar na Cracol\u00e2ndia, no centro de S\u00e3o Paulo, ap\u00f3s sofrer uma daquelas reviravoltas da vida que ningu\u00e9m sabe explicar direito. Da publica\u00e7\u00e3o pra c\u00e1, a \u201cmodelo da cracol\u00e2ndia\u201d virou assunto e atraiu a aten\u00e7\u00e3o de outros ve\u00edculos de comunica\u00e7\u00e3o, como emissoras de TV que j\u00e1 pensam em tirar a personagem do mundo do v\u00edcio.<\/p>\n<p>A reportagem da revista \u00e9 muito bem escrita e coloca em evid\u00eancia o poder destrutivo do crack, que fez com que Loemy Marques, de apenas 24 anos, deixasse o mundo do glamour da passarela e passasse a viver em meio ao lixo, onde, inclusive, j\u00e1 se submeteu \u00e0 prostitui\u00e7\u00e3o para sustentar o v\u00edcio.<\/p>\n<p>\u00c9 uma hist\u00f3ria forte e comovente, mas ela n\u00e3o \u00e9 muito diferente das dezenas de hist\u00f3rias de quem vive naquelas ruas esquecidas. \u201cUma loira magra, de 1,79 metro de altura e olhos verdes, no entanto, n\u00e3o consegue passar despercebida\u201d, diz a reportagem da Veja SP. Isso \u00e9 verdade e deveria provocar, no m\u00ednimo, uma reflex\u00e3o.<\/p>\n<blockquote><p>\u00a0&#8211; Ela \u00e9 loira, tem olhos claros e \u00e9 alta. N\u00e3o deveria estar na Cracol\u00e2ndia &#8211;<\/p><\/blockquote>\n<p>Ser\u00e1 essa mensagem que devemos passar? Ser\u00e1 esse o motivo para uma mobiliza\u00e7\u00e3o para que a mo\u00e7a se recupere e volte a trabalhar como modelo? At\u00e9 que ponto n\u00e3o \u00e9 a elite branca e rica enxergando um igual em um lugar onde predominam negros e pobres? S\u00e3o questionamentos que devemos fazer.<\/p>\n<p>No ano de 2012, em Curitiba, uma mulher viu um mendigo de olhos verdes e pele clara e logo fez uma foto. Em pouco tempo a imagem do ent\u00e3o desconhecido viralizou e ele ficou conhecido como \u201cmendigo gato\u201d.\u00a0 Dias depois da publica\u00e7\u00e3o da foto, descobriu-se que ele se chamava Rafael e era um ex-modelo.<\/p>\n<p>Rafael, assim como Loemy, chamou a aten\u00e7\u00e3o da imprensa e logo virou alvo de programas de TV, que \u201clutaram por sua recupera\u00e7\u00e3o\u201d.\u00a0 Atualmente ele faz tratamentos semanais para permanecer livre do v\u00edcio e acaba de ter um filho.<\/p>\n<p>\u00c9 lindo ver o esfor\u00e7o coletivo para que pessoas consigam abandonar o mundo das drogas e espero que a modelo consiga reconstruir a vida, assim como fez o \u201cmendigo gato\u201d. Mas, e os outros?<\/p>\n<p>E aquela retirante que chegou em S\u00e3o Paulo com a roupa do corpo e foi obrigada a morar na rua? E aquela dona de casa que teve o marido preso e n\u00e3o conseguiu trazer comida pra casa? E as centenas de pessoas que n\u00e3o se sobressaem na multid\u00e3o, que n\u00e3o tiveram a sorte de ter 1,79 m, olhos verdes, pele branca e cabelo loiro? Eles n\u00e3o merecem nossa aten\u00e7\u00e3o e nossa compaix\u00e3o?<\/p>\n<blockquote><p>O crack \u00e9 uma quest\u00e3o de sa\u00fade p\u00fablica e deve ser debatido com seriedade, assim como os desafios enfrentados pela popula\u00e7\u00e3o de rua. E todos que vivem essa trag\u00e9dia, sem distin\u00e7\u00e3o de ra\u00e7a e origem, merecem nossa aten\u00e7\u00e3o. N\u00e3o podemos s\u00f3 nos indignar quando o viciado em crack \u00e9 branco e tem olhos verdes. Viver uma vida arrasada pela droga n\u00e3o \u00e9 normal, nem nunca ser\u00e1, seja o doente negro, branco, alto, baixo, rico ou pobre.<\/p><\/blockquote>\n<p>Em plena semana da Consci\u00eancia Negra, acho que vale refletir se o Brasil realmente trata a todos com igualdade. Em minha singela opini\u00e3o, ainda estamos bem longe disso.<\/p>\n<p><strong>F\u00e1bio Santos, Terra<\/strong><\/p>\n","protected":false},"excerpt":{"rendered":"<p>A revista Veja SP trouxe em sua capa nesta semana a hist\u00f3ria de uma modelo que foi parar na Cracol\u00e2ndia, no centro de S\u00e3o Paulo, ap\u00f3s sofrer uma daquelas reviravoltas da vida que ningu\u00e9m sabe explicar direito. Da publica\u00e7\u00e3o pra c\u00e1, a \u201cmodelo da cracol\u00e2ndia\u201d virou assunto e atraiu a aten\u00e7\u00e3o de outros ve\u00edculos de [&hellip;]<\/p>\n","protected":false},"author":2,"featured_media":29345,"comment_status":"open","ping_status":"closed","sticky":false,"template":"","format":"standard","meta":{"_acf_changed":false,"footnotes":""},"categories":[16],"tags":[],"class_list":["post-29344","post","type-post","status-publish","format-standard","has-post-thumbnail","hentry","category-brasil"],"acf":[],"yoast_head":"<!-- This site is optimized with the Yoast SEO plugin v27.2 - https:\/\/yoast.com\/product\/yoast-seo-wordpress\/ -->\n<title>Loemy, 24 anos, a modelo que trocou passarelas pelo crack - Notibras<\/title>\n<meta name=\"robots\" content=\"index, follow, max-snippet:-1, max-image-preview:large, max-video-preview:-1\" \/>\n<link rel=\"canonical\" href=\"https:\/\/www.notibras.com\/site\/loemy-24-anos-a-modelo-que-trocou-as-passarelas-pela-cracolandia\/\" \/>\n<meta property=\"og:locale\" content=\"pt_BR\" \/>\n<meta property=\"og:type\" content=\"article\" \/>\n<meta property=\"og:title\" content=\"Loemy, 24 anos, a modelo que trocou passarelas pelo crack - Notibras\" \/>\n<meta property=\"og:description\" content=\"A revista Veja SP trouxe em sua capa nesta semana a hist\u00f3ria de uma modelo que foi parar na Cracol\u00e2ndia, no centro de S\u00e3o Paulo, ap\u00f3s sofrer uma daquelas reviravoltas da vida que ningu\u00e9m sabe explicar direito. Da publica\u00e7\u00e3o pra c\u00e1, a \u201cmodelo da cracol\u00e2ndia\u201d virou assunto e atraiu a aten\u00e7\u00e3o de outros ve\u00edculos de [&hellip;]\" \/>\n<meta property=\"og:url\" content=\"https:\/\/www.notibras.com\/site\/loemy-24-anos-a-modelo-que-trocou-as-passarelas-pela-cracolandia\/\" \/>\n<meta property=\"og:site_name\" content=\"Notibras\" \/>\n<meta property=\"article:publisher\" content=\"https:\/\/www.facebook.com\/notibras\/\" \/>\n<meta property=\"article:published_time\" content=\"2014-11-24T14:28:21+00:00\" \/>\n<meta property=\"article:modified_time\" content=\"2014-11-24T19:09:57+00:00\" \/>\n<meta property=\"og:image\" content=\"https:\/\/www.notibras.com\/site\/wp-content\/uploads\/2014\/11\/loemy_modelo_cracolandia_2_min_cede-1534314.jpg\" \/>\n\t<meta property=\"og:image:width\" content=\"320\" \/>\n\t<meta property=\"og:image:height\" content=\"300\" \/>\n\t<meta property=\"og:image:type\" content=\"image\/jpeg\" \/>\n<meta name=\"author\" content=\"Reda\u00e7\u00e3o\" \/>\n<meta name=\"twitter:card\" content=\"summary_large_image\" \/>\n<meta name=\"twitter:creator\" content=\"@Notibras\" \/>\n<meta name=\"twitter:site\" content=\"@Notibras\" \/>\n<meta name=\"twitter:label1\" content=\"Escrito por\" \/>\n\t<meta name=\"twitter:data1\" content=\"Reda\u00e7\u00e3o\" \/>\n\t<meta name=\"twitter:label2\" content=\"Est. tempo de leitura\" \/>\n\t<meta name=\"twitter:data2\" content=\"3 minutos\" \/>\n<script type=\"application\/ld+json\" class=\"yoast-schema-graph\">{\"@context\":\"https:\/\/schema.org\",\"@graph\":[{\"@type\":\"Article\",\"@id\":\"https:\/\/www.notibras.com\/site\/loemy-24-anos-a-modelo-que-trocou-as-passarelas-pela-cracolandia\/#article\",\"isPartOf\":{\"@id\":\"https:\/\/www.notibras.com\/site\/loemy-24-anos-a-modelo-que-trocou-as-passarelas-pela-cracolandia\/\"},\"author\":{\"name\":\"Reda\u00e7\u00e3o\",\"@id\":\"https:\/\/www.notibras.com\/site\/#\/schema\/person\/36ab0979449956132d3e5b517ea76ac8\"},\"headline\":\"Loemy, 24 anos, a modelo que trocou passarelas pelo crack\",\"datePublished\":\"2014-11-24T14:28:21+00:00\",\"dateModified\":\"2014-11-24T19:09:57+00:00\",\"mainEntityOfPage\":{\"@id\":\"https:\/\/www.notibras.com\/site\/loemy-24-anos-a-modelo-que-trocou-as-passarelas-pela-cracolandia\/\"},\"wordCount\":597,\"commentCount\":0,\"publisher\":{\"@id\":\"https:\/\/www.notibras.com\/site\/#organization\"},\"image\":{\"@id\":\"https:\/\/www.notibras.com\/site\/loemy-24-anos-a-modelo-que-trocou-as-passarelas-pela-cracolandia\/#primaryimage\"},\"thumbnailUrl\":\"https:\/\/www.notibras.com\/site\/wp-content\/uploads\/2014\/11\/loemy_modelo_cracolandia_2_min_cede-1534314.jpg\",\"articleSection\":[\"Brasil\"],\"inLanguage\":\"pt-BR\",\"potentialAction\":[{\"@type\":\"CommentAction\",\"name\":\"Comment\",\"target\":[\"https:\/\/www.notibras.com\/site\/loemy-24-anos-a-modelo-que-trocou-as-passarelas-pela-cracolandia\/#respond\"]}]},{\"@type\":\"WebPage\",\"@id\":\"https:\/\/www.notibras.com\/site\/loemy-24-anos-a-modelo-que-trocou-as-passarelas-pela-cracolandia\/\",\"url\":\"https:\/\/www.notibras.com\/site\/loemy-24-anos-a-modelo-que-trocou-as-passarelas-pela-cracolandia\/\",\"name\":\"Loemy, 24 anos, a modelo que trocou passarelas pelo crack - Notibras\",\"isPartOf\":{\"@id\":\"https:\/\/www.notibras.com\/site\/#website\"},\"primaryImageOfPage\":{\"@id\":\"https:\/\/www.notibras.com\/site\/loemy-24-anos-a-modelo-que-trocou-as-passarelas-pela-cracolandia\/#primaryimage\"},\"image\":{\"@id\":\"https:\/\/www.notibras.com\/site\/loemy-24-anos-a-modelo-que-trocou-as-passarelas-pela-cracolandia\/#primaryimage\"},\"thumbnailUrl\":\"https:\/\/www.notibras.com\/site\/wp-content\/uploads\/2014\/11\/loemy_modelo_cracolandia_2_min_cede-1534314.jpg\",\"datePublished\":\"2014-11-24T14:28:21+00:00\",\"dateModified\":\"2014-11-24T19:09:57+00:00\",\"breadcrumb\":{\"@id\":\"https:\/\/www.notibras.com\/site\/loemy-24-anos-a-modelo-que-trocou-as-passarelas-pela-cracolandia\/#breadcrumb\"},\"inLanguage\":\"pt-BR\",\"potentialAction\":[{\"@type\":\"ReadAction\",\"target\":[\"https:\/\/www.notibras.com\/site\/loemy-24-anos-a-modelo-que-trocou-as-passarelas-pela-cracolandia\/\"]}]},{\"@type\":\"ImageObject\",\"inLanguage\":\"pt-BR\",\"@id\":\"https:\/\/www.notibras.com\/site\/loemy-24-anos-a-modelo-que-trocou-as-passarelas-pela-cracolandia\/#primaryimage\",\"url\":\"https:\/\/www.notibras.com\/site\/wp-content\/uploads\/2014\/11\/loemy_modelo_cracolandia_2_min_cede-1534314.jpg\",\"contentUrl\":\"https:\/\/www.notibras.com\/site\/wp-content\/uploads\/2014\/11\/loemy_modelo_cracolandia_2_min_cede-1534314.jpg\",\"width\":320,\"height\":300},{\"@type\":\"BreadcrumbList\",\"@id\":\"https:\/\/www.notibras.com\/site\/loemy-24-anos-a-modelo-que-trocou-as-passarelas-pela-cracolandia\/#breadcrumb\",\"itemListElement\":[{\"@type\":\"ListItem\",\"position\":1,\"name\":\"In\u00edcio\",\"item\":\"https:\/\/www.notibras.com\/site\/\"},{\"@type\":\"ListItem\",\"position\":2,\"name\":\"Loemy, 24 anos, a modelo que trocou passarelas pelo crack\"}]},{\"@type\":\"WebSite\",\"@id\":\"https:\/\/www.notibras.com\/site\/#website\",\"url\":\"https:\/\/www.notibras.com\/site\/\",\"name\":\"Notibras\",\"description\":\"Not\u00edcias de Bras\u00edlia, do Brasil e do Mundo\",\"publisher\":{\"@id\":\"https:\/\/www.notibras.com\/site\/#organization\"},\"potentialAction\":[{\"@type\":\"SearchAction\",\"target\":{\"@type\":\"EntryPoint\",\"urlTemplate\":\"https:\/\/www.notibras.com\/site\/?s={search_term_string}\"},\"query-input\":{\"@type\":\"PropertyValueSpecification\",\"valueRequired\":true,\"valueName\":\"search_term_string\"}}],\"inLanguage\":\"pt-BR\"},{\"@type\":\"Organization\",\"@id\":\"https:\/\/www.notibras.com\/site\/#organization\",\"name\":\"Grupo Notibras de Comunica\u00e7\u00e3o\",\"url\":\"https:\/\/www.notibras.com\/site\/\",\"logo\":{\"@type\":\"ImageObject\",\"inLanguage\":\"pt-BR\",\"@id\":\"https:\/\/www.notibras.com\/site\/#\/schema\/logo\/image\/\",\"url\":\"https:\/\/www.notibras.com\/site\/wp-content\/uploads\/2023\/01\/notibras23.png\",\"contentUrl\":\"https:\/\/www.notibras.com\/site\/wp-content\/uploads\/2023\/01\/notibras23.png\",\"width\":350,\"height\":87,\"caption\":\"Grupo Notibras de Comunica\u00e7\u00e3o\"},\"image\":{\"@id\":\"https:\/\/www.notibras.com\/site\/#\/schema\/logo\/image\/\"},\"sameAs\":[\"https:\/\/www.facebook.com\/notibras\/\",\"https:\/\/x.com\/Notibras\",\"https:\/\/www.instagram.com\/notibras\/\"]},{\"@type\":\"Person\",\"@id\":\"https:\/\/www.notibras.com\/site\/#\/schema\/person\/36ab0979449956132d3e5b517ea76ac8\",\"name\":\"Reda\u00e7\u00e3o\",\"image\":{\"@type\":\"ImageObject\",\"inLanguage\":\"pt-BR\",\"@id\":\"https:\/\/secure.gravatar.com\/avatar\/e0a867bdedb85fd243eadf09663511f96fc81e0720a4a42581f334ad4303aa6b?s=96&d=mm&r=g\",\"url\":\"https:\/\/secure.gravatar.com\/avatar\/e0a867bdedb85fd243eadf09663511f96fc81e0720a4a42581f334ad4303aa6b?s=96&d=mm&r=g\",\"contentUrl\":\"https:\/\/secure.gravatar.com\/avatar\/e0a867bdedb85fd243eadf09663511f96fc81e0720a4a42581f334ad4303aa6b?s=96&d=mm&r=g\",\"caption\":\"Reda\u00e7\u00e3o\"}}]}<\/script>\n<!-- \/ Yoast SEO plugin. -->","yoast_head_json":{"title":"Loemy, 24 anos, a modelo que trocou passarelas pelo crack - Notibras","robots":{"index":"index","follow":"follow","max-snippet":"max-snippet:-1","max-image-preview":"max-image-preview:large","max-video-preview":"max-video-preview:-1"},"canonical":"https:\/\/www.notibras.com\/site\/loemy-24-anos-a-modelo-que-trocou-as-passarelas-pela-cracolandia\/","og_locale":"pt_BR","og_type":"article","og_title":"Loemy, 24 anos, a modelo que trocou passarelas pelo crack - Notibras","og_description":"A revista Veja SP trouxe em sua capa nesta semana a hist\u00f3ria de uma modelo que foi parar na Cracol\u00e2ndia, no centro de S\u00e3o Paulo, ap\u00f3s sofrer uma daquelas reviravoltas da vida que ningu\u00e9m sabe explicar direito. Da publica\u00e7\u00e3o pra c\u00e1, a \u201cmodelo da cracol\u00e2ndia\u201d virou assunto e atraiu a aten\u00e7\u00e3o de outros ve\u00edculos de [&hellip;]","og_url":"https:\/\/www.notibras.com\/site\/loemy-24-anos-a-modelo-que-trocou-as-passarelas-pela-cracolandia\/","og_site_name":"Notibras","article_publisher":"https:\/\/www.facebook.com\/notibras\/","article_published_time":"2014-11-24T14:28:21+00:00","article_modified_time":"2014-11-24T19:09:57+00:00","og_image":[{"width":320,"height":300,"url":"https:\/\/www.notibras.com\/site\/wp-content\/uploads\/2014\/11\/loemy_modelo_cracolandia_2_min_cede-1534314.jpg","type":"image\/jpeg"}],"author":"Reda\u00e7\u00e3o","twitter_card":"summary_large_image","twitter_creator":"@Notibras","twitter_site":"@Notibras","twitter_misc":{"Escrito por":"Reda\u00e7\u00e3o","Est. tempo de leitura":"3 minutos"},"schema":{"@context":"https:\/\/schema.org","@graph":[{"@type":"Article","@id":"https:\/\/www.notibras.com\/site\/loemy-24-anos-a-modelo-que-trocou-as-passarelas-pela-cracolandia\/#article","isPartOf":{"@id":"https:\/\/www.notibras.com\/site\/loemy-24-anos-a-modelo-que-trocou-as-passarelas-pela-cracolandia\/"},"author":{"name":"Reda\u00e7\u00e3o","@id":"https:\/\/www.notibras.com\/site\/#\/schema\/person\/36ab0979449956132d3e5b517ea76ac8"},"headline":"Loemy, 24 anos, a modelo que trocou passarelas pelo crack","datePublished":"2014-11-24T14:28:21+00:00","dateModified":"2014-11-24T19:09:57+00:00","mainEntityOfPage":{"@id":"https:\/\/www.notibras.com\/site\/loemy-24-anos-a-modelo-que-trocou-as-passarelas-pela-cracolandia\/"},"wordCount":597,"commentCount":0,"publisher":{"@id":"https:\/\/www.notibras.com\/site\/#organization"},"image":{"@id":"https:\/\/www.notibras.com\/site\/loemy-24-anos-a-modelo-que-trocou-as-passarelas-pela-cracolandia\/#primaryimage"},"thumbnailUrl":"https:\/\/www.notibras.com\/site\/wp-content\/uploads\/2014\/11\/loemy_modelo_cracolandia_2_min_cede-1534314.jpg","articleSection":["Brasil"],"inLanguage":"pt-BR","potentialAction":[{"@type":"CommentAction","name":"Comment","target":["https:\/\/www.notibras.com\/site\/loemy-24-anos-a-modelo-que-trocou-as-passarelas-pela-cracolandia\/#respond"]}]},{"@type":"WebPage","@id":"https:\/\/www.notibras.com\/site\/loemy-24-anos-a-modelo-que-trocou-as-passarelas-pela-cracolandia\/","url":"https:\/\/www.notibras.com\/site\/loemy-24-anos-a-modelo-que-trocou-as-passarelas-pela-cracolandia\/","name":"Loemy, 24 anos, a modelo que trocou passarelas pelo crack - Notibras","isPartOf":{"@id":"https:\/\/www.notibras.com\/site\/#website"},"primaryImageOfPage":{"@id":"https:\/\/www.notibras.com\/site\/loemy-24-anos-a-modelo-que-trocou-as-passarelas-pela-cracolandia\/#primaryimage"},"image":{"@id":"https:\/\/www.notibras.com\/site\/loemy-24-anos-a-modelo-que-trocou-as-passarelas-pela-cracolandia\/#primaryimage"},"thumbnailUrl":"https:\/\/www.notibras.com\/site\/wp-content\/uploads\/2014\/11\/loemy_modelo_cracolandia_2_min_cede-1534314.jpg","datePublished":"2014-11-24T14:28:21+00:00","dateModified":"2014-11-24T19:09:57+00:00","breadcrumb":{"@id":"https:\/\/www.notibras.com\/site\/loemy-24-anos-a-modelo-que-trocou-as-passarelas-pela-cracolandia\/#breadcrumb"},"inLanguage":"pt-BR","potentialAction":[{"@type":"ReadAction","target":["https:\/\/www.notibras.com\/site\/loemy-24-anos-a-modelo-que-trocou-as-passarelas-pela-cracolandia\/"]}]},{"@type":"ImageObject","inLanguage":"pt-BR","@id":"https:\/\/www.notibras.com\/site\/loemy-24-anos-a-modelo-que-trocou-as-passarelas-pela-cracolandia\/#primaryimage","url":"https:\/\/www.notibras.com\/site\/wp-content\/uploads\/2014\/11\/loemy_modelo_cracolandia_2_min_cede-1534314.jpg","contentUrl":"https:\/\/www.notibras.com\/site\/wp-content\/uploads\/2014\/11\/loemy_modelo_cracolandia_2_min_cede-1534314.jpg","width":320,"height":300},{"@type":"BreadcrumbList","@id":"https:\/\/www.notibras.com\/site\/loemy-24-anos-a-modelo-que-trocou-as-passarelas-pela-cracolandia\/#breadcrumb","itemListElement":[{"@type":"ListItem","position":1,"name":"In\u00edcio","item":"https:\/\/www.notibras.com\/site\/"},{"@type":"ListItem","position":2,"name":"Loemy, 24 anos, a modelo que trocou passarelas pelo crack"}]},{"@type":"WebSite","@id":"https:\/\/www.notibras.com\/site\/#website","url":"https:\/\/www.notibras.com\/site\/","name":"Notibras","description":"Not\u00edcias de Bras\u00edlia, do Brasil e do Mundo","publisher":{"@id":"https:\/\/www.notibras.com\/site\/#organization"},"potentialAction":[{"@type":"SearchAction","target":{"@type":"EntryPoint","urlTemplate":"https:\/\/www.notibras.com\/site\/?s={search_term_string}"},"query-input":{"@type":"PropertyValueSpecification","valueRequired":true,"valueName":"search_term_string"}}],"inLanguage":"pt-BR"},{"@type":"Organization","@id":"https:\/\/www.notibras.com\/site\/#organization","name":"Grupo Notibras de Comunica\u00e7\u00e3o","url":"https:\/\/www.notibras.com\/site\/","logo":{"@type":"ImageObject","inLanguage":"pt-BR","@id":"https:\/\/www.notibras.com\/site\/#\/schema\/logo\/image\/","url":"https:\/\/www.notibras.com\/site\/wp-content\/uploads\/2023\/01\/notibras23.png","contentUrl":"https:\/\/www.notibras.com\/site\/wp-content\/uploads\/2023\/01\/notibras23.png","width":350,"height":87,"caption":"Grupo Notibras de Comunica\u00e7\u00e3o"},"image":{"@id":"https:\/\/www.notibras.com\/site\/#\/schema\/logo\/image\/"},"sameAs":["https:\/\/www.facebook.com\/notibras\/","https:\/\/x.com\/Notibras","https:\/\/www.instagram.com\/notibras\/"]},{"@type":"Person","@id":"https:\/\/www.notibras.com\/site\/#\/schema\/person\/36ab0979449956132d3e5b517ea76ac8","name":"Reda\u00e7\u00e3o","image":{"@type":"ImageObject","inLanguage":"pt-BR","@id":"https:\/\/secure.gravatar.com\/avatar\/e0a867bdedb85fd243eadf09663511f96fc81e0720a4a42581f334ad4303aa6b?s=96&d=mm&r=g","url":"https:\/\/secure.gravatar.com\/avatar\/e0a867bdedb85fd243eadf09663511f96fc81e0720a4a42581f334ad4303aa6b?s=96&d=mm&r=g","contentUrl":"https:\/\/secure.gravatar.com\/avatar\/e0a867bdedb85fd243eadf09663511f96fc81e0720a4a42581f334ad4303aa6b?s=96&d=mm&r=g","caption":"Reda\u00e7\u00e3o"}}]}},"amp_enabled":true,"_links":{"self":[{"href":"https:\/\/www.notibras.com\/site\/wp-json\/wp\/v2\/posts\/29344","targetHints":{"allow":["GET"]}}],"collection":[{"href":"https:\/\/www.notibras.com\/site\/wp-json\/wp\/v2\/posts"}],"about":[{"href":"https:\/\/www.notibras.com\/site\/wp-json\/wp\/v2\/types\/post"}],"author":[{"embeddable":true,"href":"https:\/\/www.notibras.com\/site\/wp-json\/wp\/v2\/users\/2"}],"replies":[{"embeddable":true,"href":"https:\/\/www.notibras.com\/site\/wp-json\/wp\/v2\/comments?post=29344"}],"version-history":[{"count":0,"href":"https:\/\/www.notibras.com\/site\/wp-json\/wp\/v2\/posts\/29344\/revisions"}],"wp:featuredmedia":[{"embeddable":true,"href":"https:\/\/www.notibras.com\/site\/wp-json\/wp\/v2\/media\/29345"}],"wp:attachment":[{"href":"https:\/\/www.notibras.com\/site\/wp-json\/wp\/v2\/media?parent=29344"}],"wp:term":[{"taxonomy":"category","embeddable":true,"href":"https:\/\/www.notibras.com\/site\/wp-json\/wp\/v2\/categories?post=29344"},{"taxonomy":"post_tag","embeddable":true,"href":"https:\/\/www.notibras.com\/site\/wp-json\/wp\/v2\/tags?post=29344"}],"curies":[{"name":"wp","href":"https:\/\/api.w.org\/{rel}","templated":true}]}}