{"id":29353,"date":"2014-11-24T13:49:10","date_gmt":"2014-11-24T16:49:10","guid":{"rendered":"http:\/\/www.notibras.com\/site\/?p=29353"},"modified":"2016-07-30T16:57:51","modified_gmt":"2016-07-30T19:57:51","slug":"ufologo-causa-polemica-com-foto-da-nasa-de-susposto-et-capturado-por-tropas-americanas","status":"publish","type":"post","link":"https:\/\/www.notibras.com\/site\/ufologo-causa-polemica-com-foto-da-nasa-de-susposto-et-capturado-por-tropas-americanas\/","title":{"rendered":"Uf\u00f3logo causa pol\u00eamica com foto da Nasa de ET capturado por militares"},"content":{"rendered":"<p class=\"text\">Um uf\u00f3logo americano causou pol\u00eamica ao revelar que existem imagens supostamente aut\u00eanticas de um corpo de alien\u00edgena da supersecreta \u201c\u00c1rea 51\u201d que foram tiradas em 1947 e mantidas secretas por agentes dos Estados Unidos.<\/p>\n<p class=\"text\">Especialistas em fotos confirmaram que s\u00e3o filmes e l\u00e2minas realmente antigos e que, portanto, dificilmente seriam editadas. As informa\u00e7\u00f5es s\u00e3o do The Mirror.<\/p>\n<p class=\"text\">O uf\u00f3logo americano Tom Carey, que teria recebido as fotos misteriosas, e historiadores est\u00e3o investigando a veracidade das imagens e se teriam sido editadas. Os especialistas em fotos de\u00a0Rochester, New York, afirmaram que a pel\u00edcula e as l\u00e2minas do filme s\u00e3o de 1947, ano em que aconteceu o famoso \u201ccaso Roswell\u201d, um dos mais importantes para a ufologia mundial.<\/p>\n<blockquote>\n<p class=\"text\">Segundo os uf\u00f3logos defendem, em julho de 47, as For\u00e7as Armadas dos EUA teriam capturado um disco voador em Roswell, Novo M\u00e9xico. O fazendeiro William Mac Brazel teria achado os destro\u00e7os do Ovni em suas terras que, logo em seguida, foram capturados pelos militares americanos. Na \u00e9poca, Brazel confirmou a hist\u00f3ria em entrevista.<\/p>\n<\/blockquote>\n<p class=\"text\">De acordo com\u00a0Carey, o filme das imagens do suposto alien\u00edgena mostra uma criatura de cerca de 1,20 metro, de cabe\u00e7a desproporcionalmente grande e olhos parecidos com o de um inseto.<\/p>\n<p class=\"text\">\u201cA cabe\u00e7a parece ter sido parcialmente cortada. Houve uma aut\u00f3psia e as v\u00edsceras teriam sido retiradas; Acreditamos que o cad\u00e1ver foi embalsamado, pelo menos no momento em que esta foto foi tirada\u201d, disse.<\/p>\n<p class=\"text\">Apesar das supostas provas, alguns uf\u00f3logos n\u00e3o acreditam na veracidade das fotos, como Nigel Watson, autor do Manual Haynes de Investiga\u00e7\u00f5es de UFO.<\/p>\n<p class=\"text\">\u201cGeralmente, as pessoas fazem promessas que possuem provas da exist\u00eancia de seres sobrenaturais, mas, ent\u00e3o, v\u00eam com coisas banais ou nada convincentes. Acho que se as fotos provam algo, se eles realmente capturaram um ser alien\u00edgena em 1947, n\u00e3o conseguiriam esconder nas d\u00e9cadas de 1950 e 60\u201d, defendeu.<\/p>\n","protected":false},"excerpt":{"rendered":"<p>Um uf\u00f3logo americano causou pol\u00eamica ao revelar que existem imagens supostamente aut\u00eanticas de um corpo de alien\u00edgena da supersecreta \u201c\u00c1rea 51\u201d que foram tiradas em 1947 e mantidas secretas por agentes dos Estados Unidos. Especialistas em fotos confirmaram que s\u00e3o filmes e l\u00e2minas realmente antigos e que, portanto, dificilmente seriam editadas. As informa\u00e7\u00f5es s\u00e3o do [&hellip;]<\/p>\n","protected":false},"author":2,"featured_media":29354,"comment_status":"open","ping_status":"closed","sticky":false,"template":"","format":"standard","meta":{"_acf_changed":false,"footnotes":""},"categories":[71],"tags":[],"class_list":["post-29353","post","type-post","status-publish","format-standard","has-post-thumbnail","hentry","category-curiosidades"],"acf":[],"yoast_head":"<!-- This site is optimized with the Yoast SEO plugin v27.2 - https:\/\/yoast.com\/product\/yoast-seo-wordpress\/ -->\n<title>Uf\u00f3logo causa pol\u00eamica com foto da Nasa de ET capturado por militares - Notibras<\/title>\n<meta name=\"robots\" content=\"index, follow, max-snippet:-1, max-image-preview:large, max-video-preview:-1\" \/>\n<link rel=\"canonical\" href=\"https:\/\/www.notibras.com\/site\/ufologo-causa-polemica-com-foto-da-nasa-de-susposto-et-capturado-por-tropas-americanas\/\" \/>\n<meta property=\"og:locale\" content=\"pt_BR\" \/>\n<meta property=\"og:type\" content=\"article\" \/>\n<meta property=\"og:title\" content=\"Uf\u00f3logo causa pol\u00eamica com foto da Nasa de ET capturado por militares - Notibras\" \/>\n<meta property=\"og:description\" content=\"Um uf\u00f3logo americano causou pol\u00eamica ao revelar que existem imagens supostamente aut\u00eanticas de um corpo de alien\u00edgena da supersecreta \u201c\u00c1rea 51\u201d que foram tiradas em 1947 e mantidas secretas por agentes dos Estados Unidos. Especialistas em fotos confirmaram que s\u00e3o filmes e l\u00e2minas realmente antigos e que, portanto, dificilmente seriam editadas. As informa\u00e7\u00f5es s\u00e3o do [&hellip;]\" \/>\n<meta property=\"og:url\" content=\"https:\/\/www.notibras.com\/site\/ufologo-causa-polemica-com-foto-da-nasa-de-susposto-et-capturado-por-tropas-americanas\/\" \/>\n<meta property=\"og:site_name\" content=\"Notibras\" \/>\n<meta property=\"article:publisher\" content=\"https:\/\/www.facebook.com\/notibras\/\" \/>\n<meta property=\"article:published_time\" content=\"2014-11-24T16:49:10+00:00\" \/>\n<meta property=\"article:modified_time\" content=\"2016-07-30T19:57:51+00:00\" \/>\n<meta property=\"og:image\" content=\"https:\/\/www.notibras.com\/site\/wp-content\/uploads\/2014\/11\/euanewalienphotoemergesofarea51repromirror.jpg\" \/>\n\t<meta property=\"og:image:width\" content=\"460\" \/>\n\t<meta property=\"og:image:height\" content=\"340\" \/>\n\t<meta property=\"og:image:type\" content=\"image\/jpeg\" \/>\n<meta name=\"author\" content=\"Reda\u00e7\u00e3o\" \/>\n<meta name=\"twitter:card\" content=\"summary_large_image\" \/>\n<meta name=\"twitter:creator\" content=\"@Notibras\" \/>\n<meta name=\"twitter:site\" content=\"@Notibras\" \/>\n<meta name=\"twitter:label1\" content=\"Escrito por\" \/>\n\t<meta name=\"twitter:data1\" content=\"Reda\u00e7\u00e3o\" \/>\n\t<meta name=\"twitter:label2\" content=\"Est. tempo de leitura\" \/>\n\t<meta name=\"twitter:data2\" content=\"2 minutos\" \/>\n<script type=\"application\/ld+json\" class=\"yoast-schema-graph\">{\"@context\":\"https:\/\/schema.org\",\"@graph\":[{\"@type\":\"Article\",\"@id\":\"https:\/\/www.notibras.com\/site\/ufologo-causa-polemica-com-foto-da-nasa-de-susposto-et-capturado-por-tropas-americanas\/#article\",\"isPartOf\":{\"@id\":\"https:\/\/www.notibras.com\/site\/ufologo-causa-polemica-com-foto-da-nasa-de-susposto-et-capturado-por-tropas-americanas\/\"},\"author\":{\"name\":\"Reda\u00e7\u00e3o\",\"@id\":\"https:\/\/www.notibras.com\/site\/#\/schema\/person\/36ab0979449956132d3e5b517ea76ac8\"},\"headline\":\"Uf\u00f3logo causa pol\u00eamica com foto da Nasa de ET capturado por militares\",\"datePublished\":\"2014-11-24T16:49:10+00:00\",\"dateModified\":\"2016-07-30T19:57:51+00:00\",\"mainEntityOfPage\":{\"@id\":\"https:\/\/www.notibras.com\/site\/ufologo-causa-polemica-com-foto-da-nasa-de-susposto-et-capturado-por-tropas-americanas\/\"},\"wordCount\":344,\"commentCount\":0,\"publisher\":{\"@id\":\"https:\/\/www.notibras.com\/site\/#organization\"},\"image\":{\"@id\":\"https:\/\/www.notibras.com\/site\/ufologo-causa-polemica-com-foto-da-nasa-de-susposto-et-capturado-por-tropas-americanas\/#primaryimage\"},\"thumbnailUrl\":\"https:\/\/www.notibras.com\/site\/wp-content\/uploads\/2014\/11\/euanewalienphotoemergesofarea51repromirror.jpg\",\"articleSection\":[\"Curiosidades\"],\"inLanguage\":\"pt-BR\",\"potentialAction\":[{\"@type\":\"CommentAction\",\"name\":\"Comment\",\"target\":[\"https:\/\/www.notibras.com\/site\/ufologo-causa-polemica-com-foto-da-nasa-de-susposto-et-capturado-por-tropas-americanas\/#respond\"]}]},{\"@type\":\"WebPage\",\"@id\":\"https:\/\/www.notibras.com\/site\/ufologo-causa-polemica-com-foto-da-nasa-de-susposto-et-capturado-por-tropas-americanas\/\",\"url\":\"https:\/\/www.notibras.com\/site\/ufologo-causa-polemica-com-foto-da-nasa-de-susposto-et-capturado-por-tropas-americanas\/\",\"name\":\"Uf\u00f3logo causa pol\u00eamica com foto da Nasa de ET capturado por militares - Notibras\",\"isPartOf\":{\"@id\":\"https:\/\/www.notibras.com\/site\/#website\"},\"primaryImageOfPage\":{\"@id\":\"https:\/\/www.notibras.com\/site\/ufologo-causa-polemica-com-foto-da-nasa-de-susposto-et-capturado-por-tropas-americanas\/#primaryimage\"},\"image\":{\"@id\":\"https:\/\/www.notibras.com\/site\/ufologo-causa-polemica-com-foto-da-nasa-de-susposto-et-capturado-por-tropas-americanas\/#primaryimage\"},\"thumbnailUrl\":\"https:\/\/www.notibras.com\/site\/wp-content\/uploads\/2014\/11\/euanewalienphotoemergesofarea51repromirror.jpg\",\"datePublished\":\"2014-11-24T16:49:10+00:00\",\"dateModified\":\"2016-07-30T19:57:51+00:00\",\"breadcrumb\":{\"@id\":\"https:\/\/www.notibras.com\/site\/ufologo-causa-polemica-com-foto-da-nasa-de-susposto-et-capturado-por-tropas-americanas\/#breadcrumb\"},\"inLanguage\":\"pt-BR\",\"potentialAction\":[{\"@type\":\"ReadAction\",\"target\":[\"https:\/\/www.notibras.com\/site\/ufologo-causa-polemica-com-foto-da-nasa-de-susposto-et-capturado-por-tropas-americanas\/\"]}]},{\"@type\":\"ImageObject\",\"inLanguage\":\"pt-BR\",\"@id\":\"https:\/\/www.notibras.com\/site\/ufologo-causa-polemica-com-foto-da-nasa-de-susposto-et-capturado-por-tropas-americanas\/#primaryimage\",\"url\":\"https:\/\/www.notibras.com\/site\/wp-content\/uploads\/2014\/11\/euanewalienphotoemergesofarea51repromirror.jpg\",\"contentUrl\":\"https:\/\/www.notibras.com\/site\/wp-content\/uploads\/2014\/11\/euanewalienphotoemergesofarea51repromirror.jpg\",\"width\":460,\"height\":340},{\"@type\":\"BreadcrumbList\",\"@id\":\"https:\/\/www.notibras.com\/site\/ufologo-causa-polemica-com-foto-da-nasa-de-susposto-et-capturado-por-tropas-americanas\/#breadcrumb\",\"itemListElement\":[{\"@type\":\"ListItem\",\"position\":1,\"name\":\"In\u00edcio\",\"item\":\"https:\/\/www.notibras.com\/site\/\"},{\"@type\":\"ListItem\",\"position\":2,\"name\":\"Uf\u00f3logo causa pol\u00eamica com foto da Nasa de ET capturado por militares\"}]},{\"@type\":\"WebSite\",\"@id\":\"https:\/\/www.notibras.com\/site\/#website\",\"url\":\"https:\/\/www.notibras.com\/site\/\",\"name\":\"Notibras\",\"description\":\"Not\u00edcias de Bras\u00edlia, do Brasil e do Mundo\",\"publisher\":{\"@id\":\"https:\/\/www.notibras.com\/site\/#organization\"},\"potentialAction\":[{\"@type\":\"SearchAction\",\"target\":{\"@type\":\"EntryPoint\",\"urlTemplate\":\"https:\/\/www.notibras.com\/site\/?s={search_term_string}\"},\"query-input\":{\"@type\":\"PropertyValueSpecification\",\"valueRequired\":true,\"valueName\":\"search_term_string\"}}],\"inLanguage\":\"pt-BR\"},{\"@type\":\"Organization\",\"@id\":\"https:\/\/www.notibras.com\/site\/#organization\",\"name\":\"Grupo Notibras de Comunica\u00e7\u00e3o\",\"url\":\"https:\/\/www.notibras.com\/site\/\",\"logo\":{\"@type\":\"ImageObject\",\"inLanguage\":\"pt-BR\",\"@id\":\"https:\/\/www.notibras.com\/site\/#\/schema\/logo\/image\/\",\"url\":\"https:\/\/www.notibras.com\/site\/wp-content\/uploads\/2023\/01\/notibras23.png\",\"contentUrl\":\"https:\/\/www.notibras.com\/site\/wp-content\/uploads\/2023\/01\/notibras23.png\",\"width\":350,\"height\":87,\"caption\":\"Grupo Notibras de Comunica\u00e7\u00e3o\"},\"image\":{\"@id\":\"https:\/\/www.notibras.com\/site\/#\/schema\/logo\/image\/\"},\"sameAs\":[\"https:\/\/www.facebook.com\/notibras\/\",\"https:\/\/x.com\/Notibras\",\"https:\/\/www.instagram.com\/notibras\/\"]},{\"@type\":\"Person\",\"@id\":\"https:\/\/www.notibras.com\/site\/#\/schema\/person\/36ab0979449956132d3e5b517ea76ac8\",\"name\":\"Reda\u00e7\u00e3o\",\"image\":{\"@type\":\"ImageObject\",\"inLanguage\":\"pt-BR\",\"@id\":\"https:\/\/secure.gravatar.com\/avatar\/e0a867bdedb85fd243eadf09663511f96fc81e0720a4a42581f334ad4303aa6b?s=96&d=mm&r=g\",\"url\":\"https:\/\/secure.gravatar.com\/avatar\/e0a867bdedb85fd243eadf09663511f96fc81e0720a4a42581f334ad4303aa6b?s=96&d=mm&r=g\",\"contentUrl\":\"https:\/\/secure.gravatar.com\/avatar\/e0a867bdedb85fd243eadf09663511f96fc81e0720a4a42581f334ad4303aa6b?s=96&d=mm&r=g\",\"caption\":\"Reda\u00e7\u00e3o\"}}]}<\/script>\n<!-- \/ Yoast SEO plugin. -->","yoast_head_json":{"title":"Uf\u00f3logo causa pol\u00eamica com foto da Nasa de ET capturado por militares - Notibras","robots":{"index":"index","follow":"follow","max-snippet":"max-snippet:-1","max-image-preview":"max-image-preview:large","max-video-preview":"max-video-preview:-1"},"canonical":"https:\/\/www.notibras.com\/site\/ufologo-causa-polemica-com-foto-da-nasa-de-susposto-et-capturado-por-tropas-americanas\/","og_locale":"pt_BR","og_type":"article","og_title":"Uf\u00f3logo causa pol\u00eamica com foto da Nasa de ET capturado por militares - Notibras","og_description":"Um uf\u00f3logo americano causou pol\u00eamica ao revelar que existem imagens supostamente aut\u00eanticas de um corpo de alien\u00edgena da supersecreta \u201c\u00c1rea 51\u201d que foram tiradas em 1947 e mantidas secretas por agentes dos Estados Unidos. Especialistas em fotos confirmaram que s\u00e3o filmes e l\u00e2minas realmente antigos e que, portanto, dificilmente seriam editadas. As informa\u00e7\u00f5es s\u00e3o do [&hellip;]","og_url":"https:\/\/www.notibras.com\/site\/ufologo-causa-polemica-com-foto-da-nasa-de-susposto-et-capturado-por-tropas-americanas\/","og_site_name":"Notibras","article_publisher":"https:\/\/www.facebook.com\/notibras\/","article_published_time":"2014-11-24T16:49:10+00:00","article_modified_time":"2016-07-30T19:57:51+00:00","og_image":[{"width":460,"height":340,"url":"https:\/\/www.notibras.com\/site\/wp-content\/uploads\/2014\/11\/euanewalienphotoemergesofarea51repromirror.jpg","type":"image\/jpeg"}],"author":"Reda\u00e7\u00e3o","twitter_card":"summary_large_image","twitter_creator":"@Notibras","twitter_site":"@Notibras","twitter_misc":{"Escrito por":"Reda\u00e7\u00e3o","Est. tempo de leitura":"2 minutos"},"schema":{"@context":"https:\/\/schema.org","@graph":[{"@type":"Article","@id":"https:\/\/www.notibras.com\/site\/ufologo-causa-polemica-com-foto-da-nasa-de-susposto-et-capturado-por-tropas-americanas\/#article","isPartOf":{"@id":"https:\/\/www.notibras.com\/site\/ufologo-causa-polemica-com-foto-da-nasa-de-susposto-et-capturado-por-tropas-americanas\/"},"author":{"name":"Reda\u00e7\u00e3o","@id":"https:\/\/www.notibras.com\/site\/#\/schema\/person\/36ab0979449956132d3e5b517ea76ac8"},"headline":"Uf\u00f3logo causa pol\u00eamica com foto da Nasa de ET capturado por militares","datePublished":"2014-11-24T16:49:10+00:00","dateModified":"2016-07-30T19:57:51+00:00","mainEntityOfPage":{"@id":"https:\/\/www.notibras.com\/site\/ufologo-causa-polemica-com-foto-da-nasa-de-susposto-et-capturado-por-tropas-americanas\/"},"wordCount":344,"commentCount":0,"publisher":{"@id":"https:\/\/www.notibras.com\/site\/#organization"},"image":{"@id":"https:\/\/www.notibras.com\/site\/ufologo-causa-polemica-com-foto-da-nasa-de-susposto-et-capturado-por-tropas-americanas\/#primaryimage"},"thumbnailUrl":"https:\/\/www.notibras.com\/site\/wp-content\/uploads\/2014\/11\/euanewalienphotoemergesofarea51repromirror.jpg","articleSection":["Curiosidades"],"inLanguage":"pt-BR","potentialAction":[{"@type":"CommentAction","name":"Comment","target":["https:\/\/www.notibras.com\/site\/ufologo-causa-polemica-com-foto-da-nasa-de-susposto-et-capturado-por-tropas-americanas\/#respond"]}]},{"@type":"WebPage","@id":"https:\/\/www.notibras.com\/site\/ufologo-causa-polemica-com-foto-da-nasa-de-susposto-et-capturado-por-tropas-americanas\/","url":"https:\/\/www.notibras.com\/site\/ufologo-causa-polemica-com-foto-da-nasa-de-susposto-et-capturado-por-tropas-americanas\/","name":"Uf\u00f3logo causa pol\u00eamica com foto da Nasa de ET capturado por militares - Notibras","isPartOf":{"@id":"https:\/\/www.notibras.com\/site\/#website"},"primaryImageOfPage":{"@id":"https:\/\/www.notibras.com\/site\/ufologo-causa-polemica-com-foto-da-nasa-de-susposto-et-capturado-por-tropas-americanas\/#primaryimage"},"image":{"@id":"https:\/\/www.notibras.com\/site\/ufologo-causa-polemica-com-foto-da-nasa-de-susposto-et-capturado-por-tropas-americanas\/#primaryimage"},"thumbnailUrl":"https:\/\/www.notibras.com\/site\/wp-content\/uploads\/2014\/11\/euanewalienphotoemergesofarea51repromirror.jpg","datePublished":"2014-11-24T16:49:10+00:00","dateModified":"2016-07-30T19:57:51+00:00","breadcrumb":{"@id":"https:\/\/www.notibras.com\/site\/ufologo-causa-polemica-com-foto-da-nasa-de-susposto-et-capturado-por-tropas-americanas\/#breadcrumb"},"inLanguage":"pt-BR","potentialAction":[{"@type":"ReadAction","target":["https:\/\/www.notibras.com\/site\/ufologo-causa-polemica-com-foto-da-nasa-de-susposto-et-capturado-por-tropas-americanas\/"]}]},{"@type":"ImageObject","inLanguage":"pt-BR","@id":"https:\/\/www.notibras.com\/site\/ufologo-causa-polemica-com-foto-da-nasa-de-susposto-et-capturado-por-tropas-americanas\/#primaryimage","url":"https:\/\/www.notibras.com\/site\/wp-content\/uploads\/2014\/11\/euanewalienphotoemergesofarea51repromirror.jpg","contentUrl":"https:\/\/www.notibras.com\/site\/wp-content\/uploads\/2014\/11\/euanewalienphotoemergesofarea51repromirror.jpg","width":460,"height":340},{"@type":"BreadcrumbList","@id":"https:\/\/www.notibras.com\/site\/ufologo-causa-polemica-com-foto-da-nasa-de-susposto-et-capturado-por-tropas-americanas\/#breadcrumb","itemListElement":[{"@type":"ListItem","position":1,"name":"In\u00edcio","item":"https:\/\/www.notibras.com\/site\/"},{"@type":"ListItem","position":2,"name":"Uf\u00f3logo causa pol\u00eamica com foto da Nasa de ET capturado por militares"}]},{"@type":"WebSite","@id":"https:\/\/www.notibras.com\/site\/#website","url":"https:\/\/www.notibras.com\/site\/","name":"Notibras","description":"Not\u00edcias de Bras\u00edlia, do Brasil e do Mundo","publisher":{"@id":"https:\/\/www.notibras.com\/site\/#organization"},"potentialAction":[{"@type":"SearchAction","target":{"@type":"EntryPoint","urlTemplate":"https:\/\/www.notibras.com\/site\/?s={search_term_string}"},"query-input":{"@type":"PropertyValueSpecification","valueRequired":true,"valueName":"search_term_string"}}],"inLanguage":"pt-BR"},{"@type":"Organization","@id":"https:\/\/www.notibras.com\/site\/#organization","name":"Grupo Notibras de Comunica\u00e7\u00e3o","url":"https:\/\/www.notibras.com\/site\/","logo":{"@type":"ImageObject","inLanguage":"pt-BR","@id":"https:\/\/www.notibras.com\/site\/#\/schema\/logo\/image\/","url":"https:\/\/www.notibras.com\/site\/wp-content\/uploads\/2023\/01\/notibras23.png","contentUrl":"https:\/\/www.notibras.com\/site\/wp-content\/uploads\/2023\/01\/notibras23.png","width":350,"height":87,"caption":"Grupo Notibras de Comunica\u00e7\u00e3o"},"image":{"@id":"https:\/\/www.notibras.com\/site\/#\/schema\/logo\/image\/"},"sameAs":["https:\/\/www.facebook.com\/notibras\/","https:\/\/x.com\/Notibras","https:\/\/www.instagram.com\/notibras\/"]},{"@type":"Person","@id":"https:\/\/www.notibras.com\/site\/#\/schema\/person\/36ab0979449956132d3e5b517ea76ac8","name":"Reda\u00e7\u00e3o","image":{"@type":"ImageObject","inLanguage":"pt-BR","@id":"https:\/\/secure.gravatar.com\/avatar\/e0a867bdedb85fd243eadf09663511f96fc81e0720a4a42581f334ad4303aa6b?s=96&d=mm&r=g","url":"https:\/\/secure.gravatar.com\/avatar\/e0a867bdedb85fd243eadf09663511f96fc81e0720a4a42581f334ad4303aa6b?s=96&d=mm&r=g","contentUrl":"https:\/\/secure.gravatar.com\/avatar\/e0a867bdedb85fd243eadf09663511f96fc81e0720a4a42581f334ad4303aa6b?s=96&d=mm&r=g","caption":"Reda\u00e7\u00e3o"}}]}},"amp_enabled":true,"_links":{"self":[{"href":"https:\/\/www.notibras.com\/site\/wp-json\/wp\/v2\/posts\/29353","targetHints":{"allow":["GET"]}}],"collection":[{"href":"https:\/\/www.notibras.com\/site\/wp-json\/wp\/v2\/posts"}],"about":[{"href":"https:\/\/www.notibras.com\/site\/wp-json\/wp\/v2\/types\/post"}],"author":[{"embeddable":true,"href":"https:\/\/www.notibras.com\/site\/wp-json\/wp\/v2\/users\/2"}],"replies":[{"embeddable":true,"href":"https:\/\/www.notibras.com\/site\/wp-json\/wp\/v2\/comments?post=29353"}],"version-history":[{"count":1,"href":"https:\/\/www.notibras.com\/site\/wp-json\/wp\/v2\/posts\/29353\/revisions"}],"predecessor-version":[{"id":109962,"href":"https:\/\/www.notibras.com\/site\/wp-json\/wp\/v2\/posts\/29353\/revisions\/109962"}],"wp:featuredmedia":[{"embeddable":true,"href":"https:\/\/www.notibras.com\/site\/wp-json\/wp\/v2\/media\/29354"}],"wp:attachment":[{"href":"https:\/\/www.notibras.com\/site\/wp-json\/wp\/v2\/media?parent=29353"}],"wp:term":[{"taxonomy":"category","embeddable":true,"href":"https:\/\/www.notibras.com\/site\/wp-json\/wp\/v2\/categories?post=29353"},{"taxonomy":"post_tag","embeddable":true,"href":"https:\/\/www.notibras.com\/site\/wp-json\/wp\/v2\/tags?post=29353"}],"curies":[{"name":"wp","href":"https:\/\/api.w.org\/{rel}","templated":true}]}}