{"id":29411,"date":"2014-11-25T04:49:41","date_gmt":"2014-11-25T07:49:41","guid":{"rendered":"http:\/\/www.notibras.com\/site\/?p=29411"},"modified":"2014-11-25T11:28:29","modified_gmt":"2014-11-25T14:28:29","slug":"mulher-presa-por-trocar-abuso-sexual-das-filhas-por-cachaca","status":"publish","type":"post","link":"https:\/\/www.notibras.com\/site\/mulher-presa-por-trocar-abuso-sexual-das-filhas-por-cachaca\/","title":{"rendered":"M\u00e3e presa por trocar abuso sexual das filhas por pinga"},"content":{"rendered":"<p class=\"text\">Tr\u00eas pessoas foram presas por estarem envolvidas no abuso sexual de uma adolescente de 14 anos e de duas crian\u00e7as de 11 e 10 anos, na zona rural de Vit\u00f3ria da Conquista, na Bahia. As pris\u00f5es foram registradas na sexta-feira 21.<\/p>\n<p class=\"text\">De acordo com a Pol\u00edcia Militar, essa n\u00e3o \u00e9 a primeira vez que Rozilda Freitas Santos, 32 anos, permitiu o abuso sexual de suas filhas em troca de bebida alc\u00f3olica.<\/p>\n<p class=\"text\">Rozilda foi presa em flagrante junto com o seu marido, Francisco de Jesus Santos, 32 anos, padrasto das v\u00edtimas.<\/p>\n<blockquote>\n<p class=\"text\">Quando os policiais chegaram, os dois estavam embriagados. A den\u00fancia foi feita atrav\u00e9s do n\u00famero 190 da PM, por um tio das v\u00edtimas.<\/p>\n<\/blockquote>\n<p class=\"text\">Dalm\u00e1cio Freitas Souza, 27 anos, tamb\u00e9m foi preso por suspeita de ter abusado das crian\u00e7as e oferecido bebidas alco\u00f3licas ao casal. Ele morava perto das v\u00edtimas.<\/p>\n<p class=\"text\">Al\u00e9m do abuso sexual, as crian\u00e7as eram maltratadas pela m\u00e3e e pelo padrasto e dormiam em um quarto junto com animais. O caso est\u00e1 sendo investigado pelo Distrito Integrado de Seguran\u00e7a P\u00fablica (DISEP).<\/p>\n","protected":false},"excerpt":{"rendered":"<p>Tr\u00eas pessoas foram presas por estarem envolvidas no abuso sexual de uma adolescente de 14 anos e de duas crian\u00e7as de 11 e 10 anos, na zona rural de Vit\u00f3ria da Conquista, na Bahia. As pris\u00f5es foram registradas na sexta-feira 21. De acordo com a Pol\u00edcia Militar, essa n\u00e3o \u00e9 a primeira vez que Rozilda [&hellip;]<\/p>\n","protected":false},"author":2,"featured_media":29412,"comment_status":"open","ping_status":"closed","sticky":false,"template":"","format":"standard","meta":{"_acf_changed":false,"footnotes":""},"categories":[16],"tags":[],"class_list":["post-29411","post","type-post","status-publish","format-standard","has-post-thumbnail","hentry","category-brasil"],"acf":[],"yoast_head":"<!-- This site is optimized with the Yoast SEO plugin v27.2 - https:\/\/yoast.com\/product\/yoast-seo-wordpress\/ -->\n<title>M\u00e3e presa por trocar abuso sexual das filhas por pinga - Notibras<\/title>\n<meta name=\"robots\" content=\"index, follow, max-snippet:-1, max-image-preview:large, max-video-preview:-1\" \/>\n<link rel=\"canonical\" href=\"https:\/\/www.notibras.com\/site\/mulher-presa-por-trocar-abuso-sexual-das-filhas-por-cachaca\/\" \/>\n<meta property=\"og:locale\" content=\"pt_BR\" \/>\n<meta property=\"og:type\" content=\"article\" \/>\n<meta property=\"og:title\" content=\"M\u00e3e presa por trocar abuso sexual das filhas por pinga - Notibras\" \/>\n<meta property=\"og:description\" content=\"Tr\u00eas pessoas foram presas por estarem envolvidas no abuso sexual de uma adolescente de 14 anos e de duas crian\u00e7as de 11 e 10 anos, na zona rural de Vit\u00f3ria da Conquista, na Bahia. As pris\u00f5es foram registradas na sexta-feira 21. De acordo com a Pol\u00edcia Militar, essa n\u00e3o \u00e9 a primeira vez que Rozilda [&hellip;]\" \/>\n<meta property=\"og:url\" content=\"https:\/\/www.notibras.com\/site\/mulher-presa-por-trocar-abuso-sexual-das-filhas-por-cachaca\/\" \/>\n<meta property=\"og:site_name\" content=\"Notibras\" \/>\n<meta property=\"article:publisher\" content=\"https:\/\/www.facebook.com\/notibras\/\" \/>\n<meta property=\"article:published_time\" content=\"2014-11-25T07:49:41+00:00\" \/>\n<meta property=\"article:modified_time\" content=\"2014-11-25T14:28:29+00:00\" \/>\n<meta property=\"og:image\" content=\"https:\/\/www.notibras.com\/site\/wp-content\/uploads\/2014\/11\/maeabusosexualcriancasba.jpg\" \/>\n\t<meta property=\"og:image:width\" content=\"480\" \/>\n\t<meta property=\"og:image:height\" content=\"640\" \/>\n\t<meta property=\"og:image:type\" content=\"image\/jpeg\" \/>\n<meta name=\"author\" content=\"Reda\u00e7\u00e3o\" \/>\n<meta name=\"twitter:card\" content=\"summary_large_image\" \/>\n<meta name=\"twitter:creator\" content=\"@Notibras\" \/>\n<meta name=\"twitter:site\" content=\"@Notibras\" \/>\n<meta name=\"twitter:label1\" content=\"Escrito por\" \/>\n\t<meta name=\"twitter:data1\" content=\"Reda\u00e7\u00e3o\" \/>\n\t<meta name=\"twitter:label2\" content=\"Est. tempo de leitura\" \/>\n\t<meta name=\"twitter:data2\" content=\"1 minuto\" \/>\n<script type=\"application\/ld+json\" class=\"yoast-schema-graph\">{\"@context\":\"https:\/\/schema.org\",\"@graph\":[{\"@type\":\"Article\",\"@id\":\"https:\/\/www.notibras.com\/site\/mulher-presa-por-trocar-abuso-sexual-das-filhas-por-cachaca\/#article\",\"isPartOf\":{\"@id\":\"https:\/\/www.notibras.com\/site\/mulher-presa-por-trocar-abuso-sexual-das-filhas-por-cachaca\/\"},\"author\":{\"name\":\"Reda\u00e7\u00e3o\",\"@id\":\"https:\/\/www.notibras.com\/site\/#\/schema\/person\/36ab0979449956132d3e5b517ea76ac8\"},\"headline\":\"M\u00e3e presa por trocar abuso sexual das filhas por pinga\",\"datePublished\":\"2014-11-25T07:49:41+00:00\",\"dateModified\":\"2014-11-25T14:28:29+00:00\",\"mainEntityOfPage\":{\"@id\":\"https:\/\/www.notibras.com\/site\/mulher-presa-por-trocar-abuso-sexual-das-filhas-por-cachaca\/\"},\"wordCount\":196,\"commentCount\":0,\"publisher\":{\"@id\":\"https:\/\/www.notibras.com\/site\/#organization\"},\"image\":{\"@id\":\"https:\/\/www.notibras.com\/site\/mulher-presa-por-trocar-abuso-sexual-das-filhas-por-cachaca\/#primaryimage\"},\"thumbnailUrl\":\"https:\/\/www.notibras.com\/site\/wp-content\/uploads\/2014\/11\/maeabusosexualcriancasba.jpg\",\"articleSection\":[\"Brasil\"],\"inLanguage\":\"pt-BR\",\"potentialAction\":[{\"@type\":\"CommentAction\",\"name\":\"Comment\",\"target\":[\"https:\/\/www.notibras.com\/site\/mulher-presa-por-trocar-abuso-sexual-das-filhas-por-cachaca\/#respond\"]}]},{\"@type\":\"WebPage\",\"@id\":\"https:\/\/www.notibras.com\/site\/mulher-presa-por-trocar-abuso-sexual-das-filhas-por-cachaca\/\",\"url\":\"https:\/\/www.notibras.com\/site\/mulher-presa-por-trocar-abuso-sexual-das-filhas-por-cachaca\/\",\"name\":\"M\u00e3e presa por trocar abuso sexual das filhas por pinga - Notibras\",\"isPartOf\":{\"@id\":\"https:\/\/www.notibras.com\/site\/#website\"},\"primaryImageOfPage\":{\"@id\":\"https:\/\/www.notibras.com\/site\/mulher-presa-por-trocar-abuso-sexual-das-filhas-por-cachaca\/#primaryimage\"},\"image\":{\"@id\":\"https:\/\/www.notibras.com\/site\/mulher-presa-por-trocar-abuso-sexual-das-filhas-por-cachaca\/#primaryimage\"},\"thumbnailUrl\":\"https:\/\/www.notibras.com\/site\/wp-content\/uploads\/2014\/11\/maeabusosexualcriancasba.jpg\",\"datePublished\":\"2014-11-25T07:49:41+00:00\",\"dateModified\":\"2014-11-25T14:28:29+00:00\",\"breadcrumb\":{\"@id\":\"https:\/\/www.notibras.com\/site\/mulher-presa-por-trocar-abuso-sexual-das-filhas-por-cachaca\/#breadcrumb\"},\"inLanguage\":\"pt-BR\",\"potentialAction\":[{\"@type\":\"ReadAction\",\"target\":[\"https:\/\/www.notibras.com\/site\/mulher-presa-por-trocar-abuso-sexual-das-filhas-por-cachaca\/\"]}]},{\"@type\":\"ImageObject\",\"inLanguage\":\"pt-BR\",\"@id\":\"https:\/\/www.notibras.com\/site\/mulher-presa-por-trocar-abuso-sexual-das-filhas-por-cachaca\/#primaryimage\",\"url\":\"https:\/\/www.notibras.com\/site\/wp-content\/uploads\/2014\/11\/maeabusosexualcriancasba.jpg\",\"contentUrl\":\"https:\/\/www.notibras.com\/site\/wp-content\/uploads\/2014\/11\/maeabusosexualcriancasba.jpg\",\"width\":480,\"height\":640},{\"@type\":\"BreadcrumbList\",\"@id\":\"https:\/\/www.notibras.com\/site\/mulher-presa-por-trocar-abuso-sexual-das-filhas-por-cachaca\/#breadcrumb\",\"itemListElement\":[{\"@type\":\"ListItem\",\"position\":1,\"name\":\"In\u00edcio\",\"item\":\"https:\/\/www.notibras.com\/site\/\"},{\"@type\":\"ListItem\",\"position\":2,\"name\":\"M\u00e3e presa por trocar abuso sexual das filhas por pinga\"}]},{\"@type\":\"WebSite\",\"@id\":\"https:\/\/www.notibras.com\/site\/#website\",\"url\":\"https:\/\/www.notibras.com\/site\/\",\"name\":\"Notibras\",\"description\":\"Not\u00edcias de Bras\u00edlia, do Brasil e do Mundo\",\"publisher\":{\"@id\":\"https:\/\/www.notibras.com\/site\/#organization\"},\"potentialAction\":[{\"@type\":\"SearchAction\",\"target\":{\"@type\":\"EntryPoint\",\"urlTemplate\":\"https:\/\/www.notibras.com\/site\/?s={search_term_string}\"},\"query-input\":{\"@type\":\"PropertyValueSpecification\",\"valueRequired\":true,\"valueName\":\"search_term_string\"}}],\"inLanguage\":\"pt-BR\"},{\"@type\":\"Organization\",\"@id\":\"https:\/\/www.notibras.com\/site\/#organization\",\"name\":\"Grupo Notibras de Comunica\u00e7\u00e3o\",\"url\":\"https:\/\/www.notibras.com\/site\/\",\"logo\":{\"@type\":\"ImageObject\",\"inLanguage\":\"pt-BR\",\"@id\":\"https:\/\/www.notibras.com\/site\/#\/schema\/logo\/image\/\",\"url\":\"https:\/\/www.notibras.com\/site\/wp-content\/uploads\/2023\/01\/notibras23.png\",\"contentUrl\":\"https:\/\/www.notibras.com\/site\/wp-content\/uploads\/2023\/01\/notibras23.png\",\"width\":350,\"height\":87,\"caption\":\"Grupo Notibras de Comunica\u00e7\u00e3o\"},\"image\":{\"@id\":\"https:\/\/www.notibras.com\/site\/#\/schema\/logo\/image\/\"},\"sameAs\":[\"https:\/\/www.facebook.com\/notibras\/\",\"https:\/\/x.com\/Notibras\",\"https:\/\/www.instagram.com\/notibras\/\"]},{\"@type\":\"Person\",\"@id\":\"https:\/\/www.notibras.com\/site\/#\/schema\/person\/36ab0979449956132d3e5b517ea76ac8\",\"name\":\"Reda\u00e7\u00e3o\",\"image\":{\"@type\":\"ImageObject\",\"inLanguage\":\"pt-BR\",\"@id\":\"https:\/\/secure.gravatar.com\/avatar\/e0a867bdedb85fd243eadf09663511f96fc81e0720a4a42581f334ad4303aa6b?s=96&d=mm&r=g\",\"url\":\"https:\/\/secure.gravatar.com\/avatar\/e0a867bdedb85fd243eadf09663511f96fc81e0720a4a42581f334ad4303aa6b?s=96&d=mm&r=g\",\"contentUrl\":\"https:\/\/secure.gravatar.com\/avatar\/e0a867bdedb85fd243eadf09663511f96fc81e0720a4a42581f334ad4303aa6b?s=96&d=mm&r=g\",\"caption\":\"Reda\u00e7\u00e3o\"}}]}<\/script>\n<!-- \/ Yoast SEO plugin. -->","yoast_head_json":{"title":"M\u00e3e presa por trocar abuso sexual das filhas por pinga - Notibras","robots":{"index":"index","follow":"follow","max-snippet":"max-snippet:-1","max-image-preview":"max-image-preview:large","max-video-preview":"max-video-preview:-1"},"canonical":"https:\/\/www.notibras.com\/site\/mulher-presa-por-trocar-abuso-sexual-das-filhas-por-cachaca\/","og_locale":"pt_BR","og_type":"article","og_title":"M\u00e3e presa por trocar abuso sexual das filhas por pinga - Notibras","og_description":"Tr\u00eas pessoas foram presas por estarem envolvidas no abuso sexual de uma adolescente de 14 anos e de duas crian\u00e7as de 11 e 10 anos, na zona rural de Vit\u00f3ria da Conquista, na Bahia. As pris\u00f5es foram registradas na sexta-feira 21. De acordo com a Pol\u00edcia Militar, essa n\u00e3o \u00e9 a primeira vez que Rozilda [&hellip;]","og_url":"https:\/\/www.notibras.com\/site\/mulher-presa-por-trocar-abuso-sexual-das-filhas-por-cachaca\/","og_site_name":"Notibras","article_publisher":"https:\/\/www.facebook.com\/notibras\/","article_published_time":"2014-11-25T07:49:41+00:00","article_modified_time":"2014-11-25T14:28:29+00:00","og_image":[{"width":480,"height":640,"url":"https:\/\/www.notibras.com\/site\/wp-content\/uploads\/2014\/11\/maeabusosexualcriancasba.jpg","type":"image\/jpeg"}],"author":"Reda\u00e7\u00e3o","twitter_card":"summary_large_image","twitter_creator":"@Notibras","twitter_site":"@Notibras","twitter_misc":{"Escrito por":"Reda\u00e7\u00e3o","Est. tempo de leitura":"1 minuto"},"schema":{"@context":"https:\/\/schema.org","@graph":[{"@type":"Article","@id":"https:\/\/www.notibras.com\/site\/mulher-presa-por-trocar-abuso-sexual-das-filhas-por-cachaca\/#article","isPartOf":{"@id":"https:\/\/www.notibras.com\/site\/mulher-presa-por-trocar-abuso-sexual-das-filhas-por-cachaca\/"},"author":{"name":"Reda\u00e7\u00e3o","@id":"https:\/\/www.notibras.com\/site\/#\/schema\/person\/36ab0979449956132d3e5b517ea76ac8"},"headline":"M\u00e3e presa por trocar abuso sexual das filhas por pinga","datePublished":"2014-11-25T07:49:41+00:00","dateModified":"2014-11-25T14:28:29+00:00","mainEntityOfPage":{"@id":"https:\/\/www.notibras.com\/site\/mulher-presa-por-trocar-abuso-sexual-das-filhas-por-cachaca\/"},"wordCount":196,"commentCount":0,"publisher":{"@id":"https:\/\/www.notibras.com\/site\/#organization"},"image":{"@id":"https:\/\/www.notibras.com\/site\/mulher-presa-por-trocar-abuso-sexual-das-filhas-por-cachaca\/#primaryimage"},"thumbnailUrl":"https:\/\/www.notibras.com\/site\/wp-content\/uploads\/2014\/11\/maeabusosexualcriancasba.jpg","articleSection":["Brasil"],"inLanguage":"pt-BR","potentialAction":[{"@type":"CommentAction","name":"Comment","target":["https:\/\/www.notibras.com\/site\/mulher-presa-por-trocar-abuso-sexual-das-filhas-por-cachaca\/#respond"]}]},{"@type":"WebPage","@id":"https:\/\/www.notibras.com\/site\/mulher-presa-por-trocar-abuso-sexual-das-filhas-por-cachaca\/","url":"https:\/\/www.notibras.com\/site\/mulher-presa-por-trocar-abuso-sexual-das-filhas-por-cachaca\/","name":"M\u00e3e presa por trocar abuso sexual das filhas por pinga - Notibras","isPartOf":{"@id":"https:\/\/www.notibras.com\/site\/#website"},"primaryImageOfPage":{"@id":"https:\/\/www.notibras.com\/site\/mulher-presa-por-trocar-abuso-sexual-das-filhas-por-cachaca\/#primaryimage"},"image":{"@id":"https:\/\/www.notibras.com\/site\/mulher-presa-por-trocar-abuso-sexual-das-filhas-por-cachaca\/#primaryimage"},"thumbnailUrl":"https:\/\/www.notibras.com\/site\/wp-content\/uploads\/2014\/11\/maeabusosexualcriancasba.jpg","datePublished":"2014-11-25T07:49:41+00:00","dateModified":"2014-11-25T14:28:29+00:00","breadcrumb":{"@id":"https:\/\/www.notibras.com\/site\/mulher-presa-por-trocar-abuso-sexual-das-filhas-por-cachaca\/#breadcrumb"},"inLanguage":"pt-BR","potentialAction":[{"@type":"ReadAction","target":["https:\/\/www.notibras.com\/site\/mulher-presa-por-trocar-abuso-sexual-das-filhas-por-cachaca\/"]}]},{"@type":"ImageObject","inLanguage":"pt-BR","@id":"https:\/\/www.notibras.com\/site\/mulher-presa-por-trocar-abuso-sexual-das-filhas-por-cachaca\/#primaryimage","url":"https:\/\/www.notibras.com\/site\/wp-content\/uploads\/2014\/11\/maeabusosexualcriancasba.jpg","contentUrl":"https:\/\/www.notibras.com\/site\/wp-content\/uploads\/2014\/11\/maeabusosexualcriancasba.jpg","width":480,"height":640},{"@type":"BreadcrumbList","@id":"https:\/\/www.notibras.com\/site\/mulher-presa-por-trocar-abuso-sexual-das-filhas-por-cachaca\/#breadcrumb","itemListElement":[{"@type":"ListItem","position":1,"name":"In\u00edcio","item":"https:\/\/www.notibras.com\/site\/"},{"@type":"ListItem","position":2,"name":"M\u00e3e presa por trocar abuso sexual das filhas por pinga"}]},{"@type":"WebSite","@id":"https:\/\/www.notibras.com\/site\/#website","url":"https:\/\/www.notibras.com\/site\/","name":"Notibras","description":"Not\u00edcias de Bras\u00edlia, do Brasil e do Mundo","publisher":{"@id":"https:\/\/www.notibras.com\/site\/#organization"},"potentialAction":[{"@type":"SearchAction","target":{"@type":"EntryPoint","urlTemplate":"https:\/\/www.notibras.com\/site\/?s={search_term_string}"},"query-input":{"@type":"PropertyValueSpecification","valueRequired":true,"valueName":"search_term_string"}}],"inLanguage":"pt-BR"},{"@type":"Organization","@id":"https:\/\/www.notibras.com\/site\/#organization","name":"Grupo Notibras de Comunica\u00e7\u00e3o","url":"https:\/\/www.notibras.com\/site\/","logo":{"@type":"ImageObject","inLanguage":"pt-BR","@id":"https:\/\/www.notibras.com\/site\/#\/schema\/logo\/image\/","url":"https:\/\/www.notibras.com\/site\/wp-content\/uploads\/2023\/01\/notibras23.png","contentUrl":"https:\/\/www.notibras.com\/site\/wp-content\/uploads\/2023\/01\/notibras23.png","width":350,"height":87,"caption":"Grupo Notibras de Comunica\u00e7\u00e3o"},"image":{"@id":"https:\/\/www.notibras.com\/site\/#\/schema\/logo\/image\/"},"sameAs":["https:\/\/www.facebook.com\/notibras\/","https:\/\/x.com\/Notibras","https:\/\/www.instagram.com\/notibras\/"]},{"@type":"Person","@id":"https:\/\/www.notibras.com\/site\/#\/schema\/person\/36ab0979449956132d3e5b517ea76ac8","name":"Reda\u00e7\u00e3o","image":{"@type":"ImageObject","inLanguage":"pt-BR","@id":"https:\/\/secure.gravatar.com\/avatar\/e0a867bdedb85fd243eadf09663511f96fc81e0720a4a42581f334ad4303aa6b?s=96&d=mm&r=g","url":"https:\/\/secure.gravatar.com\/avatar\/e0a867bdedb85fd243eadf09663511f96fc81e0720a4a42581f334ad4303aa6b?s=96&d=mm&r=g","contentUrl":"https:\/\/secure.gravatar.com\/avatar\/e0a867bdedb85fd243eadf09663511f96fc81e0720a4a42581f334ad4303aa6b?s=96&d=mm&r=g","caption":"Reda\u00e7\u00e3o"}}]}},"amp_enabled":true,"_links":{"self":[{"href":"https:\/\/www.notibras.com\/site\/wp-json\/wp\/v2\/posts\/29411","targetHints":{"allow":["GET"]}}],"collection":[{"href":"https:\/\/www.notibras.com\/site\/wp-json\/wp\/v2\/posts"}],"about":[{"href":"https:\/\/www.notibras.com\/site\/wp-json\/wp\/v2\/types\/post"}],"author":[{"embeddable":true,"href":"https:\/\/www.notibras.com\/site\/wp-json\/wp\/v2\/users\/2"}],"replies":[{"embeddable":true,"href":"https:\/\/www.notibras.com\/site\/wp-json\/wp\/v2\/comments?post=29411"}],"version-history":[{"count":0,"href":"https:\/\/www.notibras.com\/site\/wp-json\/wp\/v2\/posts\/29411\/revisions"}],"wp:featuredmedia":[{"embeddable":true,"href":"https:\/\/www.notibras.com\/site\/wp-json\/wp\/v2\/media\/29412"}],"wp:attachment":[{"href":"https:\/\/www.notibras.com\/site\/wp-json\/wp\/v2\/media?parent=29411"}],"wp:term":[{"taxonomy":"category","embeddable":true,"href":"https:\/\/www.notibras.com\/site\/wp-json\/wp\/v2\/categories?post=29411"},{"taxonomy":"post_tag","embeddable":true,"href":"https:\/\/www.notibras.com\/site\/wp-json\/wp\/v2\/tags?post=29411"}],"curies":[{"name":"wp","href":"https:\/\/api.w.org\/{rel}","templated":true}]}}