{"id":29439,"date":"2014-11-25T07:05:07","date_gmt":"2014-11-25T10:05:07","guid":{"rendered":"http:\/\/www.notibras.com\/site\/?p=29439"},"modified":"2014-11-25T07:06:19","modified_gmt":"2014-11-25T10:06:19","slug":"solucao-para-a-crise-da-agua-pode-rachar-grupo-de-ambientalistas","status":"publish","type":"post","link":"https:\/\/www.notibras.com\/site\/solucao-para-a-crise-da-agua-pode-rachar-grupo-de-ambientalistas\/","title":{"rendered":"Solu\u00e7\u00e3o para a crise da \u00e1gua pode rachar grupo de ambientalistas"},"content":{"rendered":"<p>O sistema Cantareira voltou a operar abaixo de 10% de sua capacidade. Para garantir a continuidade do abastecimento, a Sabesp continuar\u00e1 a retirar \u00e1gua do volume morto da represa Jaguari-Jacare\u00ed e tem planos de utiliza\u00e7\u00e3o dos volumes mortos das represas Cachoeira e Atibainha, na regi\u00e3o de Mairipor\u00e3 e Nazar\u00e9 Paulista.<\/p>\n<p>Para a ANA (Ag\u00eancia Nacional de \u00c1guas), a \u00e1gua no sistema deve durar at\u00e9 novembro deste ano. J\u00e1 para o governo estadual, o volume morto ir\u00e1 garantir o abastecimento at\u00e9 mar\u00e7o. Independentemente do acerto dessas previs\u00f5es, o fato \u00e9 que se no pr\u00f3ximo ver\u00e3o n\u00e3o houver chuvas significativas, a crise h\u00eddrica deste ano se repetir\u00e1 em 2015.<\/p>\n<p>No longo prazo, al\u00e9m de medidas para o uso eficiente dos recursos h\u00eddricos e de re\u00faso, a forma de resolver esse problema de forma definitiva \u00e9 investir na constru\u00e7\u00e3o de um novo sistema de transposi\u00e7\u00e3o das \u00e1guas do rio Juqui\u00e1, afluente do rio Ribeira do Iguape na vertente oce\u00e2nica da Serra do Mar.<\/p>\n<p>Esse sistema teria potencial para fornecer at\u00e9 80 m\u00b3 de \u00e1gua por segundo para a regi\u00e3o metropolitana. A demanda atual de \u00e1gua na Regi\u00e3o Metropolitana de S\u00e3o Paulo \u00e9 de 70 m\u00b3 por segundo.<\/p>\n<blockquote><p>Al\u00e9m de investimentos pesados, ser\u00e1 necess\u00e1ria uma analise ambiental integrada e colocar a seguran\u00e7a h\u00eddrica como prioridade. Seguran\u00e7a h\u00eddrica existe quando todos, de forma cont\u00ednua, t\u00eam acesso \u00e0 \u00e1gua em quantidade e qualidade suficientes para atender \u00e0s suas necessidades b\u00e1sicas (alimenta\u00e7\u00e3o, sa\u00fade, higiene) e para desenvolver suas atividades econ\u00f4micas, mantendo ainda o ecossistema aqu\u00e1tico saud\u00e1vel e equilibrado.<\/p><\/blockquote>\n<p>Seguran\u00e7a h\u00eddrica implica tamb\u00e9m garantir o uso m\u00faltiplo da \u00e1gua (abastecimento humano e industrial, irriga\u00e7\u00e3o, energia e transporte) e uma infraestrutura adequada para reduzir os riscos de cat\u00e1strofes clim\u00e1ticas.<\/p>\n<p>Um tema central da seguran\u00e7a h\u00eddrica \u00e9 o armazenamento da \u00e1gua em reservat\u00f3rios, que possibilitam aumentar a resili\u00eancia do sistema \u00e0 variabilidade e \u00e0s mudan\u00e7as do clima. Analisando o problema do ponto de vista do territ\u00f3rio nacional, no qual as hidrel\u00e9tricas desempenham papel central na seguran\u00e7a socioecon\u00f4mica, o armazenamento \u00e9 crucial. Um exemplo \u00e9 a performance energ\u00e9tica do complexo hidrel\u00e9trico de Belo Monte, na Amaz\u00f4nia.<\/p>\n<p>Por falta de um reservat\u00f3rio de acumula\u00e7\u00e3o de \u00e1gua, a futura hidrel\u00e9trica ir\u00e1 trabalhar com um fator de capacidade muito baixo. O fator de capacidade \u00e9 a rela\u00e7\u00e3o entre a pot\u00eancia el\u00e9trica instalada e a pot\u00eancia m\u00e9dia de gera\u00e7\u00e3o ao longo do ano. No caso de Belo Monte, este n\u00famero est\u00e1 estimado em 0,39.<\/p>\n<p>Um fator normal para hidrel\u00e9tricas \u00e9 da ordem de 0,60. Vale lembrar que Belo Monte operar\u00e1 pouco acima do fator de capacidade m\u00e9dio das usinas e\u00f3licas do pa\u00eds que, em 2012, foi de 0,33. Ou seja, investiu-se muito para obter pouco. Faltou reservat\u00f3rio.<\/p>\n<p>Outro exemplo \u00e9 a situa\u00e7\u00e3o cr\u00edtica de abastecimento de \u00e1gua no Nordeste. Enquanto a m\u00e9dia brasileira de reserva per capita \u00e9 de 3.000 m3\/hab\/ano, na regi\u00e3o esse valor cai para menos de um ter\u00e7o da m\u00e9dia (900 m3\/hab\/ano). S\u00f3 para comparar, a Austr\u00e1lia, que recentemente superou uma seca de quase dez anos de dura\u00e7\u00e3o, tem uma reserva de 5.000 m3\/hab\/ano.<\/p>\n<p>Embora os dois exemplos acima mostrem a import\u00e2ncia de se ter reservat\u00f3rios, foi a escassez de \u00e1gua em S\u00e3o Paulo que colocou o tema da seguran\u00e7a h\u00eddrica na pauta dos grandes problemas.<\/p>\n<p>O que se espera agora \u00e9 que as autoridades de governo e a sociedade em geral tirem dessa crise a li\u00e7\u00e3o de que seguran\u00e7a h\u00eddrica passa, obrigatoriamente, pela constru\u00e7\u00e3o de novos reservat\u00f3rios. E isso precisa, muitas vezes, estar acima de interesses de grupos ambientais radicais.<\/p>\n<p><strong>Benedito Braga<\/strong><\/p>\n","protected":false},"excerpt":{"rendered":"<p>O sistema Cantareira voltou a operar abaixo de 10% de sua capacidade. Para garantir a continuidade do abastecimento, a Sabesp continuar\u00e1 a retirar \u00e1gua do volume morto da represa Jaguari-Jacare\u00ed e tem planos de utiliza\u00e7\u00e3o dos volumes mortos das represas Cachoeira e Atibainha, na regi\u00e3o de Mairipor\u00e3 e Nazar\u00e9 Paulista. Para a ANA (Ag\u00eancia Nacional [&hellip;]<\/p>\n","protected":false},"author":2,"featured_media":29442,"comment_status":"open","ping_status":"closed","sticky":false,"template":"","format":"standard","meta":{"_acf_changed":false,"footnotes":""},"categories":[25],"tags":[],"class_list":["post-29439","post","type-post","status-publish","format-standard","has-post-thumbnail","hentry","category-opina-ai"],"acf":[],"yoast_head":"<!-- This site is optimized with the Yoast SEO plugin v27.5 - https:\/\/yoast.com\/product\/yoast-seo-wordpress\/ -->\n<title>Solu\u00e7\u00e3o para a crise da \u00e1gua pode rachar grupo de ambientalistas - Notibras<\/title>\n<meta name=\"robots\" content=\"index, follow, max-snippet:-1, max-image-preview:large, max-video-preview:-1\" \/>\n<link rel=\"canonical\" href=\"https:\/\/www.notibras.com\/site\/solucao-para-a-crise-da-agua-pode-rachar-grupo-de-ambientalistas\/\" \/>\n<meta property=\"og:locale\" content=\"pt_BR\" \/>\n<meta property=\"og:type\" content=\"article\" \/>\n<meta property=\"og:title\" content=\"Solu\u00e7\u00e3o para a crise da \u00e1gua pode rachar grupo de ambientalistas - Notibras\" \/>\n<meta property=\"og:description\" content=\"O sistema Cantareira voltou a operar abaixo de 10% de sua capacidade. Para garantir a continuidade do abastecimento, a Sabesp continuar\u00e1 a retirar \u00e1gua do volume morto da represa Jaguari-Jacare\u00ed e tem planos de utiliza\u00e7\u00e3o dos volumes mortos das represas Cachoeira e Atibainha, na regi\u00e3o de Mairipor\u00e3 e Nazar\u00e9 Paulista. Para a ANA (Ag\u00eancia Nacional [&hellip;]\" \/>\n<meta property=\"og:url\" content=\"https:\/\/www.notibras.com\/site\/solucao-para-a-crise-da-agua-pode-rachar-grupo-de-ambientalistas\/\" \/>\n<meta property=\"og:site_name\" content=\"Notibras\" \/>\n<meta property=\"article:publisher\" content=\"https:\/\/www.facebook.com\/notibras\/\" \/>\n<meta property=\"article:published_time\" content=\"2014-11-25T10:05:07+00:00\" \/>\n<meta property=\"article:modified_time\" content=\"2014-11-25T10:06:19+00:00\" \/>\n<meta property=\"og:image\" content=\"https:\/\/www.notibras.com\/site\/wp-content\/uploads\/2014\/11\/7.jpg\" \/>\n\t<meta property=\"og:image:width\" content=\"600\" \/>\n\t<meta property=\"og:image:height\" content=\"394\" \/>\n\t<meta property=\"og:image:type\" content=\"image\/jpeg\" \/>\n<meta name=\"author\" content=\"Reda\u00e7\u00e3o\" \/>\n<meta name=\"twitter:card\" content=\"summary_large_image\" \/>\n<meta name=\"twitter:creator\" content=\"@Notibras\" \/>\n<meta name=\"twitter:site\" content=\"@Notibras\" \/>\n<meta name=\"twitter:label1\" content=\"Escrito por\" \/>\n\t<meta name=\"twitter:data1\" content=\"Reda\u00e7\u00e3o\" \/>\n\t<meta name=\"twitter:label2\" content=\"Est. tempo de leitura\" \/>\n\t<meta name=\"twitter:data2\" content=\"3 minutos\" \/>\n<script type=\"application\/ld+json\" class=\"yoast-schema-graph\">{\"@context\":\"https:\\\/\\\/schema.org\",\"@graph\":[{\"@type\":\"Article\",\"@id\":\"https:\\\/\\\/www.notibras.com\\\/site\\\/solucao-para-a-crise-da-agua-pode-rachar-grupo-de-ambientalistas\\\/#article\",\"isPartOf\":{\"@id\":\"https:\\\/\\\/www.notibras.com\\\/site\\\/solucao-para-a-crise-da-agua-pode-rachar-grupo-de-ambientalistas\\\/\"},\"author\":{\"name\":\"Reda\u00e7\u00e3o\",\"@id\":\"https:\\\/\\\/www.notibras.com\\\/site\\\/#\\\/schema\\\/person\\\/36ab0979449956132d3e5b517ea76ac8\"},\"headline\":\"Solu\u00e7\u00e3o para a crise da \u00e1gua pode rachar grupo de ambientalistas\",\"datePublished\":\"2014-11-25T10:05:07+00:00\",\"dateModified\":\"2014-11-25T10:06:19+00:00\",\"mainEntityOfPage\":{\"@id\":\"https:\\\/\\\/www.notibras.com\\\/site\\\/solucao-para-a-crise-da-agua-pode-rachar-grupo-de-ambientalistas\\\/\"},\"wordCount\":659,\"commentCount\":0,\"publisher\":{\"@id\":\"https:\\\/\\\/www.notibras.com\\\/site\\\/#organization\"},\"image\":{\"@id\":\"https:\\\/\\\/www.notibras.com\\\/site\\\/solucao-para-a-crise-da-agua-pode-rachar-grupo-de-ambientalistas\\\/#primaryimage\"},\"thumbnailUrl\":\"https:\\\/\\\/www.notibras.com\\\/site\\\/wp-content\\\/uploads\\\/2014\\\/11\\\/7.jpg\",\"articleSection\":[\"Opina a\u00ed\"],\"inLanguage\":\"pt-BR\",\"potentialAction\":[{\"@type\":\"CommentAction\",\"name\":\"Comment\",\"target\":[\"https:\\\/\\\/www.notibras.com\\\/site\\\/solucao-para-a-crise-da-agua-pode-rachar-grupo-de-ambientalistas\\\/#respond\"]}]},{\"@type\":\"WebPage\",\"@id\":\"https:\\\/\\\/www.notibras.com\\\/site\\\/solucao-para-a-crise-da-agua-pode-rachar-grupo-de-ambientalistas\\\/\",\"url\":\"https:\\\/\\\/www.notibras.com\\\/site\\\/solucao-para-a-crise-da-agua-pode-rachar-grupo-de-ambientalistas\\\/\",\"name\":\"Solu\u00e7\u00e3o para a crise da \u00e1gua pode rachar grupo de ambientalistas - Notibras\",\"isPartOf\":{\"@id\":\"https:\\\/\\\/www.notibras.com\\\/site\\\/#website\"},\"primaryImageOfPage\":{\"@id\":\"https:\\\/\\\/www.notibras.com\\\/site\\\/solucao-para-a-crise-da-agua-pode-rachar-grupo-de-ambientalistas\\\/#primaryimage\"},\"image\":{\"@id\":\"https:\\\/\\\/www.notibras.com\\\/site\\\/solucao-para-a-crise-da-agua-pode-rachar-grupo-de-ambientalistas\\\/#primaryimage\"},\"thumbnailUrl\":\"https:\\\/\\\/www.notibras.com\\\/site\\\/wp-content\\\/uploads\\\/2014\\\/11\\\/7.jpg\",\"datePublished\":\"2014-11-25T10:05:07+00:00\",\"dateModified\":\"2014-11-25T10:06:19+00:00\",\"breadcrumb\":{\"@id\":\"https:\\\/\\\/www.notibras.com\\\/site\\\/solucao-para-a-crise-da-agua-pode-rachar-grupo-de-ambientalistas\\\/#breadcrumb\"},\"inLanguage\":\"pt-BR\",\"potentialAction\":[{\"@type\":\"ReadAction\",\"target\":[\"https:\\\/\\\/www.notibras.com\\\/site\\\/solucao-para-a-crise-da-agua-pode-rachar-grupo-de-ambientalistas\\\/\"]}]},{\"@type\":\"ImageObject\",\"inLanguage\":\"pt-BR\",\"@id\":\"https:\\\/\\\/www.notibras.com\\\/site\\\/solucao-para-a-crise-da-agua-pode-rachar-grupo-de-ambientalistas\\\/#primaryimage\",\"url\":\"https:\\\/\\\/www.notibras.com\\\/site\\\/wp-content\\\/uploads\\\/2014\\\/11\\\/7.jpg\",\"contentUrl\":\"https:\\\/\\\/www.notibras.com\\\/site\\\/wp-content\\\/uploads\\\/2014\\\/11\\\/7.jpg\",\"width\":600,\"height\":394},{\"@type\":\"BreadcrumbList\",\"@id\":\"https:\\\/\\\/www.notibras.com\\\/site\\\/solucao-para-a-crise-da-agua-pode-rachar-grupo-de-ambientalistas\\\/#breadcrumb\",\"itemListElement\":[{\"@type\":\"ListItem\",\"position\":1,\"name\":\"In\u00edcio\",\"item\":\"https:\\\/\\\/www.notibras.com\\\/site\\\/\"},{\"@type\":\"ListItem\",\"position\":2,\"name\":\"Solu\u00e7\u00e3o para a crise da \u00e1gua pode rachar grupo de ambientalistas\"}]},{\"@type\":\"WebSite\",\"@id\":\"https:\\\/\\\/www.notibras.com\\\/site\\\/#website\",\"url\":\"https:\\\/\\\/www.notibras.com\\\/site\\\/\",\"name\":\"Notibras\",\"description\":\"Not\u00edcias de Bras\u00edlia, do Brasil e do Mundo\",\"publisher\":{\"@id\":\"https:\\\/\\\/www.notibras.com\\\/site\\\/#organization\"},\"potentialAction\":[{\"@type\":\"SearchAction\",\"target\":{\"@type\":\"EntryPoint\",\"urlTemplate\":\"https:\\\/\\\/www.notibras.com\\\/site\\\/?s={search_term_string}\"},\"query-input\":{\"@type\":\"PropertyValueSpecification\",\"valueRequired\":true,\"valueName\":\"search_term_string\"}}],\"inLanguage\":\"pt-BR\"},{\"@type\":\"Organization\",\"@id\":\"https:\\\/\\\/www.notibras.com\\\/site\\\/#organization\",\"name\":\"Grupo Notibras de Comunica\u00e7\u00e3o\",\"url\":\"https:\\\/\\\/www.notibras.com\\\/site\\\/\",\"logo\":{\"@type\":\"ImageObject\",\"inLanguage\":\"pt-BR\",\"@id\":\"https:\\\/\\\/www.notibras.com\\\/site\\\/#\\\/schema\\\/logo\\\/image\\\/\",\"url\":\"https:\\\/\\\/www.notibras.com\\\/site\\\/wp-content\\\/uploads\\\/2023\\\/01\\\/notibras23.png\",\"contentUrl\":\"https:\\\/\\\/www.notibras.com\\\/site\\\/wp-content\\\/uploads\\\/2023\\\/01\\\/notibras23.png\",\"width\":350,\"height\":87,\"caption\":\"Grupo Notibras de Comunica\u00e7\u00e3o\"},\"image\":{\"@id\":\"https:\\\/\\\/www.notibras.com\\\/site\\\/#\\\/schema\\\/logo\\\/image\\\/\"},\"sameAs\":[\"https:\\\/\\\/www.facebook.com\\\/notibras\\\/\",\"https:\\\/\\\/x.com\\\/Notibras\",\"https:\\\/\\\/www.instagram.com\\\/notibras\\\/\"]},{\"@type\":\"Person\",\"@id\":\"https:\\\/\\\/www.notibras.com\\\/site\\\/#\\\/schema\\\/person\\\/36ab0979449956132d3e5b517ea76ac8\",\"name\":\"Reda\u00e7\u00e3o\",\"image\":{\"@type\":\"ImageObject\",\"inLanguage\":\"pt-BR\",\"@id\":\"https:\\\/\\\/secure.gravatar.com\\\/avatar\\\/e0a867bdedb85fd243eadf09663511f96fc81e0720a4a42581f334ad4303aa6b?s=96&d=mm&r=g\",\"url\":\"https:\\\/\\\/secure.gravatar.com\\\/avatar\\\/e0a867bdedb85fd243eadf09663511f96fc81e0720a4a42581f334ad4303aa6b?s=96&d=mm&r=g\",\"contentUrl\":\"https:\\\/\\\/secure.gravatar.com\\\/avatar\\\/e0a867bdedb85fd243eadf09663511f96fc81e0720a4a42581f334ad4303aa6b?s=96&d=mm&r=g\",\"caption\":\"Reda\u00e7\u00e3o\"}}]}<\/script>\n<!-- \/ Yoast SEO plugin. -->","yoast_head_json":{"title":"Solu\u00e7\u00e3o para a crise da \u00e1gua pode rachar grupo de ambientalistas - Notibras","robots":{"index":"index","follow":"follow","max-snippet":"max-snippet:-1","max-image-preview":"max-image-preview:large","max-video-preview":"max-video-preview:-1"},"canonical":"https:\/\/www.notibras.com\/site\/solucao-para-a-crise-da-agua-pode-rachar-grupo-de-ambientalistas\/","og_locale":"pt_BR","og_type":"article","og_title":"Solu\u00e7\u00e3o para a crise da \u00e1gua pode rachar grupo de ambientalistas - Notibras","og_description":"O sistema Cantareira voltou a operar abaixo de 10% de sua capacidade. Para garantir a continuidade do abastecimento, a Sabesp continuar\u00e1 a retirar \u00e1gua do volume morto da represa Jaguari-Jacare\u00ed e tem planos de utiliza\u00e7\u00e3o dos volumes mortos das represas Cachoeira e Atibainha, na regi\u00e3o de Mairipor\u00e3 e Nazar\u00e9 Paulista. Para a ANA (Ag\u00eancia Nacional [&hellip;]","og_url":"https:\/\/www.notibras.com\/site\/solucao-para-a-crise-da-agua-pode-rachar-grupo-de-ambientalistas\/","og_site_name":"Notibras","article_publisher":"https:\/\/www.facebook.com\/notibras\/","article_published_time":"2014-11-25T10:05:07+00:00","article_modified_time":"2014-11-25T10:06:19+00:00","og_image":[{"width":600,"height":394,"url":"https:\/\/www.notibras.com\/site\/wp-content\/uploads\/2014\/11\/7.jpg","type":"image\/jpeg"}],"author":"Reda\u00e7\u00e3o","twitter_card":"summary_large_image","twitter_creator":"@Notibras","twitter_site":"@Notibras","twitter_misc":{"Escrito por":"Reda\u00e7\u00e3o","Est. tempo de leitura":"3 minutos"},"schema":{"@context":"https:\/\/schema.org","@graph":[{"@type":"Article","@id":"https:\/\/www.notibras.com\/site\/solucao-para-a-crise-da-agua-pode-rachar-grupo-de-ambientalistas\/#article","isPartOf":{"@id":"https:\/\/www.notibras.com\/site\/solucao-para-a-crise-da-agua-pode-rachar-grupo-de-ambientalistas\/"},"author":{"name":"Reda\u00e7\u00e3o","@id":"https:\/\/www.notibras.com\/site\/#\/schema\/person\/36ab0979449956132d3e5b517ea76ac8"},"headline":"Solu\u00e7\u00e3o para a crise da \u00e1gua pode rachar grupo de ambientalistas","datePublished":"2014-11-25T10:05:07+00:00","dateModified":"2014-11-25T10:06:19+00:00","mainEntityOfPage":{"@id":"https:\/\/www.notibras.com\/site\/solucao-para-a-crise-da-agua-pode-rachar-grupo-de-ambientalistas\/"},"wordCount":659,"commentCount":0,"publisher":{"@id":"https:\/\/www.notibras.com\/site\/#organization"},"image":{"@id":"https:\/\/www.notibras.com\/site\/solucao-para-a-crise-da-agua-pode-rachar-grupo-de-ambientalistas\/#primaryimage"},"thumbnailUrl":"https:\/\/www.notibras.com\/site\/wp-content\/uploads\/2014\/11\/7.jpg","articleSection":["Opina a\u00ed"],"inLanguage":"pt-BR","potentialAction":[{"@type":"CommentAction","name":"Comment","target":["https:\/\/www.notibras.com\/site\/solucao-para-a-crise-da-agua-pode-rachar-grupo-de-ambientalistas\/#respond"]}]},{"@type":"WebPage","@id":"https:\/\/www.notibras.com\/site\/solucao-para-a-crise-da-agua-pode-rachar-grupo-de-ambientalistas\/","url":"https:\/\/www.notibras.com\/site\/solucao-para-a-crise-da-agua-pode-rachar-grupo-de-ambientalistas\/","name":"Solu\u00e7\u00e3o para a crise da \u00e1gua pode rachar grupo de ambientalistas - Notibras","isPartOf":{"@id":"https:\/\/www.notibras.com\/site\/#website"},"primaryImageOfPage":{"@id":"https:\/\/www.notibras.com\/site\/solucao-para-a-crise-da-agua-pode-rachar-grupo-de-ambientalistas\/#primaryimage"},"image":{"@id":"https:\/\/www.notibras.com\/site\/solucao-para-a-crise-da-agua-pode-rachar-grupo-de-ambientalistas\/#primaryimage"},"thumbnailUrl":"https:\/\/www.notibras.com\/site\/wp-content\/uploads\/2014\/11\/7.jpg","datePublished":"2014-11-25T10:05:07+00:00","dateModified":"2014-11-25T10:06:19+00:00","breadcrumb":{"@id":"https:\/\/www.notibras.com\/site\/solucao-para-a-crise-da-agua-pode-rachar-grupo-de-ambientalistas\/#breadcrumb"},"inLanguage":"pt-BR","potentialAction":[{"@type":"ReadAction","target":["https:\/\/www.notibras.com\/site\/solucao-para-a-crise-da-agua-pode-rachar-grupo-de-ambientalistas\/"]}]},{"@type":"ImageObject","inLanguage":"pt-BR","@id":"https:\/\/www.notibras.com\/site\/solucao-para-a-crise-da-agua-pode-rachar-grupo-de-ambientalistas\/#primaryimage","url":"https:\/\/www.notibras.com\/site\/wp-content\/uploads\/2014\/11\/7.jpg","contentUrl":"https:\/\/www.notibras.com\/site\/wp-content\/uploads\/2014\/11\/7.jpg","width":600,"height":394},{"@type":"BreadcrumbList","@id":"https:\/\/www.notibras.com\/site\/solucao-para-a-crise-da-agua-pode-rachar-grupo-de-ambientalistas\/#breadcrumb","itemListElement":[{"@type":"ListItem","position":1,"name":"In\u00edcio","item":"https:\/\/www.notibras.com\/site\/"},{"@type":"ListItem","position":2,"name":"Solu\u00e7\u00e3o para a crise da \u00e1gua pode rachar grupo de ambientalistas"}]},{"@type":"WebSite","@id":"https:\/\/www.notibras.com\/site\/#website","url":"https:\/\/www.notibras.com\/site\/","name":"Notibras","description":"Not\u00edcias de Bras\u00edlia, do Brasil e do Mundo","publisher":{"@id":"https:\/\/www.notibras.com\/site\/#organization"},"potentialAction":[{"@type":"SearchAction","target":{"@type":"EntryPoint","urlTemplate":"https:\/\/www.notibras.com\/site\/?s={search_term_string}"},"query-input":{"@type":"PropertyValueSpecification","valueRequired":true,"valueName":"search_term_string"}}],"inLanguage":"pt-BR"},{"@type":"Organization","@id":"https:\/\/www.notibras.com\/site\/#organization","name":"Grupo Notibras de Comunica\u00e7\u00e3o","url":"https:\/\/www.notibras.com\/site\/","logo":{"@type":"ImageObject","inLanguage":"pt-BR","@id":"https:\/\/www.notibras.com\/site\/#\/schema\/logo\/image\/","url":"https:\/\/www.notibras.com\/site\/wp-content\/uploads\/2023\/01\/notibras23.png","contentUrl":"https:\/\/www.notibras.com\/site\/wp-content\/uploads\/2023\/01\/notibras23.png","width":350,"height":87,"caption":"Grupo Notibras de Comunica\u00e7\u00e3o"},"image":{"@id":"https:\/\/www.notibras.com\/site\/#\/schema\/logo\/image\/"},"sameAs":["https:\/\/www.facebook.com\/notibras\/","https:\/\/x.com\/Notibras","https:\/\/www.instagram.com\/notibras\/"]},{"@type":"Person","@id":"https:\/\/www.notibras.com\/site\/#\/schema\/person\/36ab0979449956132d3e5b517ea76ac8","name":"Reda\u00e7\u00e3o","image":{"@type":"ImageObject","inLanguage":"pt-BR","@id":"https:\/\/secure.gravatar.com\/avatar\/e0a867bdedb85fd243eadf09663511f96fc81e0720a4a42581f334ad4303aa6b?s=96&d=mm&r=g","url":"https:\/\/secure.gravatar.com\/avatar\/e0a867bdedb85fd243eadf09663511f96fc81e0720a4a42581f334ad4303aa6b?s=96&d=mm&r=g","contentUrl":"https:\/\/secure.gravatar.com\/avatar\/e0a867bdedb85fd243eadf09663511f96fc81e0720a4a42581f334ad4303aa6b?s=96&d=mm&r=g","caption":"Reda\u00e7\u00e3o"}}]}},"amp_enabled":true,"_links":{"self":[{"href":"https:\/\/www.notibras.com\/site\/wp-json\/wp\/v2\/posts\/29439","targetHints":{"allow":["GET"]}}],"collection":[{"href":"https:\/\/www.notibras.com\/site\/wp-json\/wp\/v2\/posts"}],"about":[{"href":"https:\/\/www.notibras.com\/site\/wp-json\/wp\/v2\/types\/post"}],"author":[{"embeddable":true,"href":"https:\/\/www.notibras.com\/site\/wp-json\/wp\/v2\/users\/2"}],"replies":[{"embeddable":true,"href":"https:\/\/www.notibras.com\/site\/wp-json\/wp\/v2\/comments?post=29439"}],"version-history":[{"count":0,"href":"https:\/\/www.notibras.com\/site\/wp-json\/wp\/v2\/posts\/29439\/revisions"}],"wp:featuredmedia":[{"embeddable":true,"href":"https:\/\/www.notibras.com\/site\/wp-json\/wp\/v2\/media\/29442"}],"wp:attachment":[{"href":"https:\/\/www.notibras.com\/site\/wp-json\/wp\/v2\/media?parent=29439"}],"wp:term":[{"taxonomy":"category","embeddable":true,"href":"https:\/\/www.notibras.com\/site\/wp-json\/wp\/v2\/categories?post=29439"},{"taxonomy":"post_tag","embeddable":true,"href":"https:\/\/www.notibras.com\/site\/wp-json\/wp\/v2\/tags?post=29439"}],"curies":[{"name":"wp","href":"https:\/\/api.w.org\/{rel}","templated":true}]}}