{"id":29495,"date":"2014-11-26T06:48:24","date_gmt":"2014-11-26T09:48:24","guid":{"rendered":"http:\/\/www.notibras.com\/site\/?p=29495"},"modified":"2014-11-28T03:55:11","modified_gmt":"2014-11-28T06:55:11","slug":"curitiba-da-aval-e-garante-resistencia-de-um-povo-por-sobrevivencia","status":"publish","type":"post","link":"https:\/\/www.notibras.com\/site\/curitiba-da-aval-e-garante-resistencia-de-um-povo-por-sobrevivencia\/","title":{"rendered":"Curitiba d\u00e1 aval e garante resist\u00eancia dos palestinos"},"content":{"rendered":"<p>O embaixador da Palestina no Brasil, Ibrahim Alzeben, garante que a popula\u00e7\u00e3o mais antiga do mundo n\u00e3o ser\u00e1 extinta. As recentes ondas de ataque ao povo palestino suscitaram d\u00favidas com rela\u00e7\u00e3o ao futuro da popula\u00e7\u00e3o, mas Alzeben foi enf\u00e1tico.<\/p>\n<p>\u201cResistiremos pela sobreviv\u00eancia de um povo\u201d, destacou o embaixador em todas as reuni\u00f5es e palestras que participou em Curitiba.<\/p>\n<blockquote><p>Alzeben, que \u00e9 nascido na Jord\u00e2nia, tamb\u00e9m uma das v\u00edtimas da ocupa\u00e7\u00e3o israelense, esteve por tr\u00eas dias no Paran\u00e1 para conversar com autoridades e estudantes em busca de apoio \u00e0 luta pela liberdade e independ\u00eancia da Palestina.<\/p><\/blockquote>\n<p>Ap\u00f3s reuni\u00f5es com o prefeito Gustavo Fruet, o vice-governador, Fl\u00e1vio Arns, e o presidente da C\u00e2mara, vereador Paulo Salamuni, o embaixador falou para quase 500 pessoas na Faculdade Uninter.<\/p>\n<p>&#8220;Esse contato com outros pa\u00edses \u00e9 importante para elevarmos o apoio internacional contra a invas\u00e3o de Israel. A Palestina vai recorrer aos tribunais internacionais pelo fim do genoc\u00eddio e por sua liberdade&#8221;, afirmou Alzeben.<\/p>\n<p>&#8220;N\u00e3o estamos numa luta religiosa. A guerra, instaurada muito mais pela vontade dos israelenses visando o controle do territ\u00f3rio, \u00e9 pol\u00edtica. A religi\u00e3o judaica ou a islamita n\u00e3o tem nada a ver com esse conflito\u201d, completou.<\/p>\n<p>Em 2014, a Organiza\u00e7\u00e3o das Na\u00e7\u00f5es Unidas decretou o &#8220;Ano Internacional de Solidariedade com o Povo da Palestina&#8221; e as embaixadas do pa\u00eds pelo mundo t\u00eam buscado a\u00e7\u00f5es com aliados para a reconstru\u00e7\u00e3o das cidades e doa\u00e7\u00f5es de alimentos \u00e0s fam\u00edlias palestinas.<\/p>\n<p>&#8220;Com as investidas de Israel cada vez mais brutais, aumenta o sofrimento e a dificuldade de sobreviv\u00eancia&#8221;, explicou Alzeben.<\/p>\n<p>Fl\u00e1vio Arns e Gustavo Fruet afirmaram que estudar\u00e3o a\u00e7\u00f5es para campanhas solid\u00e1rias \u00e0 Palestina encampadas pelos governos.<\/p>\n<p>Na C\u00e2mara de Vereadores, o embaixador recebeu um compromisso de parlamentares locais. &#8220;Vamos propor um projeto de Lei que nomeie uma cidade-irm\u00e3 de Curitiba&#8221;, afirmou o vereador Jorge Bernadi, que acompanhou a audi\u00eancia.<\/p>\n<p>A crueldade dos ataques de Israel tem dificultado cada vez mais que as investidas sejam negadas pela grande m\u00eddia. Historicamente, a imprensa comercial mostra um vi\u00e9s de \u201cdefesa\u201d judaica aos ataques do Hamas do que os ataques iniciados pelos israelenses.<\/p>\n<p>\u201cEsse genoc\u00eddio n\u00e3o pode mais ser escondido. As empresas de comunica\u00e7\u00e3o que \u2018encobriam\u2019 a verdade hoje precisam publicar o que aparece pelas m\u00eddias sociais, sob risco de descr\u00e9dito\u201d, ressalta Alzeben.<\/p>\n<p>As redes sociais, ali\u00e1s, viraram as grandes aliadas. Conectados, palestinos alimentam com informa\u00e7\u00f5es os movimentos aliados e personalidades mundiais mostrando &#8220;o outro lado&#8221;, o lado real.<\/p>\n<p><strong>Gustavo Henrique Vidal<\/strong><strong><br \/>\n<\/strong><\/p>\n","protected":false},"excerpt":{"rendered":"<p>O embaixador da Palestina no Brasil, Ibrahim Alzeben, garante que a popula\u00e7\u00e3o mais antiga do mundo n\u00e3o ser\u00e1 extinta. As recentes ondas de ataque ao povo palestino suscitaram d\u00favidas com rela\u00e7\u00e3o ao futuro da popula\u00e7\u00e3o, mas Alzeben foi enf\u00e1tico. \u201cResistiremos pela sobreviv\u00eancia de um povo\u201d, destacou o embaixador em todas as reuni\u00f5es e palestras que [&hellip;]<\/p>\n","protected":false},"author":2,"featured_media":29496,"comment_status":"open","ping_status":"closed","sticky":false,"template":"","format":"standard","meta":{"_acf_changed":false,"footnotes":""},"categories":[25],"tags":[],"class_list":["post-29495","post","type-post","status-publish","format-standard","has-post-thumbnail","hentry","category-opina-ai"],"acf":[],"yoast_head":"<!-- This site is optimized with the Yoast SEO plugin v27.2 - https:\/\/yoast.com\/product\/yoast-seo-wordpress\/ -->\n<title>Curitiba d\u00e1 aval e garante resist\u00eancia dos palestinos - Notibras<\/title>\n<meta name=\"robots\" content=\"index, follow, max-snippet:-1, max-image-preview:large, max-video-preview:-1\" \/>\n<link rel=\"canonical\" href=\"https:\/\/www.notibras.com\/site\/curitiba-da-aval-e-garante-resistencia-de-um-povo-por-sobrevivencia\/\" \/>\n<meta property=\"og:locale\" content=\"pt_BR\" \/>\n<meta property=\"og:type\" content=\"article\" \/>\n<meta property=\"og:title\" content=\"Curitiba d\u00e1 aval e garante resist\u00eancia dos palestinos - Notibras\" \/>\n<meta property=\"og:description\" content=\"O embaixador da Palestina no Brasil, Ibrahim Alzeben, garante que a popula\u00e7\u00e3o mais antiga do mundo n\u00e3o ser\u00e1 extinta. As recentes ondas de ataque ao povo palestino suscitaram d\u00favidas com rela\u00e7\u00e3o ao futuro da popula\u00e7\u00e3o, mas Alzeben foi enf\u00e1tico. \u201cResistiremos pela sobreviv\u00eancia de um povo\u201d, destacou o embaixador em todas as reuni\u00f5es e palestras que [&hellip;]\" \/>\n<meta property=\"og:url\" content=\"https:\/\/www.notibras.com\/site\/curitiba-da-aval-e-garante-resistencia-de-um-povo-por-sobrevivencia\/\" \/>\n<meta property=\"og:site_name\" content=\"Notibras\" \/>\n<meta property=\"article:publisher\" content=\"https:\/\/www.facebook.com\/notibras\/\" \/>\n<meta property=\"article:published_time\" content=\"2014-11-26T09:48:24+00:00\" \/>\n<meta property=\"article:modified_time\" content=\"2014-11-28T06:55:11+00:00\" \/>\n<meta property=\"og:image\" content=\"https:\/\/www.notibras.com\/site\/wp-content\/uploads\/2014\/11\/cidade-nablus-cisjordania-20120223-size-598.jpg\" \/>\n\t<meta property=\"og:image:width\" content=\"598\" \/>\n\t<meta property=\"og:image:height\" content=\"336\" \/>\n\t<meta property=\"og:image:type\" content=\"image\/jpeg\" \/>\n<meta name=\"author\" content=\"Reda\u00e7\u00e3o\" \/>\n<meta name=\"twitter:card\" content=\"summary_large_image\" \/>\n<meta name=\"twitter:creator\" content=\"@Notibras\" \/>\n<meta name=\"twitter:site\" content=\"@Notibras\" \/>\n<meta name=\"twitter:label1\" content=\"Escrito por\" \/>\n\t<meta name=\"twitter:data1\" content=\"Reda\u00e7\u00e3o\" \/>\n\t<meta name=\"twitter:label2\" content=\"Est. tempo de leitura\" \/>\n\t<meta name=\"twitter:data2\" content=\"2 minutos\" \/>\n<script type=\"application\/ld+json\" class=\"yoast-schema-graph\">{\"@context\":\"https:\/\/schema.org\",\"@graph\":[{\"@type\":\"Article\",\"@id\":\"https:\/\/www.notibras.com\/site\/curitiba-da-aval-e-garante-resistencia-de-um-povo-por-sobrevivencia\/#article\",\"isPartOf\":{\"@id\":\"https:\/\/www.notibras.com\/site\/curitiba-da-aval-e-garante-resistencia-de-um-povo-por-sobrevivencia\/\"},\"author\":{\"name\":\"Reda\u00e7\u00e3o\",\"@id\":\"https:\/\/www.notibras.com\/site\/#\/schema\/person\/36ab0979449956132d3e5b517ea76ac8\"},\"headline\":\"Curitiba d\u00e1 aval e garante resist\u00eancia dos palestinos\",\"datePublished\":\"2014-11-26T09:48:24+00:00\",\"dateModified\":\"2014-11-28T06:55:11+00:00\",\"mainEntityOfPage\":{\"@id\":\"https:\/\/www.notibras.com\/site\/curitiba-da-aval-e-garante-resistencia-de-um-povo-por-sobrevivencia\/\"},\"wordCount\":456,\"commentCount\":0,\"publisher\":{\"@id\":\"https:\/\/www.notibras.com\/site\/#organization\"},\"image\":{\"@id\":\"https:\/\/www.notibras.com\/site\/curitiba-da-aval-e-garante-resistencia-de-um-povo-por-sobrevivencia\/#primaryimage\"},\"thumbnailUrl\":\"https:\/\/www.notibras.com\/site\/wp-content\/uploads\/2014\/11\/cidade-nablus-cisjordania-20120223-size-598.jpg\",\"articleSection\":[\"Opina a\u00ed\"],\"inLanguage\":\"pt-BR\",\"potentialAction\":[{\"@type\":\"CommentAction\",\"name\":\"Comment\",\"target\":[\"https:\/\/www.notibras.com\/site\/curitiba-da-aval-e-garante-resistencia-de-um-povo-por-sobrevivencia\/#respond\"]}]},{\"@type\":\"WebPage\",\"@id\":\"https:\/\/www.notibras.com\/site\/curitiba-da-aval-e-garante-resistencia-de-um-povo-por-sobrevivencia\/\",\"url\":\"https:\/\/www.notibras.com\/site\/curitiba-da-aval-e-garante-resistencia-de-um-povo-por-sobrevivencia\/\",\"name\":\"Curitiba d\u00e1 aval e garante resist\u00eancia dos palestinos - Notibras\",\"isPartOf\":{\"@id\":\"https:\/\/www.notibras.com\/site\/#website\"},\"primaryImageOfPage\":{\"@id\":\"https:\/\/www.notibras.com\/site\/curitiba-da-aval-e-garante-resistencia-de-um-povo-por-sobrevivencia\/#primaryimage\"},\"image\":{\"@id\":\"https:\/\/www.notibras.com\/site\/curitiba-da-aval-e-garante-resistencia-de-um-povo-por-sobrevivencia\/#primaryimage\"},\"thumbnailUrl\":\"https:\/\/www.notibras.com\/site\/wp-content\/uploads\/2014\/11\/cidade-nablus-cisjordania-20120223-size-598.jpg\",\"datePublished\":\"2014-11-26T09:48:24+00:00\",\"dateModified\":\"2014-11-28T06:55:11+00:00\",\"breadcrumb\":{\"@id\":\"https:\/\/www.notibras.com\/site\/curitiba-da-aval-e-garante-resistencia-de-um-povo-por-sobrevivencia\/#breadcrumb\"},\"inLanguage\":\"pt-BR\",\"potentialAction\":[{\"@type\":\"ReadAction\",\"target\":[\"https:\/\/www.notibras.com\/site\/curitiba-da-aval-e-garante-resistencia-de-um-povo-por-sobrevivencia\/\"]}]},{\"@type\":\"ImageObject\",\"inLanguage\":\"pt-BR\",\"@id\":\"https:\/\/www.notibras.com\/site\/curitiba-da-aval-e-garante-resistencia-de-um-povo-por-sobrevivencia\/#primaryimage\",\"url\":\"https:\/\/www.notibras.com\/site\/wp-content\/uploads\/2014\/11\/cidade-nablus-cisjordania-20120223-size-598.jpg\",\"contentUrl\":\"https:\/\/www.notibras.com\/site\/wp-content\/uploads\/2014\/11\/cidade-nablus-cisjordania-20120223-size-598.jpg\",\"width\":598,\"height\":336},{\"@type\":\"BreadcrumbList\",\"@id\":\"https:\/\/www.notibras.com\/site\/curitiba-da-aval-e-garante-resistencia-de-um-povo-por-sobrevivencia\/#breadcrumb\",\"itemListElement\":[{\"@type\":\"ListItem\",\"position\":1,\"name\":\"In\u00edcio\",\"item\":\"https:\/\/www.notibras.com\/site\/\"},{\"@type\":\"ListItem\",\"position\":2,\"name\":\"Curitiba d\u00e1 aval e garante resist\u00eancia dos palestinos\"}]},{\"@type\":\"WebSite\",\"@id\":\"https:\/\/www.notibras.com\/site\/#website\",\"url\":\"https:\/\/www.notibras.com\/site\/\",\"name\":\"Notibras\",\"description\":\"Not\u00edcias de Bras\u00edlia, do Brasil e do Mundo\",\"publisher\":{\"@id\":\"https:\/\/www.notibras.com\/site\/#organization\"},\"potentialAction\":[{\"@type\":\"SearchAction\",\"target\":{\"@type\":\"EntryPoint\",\"urlTemplate\":\"https:\/\/www.notibras.com\/site\/?s={search_term_string}\"},\"query-input\":{\"@type\":\"PropertyValueSpecification\",\"valueRequired\":true,\"valueName\":\"search_term_string\"}}],\"inLanguage\":\"pt-BR\"},{\"@type\":\"Organization\",\"@id\":\"https:\/\/www.notibras.com\/site\/#organization\",\"name\":\"Grupo Notibras de Comunica\u00e7\u00e3o\",\"url\":\"https:\/\/www.notibras.com\/site\/\",\"logo\":{\"@type\":\"ImageObject\",\"inLanguage\":\"pt-BR\",\"@id\":\"https:\/\/www.notibras.com\/site\/#\/schema\/logo\/image\/\",\"url\":\"https:\/\/www.notibras.com\/site\/wp-content\/uploads\/2023\/01\/notibras23.png\",\"contentUrl\":\"https:\/\/www.notibras.com\/site\/wp-content\/uploads\/2023\/01\/notibras23.png\",\"width\":350,\"height\":87,\"caption\":\"Grupo Notibras de Comunica\u00e7\u00e3o\"},\"image\":{\"@id\":\"https:\/\/www.notibras.com\/site\/#\/schema\/logo\/image\/\"},\"sameAs\":[\"https:\/\/www.facebook.com\/notibras\/\",\"https:\/\/x.com\/Notibras\",\"https:\/\/www.instagram.com\/notibras\/\"]},{\"@type\":\"Person\",\"@id\":\"https:\/\/www.notibras.com\/site\/#\/schema\/person\/36ab0979449956132d3e5b517ea76ac8\",\"name\":\"Reda\u00e7\u00e3o\",\"image\":{\"@type\":\"ImageObject\",\"inLanguage\":\"pt-BR\",\"@id\":\"https:\/\/secure.gravatar.com\/avatar\/e0a867bdedb85fd243eadf09663511f96fc81e0720a4a42581f334ad4303aa6b?s=96&d=mm&r=g\",\"url\":\"https:\/\/secure.gravatar.com\/avatar\/e0a867bdedb85fd243eadf09663511f96fc81e0720a4a42581f334ad4303aa6b?s=96&d=mm&r=g\",\"contentUrl\":\"https:\/\/secure.gravatar.com\/avatar\/e0a867bdedb85fd243eadf09663511f96fc81e0720a4a42581f334ad4303aa6b?s=96&d=mm&r=g\",\"caption\":\"Reda\u00e7\u00e3o\"}}]}<\/script>\n<!-- \/ Yoast SEO plugin. -->","yoast_head_json":{"title":"Curitiba d\u00e1 aval e garante resist\u00eancia dos palestinos - Notibras","robots":{"index":"index","follow":"follow","max-snippet":"max-snippet:-1","max-image-preview":"max-image-preview:large","max-video-preview":"max-video-preview:-1"},"canonical":"https:\/\/www.notibras.com\/site\/curitiba-da-aval-e-garante-resistencia-de-um-povo-por-sobrevivencia\/","og_locale":"pt_BR","og_type":"article","og_title":"Curitiba d\u00e1 aval e garante resist\u00eancia dos palestinos - Notibras","og_description":"O embaixador da Palestina no Brasil, Ibrahim Alzeben, garante que a popula\u00e7\u00e3o mais antiga do mundo n\u00e3o ser\u00e1 extinta. As recentes ondas de ataque ao povo palestino suscitaram d\u00favidas com rela\u00e7\u00e3o ao futuro da popula\u00e7\u00e3o, mas Alzeben foi enf\u00e1tico. \u201cResistiremos pela sobreviv\u00eancia de um povo\u201d, destacou o embaixador em todas as reuni\u00f5es e palestras que [&hellip;]","og_url":"https:\/\/www.notibras.com\/site\/curitiba-da-aval-e-garante-resistencia-de-um-povo-por-sobrevivencia\/","og_site_name":"Notibras","article_publisher":"https:\/\/www.facebook.com\/notibras\/","article_published_time":"2014-11-26T09:48:24+00:00","article_modified_time":"2014-11-28T06:55:11+00:00","og_image":[{"width":598,"height":336,"url":"https:\/\/www.notibras.com\/site\/wp-content\/uploads\/2014\/11\/cidade-nablus-cisjordania-20120223-size-598.jpg","type":"image\/jpeg"}],"author":"Reda\u00e7\u00e3o","twitter_card":"summary_large_image","twitter_creator":"@Notibras","twitter_site":"@Notibras","twitter_misc":{"Escrito por":"Reda\u00e7\u00e3o","Est. tempo de leitura":"2 minutos"},"schema":{"@context":"https:\/\/schema.org","@graph":[{"@type":"Article","@id":"https:\/\/www.notibras.com\/site\/curitiba-da-aval-e-garante-resistencia-de-um-povo-por-sobrevivencia\/#article","isPartOf":{"@id":"https:\/\/www.notibras.com\/site\/curitiba-da-aval-e-garante-resistencia-de-um-povo-por-sobrevivencia\/"},"author":{"name":"Reda\u00e7\u00e3o","@id":"https:\/\/www.notibras.com\/site\/#\/schema\/person\/36ab0979449956132d3e5b517ea76ac8"},"headline":"Curitiba d\u00e1 aval e garante resist\u00eancia dos palestinos","datePublished":"2014-11-26T09:48:24+00:00","dateModified":"2014-11-28T06:55:11+00:00","mainEntityOfPage":{"@id":"https:\/\/www.notibras.com\/site\/curitiba-da-aval-e-garante-resistencia-de-um-povo-por-sobrevivencia\/"},"wordCount":456,"commentCount":0,"publisher":{"@id":"https:\/\/www.notibras.com\/site\/#organization"},"image":{"@id":"https:\/\/www.notibras.com\/site\/curitiba-da-aval-e-garante-resistencia-de-um-povo-por-sobrevivencia\/#primaryimage"},"thumbnailUrl":"https:\/\/www.notibras.com\/site\/wp-content\/uploads\/2014\/11\/cidade-nablus-cisjordania-20120223-size-598.jpg","articleSection":["Opina a\u00ed"],"inLanguage":"pt-BR","potentialAction":[{"@type":"CommentAction","name":"Comment","target":["https:\/\/www.notibras.com\/site\/curitiba-da-aval-e-garante-resistencia-de-um-povo-por-sobrevivencia\/#respond"]}]},{"@type":"WebPage","@id":"https:\/\/www.notibras.com\/site\/curitiba-da-aval-e-garante-resistencia-de-um-povo-por-sobrevivencia\/","url":"https:\/\/www.notibras.com\/site\/curitiba-da-aval-e-garante-resistencia-de-um-povo-por-sobrevivencia\/","name":"Curitiba d\u00e1 aval e garante resist\u00eancia dos palestinos - Notibras","isPartOf":{"@id":"https:\/\/www.notibras.com\/site\/#website"},"primaryImageOfPage":{"@id":"https:\/\/www.notibras.com\/site\/curitiba-da-aval-e-garante-resistencia-de-um-povo-por-sobrevivencia\/#primaryimage"},"image":{"@id":"https:\/\/www.notibras.com\/site\/curitiba-da-aval-e-garante-resistencia-de-um-povo-por-sobrevivencia\/#primaryimage"},"thumbnailUrl":"https:\/\/www.notibras.com\/site\/wp-content\/uploads\/2014\/11\/cidade-nablus-cisjordania-20120223-size-598.jpg","datePublished":"2014-11-26T09:48:24+00:00","dateModified":"2014-11-28T06:55:11+00:00","breadcrumb":{"@id":"https:\/\/www.notibras.com\/site\/curitiba-da-aval-e-garante-resistencia-de-um-povo-por-sobrevivencia\/#breadcrumb"},"inLanguage":"pt-BR","potentialAction":[{"@type":"ReadAction","target":["https:\/\/www.notibras.com\/site\/curitiba-da-aval-e-garante-resistencia-de-um-povo-por-sobrevivencia\/"]}]},{"@type":"ImageObject","inLanguage":"pt-BR","@id":"https:\/\/www.notibras.com\/site\/curitiba-da-aval-e-garante-resistencia-de-um-povo-por-sobrevivencia\/#primaryimage","url":"https:\/\/www.notibras.com\/site\/wp-content\/uploads\/2014\/11\/cidade-nablus-cisjordania-20120223-size-598.jpg","contentUrl":"https:\/\/www.notibras.com\/site\/wp-content\/uploads\/2014\/11\/cidade-nablus-cisjordania-20120223-size-598.jpg","width":598,"height":336},{"@type":"BreadcrumbList","@id":"https:\/\/www.notibras.com\/site\/curitiba-da-aval-e-garante-resistencia-de-um-povo-por-sobrevivencia\/#breadcrumb","itemListElement":[{"@type":"ListItem","position":1,"name":"In\u00edcio","item":"https:\/\/www.notibras.com\/site\/"},{"@type":"ListItem","position":2,"name":"Curitiba d\u00e1 aval e garante resist\u00eancia dos palestinos"}]},{"@type":"WebSite","@id":"https:\/\/www.notibras.com\/site\/#website","url":"https:\/\/www.notibras.com\/site\/","name":"Notibras","description":"Not\u00edcias de Bras\u00edlia, do Brasil e do Mundo","publisher":{"@id":"https:\/\/www.notibras.com\/site\/#organization"},"potentialAction":[{"@type":"SearchAction","target":{"@type":"EntryPoint","urlTemplate":"https:\/\/www.notibras.com\/site\/?s={search_term_string}"},"query-input":{"@type":"PropertyValueSpecification","valueRequired":true,"valueName":"search_term_string"}}],"inLanguage":"pt-BR"},{"@type":"Organization","@id":"https:\/\/www.notibras.com\/site\/#organization","name":"Grupo Notibras de Comunica\u00e7\u00e3o","url":"https:\/\/www.notibras.com\/site\/","logo":{"@type":"ImageObject","inLanguage":"pt-BR","@id":"https:\/\/www.notibras.com\/site\/#\/schema\/logo\/image\/","url":"https:\/\/www.notibras.com\/site\/wp-content\/uploads\/2023\/01\/notibras23.png","contentUrl":"https:\/\/www.notibras.com\/site\/wp-content\/uploads\/2023\/01\/notibras23.png","width":350,"height":87,"caption":"Grupo Notibras de Comunica\u00e7\u00e3o"},"image":{"@id":"https:\/\/www.notibras.com\/site\/#\/schema\/logo\/image\/"},"sameAs":["https:\/\/www.facebook.com\/notibras\/","https:\/\/x.com\/Notibras","https:\/\/www.instagram.com\/notibras\/"]},{"@type":"Person","@id":"https:\/\/www.notibras.com\/site\/#\/schema\/person\/36ab0979449956132d3e5b517ea76ac8","name":"Reda\u00e7\u00e3o","image":{"@type":"ImageObject","inLanguage":"pt-BR","@id":"https:\/\/secure.gravatar.com\/avatar\/e0a867bdedb85fd243eadf09663511f96fc81e0720a4a42581f334ad4303aa6b?s=96&d=mm&r=g","url":"https:\/\/secure.gravatar.com\/avatar\/e0a867bdedb85fd243eadf09663511f96fc81e0720a4a42581f334ad4303aa6b?s=96&d=mm&r=g","contentUrl":"https:\/\/secure.gravatar.com\/avatar\/e0a867bdedb85fd243eadf09663511f96fc81e0720a4a42581f334ad4303aa6b?s=96&d=mm&r=g","caption":"Reda\u00e7\u00e3o"}}]}},"amp_enabled":true,"_links":{"self":[{"href":"https:\/\/www.notibras.com\/site\/wp-json\/wp\/v2\/posts\/29495","targetHints":{"allow":["GET"]}}],"collection":[{"href":"https:\/\/www.notibras.com\/site\/wp-json\/wp\/v2\/posts"}],"about":[{"href":"https:\/\/www.notibras.com\/site\/wp-json\/wp\/v2\/types\/post"}],"author":[{"embeddable":true,"href":"https:\/\/www.notibras.com\/site\/wp-json\/wp\/v2\/users\/2"}],"replies":[{"embeddable":true,"href":"https:\/\/www.notibras.com\/site\/wp-json\/wp\/v2\/comments?post=29495"}],"version-history":[{"count":0,"href":"https:\/\/www.notibras.com\/site\/wp-json\/wp\/v2\/posts\/29495\/revisions"}],"wp:featuredmedia":[{"embeddable":true,"href":"https:\/\/www.notibras.com\/site\/wp-json\/wp\/v2\/media\/29496"}],"wp:attachment":[{"href":"https:\/\/www.notibras.com\/site\/wp-json\/wp\/v2\/media?parent=29495"}],"wp:term":[{"taxonomy":"category","embeddable":true,"href":"https:\/\/www.notibras.com\/site\/wp-json\/wp\/v2\/categories?post=29495"},{"taxonomy":"post_tag","embeddable":true,"href":"https:\/\/www.notibras.com\/site\/wp-json\/wp\/v2\/tags?post=29495"}],"curies":[{"name":"wp","href":"https:\/\/api.w.org\/{rel}","templated":true}]}}