{"id":295966,"date":"2022-12-11T21:02:17","date_gmt":"2022-12-12T00:02:17","guid":{"rendered":"https:\/\/www.notibras.com\/site\/?p=295966"},"modified":"2022-12-11T21:02:17","modified_gmt":"2022-12-12T00:02:17","slug":"manutencao-de-rede-deixa-duas-regioes-sem-luz","status":"publish","type":"post","link":"https:\/\/www.notibras.com\/site\/manutencao-de-rede-deixa-duas-regioes-sem-luz\/","title":{"rendered":"Manuten\u00e7\u00e3o de rede deixa duas regi\u00f5es sem luz"},"content":{"rendered":"<p>\u00c1reas de duas regi\u00f5es administrativas do Distrito Federal ter\u00e3o o servi\u00e7o de energia el\u00e9trica suspenso nesta segunda-feira (12). A interrup\u00e7\u00e3o ser\u00e1 das 8h30 \u00e0s 16h para garantir a seguran\u00e7a da popula\u00e7\u00e3o e das equipes de trabalho da Neoenergia Bras\u00edlia.<\/p>\n<p>No conjunto A da SGAS 912, no Plano Piloto, o desligamento ocorre para manuten\u00e7\u00e3o da rede de distribui\u00e7\u00e3o. J\u00e1 no Parano\u00e1, os moradores do N\u00facleo Rural Jardim, MDG 10, MDG 35 e MDG 36; e do N\u00facleo Rural PAD\/DF, DF 100, km 37, MDG 35 e MDG 36 ter\u00e3o o servi\u00e7o interrompido para poda de \u00e1rvores.<\/p>\n<p>Al\u00e9m dos desligamentos j\u00e1 previstos, a energia pode acabar em alguma regi\u00e3o sem comunica\u00e7\u00e3o pr\u00e9via. Nestes casos, a popula\u00e7\u00e3o deve registrar a ocorr\u00eancia pelo telefone 116. Clientes com defici\u00eancia auditiva e de fala podem acessar o atendimento pelo 0800 701 01 55, desde que utilizem aparelho adaptado para essa finalidade.<\/p>\n","protected":false},"excerpt":{"rendered":"<p>\u00c1reas de duas regi\u00f5es administrativas do Distrito Federal ter\u00e3o o servi\u00e7o de energia el\u00e9trica suspenso nesta segunda-feira (12). A interrup\u00e7\u00e3o ser\u00e1 das 8h30 \u00e0s 16h para garantir a seguran\u00e7a da popula\u00e7\u00e3o e das equipes de trabalho da Neoenergia Bras\u00edlia. No conjunto A da SGAS 912, no Plano Piloto, o desligamento ocorre para manuten\u00e7\u00e3o da rede [&hellip;]<\/p>\n","protected":false},"author":2,"featured_media":286513,"comment_status":"closed","ping_status":"closed","sticky":false,"template":"","format":"standard","meta":{"_acf_changed":false,"footnotes":""},"categories":[161],"tags":[],"class_list":["post-295966","post","type-post","status-publish","format-standard","has-post-thumbnail","hentry","category-quadradinho-em-foco"],"acf":[],"yoast_head":"<!-- This site is optimized with the Yoast SEO plugin v27.2 - https:\/\/yoast.com\/product\/yoast-seo-wordpress\/ -->\n<title>Manuten\u00e7\u00e3o de rede deixa duas regi\u00f5es sem luz - Notibras<\/title>\n<meta name=\"robots\" content=\"index, follow, max-snippet:-1, max-image-preview:large, max-video-preview:-1\" \/>\n<link rel=\"canonical\" href=\"https:\/\/www.notibras.com\/site\/manutencao-de-rede-deixa-duas-regioes-sem-luz\/\" \/>\n<meta property=\"og:locale\" content=\"pt_BR\" \/>\n<meta property=\"og:type\" content=\"article\" \/>\n<meta property=\"og:title\" content=\"Manuten\u00e7\u00e3o de rede deixa duas regi\u00f5es sem luz - Notibras\" \/>\n<meta property=\"og:description\" content=\"\u00c1reas de duas regi\u00f5es administrativas do Distrito Federal ter\u00e3o o servi\u00e7o de energia el\u00e9trica suspenso nesta segunda-feira (12). A interrup\u00e7\u00e3o ser\u00e1 das 8h30 \u00e0s 16h para garantir a seguran\u00e7a da popula\u00e7\u00e3o e das equipes de trabalho da Neoenergia Bras\u00edlia. No conjunto A da SGAS 912, no Plano Piloto, o desligamento ocorre para manuten\u00e7\u00e3o da rede [&hellip;]\" \/>\n<meta property=\"og:url\" content=\"https:\/\/www.notibras.com\/site\/manutencao-de-rede-deixa-duas-regioes-sem-luz\/\" \/>\n<meta property=\"og:site_name\" content=\"Notibras\" \/>\n<meta property=\"article:publisher\" content=\"https:\/\/www.facebook.com\/notibras\/\" \/>\n<meta property=\"article:published_time\" content=\"2022-12-12T00:02:17+00:00\" \/>\n<meta property=\"og:image\" content=\"https:\/\/www.notibras.com\/site\/wp-content\/uploads\/2022\/05\/lu.fernano-frazao.jpg\" \/>\n\t<meta property=\"og:image:width\" content=\"770\" \/>\n\t<meta property=\"og:image:height\" content=\"513\" \/>\n\t<meta property=\"og:image:type\" content=\"image\/jpeg\" \/>\n<meta name=\"author\" content=\"Reda\u00e7\u00e3o\" \/>\n<meta name=\"twitter:card\" content=\"summary_large_image\" \/>\n<meta name=\"twitter:creator\" content=\"@Notibras\" \/>\n<meta name=\"twitter:site\" content=\"@Notibras\" \/>\n<meta name=\"twitter:label1\" content=\"Escrito por\" \/>\n\t<meta name=\"twitter:data1\" content=\"Reda\u00e7\u00e3o\" \/>\n\t<meta name=\"twitter:label2\" content=\"Est. tempo de leitura\" \/>\n\t<meta name=\"twitter:data2\" content=\"1 minuto\" \/>\n<script type=\"application\/ld+json\" class=\"yoast-schema-graph\">{\"@context\":\"https:\/\/schema.org\",\"@graph\":[{\"@type\":\"Article\",\"@id\":\"https:\/\/www.notibras.com\/site\/manutencao-de-rede-deixa-duas-regioes-sem-luz\/#article\",\"isPartOf\":{\"@id\":\"https:\/\/www.notibras.com\/site\/manutencao-de-rede-deixa-duas-regioes-sem-luz\/\"},\"author\":{\"name\":\"Reda\u00e7\u00e3o\",\"@id\":\"https:\/\/www.notibras.com\/site\/#\/schema\/person\/36ab0979449956132d3e5b517ea76ac8\"},\"headline\":\"Manuten\u00e7\u00e3o de rede deixa duas regi\u00f5es sem luz\",\"datePublished\":\"2022-12-12T00:02:17+00:00\",\"mainEntityOfPage\":{\"@id\":\"https:\/\/www.notibras.com\/site\/manutencao-de-rede-deixa-duas-regioes-sem-luz\/\"},\"wordCount\":163,\"publisher\":{\"@id\":\"https:\/\/www.notibras.com\/site\/#organization\"},\"image\":{\"@id\":\"https:\/\/www.notibras.com\/site\/manutencao-de-rede-deixa-duas-regioes-sem-luz\/#primaryimage\"},\"thumbnailUrl\":\"https:\/\/www.notibras.com\/site\/wp-content\/uploads\/2022\/05\/lu.fernano-frazao.jpg\",\"articleSection\":[\"Quadradinho em Foco\"],\"inLanguage\":\"pt-BR\"},{\"@type\":\"WebPage\",\"@id\":\"https:\/\/www.notibras.com\/site\/manutencao-de-rede-deixa-duas-regioes-sem-luz\/\",\"url\":\"https:\/\/www.notibras.com\/site\/manutencao-de-rede-deixa-duas-regioes-sem-luz\/\",\"name\":\"Manuten\u00e7\u00e3o de rede deixa duas regi\u00f5es sem luz - Notibras\",\"isPartOf\":{\"@id\":\"https:\/\/www.notibras.com\/site\/#website\"},\"primaryImageOfPage\":{\"@id\":\"https:\/\/www.notibras.com\/site\/manutencao-de-rede-deixa-duas-regioes-sem-luz\/#primaryimage\"},\"image\":{\"@id\":\"https:\/\/www.notibras.com\/site\/manutencao-de-rede-deixa-duas-regioes-sem-luz\/#primaryimage\"},\"thumbnailUrl\":\"https:\/\/www.notibras.com\/site\/wp-content\/uploads\/2022\/05\/lu.fernano-frazao.jpg\",\"datePublished\":\"2022-12-12T00:02:17+00:00\",\"breadcrumb\":{\"@id\":\"https:\/\/www.notibras.com\/site\/manutencao-de-rede-deixa-duas-regioes-sem-luz\/#breadcrumb\"},\"inLanguage\":\"pt-BR\",\"potentialAction\":[{\"@type\":\"ReadAction\",\"target\":[\"https:\/\/www.notibras.com\/site\/manutencao-de-rede-deixa-duas-regioes-sem-luz\/\"]}]},{\"@type\":\"ImageObject\",\"inLanguage\":\"pt-BR\",\"@id\":\"https:\/\/www.notibras.com\/site\/manutencao-de-rede-deixa-duas-regioes-sem-luz\/#primaryimage\",\"url\":\"https:\/\/www.notibras.com\/site\/wp-content\/uploads\/2022\/05\/lu.fernano-frazao.jpg\",\"contentUrl\":\"https:\/\/www.notibras.com\/site\/wp-content\/uploads\/2022\/05\/lu.fernano-frazao.jpg\",\"width\":770,\"height\":513,\"caption\":\"Rio de Janeiro - Consumo de energia el\u00e9trica, l\u00e2mpada e interruptor de luz. (Fernando Fraz\u00e3o\/Ag\u00eancia Brasil)\"},{\"@type\":\"BreadcrumbList\",\"@id\":\"https:\/\/www.notibras.com\/site\/manutencao-de-rede-deixa-duas-regioes-sem-luz\/#breadcrumb\",\"itemListElement\":[{\"@type\":\"ListItem\",\"position\":1,\"name\":\"In\u00edcio\",\"item\":\"https:\/\/www.notibras.com\/site\/\"},{\"@type\":\"ListItem\",\"position\":2,\"name\":\"Manuten\u00e7\u00e3o de rede deixa duas regi\u00f5es sem luz\"}]},{\"@type\":\"WebSite\",\"@id\":\"https:\/\/www.notibras.com\/site\/#website\",\"url\":\"https:\/\/www.notibras.com\/site\/\",\"name\":\"Notibras\",\"description\":\"Not\u00edcias de Bras\u00edlia, do Brasil e do Mundo\",\"publisher\":{\"@id\":\"https:\/\/www.notibras.com\/site\/#organization\"},\"potentialAction\":[{\"@type\":\"SearchAction\",\"target\":{\"@type\":\"EntryPoint\",\"urlTemplate\":\"https:\/\/www.notibras.com\/site\/?s={search_term_string}\"},\"query-input\":{\"@type\":\"PropertyValueSpecification\",\"valueRequired\":true,\"valueName\":\"search_term_string\"}}],\"inLanguage\":\"pt-BR\"},{\"@type\":\"Organization\",\"@id\":\"https:\/\/www.notibras.com\/site\/#organization\",\"name\":\"Grupo Notibras de Comunica\u00e7\u00e3o\",\"url\":\"https:\/\/www.notibras.com\/site\/\",\"logo\":{\"@type\":\"ImageObject\",\"inLanguage\":\"pt-BR\",\"@id\":\"https:\/\/www.notibras.com\/site\/#\/schema\/logo\/image\/\",\"url\":\"https:\/\/www.notibras.com\/site\/wp-content\/uploads\/2023\/01\/notibras23.png\",\"contentUrl\":\"https:\/\/www.notibras.com\/site\/wp-content\/uploads\/2023\/01\/notibras23.png\",\"width\":350,\"height\":87,\"caption\":\"Grupo Notibras de Comunica\u00e7\u00e3o\"},\"image\":{\"@id\":\"https:\/\/www.notibras.com\/site\/#\/schema\/logo\/image\/\"},\"sameAs\":[\"https:\/\/www.facebook.com\/notibras\/\",\"https:\/\/x.com\/Notibras\",\"https:\/\/www.instagram.com\/notibras\/\"]},{\"@type\":\"Person\",\"@id\":\"https:\/\/www.notibras.com\/site\/#\/schema\/person\/36ab0979449956132d3e5b517ea76ac8\",\"name\":\"Reda\u00e7\u00e3o\",\"image\":{\"@type\":\"ImageObject\",\"inLanguage\":\"pt-BR\",\"@id\":\"https:\/\/secure.gravatar.com\/avatar\/e0a867bdedb85fd243eadf09663511f96fc81e0720a4a42581f334ad4303aa6b?s=96&d=mm&r=g\",\"url\":\"https:\/\/secure.gravatar.com\/avatar\/e0a867bdedb85fd243eadf09663511f96fc81e0720a4a42581f334ad4303aa6b?s=96&d=mm&r=g\",\"contentUrl\":\"https:\/\/secure.gravatar.com\/avatar\/e0a867bdedb85fd243eadf09663511f96fc81e0720a4a42581f334ad4303aa6b?s=96&d=mm&r=g\",\"caption\":\"Reda\u00e7\u00e3o\"}}]}<\/script>\n<!-- \/ Yoast SEO plugin. -->","yoast_head_json":{"title":"Manuten\u00e7\u00e3o de rede deixa duas regi\u00f5es sem luz - Notibras","robots":{"index":"index","follow":"follow","max-snippet":"max-snippet:-1","max-image-preview":"max-image-preview:large","max-video-preview":"max-video-preview:-1"},"canonical":"https:\/\/www.notibras.com\/site\/manutencao-de-rede-deixa-duas-regioes-sem-luz\/","og_locale":"pt_BR","og_type":"article","og_title":"Manuten\u00e7\u00e3o de rede deixa duas regi\u00f5es sem luz - Notibras","og_description":"\u00c1reas de duas regi\u00f5es administrativas do Distrito Federal ter\u00e3o o servi\u00e7o de energia el\u00e9trica suspenso nesta segunda-feira (12). A interrup\u00e7\u00e3o ser\u00e1 das 8h30 \u00e0s 16h para garantir a seguran\u00e7a da popula\u00e7\u00e3o e das equipes de trabalho da Neoenergia Bras\u00edlia. No conjunto A da SGAS 912, no Plano Piloto, o desligamento ocorre para manuten\u00e7\u00e3o da rede [&hellip;]","og_url":"https:\/\/www.notibras.com\/site\/manutencao-de-rede-deixa-duas-regioes-sem-luz\/","og_site_name":"Notibras","article_publisher":"https:\/\/www.facebook.com\/notibras\/","article_published_time":"2022-12-12T00:02:17+00:00","og_image":[{"width":770,"height":513,"url":"https:\/\/www.notibras.com\/site\/wp-content\/uploads\/2022\/05\/lu.fernano-frazao.jpg","type":"image\/jpeg"}],"author":"Reda\u00e7\u00e3o","twitter_card":"summary_large_image","twitter_creator":"@Notibras","twitter_site":"@Notibras","twitter_misc":{"Escrito por":"Reda\u00e7\u00e3o","Est. tempo de leitura":"1 minuto"},"schema":{"@context":"https:\/\/schema.org","@graph":[{"@type":"Article","@id":"https:\/\/www.notibras.com\/site\/manutencao-de-rede-deixa-duas-regioes-sem-luz\/#article","isPartOf":{"@id":"https:\/\/www.notibras.com\/site\/manutencao-de-rede-deixa-duas-regioes-sem-luz\/"},"author":{"name":"Reda\u00e7\u00e3o","@id":"https:\/\/www.notibras.com\/site\/#\/schema\/person\/36ab0979449956132d3e5b517ea76ac8"},"headline":"Manuten\u00e7\u00e3o de rede deixa duas regi\u00f5es sem luz","datePublished":"2022-12-12T00:02:17+00:00","mainEntityOfPage":{"@id":"https:\/\/www.notibras.com\/site\/manutencao-de-rede-deixa-duas-regioes-sem-luz\/"},"wordCount":163,"publisher":{"@id":"https:\/\/www.notibras.com\/site\/#organization"},"image":{"@id":"https:\/\/www.notibras.com\/site\/manutencao-de-rede-deixa-duas-regioes-sem-luz\/#primaryimage"},"thumbnailUrl":"https:\/\/www.notibras.com\/site\/wp-content\/uploads\/2022\/05\/lu.fernano-frazao.jpg","articleSection":["Quadradinho em Foco"],"inLanguage":"pt-BR"},{"@type":"WebPage","@id":"https:\/\/www.notibras.com\/site\/manutencao-de-rede-deixa-duas-regioes-sem-luz\/","url":"https:\/\/www.notibras.com\/site\/manutencao-de-rede-deixa-duas-regioes-sem-luz\/","name":"Manuten\u00e7\u00e3o de rede deixa duas regi\u00f5es sem luz - Notibras","isPartOf":{"@id":"https:\/\/www.notibras.com\/site\/#website"},"primaryImageOfPage":{"@id":"https:\/\/www.notibras.com\/site\/manutencao-de-rede-deixa-duas-regioes-sem-luz\/#primaryimage"},"image":{"@id":"https:\/\/www.notibras.com\/site\/manutencao-de-rede-deixa-duas-regioes-sem-luz\/#primaryimage"},"thumbnailUrl":"https:\/\/www.notibras.com\/site\/wp-content\/uploads\/2022\/05\/lu.fernano-frazao.jpg","datePublished":"2022-12-12T00:02:17+00:00","breadcrumb":{"@id":"https:\/\/www.notibras.com\/site\/manutencao-de-rede-deixa-duas-regioes-sem-luz\/#breadcrumb"},"inLanguage":"pt-BR","potentialAction":[{"@type":"ReadAction","target":["https:\/\/www.notibras.com\/site\/manutencao-de-rede-deixa-duas-regioes-sem-luz\/"]}]},{"@type":"ImageObject","inLanguage":"pt-BR","@id":"https:\/\/www.notibras.com\/site\/manutencao-de-rede-deixa-duas-regioes-sem-luz\/#primaryimage","url":"https:\/\/www.notibras.com\/site\/wp-content\/uploads\/2022\/05\/lu.fernano-frazao.jpg","contentUrl":"https:\/\/www.notibras.com\/site\/wp-content\/uploads\/2022\/05\/lu.fernano-frazao.jpg","width":770,"height":513,"caption":"Rio de Janeiro - Consumo de energia el\u00e9trica, l\u00e2mpada e interruptor de luz. (Fernando Fraz\u00e3o\/Ag\u00eancia Brasil)"},{"@type":"BreadcrumbList","@id":"https:\/\/www.notibras.com\/site\/manutencao-de-rede-deixa-duas-regioes-sem-luz\/#breadcrumb","itemListElement":[{"@type":"ListItem","position":1,"name":"In\u00edcio","item":"https:\/\/www.notibras.com\/site\/"},{"@type":"ListItem","position":2,"name":"Manuten\u00e7\u00e3o de rede deixa duas regi\u00f5es sem luz"}]},{"@type":"WebSite","@id":"https:\/\/www.notibras.com\/site\/#website","url":"https:\/\/www.notibras.com\/site\/","name":"Notibras","description":"Not\u00edcias de Bras\u00edlia, do Brasil e do Mundo","publisher":{"@id":"https:\/\/www.notibras.com\/site\/#organization"},"potentialAction":[{"@type":"SearchAction","target":{"@type":"EntryPoint","urlTemplate":"https:\/\/www.notibras.com\/site\/?s={search_term_string}"},"query-input":{"@type":"PropertyValueSpecification","valueRequired":true,"valueName":"search_term_string"}}],"inLanguage":"pt-BR"},{"@type":"Organization","@id":"https:\/\/www.notibras.com\/site\/#organization","name":"Grupo Notibras de Comunica\u00e7\u00e3o","url":"https:\/\/www.notibras.com\/site\/","logo":{"@type":"ImageObject","inLanguage":"pt-BR","@id":"https:\/\/www.notibras.com\/site\/#\/schema\/logo\/image\/","url":"https:\/\/www.notibras.com\/site\/wp-content\/uploads\/2023\/01\/notibras23.png","contentUrl":"https:\/\/www.notibras.com\/site\/wp-content\/uploads\/2023\/01\/notibras23.png","width":350,"height":87,"caption":"Grupo Notibras de Comunica\u00e7\u00e3o"},"image":{"@id":"https:\/\/www.notibras.com\/site\/#\/schema\/logo\/image\/"},"sameAs":["https:\/\/www.facebook.com\/notibras\/","https:\/\/x.com\/Notibras","https:\/\/www.instagram.com\/notibras\/"]},{"@type":"Person","@id":"https:\/\/www.notibras.com\/site\/#\/schema\/person\/36ab0979449956132d3e5b517ea76ac8","name":"Reda\u00e7\u00e3o","image":{"@type":"ImageObject","inLanguage":"pt-BR","@id":"https:\/\/secure.gravatar.com\/avatar\/e0a867bdedb85fd243eadf09663511f96fc81e0720a4a42581f334ad4303aa6b?s=96&d=mm&r=g","url":"https:\/\/secure.gravatar.com\/avatar\/e0a867bdedb85fd243eadf09663511f96fc81e0720a4a42581f334ad4303aa6b?s=96&d=mm&r=g","contentUrl":"https:\/\/secure.gravatar.com\/avatar\/e0a867bdedb85fd243eadf09663511f96fc81e0720a4a42581f334ad4303aa6b?s=96&d=mm&r=g","caption":"Reda\u00e7\u00e3o"}}]}},"amp_enabled":true,"_links":{"self":[{"href":"https:\/\/www.notibras.com\/site\/wp-json\/wp\/v2\/posts\/295966","targetHints":{"allow":["GET"]}}],"collection":[{"href":"https:\/\/www.notibras.com\/site\/wp-json\/wp\/v2\/posts"}],"about":[{"href":"https:\/\/www.notibras.com\/site\/wp-json\/wp\/v2\/types\/post"}],"author":[{"embeddable":true,"href":"https:\/\/www.notibras.com\/site\/wp-json\/wp\/v2\/users\/2"}],"replies":[{"embeddable":true,"href":"https:\/\/www.notibras.com\/site\/wp-json\/wp\/v2\/comments?post=295966"}],"version-history":[{"count":1,"href":"https:\/\/www.notibras.com\/site\/wp-json\/wp\/v2\/posts\/295966\/revisions"}],"predecessor-version":[{"id":295967,"href":"https:\/\/www.notibras.com\/site\/wp-json\/wp\/v2\/posts\/295966\/revisions\/295967"}],"wp:featuredmedia":[{"embeddable":true,"href":"https:\/\/www.notibras.com\/site\/wp-json\/wp\/v2\/media\/286513"}],"wp:attachment":[{"href":"https:\/\/www.notibras.com\/site\/wp-json\/wp\/v2\/media?parent=295966"}],"wp:term":[{"taxonomy":"category","embeddable":true,"href":"https:\/\/www.notibras.com\/site\/wp-json\/wp\/v2\/categories?post=295966"},{"taxonomy":"post_tag","embeddable":true,"href":"https:\/\/www.notibras.com\/site\/wp-json\/wp\/v2\/tags?post=295966"}],"curies":[{"name":"wp","href":"https:\/\/api.w.org\/{rel}","templated":true}]}}