{"id":295968,"date":"2022-12-11T19:04:47","date_gmt":"2022-12-11T22:04:47","guid":{"rendered":"https:\/\/www.notibras.com\/site\/?p=295968"},"modified":"2022-12-11T21:07:55","modified_gmt":"2022-12-12T00:07:55","slug":"praca-da-ciencia-vai-aproxima-o-povo-da-tecnologia","status":"publish","type":"post","link":"https:\/\/www.notibras.com\/site\/praca-da-ciencia-vai-aproxima-o-povo-da-tecnologia\/","title":{"rendered":"Pra\u00e7a da Ci\u00eancia vai aproximar o povo da tecnologia"},"content":{"rendered":"<p>A Pra\u00e7a da Ci\u00eancia, na Biblioteca P\u00fablica Carlos Drummond de Andrade, em Ceil\u00e2ndia Norte, ser\u00e1 inaugurada nesta segunda, 12. O objetivo \u00e9 aproximar a ci\u00eancia e a tecnologia da popula\u00e7\u00e3o do Distrito Federal, em especial as crian\u00e7as e os jovens, para a promo\u00e7\u00e3o do acesso e apropria\u00e7\u00e3o do conhecimento cient\u00edfico e tecnol\u00f3gico, criando uma linguagem acess\u00edvel, estimulando a curiosidade e o interesse da popula\u00e7\u00e3o, de maneira l\u00fadica e interativa.<\/p>\n<p>O investimento \u00e9 de R$ 254 mil, por meio de um conv\u00eanio celebrado entre a Secretaria de Ci\u00eancia, Tecnologia e Inova\u00e7\u00e3o e o Minist\u00e9rio da Ci\u00eancia, Tecnologia e Inova\u00e7\u00f5es, dentro do programa Brasil na Fronteira do Conhecimento \u2013 Apoio a Projetos e Eventos de Educa\u00e7\u00e3o, Divulga\u00e7\u00e3o e Populariza\u00e7\u00e3o da Pesquisa e Desenvolvimento. A pra\u00e7a conta com seis brinquedos, em que o funcionamento se baseia inteiramente em princ\u00edpios das ci\u00eancias naturais, possibilitando um espa\u00e7o a ser utilizado como ferramenta pedag\u00f3gica por educadores das institui\u00e7\u00f5es de ensino fundamental e m\u00e9dio.<\/p>\n<p>\u201cA populariza\u00e7\u00e3o da ci\u00eancia se coloca como importante campo de integra\u00e7\u00e3o e desenvolvimento cient\u00edfico e social, contribuindo para a melhoria de qualidade da forma\u00e7\u00e3o educacional, para a cidadania e para permitir novas abordagens no campo cient\u00edfico\u201d, afirma o secret\u00e1rio El\u00edsio Luz.<\/p>\n<p>\u201cA educa\u00e7\u00e3o n\u00e3o formal, por meio de seus processos livres e l\u00fadicos, pode despertar os professores para novas possibilidades pedag\u00f3gicas, assim como novos talentos para a atividade cient\u00edfica; contribuir para que cada brasileiro tenha a oportunidade de adquirir as informa\u00e7\u00f5es b\u00e1sicas sobre a ci\u00eancia e o seu funcionamento, que lhe d\u00ea condi\u00e7\u00f5es de entender o seu entorno e de se situar politicamente e proporcionar aos pr\u00f3prios cientistas um ambiente multidisciplinar, com novas possibilidades de enfoques, di\u00e1logos e trocas\u201d, acrescenta.<\/p>\n","protected":false},"excerpt":{"rendered":"<p>A Pra\u00e7a da Ci\u00eancia, na Biblioteca P\u00fablica Carlos Drummond de Andrade, em Ceil\u00e2ndia Norte, ser\u00e1 inaugurada nesta segunda, 12. O objetivo \u00e9 aproximar a ci\u00eancia e a tecnologia da popula\u00e7\u00e3o do Distrito Federal, em especial as crian\u00e7as e os jovens, para a promo\u00e7\u00e3o do acesso e apropria\u00e7\u00e3o do conhecimento cient\u00edfico e tecnol\u00f3gico, criando uma linguagem [&hellip;]<\/p>\n","protected":false},"author":2,"featured_media":295969,"comment_status":"closed","ping_status":"closed","sticky":false,"template":"","format":"standard","meta":{"_acf_changed":false,"footnotes":""},"categories":[161],"tags":[],"class_list":["post-295968","post","type-post","status-publish","format-standard","has-post-thumbnail","hentry","category-quadradinho-em-foco"],"acf":[],"yoast_head":"<!-- This site is optimized with the Yoast SEO plugin v27.2 - https:\/\/yoast.com\/product\/yoast-seo-wordpress\/ -->\n<title>Pra\u00e7a da Ci\u00eancia vai aproximar o povo da tecnologia - Notibras<\/title>\n<meta name=\"robots\" content=\"index, follow, max-snippet:-1, max-image-preview:large, max-video-preview:-1\" \/>\n<link rel=\"canonical\" href=\"https:\/\/www.notibras.com\/site\/praca-da-ciencia-vai-aproxima-o-povo-da-tecnologia\/\" \/>\n<meta property=\"og:locale\" content=\"pt_BR\" \/>\n<meta property=\"og:type\" content=\"article\" \/>\n<meta property=\"og:title\" content=\"Pra\u00e7a da Ci\u00eancia vai aproximar o povo da tecnologia - Notibras\" \/>\n<meta property=\"og:description\" content=\"A Pra\u00e7a da Ci\u00eancia, na Biblioteca P\u00fablica Carlos Drummond de Andrade, em Ceil\u00e2ndia Norte, ser\u00e1 inaugurada nesta segunda, 12. O objetivo \u00e9 aproximar a ci\u00eancia e a tecnologia da popula\u00e7\u00e3o do Distrito Federal, em especial as crian\u00e7as e os jovens, para a promo\u00e7\u00e3o do acesso e apropria\u00e7\u00e3o do conhecimento cient\u00edfico e tecnol\u00f3gico, criando uma linguagem [&hellip;]\" \/>\n<meta property=\"og:url\" content=\"https:\/\/www.notibras.com\/site\/praca-da-ciencia-vai-aproxima-o-povo-da-tecnologia\/\" \/>\n<meta property=\"og:site_name\" content=\"Notibras\" \/>\n<meta property=\"article:publisher\" content=\"https:\/\/www.facebook.com\/notibras\/\" \/>\n<meta property=\"article:published_time\" content=\"2022-12-11T22:04:47+00:00\" \/>\n<meta property=\"article:modified_time\" content=\"2022-12-12T00:07:55+00:00\" \/>\n<meta property=\"og:image\" content=\"https:\/\/www.notibras.com\/site\/wp-content\/uploads\/2022\/12\/WhatsApp-Image-2022-12-08-at-14.55.29-1.jpeg\" \/>\n\t<meta property=\"og:image:width\" content=\"1200\" \/>\n\t<meta property=\"og:image:height\" content=\"739\" \/>\n\t<meta property=\"og:image:type\" content=\"image\/jpeg\" \/>\n<meta name=\"author\" content=\"Reda\u00e7\u00e3o\" \/>\n<meta name=\"twitter:card\" content=\"summary_large_image\" \/>\n<meta name=\"twitter:creator\" content=\"@Notibras\" \/>\n<meta name=\"twitter:site\" content=\"@Notibras\" \/>\n<meta name=\"twitter:label1\" content=\"Escrito por\" \/>\n\t<meta name=\"twitter:data1\" content=\"Reda\u00e7\u00e3o\" \/>\n\t<meta name=\"twitter:label2\" content=\"Est. tempo de leitura\" \/>\n\t<meta name=\"twitter:data2\" content=\"2 minutos\" \/>\n<script type=\"application\/ld+json\" class=\"yoast-schema-graph\">{\"@context\":\"https:\/\/schema.org\",\"@graph\":[{\"@type\":\"Article\",\"@id\":\"https:\/\/www.notibras.com\/site\/praca-da-ciencia-vai-aproxima-o-povo-da-tecnologia\/#article\",\"isPartOf\":{\"@id\":\"https:\/\/www.notibras.com\/site\/praca-da-ciencia-vai-aproxima-o-povo-da-tecnologia\/\"},\"author\":{\"name\":\"Reda\u00e7\u00e3o\",\"@id\":\"https:\/\/www.notibras.com\/site\/#\/schema\/person\/36ab0979449956132d3e5b517ea76ac8\"},\"headline\":\"Pra\u00e7a da Ci\u00eancia vai aproximar o povo da tecnologia\",\"datePublished\":\"2022-12-11T22:04:47+00:00\",\"dateModified\":\"2022-12-12T00:07:55+00:00\",\"mainEntityOfPage\":{\"@id\":\"https:\/\/www.notibras.com\/site\/praca-da-ciencia-vai-aproxima-o-povo-da-tecnologia\/\"},\"wordCount\":332,\"publisher\":{\"@id\":\"https:\/\/www.notibras.com\/site\/#organization\"},\"image\":{\"@id\":\"https:\/\/www.notibras.com\/site\/praca-da-ciencia-vai-aproxima-o-povo-da-tecnologia\/#primaryimage\"},\"thumbnailUrl\":\"https:\/\/www.notibras.com\/site\/wp-content\/uploads\/2022\/12\/WhatsApp-Image-2022-12-08-at-14.55.29-1.jpeg\",\"articleSection\":[\"Quadradinho em Foco\"],\"inLanguage\":\"pt-BR\"},{\"@type\":\"WebPage\",\"@id\":\"https:\/\/www.notibras.com\/site\/praca-da-ciencia-vai-aproxima-o-povo-da-tecnologia\/\",\"url\":\"https:\/\/www.notibras.com\/site\/praca-da-ciencia-vai-aproxima-o-povo-da-tecnologia\/\",\"name\":\"Pra\u00e7a da Ci\u00eancia vai aproximar o povo da tecnologia - Notibras\",\"isPartOf\":{\"@id\":\"https:\/\/www.notibras.com\/site\/#website\"},\"primaryImageOfPage\":{\"@id\":\"https:\/\/www.notibras.com\/site\/praca-da-ciencia-vai-aproxima-o-povo-da-tecnologia\/#primaryimage\"},\"image\":{\"@id\":\"https:\/\/www.notibras.com\/site\/praca-da-ciencia-vai-aproxima-o-povo-da-tecnologia\/#primaryimage\"},\"thumbnailUrl\":\"https:\/\/www.notibras.com\/site\/wp-content\/uploads\/2022\/12\/WhatsApp-Image-2022-12-08-at-14.55.29-1.jpeg\",\"datePublished\":\"2022-12-11T22:04:47+00:00\",\"dateModified\":\"2022-12-12T00:07:55+00:00\",\"breadcrumb\":{\"@id\":\"https:\/\/www.notibras.com\/site\/praca-da-ciencia-vai-aproxima-o-povo-da-tecnologia\/#breadcrumb\"},\"inLanguage\":\"pt-BR\",\"potentialAction\":[{\"@type\":\"ReadAction\",\"target\":[\"https:\/\/www.notibras.com\/site\/praca-da-ciencia-vai-aproxima-o-povo-da-tecnologia\/\"]}]},{\"@type\":\"ImageObject\",\"inLanguage\":\"pt-BR\",\"@id\":\"https:\/\/www.notibras.com\/site\/praca-da-ciencia-vai-aproxima-o-povo-da-tecnologia\/#primaryimage\",\"url\":\"https:\/\/www.notibras.com\/site\/wp-content\/uploads\/2022\/12\/WhatsApp-Image-2022-12-08-at-14.55.29-1.jpeg\",\"contentUrl\":\"https:\/\/www.notibras.com\/site\/wp-content\/uploads\/2022\/12\/WhatsApp-Image-2022-12-08-at-14.55.29-1.jpeg\",\"width\":1200,\"height\":739},{\"@type\":\"BreadcrumbList\",\"@id\":\"https:\/\/www.notibras.com\/site\/praca-da-ciencia-vai-aproxima-o-povo-da-tecnologia\/#breadcrumb\",\"itemListElement\":[{\"@type\":\"ListItem\",\"position\":1,\"name\":\"In\u00edcio\",\"item\":\"https:\/\/www.notibras.com\/site\/\"},{\"@type\":\"ListItem\",\"position\":2,\"name\":\"Pra\u00e7a da Ci\u00eancia vai aproximar o povo da tecnologia\"}]},{\"@type\":\"WebSite\",\"@id\":\"https:\/\/www.notibras.com\/site\/#website\",\"url\":\"https:\/\/www.notibras.com\/site\/\",\"name\":\"Notibras\",\"description\":\"Not\u00edcias de Bras\u00edlia, do Brasil e do Mundo\",\"publisher\":{\"@id\":\"https:\/\/www.notibras.com\/site\/#organization\"},\"potentialAction\":[{\"@type\":\"SearchAction\",\"target\":{\"@type\":\"EntryPoint\",\"urlTemplate\":\"https:\/\/www.notibras.com\/site\/?s={search_term_string}\"},\"query-input\":{\"@type\":\"PropertyValueSpecification\",\"valueRequired\":true,\"valueName\":\"search_term_string\"}}],\"inLanguage\":\"pt-BR\"},{\"@type\":\"Organization\",\"@id\":\"https:\/\/www.notibras.com\/site\/#organization\",\"name\":\"Grupo Notibras de Comunica\u00e7\u00e3o\",\"url\":\"https:\/\/www.notibras.com\/site\/\",\"logo\":{\"@type\":\"ImageObject\",\"inLanguage\":\"pt-BR\",\"@id\":\"https:\/\/www.notibras.com\/site\/#\/schema\/logo\/image\/\",\"url\":\"https:\/\/www.notibras.com\/site\/wp-content\/uploads\/2023\/01\/notibras23.png\",\"contentUrl\":\"https:\/\/www.notibras.com\/site\/wp-content\/uploads\/2023\/01\/notibras23.png\",\"width\":350,\"height\":87,\"caption\":\"Grupo Notibras de Comunica\u00e7\u00e3o\"},\"image\":{\"@id\":\"https:\/\/www.notibras.com\/site\/#\/schema\/logo\/image\/\"},\"sameAs\":[\"https:\/\/www.facebook.com\/notibras\/\",\"https:\/\/x.com\/Notibras\",\"https:\/\/www.instagram.com\/notibras\/\"]},{\"@type\":\"Person\",\"@id\":\"https:\/\/www.notibras.com\/site\/#\/schema\/person\/36ab0979449956132d3e5b517ea76ac8\",\"name\":\"Reda\u00e7\u00e3o\",\"image\":{\"@type\":\"ImageObject\",\"inLanguage\":\"pt-BR\",\"@id\":\"https:\/\/secure.gravatar.com\/avatar\/e0a867bdedb85fd243eadf09663511f96fc81e0720a4a42581f334ad4303aa6b?s=96&d=mm&r=g\",\"url\":\"https:\/\/secure.gravatar.com\/avatar\/e0a867bdedb85fd243eadf09663511f96fc81e0720a4a42581f334ad4303aa6b?s=96&d=mm&r=g\",\"contentUrl\":\"https:\/\/secure.gravatar.com\/avatar\/e0a867bdedb85fd243eadf09663511f96fc81e0720a4a42581f334ad4303aa6b?s=96&d=mm&r=g\",\"caption\":\"Reda\u00e7\u00e3o\"}}]}<\/script>\n<!-- \/ Yoast SEO plugin. -->","yoast_head_json":{"title":"Pra\u00e7a da Ci\u00eancia vai aproximar o povo da tecnologia - Notibras","robots":{"index":"index","follow":"follow","max-snippet":"max-snippet:-1","max-image-preview":"max-image-preview:large","max-video-preview":"max-video-preview:-1"},"canonical":"https:\/\/www.notibras.com\/site\/praca-da-ciencia-vai-aproxima-o-povo-da-tecnologia\/","og_locale":"pt_BR","og_type":"article","og_title":"Pra\u00e7a da Ci\u00eancia vai aproximar o povo da tecnologia - Notibras","og_description":"A Pra\u00e7a da Ci\u00eancia, na Biblioteca P\u00fablica Carlos Drummond de Andrade, em Ceil\u00e2ndia Norte, ser\u00e1 inaugurada nesta segunda, 12. O objetivo \u00e9 aproximar a ci\u00eancia e a tecnologia da popula\u00e7\u00e3o do Distrito Federal, em especial as crian\u00e7as e os jovens, para a promo\u00e7\u00e3o do acesso e apropria\u00e7\u00e3o do conhecimento cient\u00edfico e tecnol\u00f3gico, criando uma linguagem [&hellip;]","og_url":"https:\/\/www.notibras.com\/site\/praca-da-ciencia-vai-aproxima-o-povo-da-tecnologia\/","og_site_name":"Notibras","article_publisher":"https:\/\/www.facebook.com\/notibras\/","article_published_time":"2022-12-11T22:04:47+00:00","article_modified_time":"2022-12-12T00:07:55+00:00","og_image":[{"width":1200,"height":739,"url":"https:\/\/www.notibras.com\/site\/wp-content\/uploads\/2022\/12\/WhatsApp-Image-2022-12-08-at-14.55.29-1.jpeg","type":"image\/jpeg"}],"author":"Reda\u00e7\u00e3o","twitter_card":"summary_large_image","twitter_creator":"@Notibras","twitter_site":"@Notibras","twitter_misc":{"Escrito por":"Reda\u00e7\u00e3o","Est. tempo de leitura":"2 minutos"},"schema":{"@context":"https:\/\/schema.org","@graph":[{"@type":"Article","@id":"https:\/\/www.notibras.com\/site\/praca-da-ciencia-vai-aproxima-o-povo-da-tecnologia\/#article","isPartOf":{"@id":"https:\/\/www.notibras.com\/site\/praca-da-ciencia-vai-aproxima-o-povo-da-tecnologia\/"},"author":{"name":"Reda\u00e7\u00e3o","@id":"https:\/\/www.notibras.com\/site\/#\/schema\/person\/36ab0979449956132d3e5b517ea76ac8"},"headline":"Pra\u00e7a da Ci\u00eancia vai aproximar o povo da tecnologia","datePublished":"2022-12-11T22:04:47+00:00","dateModified":"2022-12-12T00:07:55+00:00","mainEntityOfPage":{"@id":"https:\/\/www.notibras.com\/site\/praca-da-ciencia-vai-aproxima-o-povo-da-tecnologia\/"},"wordCount":332,"publisher":{"@id":"https:\/\/www.notibras.com\/site\/#organization"},"image":{"@id":"https:\/\/www.notibras.com\/site\/praca-da-ciencia-vai-aproxima-o-povo-da-tecnologia\/#primaryimage"},"thumbnailUrl":"https:\/\/www.notibras.com\/site\/wp-content\/uploads\/2022\/12\/WhatsApp-Image-2022-12-08-at-14.55.29-1.jpeg","articleSection":["Quadradinho em Foco"],"inLanguage":"pt-BR"},{"@type":"WebPage","@id":"https:\/\/www.notibras.com\/site\/praca-da-ciencia-vai-aproxima-o-povo-da-tecnologia\/","url":"https:\/\/www.notibras.com\/site\/praca-da-ciencia-vai-aproxima-o-povo-da-tecnologia\/","name":"Pra\u00e7a da Ci\u00eancia vai aproximar o povo da tecnologia - Notibras","isPartOf":{"@id":"https:\/\/www.notibras.com\/site\/#website"},"primaryImageOfPage":{"@id":"https:\/\/www.notibras.com\/site\/praca-da-ciencia-vai-aproxima-o-povo-da-tecnologia\/#primaryimage"},"image":{"@id":"https:\/\/www.notibras.com\/site\/praca-da-ciencia-vai-aproxima-o-povo-da-tecnologia\/#primaryimage"},"thumbnailUrl":"https:\/\/www.notibras.com\/site\/wp-content\/uploads\/2022\/12\/WhatsApp-Image-2022-12-08-at-14.55.29-1.jpeg","datePublished":"2022-12-11T22:04:47+00:00","dateModified":"2022-12-12T00:07:55+00:00","breadcrumb":{"@id":"https:\/\/www.notibras.com\/site\/praca-da-ciencia-vai-aproxima-o-povo-da-tecnologia\/#breadcrumb"},"inLanguage":"pt-BR","potentialAction":[{"@type":"ReadAction","target":["https:\/\/www.notibras.com\/site\/praca-da-ciencia-vai-aproxima-o-povo-da-tecnologia\/"]}]},{"@type":"ImageObject","inLanguage":"pt-BR","@id":"https:\/\/www.notibras.com\/site\/praca-da-ciencia-vai-aproxima-o-povo-da-tecnologia\/#primaryimage","url":"https:\/\/www.notibras.com\/site\/wp-content\/uploads\/2022\/12\/WhatsApp-Image-2022-12-08-at-14.55.29-1.jpeg","contentUrl":"https:\/\/www.notibras.com\/site\/wp-content\/uploads\/2022\/12\/WhatsApp-Image-2022-12-08-at-14.55.29-1.jpeg","width":1200,"height":739},{"@type":"BreadcrumbList","@id":"https:\/\/www.notibras.com\/site\/praca-da-ciencia-vai-aproxima-o-povo-da-tecnologia\/#breadcrumb","itemListElement":[{"@type":"ListItem","position":1,"name":"In\u00edcio","item":"https:\/\/www.notibras.com\/site\/"},{"@type":"ListItem","position":2,"name":"Pra\u00e7a da Ci\u00eancia vai aproximar o povo da tecnologia"}]},{"@type":"WebSite","@id":"https:\/\/www.notibras.com\/site\/#website","url":"https:\/\/www.notibras.com\/site\/","name":"Notibras","description":"Not\u00edcias de Bras\u00edlia, do Brasil e do Mundo","publisher":{"@id":"https:\/\/www.notibras.com\/site\/#organization"},"potentialAction":[{"@type":"SearchAction","target":{"@type":"EntryPoint","urlTemplate":"https:\/\/www.notibras.com\/site\/?s={search_term_string}"},"query-input":{"@type":"PropertyValueSpecification","valueRequired":true,"valueName":"search_term_string"}}],"inLanguage":"pt-BR"},{"@type":"Organization","@id":"https:\/\/www.notibras.com\/site\/#organization","name":"Grupo Notibras de Comunica\u00e7\u00e3o","url":"https:\/\/www.notibras.com\/site\/","logo":{"@type":"ImageObject","inLanguage":"pt-BR","@id":"https:\/\/www.notibras.com\/site\/#\/schema\/logo\/image\/","url":"https:\/\/www.notibras.com\/site\/wp-content\/uploads\/2023\/01\/notibras23.png","contentUrl":"https:\/\/www.notibras.com\/site\/wp-content\/uploads\/2023\/01\/notibras23.png","width":350,"height":87,"caption":"Grupo Notibras de Comunica\u00e7\u00e3o"},"image":{"@id":"https:\/\/www.notibras.com\/site\/#\/schema\/logo\/image\/"},"sameAs":["https:\/\/www.facebook.com\/notibras\/","https:\/\/x.com\/Notibras","https:\/\/www.instagram.com\/notibras\/"]},{"@type":"Person","@id":"https:\/\/www.notibras.com\/site\/#\/schema\/person\/36ab0979449956132d3e5b517ea76ac8","name":"Reda\u00e7\u00e3o","image":{"@type":"ImageObject","inLanguage":"pt-BR","@id":"https:\/\/secure.gravatar.com\/avatar\/e0a867bdedb85fd243eadf09663511f96fc81e0720a4a42581f334ad4303aa6b?s=96&d=mm&r=g","url":"https:\/\/secure.gravatar.com\/avatar\/e0a867bdedb85fd243eadf09663511f96fc81e0720a4a42581f334ad4303aa6b?s=96&d=mm&r=g","contentUrl":"https:\/\/secure.gravatar.com\/avatar\/e0a867bdedb85fd243eadf09663511f96fc81e0720a4a42581f334ad4303aa6b?s=96&d=mm&r=g","caption":"Reda\u00e7\u00e3o"}}]}},"amp_enabled":true,"_links":{"self":[{"href":"https:\/\/www.notibras.com\/site\/wp-json\/wp\/v2\/posts\/295968","targetHints":{"allow":["GET"]}}],"collection":[{"href":"https:\/\/www.notibras.com\/site\/wp-json\/wp\/v2\/posts"}],"about":[{"href":"https:\/\/www.notibras.com\/site\/wp-json\/wp\/v2\/types\/post"}],"author":[{"embeddable":true,"href":"https:\/\/www.notibras.com\/site\/wp-json\/wp\/v2\/users\/2"}],"replies":[{"embeddable":true,"href":"https:\/\/www.notibras.com\/site\/wp-json\/wp\/v2\/comments?post=295968"}],"version-history":[{"count":2,"href":"https:\/\/www.notibras.com\/site\/wp-json\/wp\/v2\/posts\/295968\/revisions"}],"predecessor-version":[{"id":295971,"href":"https:\/\/www.notibras.com\/site\/wp-json\/wp\/v2\/posts\/295968\/revisions\/295971"}],"wp:featuredmedia":[{"embeddable":true,"href":"https:\/\/www.notibras.com\/site\/wp-json\/wp\/v2\/media\/295969"}],"wp:attachment":[{"href":"https:\/\/www.notibras.com\/site\/wp-json\/wp\/v2\/media?parent=295968"}],"wp:term":[{"taxonomy":"category","embeddable":true,"href":"https:\/\/www.notibras.com\/site\/wp-json\/wp\/v2\/categories?post=295968"},{"taxonomy":"post_tag","embeddable":true,"href":"https:\/\/www.notibras.com\/site\/wp-json\/wp\/v2\/tags?post=295968"}],"curies":[{"name":"wp","href":"https:\/\/api.w.org\/{rel}","templated":true}]}}