{"id":295972,"date":"2022-12-11T19:09:31","date_gmt":"2022-12-11T22:09:31","guid":{"rendered":"https:\/\/www.notibras.com\/site\/?p=295972"},"modified":"2022-12-11T21:12:49","modified_gmt":"2022-12-12T00:12:49","slug":"pedras-marroadas-recuperam-via-na-comunidade-bananal","status":"publish","type":"post","link":"https:\/\/www.notibras.com\/site\/pedras-marroadas-recuperam-via-na-comunidade-bananal\/","title":{"rendered":"Pedras marroadas recuperam via na Comunidade Bananal"},"content":{"rendered":"<p>At\u00e9 ter\u00e7a-feira (13), a Comunidade Bananal, localizada na Fercal, recebe uma for\u00e7a-tarefa do GDF Presente para minimizar os estragos causados pelas fortes chuvas no Distrito Federal. Devido \u00e0s enxurradas, valas acabaram sendo criadas na rua principal da regi\u00e3o. As trincheiras est\u00e3o sendo preenchidas com 300 toneladas de pedras marroadas (produzida por britagem) para evitar acidentes e garantir o tr\u00e1fego de ve\u00edculos na rua principal.<\/p>\n<p>O material doado por uma empresa \u00e9 usado para fechar o buraco que, depois da compacta\u00e7\u00e3o, receber\u00e1 uma cobertura com RCC (res\u00edduo da constru\u00e7\u00e3o civil), do Servi\u00e7o de Limpeza Urbana (SLU).<\/p>\n<p>\u201cEstamos trabalhando na rua principal, onde circulam \u00f4nibus de linha e escolares, caminh\u00f5es de coleta de lixo, ve\u00edculos de moradores, al\u00e9m de pedestres e ciclistas. Tudo estava prejudicado em fun\u00e7\u00e3o dos estragos provocados pelas fortes chuvas\u201d, afirma o coordenador do Polo Norte, Ronaldo Alves. \u201cEstamos fazendo de tudo para tornar a rua trafeg\u00e1vel. \u00c9 muito trabalho, mas nosso esfor\u00e7o \u00e9 para ajudar \u00e0quelas pessoas\u201d, acrescenta.<\/p>\n<p>De acordo com o administrador da Fercal, Fernando Gustavo Lima da Silva, a regi\u00e3o atingida pelas chuvas \u00e9 considerada sens\u00edvel e, at\u00e9 pouco tempo, ainda era considerada uma \u00e1rea particular, fruto de parcelamento irregular do solo. \u201cNa nossa gest\u00e3o, conseguimos transformar o local em ARIS (\u00e1rea de relevante interesse social) para que o estado possa atuar. Estamos trabalhando pesado para atender da melhor maneira poss\u00edvel e garantir boas condi\u00e7\u00f5es aos moradores\u201d, classifica.<\/p>\n<p>Segundo a administra\u00e7\u00e3o, nos \u00faltimos dias a comunidade tamb\u00e9m recebeu a instala\u00e7\u00e3o do sistema de capta\u00e7\u00e3o de \u00e1guas pluviais na Quadra 5.<\/p>\n<p>No total, 15 pessoas est\u00e3o envolvidas no trabalho entre funcion\u00e1rios da Administra\u00e7\u00e3o Regional da Fercal e do Polo Norte, do GDF Presente. Um maquin\u00e1rio refor\u00e7ado tem sido utilizado na a\u00e7\u00e3o: patrol, p\u00e1 carregadeira, retroescavadeira, tr\u00eas caminh\u00f5es trucados e caminh\u00e3o pipa.<\/p>\n","protected":false},"excerpt":{"rendered":"<p>At\u00e9 ter\u00e7a-feira (13), a Comunidade Bananal, localizada na Fercal, recebe uma for\u00e7a-tarefa do GDF Presente para minimizar os estragos causados pelas fortes chuvas no Distrito Federal. Devido \u00e0s enxurradas, valas acabaram sendo criadas na rua principal da regi\u00e3o. As trincheiras est\u00e3o sendo preenchidas com 300 toneladas de pedras marroadas (produzida por britagem) para evitar acidentes [&hellip;]<\/p>\n","protected":false},"author":2,"featured_media":295973,"comment_status":"closed","ping_status":"closed","sticky":false,"template":"","format":"standard","meta":{"_acf_changed":false,"footnotes":""},"categories":[161],"tags":[],"class_list":["post-295972","post","type-post","status-publish","format-standard","has-post-thumbnail","hentry","category-quadradinho-em-foco"],"acf":[],"yoast_head":"<!-- This site is optimized with the Yoast SEO plugin v27.2 - https:\/\/yoast.com\/product\/yoast-seo-wordpress\/ -->\n<title>Pedras marroadas recuperam via na Comunidade Bananal - Notibras<\/title>\n<meta name=\"robots\" content=\"index, follow, max-snippet:-1, max-image-preview:large, max-video-preview:-1\" \/>\n<link rel=\"canonical\" href=\"https:\/\/www.notibras.com\/site\/pedras-marroadas-recuperam-via-na-comunidade-bananal\/\" \/>\n<meta property=\"og:locale\" content=\"pt_BR\" \/>\n<meta property=\"og:type\" content=\"article\" \/>\n<meta property=\"og:title\" content=\"Pedras marroadas recuperam via na Comunidade Bananal - Notibras\" \/>\n<meta property=\"og:description\" content=\"At\u00e9 ter\u00e7a-feira (13), a Comunidade Bananal, localizada na Fercal, recebe uma for\u00e7a-tarefa do GDF Presente para minimizar os estragos causados pelas fortes chuvas no Distrito Federal. Devido \u00e0s enxurradas, valas acabaram sendo criadas na rua principal da regi\u00e3o. As trincheiras est\u00e3o sendo preenchidas com 300 toneladas de pedras marroadas (produzida por britagem) para evitar acidentes [&hellip;]\" \/>\n<meta property=\"og:url\" content=\"https:\/\/www.notibras.com\/site\/pedras-marroadas-recuperam-via-na-comunidade-bananal\/\" \/>\n<meta property=\"og:site_name\" content=\"Notibras\" \/>\n<meta property=\"article:publisher\" content=\"https:\/\/www.facebook.com\/notibras\/\" \/>\n<meta property=\"article:published_time\" content=\"2022-12-11T22:09:31+00:00\" \/>\n<meta property=\"article:modified_time\" content=\"2022-12-12T00:12:49+00:00\" \/>\n<meta property=\"og:image\" content=\"https:\/\/www.notibras.com\/site\/wp-content\/uploads\/2022\/12\/WhatsApp-Image-2022-12-09-at-13.41.58-1-1536x864-1.jpg\" \/>\n\t<meta property=\"og:image:width\" content=\"1536\" \/>\n\t<meta property=\"og:image:height\" content=\"864\" \/>\n\t<meta property=\"og:image:type\" content=\"image\/jpeg\" \/>\n<meta name=\"author\" content=\"Reda\u00e7\u00e3o\" \/>\n<meta name=\"twitter:card\" content=\"summary_large_image\" \/>\n<meta name=\"twitter:creator\" content=\"@Notibras\" \/>\n<meta name=\"twitter:site\" content=\"@Notibras\" \/>\n<meta name=\"twitter:label1\" content=\"Escrito por\" \/>\n\t<meta name=\"twitter:data1\" content=\"Reda\u00e7\u00e3o\" \/>\n\t<meta name=\"twitter:label2\" content=\"Est. tempo de leitura\" \/>\n\t<meta name=\"twitter:data2\" content=\"2 minutos\" \/>\n<script type=\"application\/ld+json\" class=\"yoast-schema-graph\">{\"@context\":\"https:\/\/schema.org\",\"@graph\":[{\"@type\":\"Article\",\"@id\":\"https:\/\/www.notibras.com\/site\/pedras-marroadas-recuperam-via-na-comunidade-bananal\/#article\",\"isPartOf\":{\"@id\":\"https:\/\/www.notibras.com\/site\/pedras-marroadas-recuperam-via-na-comunidade-bananal\/\"},\"author\":{\"name\":\"Reda\u00e7\u00e3o\",\"@id\":\"https:\/\/www.notibras.com\/site\/#\/schema\/person\/36ab0979449956132d3e5b517ea76ac8\"},\"headline\":\"Pedras marroadas recuperam via na Comunidade Bananal\",\"datePublished\":\"2022-12-11T22:09:31+00:00\",\"dateModified\":\"2022-12-12T00:12:49+00:00\",\"mainEntityOfPage\":{\"@id\":\"https:\/\/www.notibras.com\/site\/pedras-marroadas-recuperam-via-na-comunidade-bananal\/\"},\"wordCount\":327,\"publisher\":{\"@id\":\"https:\/\/www.notibras.com\/site\/#organization\"},\"image\":{\"@id\":\"https:\/\/www.notibras.com\/site\/pedras-marroadas-recuperam-via-na-comunidade-bananal\/#primaryimage\"},\"thumbnailUrl\":\"https:\/\/www.notibras.com\/site\/wp-content\/uploads\/2022\/12\/WhatsApp-Image-2022-12-09-at-13.41.58-1-1536x864-1.jpg\",\"articleSection\":[\"Quadradinho em Foco\"],\"inLanguage\":\"pt-BR\"},{\"@type\":\"WebPage\",\"@id\":\"https:\/\/www.notibras.com\/site\/pedras-marroadas-recuperam-via-na-comunidade-bananal\/\",\"url\":\"https:\/\/www.notibras.com\/site\/pedras-marroadas-recuperam-via-na-comunidade-bananal\/\",\"name\":\"Pedras marroadas recuperam via na Comunidade Bananal - Notibras\",\"isPartOf\":{\"@id\":\"https:\/\/www.notibras.com\/site\/#website\"},\"primaryImageOfPage\":{\"@id\":\"https:\/\/www.notibras.com\/site\/pedras-marroadas-recuperam-via-na-comunidade-bananal\/#primaryimage\"},\"image\":{\"@id\":\"https:\/\/www.notibras.com\/site\/pedras-marroadas-recuperam-via-na-comunidade-bananal\/#primaryimage\"},\"thumbnailUrl\":\"https:\/\/www.notibras.com\/site\/wp-content\/uploads\/2022\/12\/WhatsApp-Image-2022-12-09-at-13.41.58-1-1536x864-1.jpg\",\"datePublished\":\"2022-12-11T22:09:31+00:00\",\"dateModified\":\"2022-12-12T00:12:49+00:00\",\"breadcrumb\":{\"@id\":\"https:\/\/www.notibras.com\/site\/pedras-marroadas-recuperam-via-na-comunidade-bananal\/#breadcrumb\"},\"inLanguage\":\"pt-BR\",\"potentialAction\":[{\"@type\":\"ReadAction\",\"target\":[\"https:\/\/www.notibras.com\/site\/pedras-marroadas-recuperam-via-na-comunidade-bananal\/\"]}]},{\"@type\":\"ImageObject\",\"inLanguage\":\"pt-BR\",\"@id\":\"https:\/\/www.notibras.com\/site\/pedras-marroadas-recuperam-via-na-comunidade-bananal\/#primaryimage\",\"url\":\"https:\/\/www.notibras.com\/site\/wp-content\/uploads\/2022\/12\/WhatsApp-Image-2022-12-09-at-13.41.58-1-1536x864-1.jpg\",\"contentUrl\":\"https:\/\/www.notibras.com\/site\/wp-content\/uploads\/2022\/12\/WhatsApp-Image-2022-12-09-at-13.41.58-1-1536x864-1.jpg\",\"width\":1536,\"height\":864},{\"@type\":\"BreadcrumbList\",\"@id\":\"https:\/\/www.notibras.com\/site\/pedras-marroadas-recuperam-via-na-comunidade-bananal\/#breadcrumb\",\"itemListElement\":[{\"@type\":\"ListItem\",\"position\":1,\"name\":\"In\u00edcio\",\"item\":\"https:\/\/www.notibras.com\/site\/\"},{\"@type\":\"ListItem\",\"position\":2,\"name\":\"Pedras marroadas recuperam via na Comunidade Bananal\"}]},{\"@type\":\"WebSite\",\"@id\":\"https:\/\/www.notibras.com\/site\/#website\",\"url\":\"https:\/\/www.notibras.com\/site\/\",\"name\":\"Notibras\",\"description\":\"Not\u00edcias de Bras\u00edlia, do Brasil e do Mundo\",\"publisher\":{\"@id\":\"https:\/\/www.notibras.com\/site\/#organization\"},\"potentialAction\":[{\"@type\":\"SearchAction\",\"target\":{\"@type\":\"EntryPoint\",\"urlTemplate\":\"https:\/\/www.notibras.com\/site\/?s={search_term_string}\"},\"query-input\":{\"@type\":\"PropertyValueSpecification\",\"valueRequired\":true,\"valueName\":\"search_term_string\"}}],\"inLanguage\":\"pt-BR\"},{\"@type\":\"Organization\",\"@id\":\"https:\/\/www.notibras.com\/site\/#organization\",\"name\":\"Grupo Notibras de Comunica\u00e7\u00e3o\",\"url\":\"https:\/\/www.notibras.com\/site\/\",\"logo\":{\"@type\":\"ImageObject\",\"inLanguage\":\"pt-BR\",\"@id\":\"https:\/\/www.notibras.com\/site\/#\/schema\/logo\/image\/\",\"url\":\"https:\/\/www.notibras.com\/site\/wp-content\/uploads\/2023\/01\/notibras23.png\",\"contentUrl\":\"https:\/\/www.notibras.com\/site\/wp-content\/uploads\/2023\/01\/notibras23.png\",\"width\":350,\"height\":87,\"caption\":\"Grupo Notibras de Comunica\u00e7\u00e3o\"},\"image\":{\"@id\":\"https:\/\/www.notibras.com\/site\/#\/schema\/logo\/image\/\"},\"sameAs\":[\"https:\/\/www.facebook.com\/notibras\/\",\"https:\/\/x.com\/Notibras\",\"https:\/\/www.instagram.com\/notibras\/\"]},{\"@type\":\"Person\",\"@id\":\"https:\/\/www.notibras.com\/site\/#\/schema\/person\/36ab0979449956132d3e5b517ea76ac8\",\"name\":\"Reda\u00e7\u00e3o\",\"image\":{\"@type\":\"ImageObject\",\"inLanguage\":\"pt-BR\",\"@id\":\"https:\/\/secure.gravatar.com\/avatar\/e0a867bdedb85fd243eadf09663511f96fc81e0720a4a42581f334ad4303aa6b?s=96&d=mm&r=g\",\"url\":\"https:\/\/secure.gravatar.com\/avatar\/e0a867bdedb85fd243eadf09663511f96fc81e0720a4a42581f334ad4303aa6b?s=96&d=mm&r=g\",\"contentUrl\":\"https:\/\/secure.gravatar.com\/avatar\/e0a867bdedb85fd243eadf09663511f96fc81e0720a4a42581f334ad4303aa6b?s=96&d=mm&r=g\",\"caption\":\"Reda\u00e7\u00e3o\"}}]}<\/script>\n<!-- \/ Yoast SEO plugin. -->","yoast_head_json":{"title":"Pedras marroadas recuperam via na Comunidade Bananal - Notibras","robots":{"index":"index","follow":"follow","max-snippet":"max-snippet:-1","max-image-preview":"max-image-preview:large","max-video-preview":"max-video-preview:-1"},"canonical":"https:\/\/www.notibras.com\/site\/pedras-marroadas-recuperam-via-na-comunidade-bananal\/","og_locale":"pt_BR","og_type":"article","og_title":"Pedras marroadas recuperam via na Comunidade Bananal - Notibras","og_description":"At\u00e9 ter\u00e7a-feira (13), a Comunidade Bananal, localizada na Fercal, recebe uma for\u00e7a-tarefa do GDF Presente para minimizar os estragos causados pelas fortes chuvas no Distrito Federal. Devido \u00e0s enxurradas, valas acabaram sendo criadas na rua principal da regi\u00e3o. As trincheiras est\u00e3o sendo preenchidas com 300 toneladas de pedras marroadas (produzida por britagem) para evitar acidentes [&hellip;]","og_url":"https:\/\/www.notibras.com\/site\/pedras-marroadas-recuperam-via-na-comunidade-bananal\/","og_site_name":"Notibras","article_publisher":"https:\/\/www.facebook.com\/notibras\/","article_published_time":"2022-12-11T22:09:31+00:00","article_modified_time":"2022-12-12T00:12:49+00:00","og_image":[{"width":1536,"height":864,"url":"https:\/\/www.notibras.com\/site\/wp-content\/uploads\/2022\/12\/WhatsApp-Image-2022-12-09-at-13.41.58-1-1536x864-1.jpg","type":"image\/jpeg"}],"author":"Reda\u00e7\u00e3o","twitter_card":"summary_large_image","twitter_creator":"@Notibras","twitter_site":"@Notibras","twitter_misc":{"Escrito por":"Reda\u00e7\u00e3o","Est. tempo de leitura":"2 minutos"},"schema":{"@context":"https:\/\/schema.org","@graph":[{"@type":"Article","@id":"https:\/\/www.notibras.com\/site\/pedras-marroadas-recuperam-via-na-comunidade-bananal\/#article","isPartOf":{"@id":"https:\/\/www.notibras.com\/site\/pedras-marroadas-recuperam-via-na-comunidade-bananal\/"},"author":{"name":"Reda\u00e7\u00e3o","@id":"https:\/\/www.notibras.com\/site\/#\/schema\/person\/36ab0979449956132d3e5b517ea76ac8"},"headline":"Pedras marroadas recuperam via na Comunidade Bananal","datePublished":"2022-12-11T22:09:31+00:00","dateModified":"2022-12-12T00:12:49+00:00","mainEntityOfPage":{"@id":"https:\/\/www.notibras.com\/site\/pedras-marroadas-recuperam-via-na-comunidade-bananal\/"},"wordCount":327,"publisher":{"@id":"https:\/\/www.notibras.com\/site\/#organization"},"image":{"@id":"https:\/\/www.notibras.com\/site\/pedras-marroadas-recuperam-via-na-comunidade-bananal\/#primaryimage"},"thumbnailUrl":"https:\/\/www.notibras.com\/site\/wp-content\/uploads\/2022\/12\/WhatsApp-Image-2022-12-09-at-13.41.58-1-1536x864-1.jpg","articleSection":["Quadradinho em Foco"],"inLanguage":"pt-BR"},{"@type":"WebPage","@id":"https:\/\/www.notibras.com\/site\/pedras-marroadas-recuperam-via-na-comunidade-bananal\/","url":"https:\/\/www.notibras.com\/site\/pedras-marroadas-recuperam-via-na-comunidade-bananal\/","name":"Pedras marroadas recuperam via na Comunidade Bananal - Notibras","isPartOf":{"@id":"https:\/\/www.notibras.com\/site\/#website"},"primaryImageOfPage":{"@id":"https:\/\/www.notibras.com\/site\/pedras-marroadas-recuperam-via-na-comunidade-bananal\/#primaryimage"},"image":{"@id":"https:\/\/www.notibras.com\/site\/pedras-marroadas-recuperam-via-na-comunidade-bananal\/#primaryimage"},"thumbnailUrl":"https:\/\/www.notibras.com\/site\/wp-content\/uploads\/2022\/12\/WhatsApp-Image-2022-12-09-at-13.41.58-1-1536x864-1.jpg","datePublished":"2022-12-11T22:09:31+00:00","dateModified":"2022-12-12T00:12:49+00:00","breadcrumb":{"@id":"https:\/\/www.notibras.com\/site\/pedras-marroadas-recuperam-via-na-comunidade-bananal\/#breadcrumb"},"inLanguage":"pt-BR","potentialAction":[{"@type":"ReadAction","target":["https:\/\/www.notibras.com\/site\/pedras-marroadas-recuperam-via-na-comunidade-bananal\/"]}]},{"@type":"ImageObject","inLanguage":"pt-BR","@id":"https:\/\/www.notibras.com\/site\/pedras-marroadas-recuperam-via-na-comunidade-bananal\/#primaryimage","url":"https:\/\/www.notibras.com\/site\/wp-content\/uploads\/2022\/12\/WhatsApp-Image-2022-12-09-at-13.41.58-1-1536x864-1.jpg","contentUrl":"https:\/\/www.notibras.com\/site\/wp-content\/uploads\/2022\/12\/WhatsApp-Image-2022-12-09-at-13.41.58-1-1536x864-1.jpg","width":1536,"height":864},{"@type":"BreadcrumbList","@id":"https:\/\/www.notibras.com\/site\/pedras-marroadas-recuperam-via-na-comunidade-bananal\/#breadcrumb","itemListElement":[{"@type":"ListItem","position":1,"name":"In\u00edcio","item":"https:\/\/www.notibras.com\/site\/"},{"@type":"ListItem","position":2,"name":"Pedras marroadas recuperam via na Comunidade Bananal"}]},{"@type":"WebSite","@id":"https:\/\/www.notibras.com\/site\/#website","url":"https:\/\/www.notibras.com\/site\/","name":"Notibras","description":"Not\u00edcias de Bras\u00edlia, do Brasil e do Mundo","publisher":{"@id":"https:\/\/www.notibras.com\/site\/#organization"},"potentialAction":[{"@type":"SearchAction","target":{"@type":"EntryPoint","urlTemplate":"https:\/\/www.notibras.com\/site\/?s={search_term_string}"},"query-input":{"@type":"PropertyValueSpecification","valueRequired":true,"valueName":"search_term_string"}}],"inLanguage":"pt-BR"},{"@type":"Organization","@id":"https:\/\/www.notibras.com\/site\/#organization","name":"Grupo Notibras de Comunica\u00e7\u00e3o","url":"https:\/\/www.notibras.com\/site\/","logo":{"@type":"ImageObject","inLanguage":"pt-BR","@id":"https:\/\/www.notibras.com\/site\/#\/schema\/logo\/image\/","url":"https:\/\/www.notibras.com\/site\/wp-content\/uploads\/2023\/01\/notibras23.png","contentUrl":"https:\/\/www.notibras.com\/site\/wp-content\/uploads\/2023\/01\/notibras23.png","width":350,"height":87,"caption":"Grupo Notibras de Comunica\u00e7\u00e3o"},"image":{"@id":"https:\/\/www.notibras.com\/site\/#\/schema\/logo\/image\/"},"sameAs":["https:\/\/www.facebook.com\/notibras\/","https:\/\/x.com\/Notibras","https:\/\/www.instagram.com\/notibras\/"]},{"@type":"Person","@id":"https:\/\/www.notibras.com\/site\/#\/schema\/person\/36ab0979449956132d3e5b517ea76ac8","name":"Reda\u00e7\u00e3o","image":{"@type":"ImageObject","inLanguage":"pt-BR","@id":"https:\/\/secure.gravatar.com\/avatar\/e0a867bdedb85fd243eadf09663511f96fc81e0720a4a42581f334ad4303aa6b?s=96&d=mm&r=g","url":"https:\/\/secure.gravatar.com\/avatar\/e0a867bdedb85fd243eadf09663511f96fc81e0720a4a42581f334ad4303aa6b?s=96&d=mm&r=g","contentUrl":"https:\/\/secure.gravatar.com\/avatar\/e0a867bdedb85fd243eadf09663511f96fc81e0720a4a42581f334ad4303aa6b?s=96&d=mm&r=g","caption":"Reda\u00e7\u00e3o"}}]}},"amp_enabled":true,"_links":{"self":[{"href":"https:\/\/www.notibras.com\/site\/wp-json\/wp\/v2\/posts\/295972","targetHints":{"allow":["GET"]}}],"collection":[{"href":"https:\/\/www.notibras.com\/site\/wp-json\/wp\/v2\/posts"}],"about":[{"href":"https:\/\/www.notibras.com\/site\/wp-json\/wp\/v2\/types\/post"}],"author":[{"embeddable":true,"href":"https:\/\/www.notibras.com\/site\/wp-json\/wp\/v2\/users\/2"}],"replies":[{"embeddable":true,"href":"https:\/\/www.notibras.com\/site\/wp-json\/wp\/v2\/comments?post=295972"}],"version-history":[{"count":1,"href":"https:\/\/www.notibras.com\/site\/wp-json\/wp\/v2\/posts\/295972\/revisions"}],"predecessor-version":[{"id":295974,"href":"https:\/\/www.notibras.com\/site\/wp-json\/wp\/v2\/posts\/295972\/revisions\/295974"}],"wp:featuredmedia":[{"embeddable":true,"href":"https:\/\/www.notibras.com\/site\/wp-json\/wp\/v2\/media\/295973"}],"wp:attachment":[{"href":"https:\/\/www.notibras.com\/site\/wp-json\/wp\/v2\/media?parent=295972"}],"wp:term":[{"taxonomy":"category","embeddable":true,"href":"https:\/\/www.notibras.com\/site\/wp-json\/wp\/v2\/categories?post=295972"},{"taxonomy":"post_tag","embeddable":true,"href":"https:\/\/www.notibras.com\/site\/wp-json\/wp\/v2\/tags?post=295972"}],"curies":[{"name":"wp","href":"https:\/\/api.w.org\/{rel}","templated":true}]}}