{"id":295975,"date":"2022-12-11T19:14:54","date_gmt":"2022-12-11T22:14:54","guid":{"rendered":"https:\/\/www.notibras.com\/site\/?p=295975"},"modified":"2022-12-11T21:18:53","modified_gmt":"2022-12-12T00:18:53","slug":"turismo-e-artesanato-ganham-espaco-cultural","status":"publish","type":"post","link":"https:\/\/www.notibras.com\/site\/turismo-e-artesanato-ganham-espaco-cultural\/","title":{"rendered":"Turismo e artesanato ganham espa\u00e7o cultural"},"content":{"rendered":"<p>A Secretaria de Turismo acaba de inaugurar, com as presen\u00e7as representantes de dezenas de institui\u00e7\u00f5es e associa\u00e7\u00f5es do artesanato e manualistas de Bras\u00edlia, o espa\u00e7o dedicado a esse setor. A iniciativa in\u00e9dita promete potencializar o desenvolvimento do turismo, por meio das diversas possibilidades presentes no artesanato. A a\u00e7\u00e3o foi celebrada com muito entusiasmo pelos representantes presentes.<\/p>\n<p>O Espa\u00e7o Cultural do Turismo e Artesanato fica localizado na 507 Sul, no pr\u00e9dio que foi reformado, grafitado por artistas renomados das regi\u00f5es administrativas, e ser\u00e1 o principal ponto de apoio para a economia criativa, fomentando o turismo. Um verdadeiro centro de capacita\u00e7\u00e3o para os artes\u00e3os e manualistas de Bras\u00edlia que receberam a chave das m\u00e3os do secret\u00e1rio de Turismo, William Almeida.<\/p>\n<p>\u201cEste espa\u00e7o \u00e9 fruto de um trabalho integrado iniciado pela Setur-DF, em parceria com a CDL\/DF e as secretarias de Desenvolvimento Urbano, Obras, Codeplan, CEB e Detran, sob a lideran\u00e7a do governador Ibaneis Rocha. N\u00e3o medimos esfor\u00e7os para reconstruir e revitalizar este ambiente que estava abandonado. O principal objetivo \u00e9 proporcionar oportunidades para o crescimento profissional e o desenvolvimento dos artes\u00e3os, fomentar a economia criativa, buscando desenvolvimento do turismo, gerando, cada vez mais, emprego e renda\u201d, afirma o secret\u00e1rio.<\/p>\n<p>Representantes de institutos, associa\u00e7\u00f5es, centro de ensino de artesanato estiveram presentes e celebraram a inaugura\u00e7\u00e3o do espa\u00e7o. Para Marley Santos, vice-diretora da Associa\u00e7\u00e3o Ceil\u00e2ndia Centro, essa ser\u00e1 uma grande oportunidade de aproximar o artesanato das regi\u00f5es administrativas com os moradores e visitantes que passam diariamente pelo local. \u201cEste \u00e9 um espa\u00e7o muito bem localizado, de f\u00e1cil acesso para todos n\u00f3s, \u00e9 que servir\u00e1 de apoio e incentivo para todas as 30 artes\u00e3s associadas, que agora, podem contar com desfrutar de tudo isso\u201d, celebra Marley.<\/p>\n<p>Hebert Amorim, presidente da Feira da Torre de TV, elogiou a iniciativa da secretaria de Turismo. \u201cA Feira da Torre de TV vem recebendo apoio deste governo por meio das a\u00e7\u00f5es da Setur, e a inaugura\u00e7\u00e3o deste espa\u00e7o \u00e9 a prova disso. Estamos otimistas e contamos com o apoio para que as associa\u00e7\u00f5es estejam mais presentes na feira. Parabenizo o secret\u00e1rio e a Setur\u201d.<\/p>\n<p>Este espa\u00e7o, assim como as lojas do artesanato de Bras\u00edlia, localizadas nos shoppings P\u00e1tio Brasil e Alameda, e as diversas feiras e exposi\u00e7\u00f5es promovidas pela Setur, pretendem ser um polo de escoamento dos produtos de artesanato, mas principalmente, integrar todos os projetos e pessoas ligadas ao movimento. Os mestres artes\u00e3os tamb\u00e9m estar\u00e3o presentes.<\/p>\n","protected":false},"excerpt":{"rendered":"<p>A Secretaria de Turismo acaba de inaugurar, com as presen\u00e7as representantes de dezenas de institui\u00e7\u00f5es e associa\u00e7\u00f5es do artesanato e manualistas de Bras\u00edlia, o espa\u00e7o dedicado a esse setor. A iniciativa in\u00e9dita promete potencializar o desenvolvimento do turismo, por meio das diversas possibilidades presentes no artesanato. A a\u00e7\u00e3o foi celebrada com muito entusiasmo pelos representantes [&hellip;]<\/p>\n","protected":false},"author":2,"featured_media":295976,"comment_status":"closed","ping_status":"closed","sticky":false,"template":"","format":"standard","meta":{"_acf_changed":false,"footnotes":""},"categories":[161],"tags":[],"class_list":["post-295975","post","type-post","status-publish","format-standard","has-post-thumbnail","hentry","category-quadradinho-em-foco"],"acf":[],"yoast_head":"<!-- This site is optimized with the Yoast SEO plugin v27.2 - https:\/\/yoast.com\/product\/yoast-seo-wordpress\/ -->\n<title>Turismo e artesanato ganham espa\u00e7o cultural - Notibras<\/title>\n<meta name=\"robots\" content=\"index, follow, max-snippet:-1, max-image-preview:large, max-video-preview:-1\" \/>\n<link rel=\"canonical\" href=\"https:\/\/www.notibras.com\/site\/turismo-e-artesanato-ganham-espaco-cultural\/\" \/>\n<meta property=\"og:locale\" content=\"pt_BR\" \/>\n<meta property=\"og:type\" content=\"article\" \/>\n<meta property=\"og:title\" content=\"Turismo e artesanato ganham espa\u00e7o cultural - Notibras\" \/>\n<meta property=\"og:description\" content=\"A Secretaria de Turismo acaba de inaugurar, com as presen\u00e7as representantes de dezenas de institui\u00e7\u00f5es e associa\u00e7\u00f5es do artesanato e manualistas de Bras\u00edlia, o espa\u00e7o dedicado a esse setor. A iniciativa in\u00e9dita promete potencializar o desenvolvimento do turismo, por meio das diversas possibilidades presentes no artesanato. A a\u00e7\u00e3o foi celebrada com muito entusiasmo pelos representantes [&hellip;]\" \/>\n<meta property=\"og:url\" content=\"https:\/\/www.notibras.com\/site\/turismo-e-artesanato-ganham-espaco-cultural\/\" \/>\n<meta property=\"og:site_name\" content=\"Notibras\" \/>\n<meta property=\"article:publisher\" content=\"https:\/\/www.facebook.com\/notibras\/\" \/>\n<meta property=\"article:published_time\" content=\"2022-12-11T22:14:54+00:00\" \/>\n<meta property=\"article:modified_time\" content=\"2022-12-12T00:18:53+00:00\" \/>\n<meta property=\"og:image\" content=\"https:\/\/www.notibras.com\/site\/wp-content\/uploads\/2022\/12\/WhatsApp-Image-2022-12-10-at-18.32.09-1.jpeg\" \/>\n\t<meta property=\"og:image:width\" content=\"1280\" \/>\n\t<meta property=\"og:image:height\" content=\"854\" \/>\n\t<meta property=\"og:image:type\" content=\"image\/jpeg\" \/>\n<meta name=\"author\" content=\"Reda\u00e7\u00e3o\" \/>\n<meta name=\"twitter:card\" content=\"summary_large_image\" \/>\n<meta name=\"twitter:creator\" content=\"@Notibras\" \/>\n<meta name=\"twitter:site\" content=\"@Notibras\" \/>\n<meta name=\"twitter:label1\" content=\"Escrito por\" \/>\n\t<meta name=\"twitter:data1\" content=\"Reda\u00e7\u00e3o\" \/>\n\t<meta name=\"twitter:label2\" content=\"Est. tempo de leitura\" \/>\n\t<meta name=\"twitter:data2\" content=\"3 minutos\" \/>\n<script type=\"application\/ld+json\" class=\"yoast-schema-graph\">{\"@context\":\"https:\/\/schema.org\",\"@graph\":[{\"@type\":\"Article\",\"@id\":\"https:\/\/www.notibras.com\/site\/turismo-e-artesanato-ganham-espaco-cultural\/#article\",\"isPartOf\":{\"@id\":\"https:\/\/www.notibras.com\/site\/turismo-e-artesanato-ganham-espaco-cultural\/\"},\"author\":{\"name\":\"Reda\u00e7\u00e3o\",\"@id\":\"https:\/\/www.notibras.com\/site\/#\/schema\/person\/36ab0979449956132d3e5b517ea76ac8\"},\"headline\":\"Turismo e artesanato ganham espa\u00e7o cultural\",\"datePublished\":\"2022-12-11T22:14:54+00:00\",\"dateModified\":\"2022-12-12T00:18:53+00:00\",\"mainEntityOfPage\":{\"@id\":\"https:\/\/www.notibras.com\/site\/turismo-e-artesanato-ganham-espaco-cultural\/\"},\"wordCount\":442,\"publisher\":{\"@id\":\"https:\/\/www.notibras.com\/site\/#organization\"},\"image\":{\"@id\":\"https:\/\/www.notibras.com\/site\/turismo-e-artesanato-ganham-espaco-cultural\/#primaryimage\"},\"thumbnailUrl\":\"https:\/\/www.notibras.com\/site\/wp-content\/uploads\/2022\/12\/WhatsApp-Image-2022-12-10-at-18.32.09-1.jpeg\",\"articleSection\":[\"Quadradinho em Foco\"],\"inLanguage\":\"pt-BR\"},{\"@type\":\"WebPage\",\"@id\":\"https:\/\/www.notibras.com\/site\/turismo-e-artesanato-ganham-espaco-cultural\/\",\"url\":\"https:\/\/www.notibras.com\/site\/turismo-e-artesanato-ganham-espaco-cultural\/\",\"name\":\"Turismo e artesanato ganham espa\u00e7o cultural - Notibras\",\"isPartOf\":{\"@id\":\"https:\/\/www.notibras.com\/site\/#website\"},\"primaryImageOfPage\":{\"@id\":\"https:\/\/www.notibras.com\/site\/turismo-e-artesanato-ganham-espaco-cultural\/#primaryimage\"},\"image\":{\"@id\":\"https:\/\/www.notibras.com\/site\/turismo-e-artesanato-ganham-espaco-cultural\/#primaryimage\"},\"thumbnailUrl\":\"https:\/\/www.notibras.com\/site\/wp-content\/uploads\/2022\/12\/WhatsApp-Image-2022-12-10-at-18.32.09-1.jpeg\",\"datePublished\":\"2022-12-11T22:14:54+00:00\",\"dateModified\":\"2022-12-12T00:18:53+00:00\",\"breadcrumb\":{\"@id\":\"https:\/\/www.notibras.com\/site\/turismo-e-artesanato-ganham-espaco-cultural\/#breadcrumb\"},\"inLanguage\":\"pt-BR\",\"potentialAction\":[{\"@type\":\"ReadAction\",\"target\":[\"https:\/\/www.notibras.com\/site\/turismo-e-artesanato-ganham-espaco-cultural\/\"]}]},{\"@type\":\"ImageObject\",\"inLanguage\":\"pt-BR\",\"@id\":\"https:\/\/www.notibras.com\/site\/turismo-e-artesanato-ganham-espaco-cultural\/#primaryimage\",\"url\":\"https:\/\/www.notibras.com\/site\/wp-content\/uploads\/2022\/12\/WhatsApp-Image-2022-12-10-at-18.32.09-1.jpeg\",\"contentUrl\":\"https:\/\/www.notibras.com\/site\/wp-content\/uploads\/2022\/12\/WhatsApp-Image-2022-12-10-at-18.32.09-1.jpeg\",\"width\":1280,\"height\":854},{\"@type\":\"BreadcrumbList\",\"@id\":\"https:\/\/www.notibras.com\/site\/turismo-e-artesanato-ganham-espaco-cultural\/#breadcrumb\",\"itemListElement\":[{\"@type\":\"ListItem\",\"position\":1,\"name\":\"In\u00edcio\",\"item\":\"https:\/\/www.notibras.com\/site\/\"},{\"@type\":\"ListItem\",\"position\":2,\"name\":\"Turismo e artesanato ganham espa\u00e7o cultural\"}]},{\"@type\":\"WebSite\",\"@id\":\"https:\/\/www.notibras.com\/site\/#website\",\"url\":\"https:\/\/www.notibras.com\/site\/\",\"name\":\"Notibras\",\"description\":\"Not\u00edcias de Bras\u00edlia, do Brasil e do Mundo\",\"publisher\":{\"@id\":\"https:\/\/www.notibras.com\/site\/#organization\"},\"potentialAction\":[{\"@type\":\"SearchAction\",\"target\":{\"@type\":\"EntryPoint\",\"urlTemplate\":\"https:\/\/www.notibras.com\/site\/?s={search_term_string}\"},\"query-input\":{\"@type\":\"PropertyValueSpecification\",\"valueRequired\":true,\"valueName\":\"search_term_string\"}}],\"inLanguage\":\"pt-BR\"},{\"@type\":\"Organization\",\"@id\":\"https:\/\/www.notibras.com\/site\/#organization\",\"name\":\"Grupo Notibras de Comunica\u00e7\u00e3o\",\"url\":\"https:\/\/www.notibras.com\/site\/\",\"logo\":{\"@type\":\"ImageObject\",\"inLanguage\":\"pt-BR\",\"@id\":\"https:\/\/www.notibras.com\/site\/#\/schema\/logo\/image\/\",\"url\":\"https:\/\/www.notibras.com\/site\/wp-content\/uploads\/2023\/01\/notibras23.png\",\"contentUrl\":\"https:\/\/www.notibras.com\/site\/wp-content\/uploads\/2023\/01\/notibras23.png\",\"width\":350,\"height\":87,\"caption\":\"Grupo Notibras de Comunica\u00e7\u00e3o\"},\"image\":{\"@id\":\"https:\/\/www.notibras.com\/site\/#\/schema\/logo\/image\/\"},\"sameAs\":[\"https:\/\/www.facebook.com\/notibras\/\",\"https:\/\/x.com\/Notibras\",\"https:\/\/www.instagram.com\/notibras\/\"]},{\"@type\":\"Person\",\"@id\":\"https:\/\/www.notibras.com\/site\/#\/schema\/person\/36ab0979449956132d3e5b517ea76ac8\",\"name\":\"Reda\u00e7\u00e3o\",\"image\":{\"@type\":\"ImageObject\",\"inLanguage\":\"pt-BR\",\"@id\":\"https:\/\/secure.gravatar.com\/avatar\/e0a867bdedb85fd243eadf09663511f96fc81e0720a4a42581f334ad4303aa6b?s=96&d=mm&r=g\",\"url\":\"https:\/\/secure.gravatar.com\/avatar\/e0a867bdedb85fd243eadf09663511f96fc81e0720a4a42581f334ad4303aa6b?s=96&d=mm&r=g\",\"contentUrl\":\"https:\/\/secure.gravatar.com\/avatar\/e0a867bdedb85fd243eadf09663511f96fc81e0720a4a42581f334ad4303aa6b?s=96&d=mm&r=g\",\"caption\":\"Reda\u00e7\u00e3o\"}}]}<\/script>\n<!-- \/ Yoast SEO plugin. -->","yoast_head_json":{"title":"Turismo e artesanato ganham espa\u00e7o cultural - Notibras","robots":{"index":"index","follow":"follow","max-snippet":"max-snippet:-1","max-image-preview":"max-image-preview:large","max-video-preview":"max-video-preview:-1"},"canonical":"https:\/\/www.notibras.com\/site\/turismo-e-artesanato-ganham-espaco-cultural\/","og_locale":"pt_BR","og_type":"article","og_title":"Turismo e artesanato ganham espa\u00e7o cultural - Notibras","og_description":"A Secretaria de Turismo acaba de inaugurar, com as presen\u00e7as representantes de dezenas de institui\u00e7\u00f5es e associa\u00e7\u00f5es do artesanato e manualistas de Bras\u00edlia, o espa\u00e7o dedicado a esse setor. A iniciativa in\u00e9dita promete potencializar o desenvolvimento do turismo, por meio das diversas possibilidades presentes no artesanato. A a\u00e7\u00e3o foi celebrada com muito entusiasmo pelos representantes [&hellip;]","og_url":"https:\/\/www.notibras.com\/site\/turismo-e-artesanato-ganham-espaco-cultural\/","og_site_name":"Notibras","article_publisher":"https:\/\/www.facebook.com\/notibras\/","article_published_time":"2022-12-11T22:14:54+00:00","article_modified_time":"2022-12-12T00:18:53+00:00","og_image":[{"width":1280,"height":854,"url":"https:\/\/www.notibras.com\/site\/wp-content\/uploads\/2022\/12\/WhatsApp-Image-2022-12-10-at-18.32.09-1.jpeg","type":"image\/jpeg"}],"author":"Reda\u00e7\u00e3o","twitter_card":"summary_large_image","twitter_creator":"@Notibras","twitter_site":"@Notibras","twitter_misc":{"Escrito por":"Reda\u00e7\u00e3o","Est. tempo de leitura":"3 minutos"},"schema":{"@context":"https:\/\/schema.org","@graph":[{"@type":"Article","@id":"https:\/\/www.notibras.com\/site\/turismo-e-artesanato-ganham-espaco-cultural\/#article","isPartOf":{"@id":"https:\/\/www.notibras.com\/site\/turismo-e-artesanato-ganham-espaco-cultural\/"},"author":{"name":"Reda\u00e7\u00e3o","@id":"https:\/\/www.notibras.com\/site\/#\/schema\/person\/36ab0979449956132d3e5b517ea76ac8"},"headline":"Turismo e artesanato ganham espa\u00e7o cultural","datePublished":"2022-12-11T22:14:54+00:00","dateModified":"2022-12-12T00:18:53+00:00","mainEntityOfPage":{"@id":"https:\/\/www.notibras.com\/site\/turismo-e-artesanato-ganham-espaco-cultural\/"},"wordCount":442,"publisher":{"@id":"https:\/\/www.notibras.com\/site\/#organization"},"image":{"@id":"https:\/\/www.notibras.com\/site\/turismo-e-artesanato-ganham-espaco-cultural\/#primaryimage"},"thumbnailUrl":"https:\/\/www.notibras.com\/site\/wp-content\/uploads\/2022\/12\/WhatsApp-Image-2022-12-10-at-18.32.09-1.jpeg","articleSection":["Quadradinho em Foco"],"inLanguage":"pt-BR"},{"@type":"WebPage","@id":"https:\/\/www.notibras.com\/site\/turismo-e-artesanato-ganham-espaco-cultural\/","url":"https:\/\/www.notibras.com\/site\/turismo-e-artesanato-ganham-espaco-cultural\/","name":"Turismo e artesanato ganham espa\u00e7o cultural - Notibras","isPartOf":{"@id":"https:\/\/www.notibras.com\/site\/#website"},"primaryImageOfPage":{"@id":"https:\/\/www.notibras.com\/site\/turismo-e-artesanato-ganham-espaco-cultural\/#primaryimage"},"image":{"@id":"https:\/\/www.notibras.com\/site\/turismo-e-artesanato-ganham-espaco-cultural\/#primaryimage"},"thumbnailUrl":"https:\/\/www.notibras.com\/site\/wp-content\/uploads\/2022\/12\/WhatsApp-Image-2022-12-10-at-18.32.09-1.jpeg","datePublished":"2022-12-11T22:14:54+00:00","dateModified":"2022-12-12T00:18:53+00:00","breadcrumb":{"@id":"https:\/\/www.notibras.com\/site\/turismo-e-artesanato-ganham-espaco-cultural\/#breadcrumb"},"inLanguage":"pt-BR","potentialAction":[{"@type":"ReadAction","target":["https:\/\/www.notibras.com\/site\/turismo-e-artesanato-ganham-espaco-cultural\/"]}]},{"@type":"ImageObject","inLanguage":"pt-BR","@id":"https:\/\/www.notibras.com\/site\/turismo-e-artesanato-ganham-espaco-cultural\/#primaryimage","url":"https:\/\/www.notibras.com\/site\/wp-content\/uploads\/2022\/12\/WhatsApp-Image-2022-12-10-at-18.32.09-1.jpeg","contentUrl":"https:\/\/www.notibras.com\/site\/wp-content\/uploads\/2022\/12\/WhatsApp-Image-2022-12-10-at-18.32.09-1.jpeg","width":1280,"height":854},{"@type":"BreadcrumbList","@id":"https:\/\/www.notibras.com\/site\/turismo-e-artesanato-ganham-espaco-cultural\/#breadcrumb","itemListElement":[{"@type":"ListItem","position":1,"name":"In\u00edcio","item":"https:\/\/www.notibras.com\/site\/"},{"@type":"ListItem","position":2,"name":"Turismo e artesanato ganham espa\u00e7o cultural"}]},{"@type":"WebSite","@id":"https:\/\/www.notibras.com\/site\/#website","url":"https:\/\/www.notibras.com\/site\/","name":"Notibras","description":"Not\u00edcias de Bras\u00edlia, do Brasil e do Mundo","publisher":{"@id":"https:\/\/www.notibras.com\/site\/#organization"},"potentialAction":[{"@type":"SearchAction","target":{"@type":"EntryPoint","urlTemplate":"https:\/\/www.notibras.com\/site\/?s={search_term_string}"},"query-input":{"@type":"PropertyValueSpecification","valueRequired":true,"valueName":"search_term_string"}}],"inLanguage":"pt-BR"},{"@type":"Organization","@id":"https:\/\/www.notibras.com\/site\/#organization","name":"Grupo Notibras de Comunica\u00e7\u00e3o","url":"https:\/\/www.notibras.com\/site\/","logo":{"@type":"ImageObject","inLanguage":"pt-BR","@id":"https:\/\/www.notibras.com\/site\/#\/schema\/logo\/image\/","url":"https:\/\/www.notibras.com\/site\/wp-content\/uploads\/2023\/01\/notibras23.png","contentUrl":"https:\/\/www.notibras.com\/site\/wp-content\/uploads\/2023\/01\/notibras23.png","width":350,"height":87,"caption":"Grupo Notibras de Comunica\u00e7\u00e3o"},"image":{"@id":"https:\/\/www.notibras.com\/site\/#\/schema\/logo\/image\/"},"sameAs":["https:\/\/www.facebook.com\/notibras\/","https:\/\/x.com\/Notibras","https:\/\/www.instagram.com\/notibras\/"]},{"@type":"Person","@id":"https:\/\/www.notibras.com\/site\/#\/schema\/person\/36ab0979449956132d3e5b517ea76ac8","name":"Reda\u00e7\u00e3o","image":{"@type":"ImageObject","inLanguage":"pt-BR","@id":"https:\/\/secure.gravatar.com\/avatar\/e0a867bdedb85fd243eadf09663511f96fc81e0720a4a42581f334ad4303aa6b?s=96&d=mm&r=g","url":"https:\/\/secure.gravatar.com\/avatar\/e0a867bdedb85fd243eadf09663511f96fc81e0720a4a42581f334ad4303aa6b?s=96&d=mm&r=g","contentUrl":"https:\/\/secure.gravatar.com\/avatar\/e0a867bdedb85fd243eadf09663511f96fc81e0720a4a42581f334ad4303aa6b?s=96&d=mm&r=g","caption":"Reda\u00e7\u00e3o"}}]}},"amp_enabled":true,"_links":{"self":[{"href":"https:\/\/www.notibras.com\/site\/wp-json\/wp\/v2\/posts\/295975","targetHints":{"allow":["GET"]}}],"collection":[{"href":"https:\/\/www.notibras.com\/site\/wp-json\/wp\/v2\/posts"}],"about":[{"href":"https:\/\/www.notibras.com\/site\/wp-json\/wp\/v2\/types\/post"}],"author":[{"embeddable":true,"href":"https:\/\/www.notibras.com\/site\/wp-json\/wp\/v2\/users\/2"}],"replies":[{"embeddable":true,"href":"https:\/\/www.notibras.com\/site\/wp-json\/wp\/v2\/comments?post=295975"}],"version-history":[{"count":1,"href":"https:\/\/www.notibras.com\/site\/wp-json\/wp\/v2\/posts\/295975\/revisions"}],"predecessor-version":[{"id":295977,"href":"https:\/\/www.notibras.com\/site\/wp-json\/wp\/v2\/posts\/295975\/revisions\/295977"}],"wp:featuredmedia":[{"embeddable":true,"href":"https:\/\/www.notibras.com\/site\/wp-json\/wp\/v2\/media\/295976"}],"wp:attachment":[{"href":"https:\/\/www.notibras.com\/site\/wp-json\/wp\/v2\/media?parent=295975"}],"wp:term":[{"taxonomy":"category","embeddable":true,"href":"https:\/\/www.notibras.com\/site\/wp-json\/wp\/v2\/categories?post=295975"},{"taxonomy":"post_tag","embeddable":true,"href":"https:\/\/www.notibras.com\/site\/wp-json\/wp\/v2\/tags?post=295975"}],"curies":[{"name":"wp","href":"https:\/\/api.w.org\/{rel}","templated":true}]}}