{"id":295981,"date":"2022-12-11T18:29:46","date_gmt":"2022-12-11T21:29:46","guid":{"rendered":"https:\/\/www.notibras.com\/site\/?p=295981"},"modified":"2022-12-11T21:31:58","modified_gmt":"2022-12-12T00:31:58","slug":"regiao-da-26-de-setembro-recebe-terraplanagem-e-drenagem","status":"publish","type":"post","link":"https:\/\/www.notibras.com\/site\/regiao-da-26-de-setembro-recebe-terraplanagem-e-drenagem\/","title":{"rendered":"Regi\u00e3o da 26 de Setembro recebe terraplanagem e drenagem"},"content":{"rendered":"<p>As ruas n\u00e3o pavimentadas da Col\u00f4nia Agr\u00edcola 26 de Setembro, em Vicente Pires, est\u00e3o passando por manuten\u00e7\u00f5es vi\u00e1rias desde o come\u00e7o de novembro. A a\u00e7\u00e3o, executada pelo programa GDF Presente, inclui a terraplanagem e drenagem das vias, que estavam prejudicadas devido ao per\u00edodo chuvoso. Mais de 40 mil moradores da \u00e1rea s\u00e3o beneficiados com a melhoria.<\/p>\n<p>Nesta semana, houve o descarregamento de cerca de 1,5 mil toneladas de Res\u00edduo de Constru\u00e7\u00e3o Civil (RCC), cedidos pelo Servi\u00e7o de Limpeza Urbana (SLU). O material \u00e9 utilizado no nivelamento das pistas n\u00e3o pavimentadas e ajuda na conten\u00e7\u00e3o de eros\u00f5es e corre\u00e7\u00e3o de valas causadas pelas chuvas.<\/p>\n<p>Os reparos ocorrem na entrada da rua principal e nas ruas 1, 2, 3, 4, 5 e 6, para ajudar na trafegabilidade da popula\u00e7\u00e3o. Os mais impactados s\u00e3o os \u00f4nibus escolares que levam crian\u00e7as e adolescentes para escolas de Taguatinga e Vicente Pires. Foram mobilizados esfor\u00e7os da Administra\u00e7\u00e3o Regional de Vicente Pires, Companhia Urbanizadora da Nova Capital (Novacap), Secretaria de Cidades e Secretaria de Governo.<\/p>\n<p>Sete pessoas participam do trabalho, com apoio de uma p\u00e1 mec\u00e2nica e um rolo compactador, al\u00e9m dos caminh\u00f5es usados para carga e descarga dos materiais. A previs\u00e3o \u00e9 que a for\u00e7a-tarefa permane\u00e7a no local at\u00e9 janeiro do pr\u00f3ximo ano.<\/p>\n<p>\u201cS\u00e3o medidas paliativas para diminuir os transtornos aos moradores. Estamos empenhados em atender as demandas da comunidade e solucionar, na medida do poss\u00edvel, todos os problemas causados pelas chuvas\u201d, afirma o administrador de Vicente Pires, Admilson Teixeira.<\/p>\n<p>O gestor regional afirma que as manuten\u00e7\u00f5es vi\u00e1rias no 26 de Setembro ocorrem desde 2020 e que, desde janeiro deste ano, foram intensificadas. \u201c\u00c9 uma cidade em processo de regulariza\u00e7\u00e3o que precisa de uma aten\u00e7\u00e3o maior. Estamos sempre em contato com a popula\u00e7\u00e3o por meio de vistorias e em grupos em aplicativos de mensagem\u201d, comenta Teixeira.<\/p>\n<p>Segundo o coordenador do Polo Central 2, Anchieta Coimbra, al\u00e9m das manuten\u00e7\u00f5es nas pistas, ocorre a limpeza nos abrigos de \u00f4nibus e a retirada de lixo e inserv\u00edveis das \u00e1reas p\u00fablicas. \u201cAs paradas estavam bem sujas por causa da chuva, com muita lama\u201d, afirma ele. \u201cTrabalhamos para melhorar a vida das pessoas e manter a cidade limpa\u201d, completa.<\/p>\n","protected":false},"excerpt":{"rendered":"<p>As ruas n\u00e3o pavimentadas da Col\u00f4nia Agr\u00edcola 26 de Setembro, em Vicente Pires, est\u00e3o passando por manuten\u00e7\u00f5es vi\u00e1rias desde o come\u00e7o de novembro. A a\u00e7\u00e3o, executada pelo programa GDF Presente, inclui a terraplanagem e drenagem das vias, que estavam prejudicadas devido ao per\u00edodo chuvoso. Mais de 40 mil moradores da \u00e1rea s\u00e3o beneficiados com a [&hellip;]<\/p>\n","protected":false},"author":2,"featured_media":295982,"comment_status":"closed","ping_status":"closed","sticky":false,"template":"","format":"standard","meta":{"_acf_changed":false,"footnotes":""},"categories":[161],"tags":[],"class_list":["post-295981","post","type-post","status-publish","format-standard","has-post-thumbnail","hentry","category-quadradinho-em-foco"],"acf":[],"yoast_head":"<!-- This site is optimized with the Yoast SEO plugin v27.2 - https:\/\/yoast.com\/product\/yoast-seo-wordpress\/ -->\n<title>Regi\u00e3o da 26 de Setembro recebe terraplanagem e drenagem - Notibras<\/title>\n<meta name=\"robots\" content=\"index, follow, max-snippet:-1, max-image-preview:large, max-video-preview:-1\" \/>\n<link rel=\"canonical\" href=\"https:\/\/www.notibras.com\/site\/regiao-da-26-de-setembro-recebe-terraplanagem-e-drenagem\/\" \/>\n<meta property=\"og:locale\" content=\"pt_BR\" \/>\n<meta property=\"og:type\" content=\"article\" \/>\n<meta property=\"og:title\" content=\"Regi\u00e3o da 26 de Setembro recebe terraplanagem e drenagem - Notibras\" \/>\n<meta property=\"og:description\" content=\"As ruas n\u00e3o pavimentadas da Col\u00f4nia Agr\u00edcola 26 de Setembro, em Vicente Pires, est\u00e3o passando por manuten\u00e7\u00f5es vi\u00e1rias desde o come\u00e7o de novembro. A a\u00e7\u00e3o, executada pelo programa GDF Presente, inclui a terraplanagem e drenagem das vias, que estavam prejudicadas devido ao per\u00edodo chuvoso. Mais de 40 mil moradores da \u00e1rea s\u00e3o beneficiados com a [&hellip;]\" \/>\n<meta property=\"og:url\" content=\"https:\/\/www.notibras.com\/site\/regiao-da-26-de-setembro-recebe-terraplanagem-e-drenagem\/\" \/>\n<meta property=\"og:site_name\" content=\"Notibras\" \/>\n<meta property=\"article:publisher\" content=\"https:\/\/www.facebook.com\/notibras\/\" \/>\n<meta property=\"article:published_time\" content=\"2022-12-11T21:29:46+00:00\" \/>\n<meta property=\"article:modified_time\" content=\"2022-12-12T00:31:58+00:00\" \/>\n<meta property=\"og:image\" content=\"https:\/\/www.notibras.com\/site\/wp-content\/uploads\/2022\/12\/52553565978_93044120f6_c.jpg\" \/>\n\t<meta property=\"og:image:width\" content=\"800\" \/>\n\t<meta property=\"og:image:height\" content=\"533\" \/>\n\t<meta property=\"og:image:type\" content=\"image\/jpeg\" \/>\n<meta name=\"author\" content=\"Reda\u00e7\u00e3o\" \/>\n<meta name=\"twitter:card\" content=\"summary_large_image\" \/>\n<meta name=\"twitter:creator\" content=\"@Notibras\" \/>\n<meta name=\"twitter:site\" content=\"@Notibras\" \/>\n<meta name=\"twitter:label1\" content=\"Escrito por\" \/>\n\t<meta name=\"twitter:data1\" content=\"Reda\u00e7\u00e3o\" \/>\n\t<meta name=\"twitter:label2\" content=\"Est. tempo de leitura\" \/>\n\t<meta name=\"twitter:data2\" content=\"2 minutos\" \/>\n<script type=\"application\/ld+json\" class=\"yoast-schema-graph\">{\"@context\":\"https:\/\/schema.org\",\"@graph\":[{\"@type\":\"Article\",\"@id\":\"https:\/\/www.notibras.com\/site\/regiao-da-26-de-setembro-recebe-terraplanagem-e-drenagem\/#article\",\"isPartOf\":{\"@id\":\"https:\/\/www.notibras.com\/site\/regiao-da-26-de-setembro-recebe-terraplanagem-e-drenagem\/\"},\"author\":{\"name\":\"Reda\u00e7\u00e3o\",\"@id\":\"https:\/\/www.notibras.com\/site\/#\/schema\/person\/36ab0979449956132d3e5b517ea76ac8\"},\"headline\":\"Regi\u00e3o da 26 de Setembro recebe terraplanagem e drenagem\",\"datePublished\":\"2022-12-11T21:29:46+00:00\",\"dateModified\":\"2022-12-12T00:31:58+00:00\",\"mainEntityOfPage\":{\"@id\":\"https:\/\/www.notibras.com\/site\/regiao-da-26-de-setembro-recebe-terraplanagem-e-drenagem\/\"},\"wordCount\":392,\"publisher\":{\"@id\":\"https:\/\/www.notibras.com\/site\/#organization\"},\"image\":{\"@id\":\"https:\/\/www.notibras.com\/site\/regiao-da-26-de-setembro-recebe-terraplanagem-e-drenagem\/#primaryimage\"},\"thumbnailUrl\":\"https:\/\/www.notibras.com\/site\/wp-content\/uploads\/2022\/12\/52553565978_93044120f6_c.jpg\",\"articleSection\":[\"Quadradinho em Foco\"],\"inLanguage\":\"pt-BR\"},{\"@type\":\"WebPage\",\"@id\":\"https:\/\/www.notibras.com\/site\/regiao-da-26-de-setembro-recebe-terraplanagem-e-drenagem\/\",\"url\":\"https:\/\/www.notibras.com\/site\/regiao-da-26-de-setembro-recebe-terraplanagem-e-drenagem\/\",\"name\":\"Regi\u00e3o da 26 de Setembro recebe terraplanagem e drenagem - Notibras\",\"isPartOf\":{\"@id\":\"https:\/\/www.notibras.com\/site\/#website\"},\"primaryImageOfPage\":{\"@id\":\"https:\/\/www.notibras.com\/site\/regiao-da-26-de-setembro-recebe-terraplanagem-e-drenagem\/#primaryimage\"},\"image\":{\"@id\":\"https:\/\/www.notibras.com\/site\/regiao-da-26-de-setembro-recebe-terraplanagem-e-drenagem\/#primaryimage\"},\"thumbnailUrl\":\"https:\/\/www.notibras.com\/site\/wp-content\/uploads\/2022\/12\/52553565978_93044120f6_c.jpg\",\"datePublished\":\"2022-12-11T21:29:46+00:00\",\"dateModified\":\"2022-12-12T00:31:58+00:00\",\"breadcrumb\":{\"@id\":\"https:\/\/www.notibras.com\/site\/regiao-da-26-de-setembro-recebe-terraplanagem-e-drenagem\/#breadcrumb\"},\"inLanguage\":\"pt-BR\",\"potentialAction\":[{\"@type\":\"ReadAction\",\"target\":[\"https:\/\/www.notibras.com\/site\/regiao-da-26-de-setembro-recebe-terraplanagem-e-drenagem\/\"]}]},{\"@type\":\"ImageObject\",\"inLanguage\":\"pt-BR\",\"@id\":\"https:\/\/www.notibras.com\/site\/regiao-da-26-de-setembro-recebe-terraplanagem-e-drenagem\/#primaryimage\",\"url\":\"https:\/\/www.notibras.com\/site\/wp-content\/uploads\/2022\/12\/52553565978_93044120f6_c.jpg\",\"contentUrl\":\"https:\/\/www.notibras.com\/site\/wp-content\/uploads\/2022\/12\/52553565978_93044120f6_c.jpg\",\"width\":800,\"height\":533},{\"@type\":\"BreadcrumbList\",\"@id\":\"https:\/\/www.notibras.com\/site\/regiao-da-26-de-setembro-recebe-terraplanagem-e-drenagem\/#breadcrumb\",\"itemListElement\":[{\"@type\":\"ListItem\",\"position\":1,\"name\":\"In\u00edcio\",\"item\":\"https:\/\/www.notibras.com\/site\/\"},{\"@type\":\"ListItem\",\"position\":2,\"name\":\"Regi\u00e3o da 26 de Setembro recebe terraplanagem e drenagem\"}]},{\"@type\":\"WebSite\",\"@id\":\"https:\/\/www.notibras.com\/site\/#website\",\"url\":\"https:\/\/www.notibras.com\/site\/\",\"name\":\"Notibras\",\"description\":\"Not\u00edcias de Bras\u00edlia, do Brasil e do Mundo\",\"publisher\":{\"@id\":\"https:\/\/www.notibras.com\/site\/#organization\"},\"potentialAction\":[{\"@type\":\"SearchAction\",\"target\":{\"@type\":\"EntryPoint\",\"urlTemplate\":\"https:\/\/www.notibras.com\/site\/?s={search_term_string}\"},\"query-input\":{\"@type\":\"PropertyValueSpecification\",\"valueRequired\":true,\"valueName\":\"search_term_string\"}}],\"inLanguage\":\"pt-BR\"},{\"@type\":\"Organization\",\"@id\":\"https:\/\/www.notibras.com\/site\/#organization\",\"name\":\"Grupo Notibras de Comunica\u00e7\u00e3o\",\"url\":\"https:\/\/www.notibras.com\/site\/\",\"logo\":{\"@type\":\"ImageObject\",\"inLanguage\":\"pt-BR\",\"@id\":\"https:\/\/www.notibras.com\/site\/#\/schema\/logo\/image\/\",\"url\":\"https:\/\/www.notibras.com\/site\/wp-content\/uploads\/2023\/01\/notibras23.png\",\"contentUrl\":\"https:\/\/www.notibras.com\/site\/wp-content\/uploads\/2023\/01\/notibras23.png\",\"width\":350,\"height\":87,\"caption\":\"Grupo Notibras de Comunica\u00e7\u00e3o\"},\"image\":{\"@id\":\"https:\/\/www.notibras.com\/site\/#\/schema\/logo\/image\/\"},\"sameAs\":[\"https:\/\/www.facebook.com\/notibras\/\",\"https:\/\/x.com\/Notibras\",\"https:\/\/www.instagram.com\/notibras\/\"]},{\"@type\":\"Person\",\"@id\":\"https:\/\/www.notibras.com\/site\/#\/schema\/person\/36ab0979449956132d3e5b517ea76ac8\",\"name\":\"Reda\u00e7\u00e3o\",\"image\":{\"@type\":\"ImageObject\",\"inLanguage\":\"pt-BR\",\"@id\":\"https:\/\/secure.gravatar.com\/avatar\/e0a867bdedb85fd243eadf09663511f96fc81e0720a4a42581f334ad4303aa6b?s=96&d=mm&r=g\",\"url\":\"https:\/\/secure.gravatar.com\/avatar\/e0a867bdedb85fd243eadf09663511f96fc81e0720a4a42581f334ad4303aa6b?s=96&d=mm&r=g\",\"contentUrl\":\"https:\/\/secure.gravatar.com\/avatar\/e0a867bdedb85fd243eadf09663511f96fc81e0720a4a42581f334ad4303aa6b?s=96&d=mm&r=g\",\"caption\":\"Reda\u00e7\u00e3o\"}}]}<\/script>\n<!-- \/ Yoast SEO plugin. -->","yoast_head_json":{"title":"Regi\u00e3o da 26 de Setembro recebe terraplanagem e drenagem - Notibras","robots":{"index":"index","follow":"follow","max-snippet":"max-snippet:-1","max-image-preview":"max-image-preview:large","max-video-preview":"max-video-preview:-1"},"canonical":"https:\/\/www.notibras.com\/site\/regiao-da-26-de-setembro-recebe-terraplanagem-e-drenagem\/","og_locale":"pt_BR","og_type":"article","og_title":"Regi\u00e3o da 26 de Setembro recebe terraplanagem e drenagem - Notibras","og_description":"As ruas n\u00e3o pavimentadas da Col\u00f4nia Agr\u00edcola 26 de Setembro, em Vicente Pires, est\u00e3o passando por manuten\u00e7\u00f5es vi\u00e1rias desde o come\u00e7o de novembro. A a\u00e7\u00e3o, executada pelo programa GDF Presente, inclui a terraplanagem e drenagem das vias, que estavam prejudicadas devido ao per\u00edodo chuvoso. Mais de 40 mil moradores da \u00e1rea s\u00e3o beneficiados com a [&hellip;]","og_url":"https:\/\/www.notibras.com\/site\/regiao-da-26-de-setembro-recebe-terraplanagem-e-drenagem\/","og_site_name":"Notibras","article_publisher":"https:\/\/www.facebook.com\/notibras\/","article_published_time":"2022-12-11T21:29:46+00:00","article_modified_time":"2022-12-12T00:31:58+00:00","og_image":[{"width":800,"height":533,"url":"https:\/\/www.notibras.com\/site\/wp-content\/uploads\/2022\/12\/52553565978_93044120f6_c.jpg","type":"image\/jpeg"}],"author":"Reda\u00e7\u00e3o","twitter_card":"summary_large_image","twitter_creator":"@Notibras","twitter_site":"@Notibras","twitter_misc":{"Escrito por":"Reda\u00e7\u00e3o","Est. tempo de leitura":"2 minutos"},"schema":{"@context":"https:\/\/schema.org","@graph":[{"@type":"Article","@id":"https:\/\/www.notibras.com\/site\/regiao-da-26-de-setembro-recebe-terraplanagem-e-drenagem\/#article","isPartOf":{"@id":"https:\/\/www.notibras.com\/site\/regiao-da-26-de-setembro-recebe-terraplanagem-e-drenagem\/"},"author":{"name":"Reda\u00e7\u00e3o","@id":"https:\/\/www.notibras.com\/site\/#\/schema\/person\/36ab0979449956132d3e5b517ea76ac8"},"headline":"Regi\u00e3o da 26 de Setembro recebe terraplanagem e drenagem","datePublished":"2022-12-11T21:29:46+00:00","dateModified":"2022-12-12T00:31:58+00:00","mainEntityOfPage":{"@id":"https:\/\/www.notibras.com\/site\/regiao-da-26-de-setembro-recebe-terraplanagem-e-drenagem\/"},"wordCount":392,"publisher":{"@id":"https:\/\/www.notibras.com\/site\/#organization"},"image":{"@id":"https:\/\/www.notibras.com\/site\/regiao-da-26-de-setembro-recebe-terraplanagem-e-drenagem\/#primaryimage"},"thumbnailUrl":"https:\/\/www.notibras.com\/site\/wp-content\/uploads\/2022\/12\/52553565978_93044120f6_c.jpg","articleSection":["Quadradinho em Foco"],"inLanguage":"pt-BR"},{"@type":"WebPage","@id":"https:\/\/www.notibras.com\/site\/regiao-da-26-de-setembro-recebe-terraplanagem-e-drenagem\/","url":"https:\/\/www.notibras.com\/site\/regiao-da-26-de-setembro-recebe-terraplanagem-e-drenagem\/","name":"Regi\u00e3o da 26 de Setembro recebe terraplanagem e drenagem - Notibras","isPartOf":{"@id":"https:\/\/www.notibras.com\/site\/#website"},"primaryImageOfPage":{"@id":"https:\/\/www.notibras.com\/site\/regiao-da-26-de-setembro-recebe-terraplanagem-e-drenagem\/#primaryimage"},"image":{"@id":"https:\/\/www.notibras.com\/site\/regiao-da-26-de-setembro-recebe-terraplanagem-e-drenagem\/#primaryimage"},"thumbnailUrl":"https:\/\/www.notibras.com\/site\/wp-content\/uploads\/2022\/12\/52553565978_93044120f6_c.jpg","datePublished":"2022-12-11T21:29:46+00:00","dateModified":"2022-12-12T00:31:58+00:00","breadcrumb":{"@id":"https:\/\/www.notibras.com\/site\/regiao-da-26-de-setembro-recebe-terraplanagem-e-drenagem\/#breadcrumb"},"inLanguage":"pt-BR","potentialAction":[{"@type":"ReadAction","target":["https:\/\/www.notibras.com\/site\/regiao-da-26-de-setembro-recebe-terraplanagem-e-drenagem\/"]}]},{"@type":"ImageObject","inLanguage":"pt-BR","@id":"https:\/\/www.notibras.com\/site\/regiao-da-26-de-setembro-recebe-terraplanagem-e-drenagem\/#primaryimage","url":"https:\/\/www.notibras.com\/site\/wp-content\/uploads\/2022\/12\/52553565978_93044120f6_c.jpg","contentUrl":"https:\/\/www.notibras.com\/site\/wp-content\/uploads\/2022\/12\/52553565978_93044120f6_c.jpg","width":800,"height":533},{"@type":"BreadcrumbList","@id":"https:\/\/www.notibras.com\/site\/regiao-da-26-de-setembro-recebe-terraplanagem-e-drenagem\/#breadcrumb","itemListElement":[{"@type":"ListItem","position":1,"name":"In\u00edcio","item":"https:\/\/www.notibras.com\/site\/"},{"@type":"ListItem","position":2,"name":"Regi\u00e3o da 26 de Setembro recebe terraplanagem e drenagem"}]},{"@type":"WebSite","@id":"https:\/\/www.notibras.com\/site\/#website","url":"https:\/\/www.notibras.com\/site\/","name":"Notibras","description":"Not\u00edcias de Bras\u00edlia, do Brasil e do Mundo","publisher":{"@id":"https:\/\/www.notibras.com\/site\/#organization"},"potentialAction":[{"@type":"SearchAction","target":{"@type":"EntryPoint","urlTemplate":"https:\/\/www.notibras.com\/site\/?s={search_term_string}"},"query-input":{"@type":"PropertyValueSpecification","valueRequired":true,"valueName":"search_term_string"}}],"inLanguage":"pt-BR"},{"@type":"Organization","@id":"https:\/\/www.notibras.com\/site\/#organization","name":"Grupo Notibras de Comunica\u00e7\u00e3o","url":"https:\/\/www.notibras.com\/site\/","logo":{"@type":"ImageObject","inLanguage":"pt-BR","@id":"https:\/\/www.notibras.com\/site\/#\/schema\/logo\/image\/","url":"https:\/\/www.notibras.com\/site\/wp-content\/uploads\/2023\/01\/notibras23.png","contentUrl":"https:\/\/www.notibras.com\/site\/wp-content\/uploads\/2023\/01\/notibras23.png","width":350,"height":87,"caption":"Grupo Notibras de Comunica\u00e7\u00e3o"},"image":{"@id":"https:\/\/www.notibras.com\/site\/#\/schema\/logo\/image\/"},"sameAs":["https:\/\/www.facebook.com\/notibras\/","https:\/\/x.com\/Notibras","https:\/\/www.instagram.com\/notibras\/"]},{"@type":"Person","@id":"https:\/\/www.notibras.com\/site\/#\/schema\/person\/36ab0979449956132d3e5b517ea76ac8","name":"Reda\u00e7\u00e3o","image":{"@type":"ImageObject","inLanguage":"pt-BR","@id":"https:\/\/secure.gravatar.com\/avatar\/e0a867bdedb85fd243eadf09663511f96fc81e0720a4a42581f334ad4303aa6b?s=96&d=mm&r=g","url":"https:\/\/secure.gravatar.com\/avatar\/e0a867bdedb85fd243eadf09663511f96fc81e0720a4a42581f334ad4303aa6b?s=96&d=mm&r=g","contentUrl":"https:\/\/secure.gravatar.com\/avatar\/e0a867bdedb85fd243eadf09663511f96fc81e0720a4a42581f334ad4303aa6b?s=96&d=mm&r=g","caption":"Reda\u00e7\u00e3o"}}]}},"amp_enabled":true,"_links":{"self":[{"href":"https:\/\/www.notibras.com\/site\/wp-json\/wp\/v2\/posts\/295981","targetHints":{"allow":["GET"]}}],"collection":[{"href":"https:\/\/www.notibras.com\/site\/wp-json\/wp\/v2\/posts"}],"about":[{"href":"https:\/\/www.notibras.com\/site\/wp-json\/wp\/v2\/types\/post"}],"author":[{"embeddable":true,"href":"https:\/\/www.notibras.com\/site\/wp-json\/wp\/v2\/users\/2"}],"replies":[{"embeddable":true,"href":"https:\/\/www.notibras.com\/site\/wp-json\/wp\/v2\/comments?post=295981"}],"version-history":[{"count":1,"href":"https:\/\/www.notibras.com\/site\/wp-json\/wp\/v2\/posts\/295981\/revisions"}],"predecessor-version":[{"id":295983,"href":"https:\/\/www.notibras.com\/site\/wp-json\/wp\/v2\/posts\/295981\/revisions\/295983"}],"wp:featuredmedia":[{"embeddable":true,"href":"https:\/\/www.notibras.com\/site\/wp-json\/wp\/v2\/media\/295982"}],"wp:attachment":[{"href":"https:\/\/www.notibras.com\/site\/wp-json\/wp\/v2\/media?parent=295981"}],"wp:term":[{"taxonomy":"category","embeddable":true,"href":"https:\/\/www.notibras.com\/site\/wp-json\/wp\/v2\/categories?post=295981"},{"taxonomy":"post_tag","embeddable":true,"href":"https:\/\/www.notibras.com\/site\/wp-json\/wp\/v2\/tags?post=295981"}],"curies":[{"name":"wp","href":"https:\/\/api.w.org\/{rel}","templated":true}]}}