{"id":296106,"date":"2022-12-13T00:59:31","date_gmt":"2022-12-13T03:59:31","guid":{"rendered":"https:\/\/www.notibras.com\/site\/?p=296106"},"modified":"2022-12-13T15:02:36","modified_gmt":"2022-12-13T18:02:36","slug":"horta-terapeutica-ajuda-a-fortalecer-saude-mental-de-pacientes","status":"publish","type":"post","link":"https:\/\/www.notibras.com\/site\/horta-terapeutica-ajuda-a-fortalecer-saude-mental-de-pacientes\/","title":{"rendered":"Horta terap\u00eautica ajuda a fortalecer sa\u00fade mental de pacientes"},"content":{"rendered":"<p>A terapia por meio da conviv\u00eancia com as plantas, a terra, o ar puro, enfim, o contato direto com a natureza. \u00c9 o que prop\u00f5e o projeto de uma horta terap\u00eautica sob os cuidados do Centro de Aten\u00e7\u00e3o Psicossocial (Caps II) do Parano\u00e1. Nem parece atendimento de sa\u00fade, mas a din\u00e2mica \u00e9 s\u00e9ria e tem surtido efeito na rotina de pelo menos 15 pacientes com algum tipo de trauma severo ou problemas emocionais que se traduziram em transtornos mentais graves. \u00c9 o caso da costureira Marta Sousa, 47 anos, h\u00e1 um m\u00eas na condi\u00e7\u00e3o de frequentadora do canteiro de hortali\u00e7as.<\/p>\n<p>Na Horta Livre do Caps II, como tamb\u00e9m \u00e9 conhecida pelos frequentadores, produz-se de tudo: frutas, verduras, legumes, al\u00e9m de muito carinho e esp\u00edrito de empatia. \u201c\u00c9 muito importante este contato com a natureza, as pessoas \u00e0s vezes esquecem de contemplar a natureza, dar bom dia ao astro-rei\u201d, observa ela. \u201cDepois que passei a participar desse grupo, meu sorriso voltou, rejuvenesci\u201d, agradece.<\/p>\n<p>Respons\u00e1vel pelo atendimento humanizado dos pacientes desde agosto de 2021, o psic\u00f3logo Claudio Huguet explica que o tratamento se desdobra em dois momentos importantes que culminam no que ele chama de experi\u00eancia emocional corretiva: o contato direto com a horta e os bate-papos. Em ambos os processos, a promo\u00e7\u00e3o do acolhimento e o desenvolvimento da autoestima s\u00e3o latentes.<\/p>\n<p>\u201cAs li\u00e7\u00f5es que a gente tira da horta extrapolam para a vida das pessoas\u201d, observa o servidor de sa\u00fade. \u201cE, nos bate-papos, \u00e9 bem pragm\u00e1tico, com um ajudando o outro ao ouvir os problemas que alguns tiveram e auxiliando o outro por meio do relato de sua pr\u00f3pria experi\u00eancia e as estrat\u00e9gias que usou para enfrent\u00e1-los\u201d, diz o psic\u00f3logo.<\/p>\n<p>Aos 50 anos, a dona de casa K\u00e1tia Ferreira de Souza tem um problema de coluna que a atormenta dia e noite. A paz que ela encontra mexendo na horta n\u00e3o tem pre\u00e7o. \u201cComecei meu tratamento psicol\u00f3gico aqui. Estar em contato direto com a natureza e com pessoas que conseguem compreender o que estou sentindo foi uma grande ajuda\u201d, conta.<\/p>\n<p>Com um problema de coluna, a dona de casa K\u00e1tia Ferreira, 50 anos, encontra paz trabalhando na horta<br \/>\nGra\u00e7as a um conv\u00eanio firmado com a Emater-DF, a horta do Caps II conta com adubo de frango. E uma parceria com a Ceasa garante a doa\u00e7\u00e3o de mudas que s\u00e3o cultivadas no local.<\/p>\n<p>O que \u00e9 produzido tamb\u00e9m gera renda para os pacientes. \u201cAl\u00e9m dos benef\u00edcios emocionais, psicol\u00f3gicos, a horta propicia a gera\u00e7\u00e3o de renda com o suor do trabalho deles\u201d, revela o psic\u00f3logo. \u201cTem um valor simb\u00f3lico para eles, mas ajuda na passagem do \u00f4nibus, por exemplo\u201d, diz.<\/p>\n<p>Residente com especializa\u00e7\u00e3o em sa\u00fade mental, a fisioterapeuta Karine Vieira de Oliveira atua no Caps h\u00e1 quatro meses. Desenvolve com os pacientes da horta atividades alternativas, como oficinas de pr\u00e1ticas corporais. Defende que a reabilita\u00e7\u00e3o psicossocial \u00e9 fundamental na emancipa\u00e7\u00e3o dos pacientes enquanto pessoas e na socializa\u00e7\u00e3o.<\/p>\n<p>\u201cMuitas vezes, as pessoas que est\u00e3o em sofrimento mental acabam perdendo esse contato com a sociedade\u201d, observa a fisioterapeuta. \u201cEnt\u00e3o, tanto o trabalho da horta quanto as atividades culturais e f\u00edsicas ajudam nesse processo de criar, construir, colher que atravessa muito o que \u00e9 a nossa vida\u201d, avalia.<\/p>\n<p><strong>Servi\u00e7o<\/strong><br \/>\nA Horta Terap\u00eautica do Caps II tem um perfil no Instagram (@hortalivrecaps2) no qual divulga os trabalhos e os produtos para atrair um n\u00famero maior de consumidores.<\/p>\n","protected":false},"excerpt":{"rendered":"<p>A terapia por meio da conviv\u00eancia com as plantas, a terra, o ar puro, enfim, o contato direto com a natureza. \u00c9 o que prop\u00f5e o projeto de uma horta terap\u00eautica sob os cuidados do Centro de Aten\u00e7\u00e3o Psicossocial (Caps II) do Parano\u00e1. Nem parece atendimento de sa\u00fade, mas a din\u00e2mica \u00e9 s\u00e9ria e tem [&hellip;]<\/p>\n","protected":false},"author":2,"featured_media":296107,"comment_status":"closed","ping_status":"closed","sticky":false,"template":"","format":"standard","meta":{"_acf_changed":false,"footnotes":""},"categories":[161],"tags":[],"class_list":["post-296106","post","type-post","status-publish","format-standard","has-post-thumbnail","hentry","category-quadradinho-em-foco"],"acf":[],"yoast_head":"<!-- This site is optimized with the Yoast SEO plugin v27.2 - https:\/\/yoast.com\/product\/yoast-seo-wordpress\/ -->\n<title>Horta terap\u00eautica ajuda a fortalecer sa\u00fade mental de pacientes - Notibras<\/title>\n<meta name=\"robots\" content=\"index, follow, max-snippet:-1, max-image-preview:large, max-video-preview:-1\" \/>\n<link rel=\"canonical\" href=\"https:\/\/www.notibras.com\/site\/horta-terapeutica-ajuda-a-fortalecer-saude-mental-de-pacientes\/\" \/>\n<meta property=\"og:locale\" content=\"pt_BR\" \/>\n<meta property=\"og:type\" content=\"article\" \/>\n<meta property=\"og:title\" content=\"Horta terap\u00eautica ajuda a fortalecer sa\u00fade mental de pacientes - Notibras\" \/>\n<meta property=\"og:description\" content=\"A terapia por meio da conviv\u00eancia com as plantas, a terra, o ar puro, enfim, o contato direto com a natureza. \u00c9 o que prop\u00f5e o projeto de uma horta terap\u00eautica sob os cuidados do Centro de Aten\u00e7\u00e3o Psicossocial (Caps II) do Parano\u00e1. Nem parece atendimento de sa\u00fade, mas a din\u00e2mica \u00e9 s\u00e9ria e tem [&hellip;]\" \/>\n<meta property=\"og:url\" content=\"https:\/\/www.notibras.com\/site\/horta-terapeutica-ajuda-a-fortalecer-saude-mental-de-pacientes\/\" \/>\n<meta property=\"og:site_name\" content=\"Notibras\" \/>\n<meta property=\"article:publisher\" content=\"https:\/\/www.facebook.com\/notibras\/\" \/>\n<meta property=\"article:published_time\" content=\"2022-12-13T03:59:31+00:00\" \/>\n<meta property=\"article:modified_time\" content=\"2022-12-13T18:02:36+00:00\" \/>\n<meta property=\"og:image\" content=\"https:\/\/www.notibras.com\/site\/wp-content\/uploads\/2022\/12\/Dentro-1-33-1536x1024-1.jpg\" \/>\n\t<meta property=\"og:image:width\" content=\"1536\" \/>\n\t<meta property=\"og:image:height\" content=\"1024\" \/>\n\t<meta property=\"og:image:type\" content=\"image\/jpeg\" \/>\n<meta name=\"author\" content=\"Reda\u00e7\u00e3o\" \/>\n<meta name=\"twitter:card\" content=\"summary_large_image\" \/>\n<meta name=\"twitter:creator\" content=\"@Notibras\" \/>\n<meta name=\"twitter:site\" content=\"@Notibras\" \/>\n<meta name=\"twitter:label1\" content=\"Escrito por\" \/>\n\t<meta name=\"twitter:data1\" content=\"Reda\u00e7\u00e3o\" \/>\n\t<meta name=\"twitter:label2\" content=\"Est. tempo de leitura\" \/>\n\t<meta name=\"twitter:data2\" content=\"4 minutos\" \/>\n<script type=\"application\/ld+json\" class=\"yoast-schema-graph\">{\"@context\":\"https:\/\/schema.org\",\"@graph\":[{\"@type\":\"Article\",\"@id\":\"https:\/\/www.notibras.com\/site\/horta-terapeutica-ajuda-a-fortalecer-saude-mental-de-pacientes\/#article\",\"isPartOf\":{\"@id\":\"https:\/\/www.notibras.com\/site\/horta-terapeutica-ajuda-a-fortalecer-saude-mental-de-pacientes\/\"},\"author\":{\"name\":\"Reda\u00e7\u00e3o\",\"@id\":\"https:\/\/www.notibras.com\/site\/#\/schema\/person\/36ab0979449956132d3e5b517ea76ac8\"},\"headline\":\"Horta terap\u00eautica ajuda a fortalecer sa\u00fade mental de pacientes\",\"datePublished\":\"2022-12-13T03:59:31+00:00\",\"dateModified\":\"2022-12-13T18:02:36+00:00\",\"mainEntityOfPage\":{\"@id\":\"https:\/\/www.notibras.com\/site\/horta-terapeutica-ajuda-a-fortalecer-saude-mental-de-pacientes\/\"},\"wordCount\":611,\"publisher\":{\"@id\":\"https:\/\/www.notibras.com\/site\/#organization\"},\"image\":{\"@id\":\"https:\/\/www.notibras.com\/site\/horta-terapeutica-ajuda-a-fortalecer-saude-mental-de-pacientes\/#primaryimage\"},\"thumbnailUrl\":\"https:\/\/www.notibras.com\/site\/wp-content\/uploads\/2022\/12\/Dentro-1-33-1536x1024-1.jpg\",\"articleSection\":[\"Quadradinho em Foco\"],\"inLanguage\":\"pt-BR\"},{\"@type\":\"WebPage\",\"@id\":\"https:\/\/www.notibras.com\/site\/horta-terapeutica-ajuda-a-fortalecer-saude-mental-de-pacientes\/\",\"url\":\"https:\/\/www.notibras.com\/site\/horta-terapeutica-ajuda-a-fortalecer-saude-mental-de-pacientes\/\",\"name\":\"Horta terap\u00eautica ajuda a fortalecer sa\u00fade mental de pacientes - Notibras\",\"isPartOf\":{\"@id\":\"https:\/\/www.notibras.com\/site\/#website\"},\"primaryImageOfPage\":{\"@id\":\"https:\/\/www.notibras.com\/site\/horta-terapeutica-ajuda-a-fortalecer-saude-mental-de-pacientes\/#primaryimage\"},\"image\":{\"@id\":\"https:\/\/www.notibras.com\/site\/horta-terapeutica-ajuda-a-fortalecer-saude-mental-de-pacientes\/#primaryimage\"},\"thumbnailUrl\":\"https:\/\/www.notibras.com\/site\/wp-content\/uploads\/2022\/12\/Dentro-1-33-1536x1024-1.jpg\",\"datePublished\":\"2022-12-13T03:59:31+00:00\",\"dateModified\":\"2022-12-13T18:02:36+00:00\",\"breadcrumb\":{\"@id\":\"https:\/\/www.notibras.com\/site\/horta-terapeutica-ajuda-a-fortalecer-saude-mental-de-pacientes\/#breadcrumb\"},\"inLanguage\":\"pt-BR\",\"potentialAction\":[{\"@type\":\"ReadAction\",\"target\":[\"https:\/\/www.notibras.com\/site\/horta-terapeutica-ajuda-a-fortalecer-saude-mental-de-pacientes\/\"]}]},{\"@type\":\"ImageObject\",\"inLanguage\":\"pt-BR\",\"@id\":\"https:\/\/www.notibras.com\/site\/horta-terapeutica-ajuda-a-fortalecer-saude-mental-de-pacientes\/#primaryimage\",\"url\":\"https:\/\/www.notibras.com\/site\/wp-content\/uploads\/2022\/12\/Dentro-1-33-1536x1024-1.jpg\",\"contentUrl\":\"https:\/\/www.notibras.com\/site\/wp-content\/uploads\/2022\/12\/Dentro-1-33-1536x1024-1.jpg\",\"width\":1536,\"height\":1024},{\"@type\":\"BreadcrumbList\",\"@id\":\"https:\/\/www.notibras.com\/site\/horta-terapeutica-ajuda-a-fortalecer-saude-mental-de-pacientes\/#breadcrumb\",\"itemListElement\":[{\"@type\":\"ListItem\",\"position\":1,\"name\":\"In\u00edcio\",\"item\":\"https:\/\/www.notibras.com\/site\/\"},{\"@type\":\"ListItem\",\"position\":2,\"name\":\"Horta terap\u00eautica ajuda a fortalecer sa\u00fade mental de pacientes\"}]},{\"@type\":\"WebSite\",\"@id\":\"https:\/\/www.notibras.com\/site\/#website\",\"url\":\"https:\/\/www.notibras.com\/site\/\",\"name\":\"Notibras\",\"description\":\"Not\u00edcias de Bras\u00edlia, do Brasil e do Mundo\",\"publisher\":{\"@id\":\"https:\/\/www.notibras.com\/site\/#organization\"},\"potentialAction\":[{\"@type\":\"SearchAction\",\"target\":{\"@type\":\"EntryPoint\",\"urlTemplate\":\"https:\/\/www.notibras.com\/site\/?s={search_term_string}\"},\"query-input\":{\"@type\":\"PropertyValueSpecification\",\"valueRequired\":true,\"valueName\":\"search_term_string\"}}],\"inLanguage\":\"pt-BR\"},{\"@type\":\"Organization\",\"@id\":\"https:\/\/www.notibras.com\/site\/#organization\",\"name\":\"Grupo Notibras de Comunica\u00e7\u00e3o\",\"url\":\"https:\/\/www.notibras.com\/site\/\",\"logo\":{\"@type\":\"ImageObject\",\"inLanguage\":\"pt-BR\",\"@id\":\"https:\/\/www.notibras.com\/site\/#\/schema\/logo\/image\/\",\"url\":\"https:\/\/www.notibras.com\/site\/wp-content\/uploads\/2023\/01\/notibras23.png\",\"contentUrl\":\"https:\/\/www.notibras.com\/site\/wp-content\/uploads\/2023\/01\/notibras23.png\",\"width\":350,\"height\":87,\"caption\":\"Grupo Notibras de Comunica\u00e7\u00e3o\"},\"image\":{\"@id\":\"https:\/\/www.notibras.com\/site\/#\/schema\/logo\/image\/\"},\"sameAs\":[\"https:\/\/www.facebook.com\/notibras\/\",\"https:\/\/x.com\/Notibras\",\"https:\/\/www.instagram.com\/notibras\/\"]},{\"@type\":\"Person\",\"@id\":\"https:\/\/www.notibras.com\/site\/#\/schema\/person\/36ab0979449956132d3e5b517ea76ac8\",\"name\":\"Reda\u00e7\u00e3o\",\"image\":{\"@type\":\"ImageObject\",\"inLanguage\":\"pt-BR\",\"@id\":\"https:\/\/secure.gravatar.com\/avatar\/e0a867bdedb85fd243eadf09663511f96fc81e0720a4a42581f334ad4303aa6b?s=96&d=mm&r=g\",\"url\":\"https:\/\/secure.gravatar.com\/avatar\/e0a867bdedb85fd243eadf09663511f96fc81e0720a4a42581f334ad4303aa6b?s=96&d=mm&r=g\",\"contentUrl\":\"https:\/\/secure.gravatar.com\/avatar\/e0a867bdedb85fd243eadf09663511f96fc81e0720a4a42581f334ad4303aa6b?s=96&d=mm&r=g\",\"caption\":\"Reda\u00e7\u00e3o\"}}]}<\/script>\n<!-- \/ Yoast SEO plugin. -->","yoast_head_json":{"title":"Horta terap\u00eautica ajuda a fortalecer sa\u00fade mental de pacientes - Notibras","robots":{"index":"index","follow":"follow","max-snippet":"max-snippet:-1","max-image-preview":"max-image-preview:large","max-video-preview":"max-video-preview:-1"},"canonical":"https:\/\/www.notibras.com\/site\/horta-terapeutica-ajuda-a-fortalecer-saude-mental-de-pacientes\/","og_locale":"pt_BR","og_type":"article","og_title":"Horta terap\u00eautica ajuda a fortalecer sa\u00fade mental de pacientes - Notibras","og_description":"A terapia por meio da conviv\u00eancia com as plantas, a terra, o ar puro, enfim, o contato direto com a natureza. \u00c9 o que prop\u00f5e o projeto de uma horta terap\u00eautica sob os cuidados do Centro de Aten\u00e7\u00e3o Psicossocial (Caps II) do Parano\u00e1. Nem parece atendimento de sa\u00fade, mas a din\u00e2mica \u00e9 s\u00e9ria e tem [&hellip;]","og_url":"https:\/\/www.notibras.com\/site\/horta-terapeutica-ajuda-a-fortalecer-saude-mental-de-pacientes\/","og_site_name":"Notibras","article_publisher":"https:\/\/www.facebook.com\/notibras\/","article_published_time":"2022-12-13T03:59:31+00:00","article_modified_time":"2022-12-13T18:02:36+00:00","og_image":[{"width":1536,"height":1024,"url":"https:\/\/www.notibras.com\/site\/wp-content\/uploads\/2022\/12\/Dentro-1-33-1536x1024-1.jpg","type":"image\/jpeg"}],"author":"Reda\u00e7\u00e3o","twitter_card":"summary_large_image","twitter_creator":"@Notibras","twitter_site":"@Notibras","twitter_misc":{"Escrito por":"Reda\u00e7\u00e3o","Est. tempo de leitura":"4 minutos"},"schema":{"@context":"https:\/\/schema.org","@graph":[{"@type":"Article","@id":"https:\/\/www.notibras.com\/site\/horta-terapeutica-ajuda-a-fortalecer-saude-mental-de-pacientes\/#article","isPartOf":{"@id":"https:\/\/www.notibras.com\/site\/horta-terapeutica-ajuda-a-fortalecer-saude-mental-de-pacientes\/"},"author":{"name":"Reda\u00e7\u00e3o","@id":"https:\/\/www.notibras.com\/site\/#\/schema\/person\/36ab0979449956132d3e5b517ea76ac8"},"headline":"Horta terap\u00eautica ajuda a fortalecer sa\u00fade mental de pacientes","datePublished":"2022-12-13T03:59:31+00:00","dateModified":"2022-12-13T18:02:36+00:00","mainEntityOfPage":{"@id":"https:\/\/www.notibras.com\/site\/horta-terapeutica-ajuda-a-fortalecer-saude-mental-de-pacientes\/"},"wordCount":611,"publisher":{"@id":"https:\/\/www.notibras.com\/site\/#organization"},"image":{"@id":"https:\/\/www.notibras.com\/site\/horta-terapeutica-ajuda-a-fortalecer-saude-mental-de-pacientes\/#primaryimage"},"thumbnailUrl":"https:\/\/www.notibras.com\/site\/wp-content\/uploads\/2022\/12\/Dentro-1-33-1536x1024-1.jpg","articleSection":["Quadradinho em Foco"],"inLanguage":"pt-BR"},{"@type":"WebPage","@id":"https:\/\/www.notibras.com\/site\/horta-terapeutica-ajuda-a-fortalecer-saude-mental-de-pacientes\/","url":"https:\/\/www.notibras.com\/site\/horta-terapeutica-ajuda-a-fortalecer-saude-mental-de-pacientes\/","name":"Horta terap\u00eautica ajuda a fortalecer sa\u00fade mental de pacientes - Notibras","isPartOf":{"@id":"https:\/\/www.notibras.com\/site\/#website"},"primaryImageOfPage":{"@id":"https:\/\/www.notibras.com\/site\/horta-terapeutica-ajuda-a-fortalecer-saude-mental-de-pacientes\/#primaryimage"},"image":{"@id":"https:\/\/www.notibras.com\/site\/horta-terapeutica-ajuda-a-fortalecer-saude-mental-de-pacientes\/#primaryimage"},"thumbnailUrl":"https:\/\/www.notibras.com\/site\/wp-content\/uploads\/2022\/12\/Dentro-1-33-1536x1024-1.jpg","datePublished":"2022-12-13T03:59:31+00:00","dateModified":"2022-12-13T18:02:36+00:00","breadcrumb":{"@id":"https:\/\/www.notibras.com\/site\/horta-terapeutica-ajuda-a-fortalecer-saude-mental-de-pacientes\/#breadcrumb"},"inLanguage":"pt-BR","potentialAction":[{"@type":"ReadAction","target":["https:\/\/www.notibras.com\/site\/horta-terapeutica-ajuda-a-fortalecer-saude-mental-de-pacientes\/"]}]},{"@type":"ImageObject","inLanguage":"pt-BR","@id":"https:\/\/www.notibras.com\/site\/horta-terapeutica-ajuda-a-fortalecer-saude-mental-de-pacientes\/#primaryimage","url":"https:\/\/www.notibras.com\/site\/wp-content\/uploads\/2022\/12\/Dentro-1-33-1536x1024-1.jpg","contentUrl":"https:\/\/www.notibras.com\/site\/wp-content\/uploads\/2022\/12\/Dentro-1-33-1536x1024-1.jpg","width":1536,"height":1024},{"@type":"BreadcrumbList","@id":"https:\/\/www.notibras.com\/site\/horta-terapeutica-ajuda-a-fortalecer-saude-mental-de-pacientes\/#breadcrumb","itemListElement":[{"@type":"ListItem","position":1,"name":"In\u00edcio","item":"https:\/\/www.notibras.com\/site\/"},{"@type":"ListItem","position":2,"name":"Horta terap\u00eautica ajuda a fortalecer sa\u00fade mental de pacientes"}]},{"@type":"WebSite","@id":"https:\/\/www.notibras.com\/site\/#website","url":"https:\/\/www.notibras.com\/site\/","name":"Notibras","description":"Not\u00edcias de Bras\u00edlia, do Brasil e do Mundo","publisher":{"@id":"https:\/\/www.notibras.com\/site\/#organization"},"potentialAction":[{"@type":"SearchAction","target":{"@type":"EntryPoint","urlTemplate":"https:\/\/www.notibras.com\/site\/?s={search_term_string}"},"query-input":{"@type":"PropertyValueSpecification","valueRequired":true,"valueName":"search_term_string"}}],"inLanguage":"pt-BR"},{"@type":"Organization","@id":"https:\/\/www.notibras.com\/site\/#organization","name":"Grupo Notibras de Comunica\u00e7\u00e3o","url":"https:\/\/www.notibras.com\/site\/","logo":{"@type":"ImageObject","inLanguage":"pt-BR","@id":"https:\/\/www.notibras.com\/site\/#\/schema\/logo\/image\/","url":"https:\/\/www.notibras.com\/site\/wp-content\/uploads\/2023\/01\/notibras23.png","contentUrl":"https:\/\/www.notibras.com\/site\/wp-content\/uploads\/2023\/01\/notibras23.png","width":350,"height":87,"caption":"Grupo Notibras de Comunica\u00e7\u00e3o"},"image":{"@id":"https:\/\/www.notibras.com\/site\/#\/schema\/logo\/image\/"},"sameAs":["https:\/\/www.facebook.com\/notibras\/","https:\/\/x.com\/Notibras","https:\/\/www.instagram.com\/notibras\/"]},{"@type":"Person","@id":"https:\/\/www.notibras.com\/site\/#\/schema\/person\/36ab0979449956132d3e5b517ea76ac8","name":"Reda\u00e7\u00e3o","image":{"@type":"ImageObject","inLanguage":"pt-BR","@id":"https:\/\/secure.gravatar.com\/avatar\/e0a867bdedb85fd243eadf09663511f96fc81e0720a4a42581f334ad4303aa6b?s=96&d=mm&r=g","url":"https:\/\/secure.gravatar.com\/avatar\/e0a867bdedb85fd243eadf09663511f96fc81e0720a4a42581f334ad4303aa6b?s=96&d=mm&r=g","contentUrl":"https:\/\/secure.gravatar.com\/avatar\/e0a867bdedb85fd243eadf09663511f96fc81e0720a4a42581f334ad4303aa6b?s=96&d=mm&r=g","caption":"Reda\u00e7\u00e3o"}}]}},"amp_enabled":true,"_links":{"self":[{"href":"https:\/\/www.notibras.com\/site\/wp-json\/wp\/v2\/posts\/296106","targetHints":{"allow":["GET"]}}],"collection":[{"href":"https:\/\/www.notibras.com\/site\/wp-json\/wp\/v2\/posts"}],"about":[{"href":"https:\/\/www.notibras.com\/site\/wp-json\/wp\/v2\/types\/post"}],"author":[{"embeddable":true,"href":"https:\/\/www.notibras.com\/site\/wp-json\/wp\/v2\/users\/2"}],"replies":[{"embeddable":true,"href":"https:\/\/www.notibras.com\/site\/wp-json\/wp\/v2\/comments?post=296106"}],"version-history":[{"count":1,"href":"https:\/\/www.notibras.com\/site\/wp-json\/wp\/v2\/posts\/296106\/revisions"}],"predecessor-version":[{"id":296108,"href":"https:\/\/www.notibras.com\/site\/wp-json\/wp\/v2\/posts\/296106\/revisions\/296108"}],"wp:featuredmedia":[{"embeddable":true,"href":"https:\/\/www.notibras.com\/site\/wp-json\/wp\/v2\/media\/296107"}],"wp:attachment":[{"href":"https:\/\/www.notibras.com\/site\/wp-json\/wp\/v2\/media?parent=296106"}],"wp:term":[{"taxonomy":"category","embeddable":true,"href":"https:\/\/www.notibras.com\/site\/wp-json\/wp\/v2\/categories?post=296106"},{"taxonomy":"post_tag","embeddable":true,"href":"https:\/\/www.notibras.com\/site\/wp-json\/wp\/v2\/tags?post=296106"}],"curies":[{"name":"wp","href":"https:\/\/api.w.org\/{rel}","templated":true}]}}