{"id":296113,"date":"2022-12-13T01:10:35","date_gmt":"2022-12-13T04:10:35","guid":{"rendered":"https:\/\/www.notibras.com\/site\/?p=296113"},"modified":"2022-12-13T15:15:09","modified_gmt":"2022-12-13T18:15:09","slug":"agricultura-familiar-rebe-invetimentos-de-45-milhoes","status":"publish","type":"post","link":"https:\/\/www.notibras.com\/site\/agricultura-familiar-rebe-invetimentos-de-45-milhoes\/","title":{"rendered":"Agricultura familiar recebe investimentos de 4,5 milh\u00f5es"},"content":{"rendered":"<p>A Secretaria da Agricultura do Distrito Federal (Seagri), em parceria com a Empresa de Assist\u00eancia T\u00e9cnica e Extens\u00e3o Rural (Emater) e a Secretaria de Desenvolvimento Social (Sedes), vai investir R$ 4,5 milh\u00f5es na agricultura familiar. Por meio de chamamento p\u00fablico, ser\u00e3o beneficiados 300 produtores do DF e Entorno, com a aquisi\u00e7\u00e3o de 120 mil cestas verdes.<\/p>\n<p>Por meio do programa Cesta Verde, \u00e9 poss\u00edvel atender tanto pequenos produtores quanto fam\u00edlias em situa\u00e7\u00e3o de vulnerabilidade social. De 2019 at\u00e9 agosto de 2022, a iniciativa cresceu e foi respons\u00e1vel por distribuir mais de 265 mil cestas no Distrito Federal.<\/p>\n<p>\u201cEsse \u00e9 o dinheiro mais bem aplicado do governo, pois, de uma vez, n\u00f3s servimos a dois atores: ao produtor rural e \u00e0s fam\u00edlias carentes. E esse modelo tem sido exportado para outros lugares. H\u00e1 alguns meses, recebemos o ministro de Neg\u00f3cios do Paraguai, que veio para conhecer o sistema\u201d, afirma o secret\u00e1rio de Agricultura, Candido Teles.<\/p>\n<p>A secret\u00e1ria de Desenvolvimento Social, Ana Paula Marra, explica que \u201cnesse contrato, aumentamos o n\u00famero de cooperativas que fornecem os produtos da Cesta Verde, porque entendemos a import\u00e2ncia desse programa para incentivar os pequenos agricultores, a economia local, al\u00e9m de garantir que as fam\u00edlias ter\u00e3o em casa alimentos saud\u00e1veis e naturais\u201d.<\/p>\n<p>Um dos beneficiados do dia, o presidente da Cooperativa Agr\u00edcola da Regi\u00e3o de Planaltina (Cootaquara), Maur\u00edcio Rezende, reitera a import\u00e2ncia do Cesta Verde e revela almejar um crescimento ainda maior. \u201cEsse programa tem sido essencial, \u00e9 como uma inje\u00e7\u00e3o na veia. \u00c9 um dinheiro que atende bem o produtor rural, que pode levar o que produz aos mais necessitados. N\u00f3s temos que parabenizar essa iniciativa e vamos trabalhar para que no pr\u00f3ximo ano esse recurso aumente ainda mais\u201d, frisa.<\/p>\n<p>Composta por frutas, legumes e verduras, o Cesta Verde \u00e9 oferecido como complemento \u00e0s 85.990 fam\u00edlias benefici\u00e1rias do Cart\u00e3o Prato Cheio com o objetivo de combater \u00e0 inseguran\u00e7a alimentar e nutricional. Ela tamb\u00e9m \u00e9 entregue \u00e0s pessoas que recebem a cesta b\u00e1sica emergencial.<\/p>\n<p>\u201cNingu\u00e9m vive sem comer. Se n\u00e3o houver agricultura e n\u00e3o houver campo, n\u00e3o h\u00e1 cidade. E a agricultura familiar \u00e9 respons\u00e1vel por alimentar muita gente. Sabemos a gravidade do problema da fome, mas o trabalho tem sido grande e a resposta tem sido dada\u201d, destaca Candido Teles.<\/p>\n<p><strong>Papa-DF<\/strong><br \/>\nO Programa de Aquisi\u00e7\u00e3o de Frutas, Verduras e Legumes produzidos por Agricultores Familiares (Papa-DF), nos moldes da Lei Distrital n\u00ba 4.752\/2012 e Decreto Distrital n\u00ba 33.642\/2012, foi criado no intuito de atender os programas sociais da Secretaria de Desenvolvimento Social. Pela parceria entre Sedes e Seagri, benefici\u00e1rios do programa Prato Cheio podem receber uma ou mais cestas verdes durante o ciclo de nove meses de concess\u00e3o do benef\u00edcio.<\/p>\n<p>\u201cO Cesta Verde complementa o programa Prato Cheio. Na \u00e9poca em que o cart\u00e3o foi criado, descartamos converter a Cesta Verde em dinheiro, porque, ao mesmo tempo que viabilizamos uma alimenta\u00e7\u00e3o saud\u00e1vel e de qualidade para as fam\u00edlias, garantimos que os produtos ser\u00e3o adquiridos dos agricultores familiares do DF\u201d, pontua a subsecret\u00e1ria de Seguran\u00e7a Alimentar e Nutricional da Sedes, Vanderlea Cremonini.<\/p>\n","protected":false},"excerpt":{"rendered":"<p>A Secretaria da Agricultura do Distrito Federal (Seagri), em parceria com a Empresa de Assist\u00eancia T\u00e9cnica e Extens\u00e3o Rural (Emater) e a Secretaria de Desenvolvimento Social (Sedes), vai investir R$ 4,5 milh\u00f5es na agricultura familiar. Por meio de chamamento p\u00fablico, ser\u00e3o beneficiados 300 produtores do DF e Entorno, com a aquisi\u00e7\u00e3o de 120 mil cestas [&hellip;]<\/p>\n","protected":false},"author":2,"featured_media":296114,"comment_status":"closed","ping_status":"closed","sticky":false,"template":"","format":"standard","meta":{"_acf_changed":false,"footnotes":""},"categories":[161],"tags":[],"class_list":["post-296113","post","type-post","status-publish","format-standard","has-post-thumbnail","hentry","category-quadradinho-em-foco"],"acf":[],"yoast_head":"<!-- This site is optimized with the Yoast SEO plugin v27.2 - https:\/\/yoast.com\/product\/yoast-seo-wordpress\/ -->\n<title>Agricultura familiar recebe investimentos de 4,5 milh\u00f5es - Notibras<\/title>\n<meta name=\"robots\" content=\"index, follow, max-snippet:-1, max-image-preview:large, max-video-preview:-1\" \/>\n<link rel=\"canonical\" href=\"https:\/\/www.notibras.com\/site\/agricultura-familiar-rebe-invetimentos-de-45-milhoes\/\" \/>\n<meta property=\"og:locale\" content=\"pt_BR\" \/>\n<meta property=\"og:type\" content=\"article\" \/>\n<meta property=\"og:title\" content=\"Agricultura familiar recebe investimentos de 4,5 milh\u00f5es - Notibras\" \/>\n<meta property=\"og:description\" content=\"A Secretaria da Agricultura do Distrito Federal (Seagri), em parceria com a Empresa de Assist\u00eancia T\u00e9cnica e Extens\u00e3o Rural (Emater) e a Secretaria de Desenvolvimento Social (Sedes), vai investir R$ 4,5 milh\u00f5es na agricultura familiar. Por meio de chamamento p\u00fablico, ser\u00e3o beneficiados 300 produtores do DF e Entorno, com a aquisi\u00e7\u00e3o de 120 mil cestas [&hellip;]\" \/>\n<meta property=\"og:url\" content=\"https:\/\/www.notibras.com\/site\/agricultura-familiar-rebe-invetimentos-de-45-milhoes\/\" \/>\n<meta property=\"og:site_name\" content=\"Notibras\" \/>\n<meta property=\"article:publisher\" content=\"https:\/\/www.facebook.com\/notibras\/\" \/>\n<meta property=\"article:published_time\" content=\"2022-12-13T04:10:35+00:00\" \/>\n<meta property=\"article:modified_time\" content=\"2022-12-13T18:15:09+00:00\" \/>\n<meta property=\"og:image\" content=\"https:\/\/www.notibras.com\/site\/wp-content\/uploads\/2022\/12\/dentro-2-1536x1046-1.jpg\" \/>\n\t<meta property=\"og:image:width\" content=\"1536\" \/>\n\t<meta property=\"og:image:height\" content=\"1046\" \/>\n\t<meta property=\"og:image:type\" content=\"image\/jpeg\" \/>\n<meta name=\"author\" content=\"Reda\u00e7\u00e3o\" \/>\n<meta name=\"twitter:card\" content=\"summary_large_image\" \/>\n<meta name=\"twitter:creator\" content=\"@Notibras\" \/>\n<meta name=\"twitter:site\" content=\"@Notibras\" \/>\n<meta name=\"twitter:label1\" content=\"Escrito por\" \/>\n\t<meta name=\"twitter:data1\" content=\"Reda\u00e7\u00e3o\" \/>\n\t<meta name=\"twitter:label2\" content=\"Est. tempo de leitura\" \/>\n\t<meta name=\"twitter:data2\" content=\"3 minutos\" \/>\n<script type=\"application\/ld+json\" class=\"yoast-schema-graph\">{\"@context\":\"https:\/\/schema.org\",\"@graph\":[{\"@type\":\"Article\",\"@id\":\"https:\/\/www.notibras.com\/site\/agricultura-familiar-rebe-invetimentos-de-45-milhoes\/#article\",\"isPartOf\":{\"@id\":\"https:\/\/www.notibras.com\/site\/agricultura-familiar-rebe-invetimentos-de-45-milhoes\/\"},\"author\":{\"name\":\"Reda\u00e7\u00e3o\",\"@id\":\"https:\/\/www.notibras.com\/site\/#\/schema\/person\/36ab0979449956132d3e5b517ea76ac8\"},\"headline\":\"Agricultura familiar recebe investimentos de 4,5 milh\u00f5es\",\"datePublished\":\"2022-12-13T04:10:35+00:00\",\"dateModified\":\"2022-12-13T18:15:09+00:00\",\"mainEntityOfPage\":{\"@id\":\"https:\/\/www.notibras.com\/site\/agricultura-familiar-rebe-invetimentos-de-45-milhoes\/\"},\"wordCount\":545,\"publisher\":{\"@id\":\"https:\/\/www.notibras.com\/site\/#organization\"},\"image\":{\"@id\":\"https:\/\/www.notibras.com\/site\/agricultura-familiar-rebe-invetimentos-de-45-milhoes\/#primaryimage\"},\"thumbnailUrl\":\"https:\/\/www.notibras.com\/site\/wp-content\/uploads\/2022\/12\/dentro-2-1536x1046-1.jpg\",\"articleSection\":[\"Quadradinho em Foco\"],\"inLanguage\":\"pt-BR\"},{\"@type\":\"WebPage\",\"@id\":\"https:\/\/www.notibras.com\/site\/agricultura-familiar-rebe-invetimentos-de-45-milhoes\/\",\"url\":\"https:\/\/www.notibras.com\/site\/agricultura-familiar-rebe-invetimentos-de-45-milhoes\/\",\"name\":\"Agricultura familiar recebe investimentos de 4,5 milh\u00f5es - Notibras\",\"isPartOf\":{\"@id\":\"https:\/\/www.notibras.com\/site\/#website\"},\"primaryImageOfPage\":{\"@id\":\"https:\/\/www.notibras.com\/site\/agricultura-familiar-rebe-invetimentos-de-45-milhoes\/#primaryimage\"},\"image\":{\"@id\":\"https:\/\/www.notibras.com\/site\/agricultura-familiar-rebe-invetimentos-de-45-milhoes\/#primaryimage\"},\"thumbnailUrl\":\"https:\/\/www.notibras.com\/site\/wp-content\/uploads\/2022\/12\/dentro-2-1536x1046-1.jpg\",\"datePublished\":\"2022-12-13T04:10:35+00:00\",\"dateModified\":\"2022-12-13T18:15:09+00:00\",\"breadcrumb\":{\"@id\":\"https:\/\/www.notibras.com\/site\/agricultura-familiar-rebe-invetimentos-de-45-milhoes\/#breadcrumb\"},\"inLanguage\":\"pt-BR\",\"potentialAction\":[{\"@type\":\"ReadAction\",\"target\":[\"https:\/\/www.notibras.com\/site\/agricultura-familiar-rebe-invetimentos-de-45-milhoes\/\"]}]},{\"@type\":\"ImageObject\",\"inLanguage\":\"pt-BR\",\"@id\":\"https:\/\/www.notibras.com\/site\/agricultura-familiar-rebe-invetimentos-de-45-milhoes\/#primaryimage\",\"url\":\"https:\/\/www.notibras.com\/site\/wp-content\/uploads\/2022\/12\/dentro-2-1536x1046-1.jpg\",\"contentUrl\":\"https:\/\/www.notibras.com\/site\/wp-content\/uploads\/2022\/12\/dentro-2-1536x1046-1.jpg\",\"width\":1536,\"height\":1046},{\"@type\":\"BreadcrumbList\",\"@id\":\"https:\/\/www.notibras.com\/site\/agricultura-familiar-rebe-invetimentos-de-45-milhoes\/#breadcrumb\",\"itemListElement\":[{\"@type\":\"ListItem\",\"position\":1,\"name\":\"In\u00edcio\",\"item\":\"https:\/\/www.notibras.com\/site\/\"},{\"@type\":\"ListItem\",\"position\":2,\"name\":\"Agricultura familiar recebe investimentos de 4,5 milh\u00f5es\"}]},{\"@type\":\"WebSite\",\"@id\":\"https:\/\/www.notibras.com\/site\/#website\",\"url\":\"https:\/\/www.notibras.com\/site\/\",\"name\":\"Notibras\",\"description\":\"Not\u00edcias de Bras\u00edlia, do Brasil e do Mundo\",\"publisher\":{\"@id\":\"https:\/\/www.notibras.com\/site\/#organization\"},\"potentialAction\":[{\"@type\":\"SearchAction\",\"target\":{\"@type\":\"EntryPoint\",\"urlTemplate\":\"https:\/\/www.notibras.com\/site\/?s={search_term_string}\"},\"query-input\":{\"@type\":\"PropertyValueSpecification\",\"valueRequired\":true,\"valueName\":\"search_term_string\"}}],\"inLanguage\":\"pt-BR\"},{\"@type\":\"Organization\",\"@id\":\"https:\/\/www.notibras.com\/site\/#organization\",\"name\":\"Grupo Notibras de Comunica\u00e7\u00e3o\",\"url\":\"https:\/\/www.notibras.com\/site\/\",\"logo\":{\"@type\":\"ImageObject\",\"inLanguage\":\"pt-BR\",\"@id\":\"https:\/\/www.notibras.com\/site\/#\/schema\/logo\/image\/\",\"url\":\"https:\/\/www.notibras.com\/site\/wp-content\/uploads\/2023\/01\/notibras23.png\",\"contentUrl\":\"https:\/\/www.notibras.com\/site\/wp-content\/uploads\/2023\/01\/notibras23.png\",\"width\":350,\"height\":87,\"caption\":\"Grupo Notibras de Comunica\u00e7\u00e3o\"},\"image\":{\"@id\":\"https:\/\/www.notibras.com\/site\/#\/schema\/logo\/image\/\"},\"sameAs\":[\"https:\/\/www.facebook.com\/notibras\/\",\"https:\/\/x.com\/Notibras\",\"https:\/\/www.instagram.com\/notibras\/\"]},{\"@type\":\"Person\",\"@id\":\"https:\/\/www.notibras.com\/site\/#\/schema\/person\/36ab0979449956132d3e5b517ea76ac8\",\"name\":\"Reda\u00e7\u00e3o\",\"image\":{\"@type\":\"ImageObject\",\"inLanguage\":\"pt-BR\",\"@id\":\"https:\/\/secure.gravatar.com\/avatar\/e0a867bdedb85fd243eadf09663511f96fc81e0720a4a42581f334ad4303aa6b?s=96&d=mm&r=g\",\"url\":\"https:\/\/secure.gravatar.com\/avatar\/e0a867bdedb85fd243eadf09663511f96fc81e0720a4a42581f334ad4303aa6b?s=96&d=mm&r=g\",\"contentUrl\":\"https:\/\/secure.gravatar.com\/avatar\/e0a867bdedb85fd243eadf09663511f96fc81e0720a4a42581f334ad4303aa6b?s=96&d=mm&r=g\",\"caption\":\"Reda\u00e7\u00e3o\"}}]}<\/script>\n<!-- \/ Yoast SEO plugin. -->","yoast_head_json":{"title":"Agricultura familiar recebe investimentos de 4,5 milh\u00f5es - Notibras","robots":{"index":"index","follow":"follow","max-snippet":"max-snippet:-1","max-image-preview":"max-image-preview:large","max-video-preview":"max-video-preview:-1"},"canonical":"https:\/\/www.notibras.com\/site\/agricultura-familiar-rebe-invetimentos-de-45-milhoes\/","og_locale":"pt_BR","og_type":"article","og_title":"Agricultura familiar recebe investimentos de 4,5 milh\u00f5es - Notibras","og_description":"A Secretaria da Agricultura do Distrito Federal (Seagri), em parceria com a Empresa de Assist\u00eancia T\u00e9cnica e Extens\u00e3o Rural (Emater) e a Secretaria de Desenvolvimento Social (Sedes), vai investir R$ 4,5 milh\u00f5es na agricultura familiar. Por meio de chamamento p\u00fablico, ser\u00e3o beneficiados 300 produtores do DF e Entorno, com a aquisi\u00e7\u00e3o de 120 mil cestas [&hellip;]","og_url":"https:\/\/www.notibras.com\/site\/agricultura-familiar-rebe-invetimentos-de-45-milhoes\/","og_site_name":"Notibras","article_publisher":"https:\/\/www.facebook.com\/notibras\/","article_published_time":"2022-12-13T04:10:35+00:00","article_modified_time":"2022-12-13T18:15:09+00:00","og_image":[{"width":1536,"height":1046,"url":"https:\/\/www.notibras.com\/site\/wp-content\/uploads\/2022\/12\/dentro-2-1536x1046-1.jpg","type":"image\/jpeg"}],"author":"Reda\u00e7\u00e3o","twitter_card":"summary_large_image","twitter_creator":"@Notibras","twitter_site":"@Notibras","twitter_misc":{"Escrito por":"Reda\u00e7\u00e3o","Est. tempo de leitura":"3 minutos"},"schema":{"@context":"https:\/\/schema.org","@graph":[{"@type":"Article","@id":"https:\/\/www.notibras.com\/site\/agricultura-familiar-rebe-invetimentos-de-45-milhoes\/#article","isPartOf":{"@id":"https:\/\/www.notibras.com\/site\/agricultura-familiar-rebe-invetimentos-de-45-milhoes\/"},"author":{"name":"Reda\u00e7\u00e3o","@id":"https:\/\/www.notibras.com\/site\/#\/schema\/person\/36ab0979449956132d3e5b517ea76ac8"},"headline":"Agricultura familiar recebe investimentos de 4,5 milh\u00f5es","datePublished":"2022-12-13T04:10:35+00:00","dateModified":"2022-12-13T18:15:09+00:00","mainEntityOfPage":{"@id":"https:\/\/www.notibras.com\/site\/agricultura-familiar-rebe-invetimentos-de-45-milhoes\/"},"wordCount":545,"publisher":{"@id":"https:\/\/www.notibras.com\/site\/#organization"},"image":{"@id":"https:\/\/www.notibras.com\/site\/agricultura-familiar-rebe-invetimentos-de-45-milhoes\/#primaryimage"},"thumbnailUrl":"https:\/\/www.notibras.com\/site\/wp-content\/uploads\/2022\/12\/dentro-2-1536x1046-1.jpg","articleSection":["Quadradinho em Foco"],"inLanguage":"pt-BR"},{"@type":"WebPage","@id":"https:\/\/www.notibras.com\/site\/agricultura-familiar-rebe-invetimentos-de-45-milhoes\/","url":"https:\/\/www.notibras.com\/site\/agricultura-familiar-rebe-invetimentos-de-45-milhoes\/","name":"Agricultura familiar recebe investimentos de 4,5 milh\u00f5es - Notibras","isPartOf":{"@id":"https:\/\/www.notibras.com\/site\/#website"},"primaryImageOfPage":{"@id":"https:\/\/www.notibras.com\/site\/agricultura-familiar-rebe-invetimentos-de-45-milhoes\/#primaryimage"},"image":{"@id":"https:\/\/www.notibras.com\/site\/agricultura-familiar-rebe-invetimentos-de-45-milhoes\/#primaryimage"},"thumbnailUrl":"https:\/\/www.notibras.com\/site\/wp-content\/uploads\/2022\/12\/dentro-2-1536x1046-1.jpg","datePublished":"2022-12-13T04:10:35+00:00","dateModified":"2022-12-13T18:15:09+00:00","breadcrumb":{"@id":"https:\/\/www.notibras.com\/site\/agricultura-familiar-rebe-invetimentos-de-45-milhoes\/#breadcrumb"},"inLanguage":"pt-BR","potentialAction":[{"@type":"ReadAction","target":["https:\/\/www.notibras.com\/site\/agricultura-familiar-rebe-invetimentos-de-45-milhoes\/"]}]},{"@type":"ImageObject","inLanguage":"pt-BR","@id":"https:\/\/www.notibras.com\/site\/agricultura-familiar-rebe-invetimentos-de-45-milhoes\/#primaryimage","url":"https:\/\/www.notibras.com\/site\/wp-content\/uploads\/2022\/12\/dentro-2-1536x1046-1.jpg","contentUrl":"https:\/\/www.notibras.com\/site\/wp-content\/uploads\/2022\/12\/dentro-2-1536x1046-1.jpg","width":1536,"height":1046},{"@type":"BreadcrumbList","@id":"https:\/\/www.notibras.com\/site\/agricultura-familiar-rebe-invetimentos-de-45-milhoes\/#breadcrumb","itemListElement":[{"@type":"ListItem","position":1,"name":"In\u00edcio","item":"https:\/\/www.notibras.com\/site\/"},{"@type":"ListItem","position":2,"name":"Agricultura familiar recebe investimentos de 4,5 milh\u00f5es"}]},{"@type":"WebSite","@id":"https:\/\/www.notibras.com\/site\/#website","url":"https:\/\/www.notibras.com\/site\/","name":"Notibras","description":"Not\u00edcias de Bras\u00edlia, do Brasil e do Mundo","publisher":{"@id":"https:\/\/www.notibras.com\/site\/#organization"},"potentialAction":[{"@type":"SearchAction","target":{"@type":"EntryPoint","urlTemplate":"https:\/\/www.notibras.com\/site\/?s={search_term_string}"},"query-input":{"@type":"PropertyValueSpecification","valueRequired":true,"valueName":"search_term_string"}}],"inLanguage":"pt-BR"},{"@type":"Organization","@id":"https:\/\/www.notibras.com\/site\/#organization","name":"Grupo Notibras de Comunica\u00e7\u00e3o","url":"https:\/\/www.notibras.com\/site\/","logo":{"@type":"ImageObject","inLanguage":"pt-BR","@id":"https:\/\/www.notibras.com\/site\/#\/schema\/logo\/image\/","url":"https:\/\/www.notibras.com\/site\/wp-content\/uploads\/2023\/01\/notibras23.png","contentUrl":"https:\/\/www.notibras.com\/site\/wp-content\/uploads\/2023\/01\/notibras23.png","width":350,"height":87,"caption":"Grupo Notibras de Comunica\u00e7\u00e3o"},"image":{"@id":"https:\/\/www.notibras.com\/site\/#\/schema\/logo\/image\/"},"sameAs":["https:\/\/www.facebook.com\/notibras\/","https:\/\/x.com\/Notibras","https:\/\/www.instagram.com\/notibras\/"]},{"@type":"Person","@id":"https:\/\/www.notibras.com\/site\/#\/schema\/person\/36ab0979449956132d3e5b517ea76ac8","name":"Reda\u00e7\u00e3o","image":{"@type":"ImageObject","inLanguage":"pt-BR","@id":"https:\/\/secure.gravatar.com\/avatar\/e0a867bdedb85fd243eadf09663511f96fc81e0720a4a42581f334ad4303aa6b?s=96&d=mm&r=g","url":"https:\/\/secure.gravatar.com\/avatar\/e0a867bdedb85fd243eadf09663511f96fc81e0720a4a42581f334ad4303aa6b?s=96&d=mm&r=g","contentUrl":"https:\/\/secure.gravatar.com\/avatar\/e0a867bdedb85fd243eadf09663511f96fc81e0720a4a42581f334ad4303aa6b?s=96&d=mm&r=g","caption":"Reda\u00e7\u00e3o"}}]}},"amp_enabled":true,"_links":{"self":[{"href":"https:\/\/www.notibras.com\/site\/wp-json\/wp\/v2\/posts\/296113","targetHints":{"allow":["GET"]}}],"collection":[{"href":"https:\/\/www.notibras.com\/site\/wp-json\/wp\/v2\/posts"}],"about":[{"href":"https:\/\/www.notibras.com\/site\/wp-json\/wp\/v2\/types\/post"}],"author":[{"embeddable":true,"href":"https:\/\/www.notibras.com\/site\/wp-json\/wp\/v2\/users\/2"}],"replies":[{"embeddable":true,"href":"https:\/\/www.notibras.com\/site\/wp-json\/wp\/v2\/comments?post=296113"}],"version-history":[{"count":2,"href":"https:\/\/www.notibras.com\/site\/wp-json\/wp\/v2\/posts\/296113\/revisions"}],"predecessor-version":[{"id":296116,"href":"https:\/\/www.notibras.com\/site\/wp-json\/wp\/v2\/posts\/296113\/revisions\/296116"}],"wp:featuredmedia":[{"embeddable":true,"href":"https:\/\/www.notibras.com\/site\/wp-json\/wp\/v2\/media\/296114"}],"wp:attachment":[{"href":"https:\/\/www.notibras.com\/site\/wp-json\/wp\/v2\/media?parent=296113"}],"wp:term":[{"taxonomy":"category","embeddable":true,"href":"https:\/\/www.notibras.com\/site\/wp-json\/wp\/v2\/categories?post=296113"},{"taxonomy":"post_tag","embeddable":true,"href":"https:\/\/www.notibras.com\/site\/wp-json\/wp\/v2\/tags?post=296113"}],"curies":[{"name":"wp","href":"https:\/\/api.w.org\/{rel}","templated":true}]}}