{"id":296209,"date":"2022-12-15T17:30:37","date_gmt":"2022-12-15T20:30:37","guid":{"rendered":"https:\/\/www.notibras.com\/site\/?p=296209"},"modified":"2022-12-15T17:32:25","modified_gmt":"2022-12-15T20:32:25","slug":"quadras-ganham-batalha-contra-os-bares-na-guerra-do-som-alto","status":"publish","type":"post","link":"https:\/\/www.notibras.com\/site\/quadras-ganham-batalha-contra-os-bares-na-guerra-do-som-alto\/","title":{"rendered":"Quadras ganham batalha contra os bares na guerra do som alto"},"content":{"rendered":"<p>\u00c9 como se Papai Noel tivesse chegado mais cedo a Bras\u00edlia, sobrevoado a cidade e pilotado &#8211; com a ajuda de renas representadas pelo povo &#8211; seu tren\u00f3 at\u00e9 pousar no heliporto C\u00e2mara Legislativa. Essa a melhor interpreta\u00e7\u00e3o para ilustrar a batalha travada no apagar das luzes da ter\u00e7a-feira, 13, quando deputados distritais, na v\u00e9spera do recesso parlamentar e sabe-se l\u00e1 a mando de quem, estavam prestes a votar um projeto que acabaria com a tranquilidade nas quadras residenciais e comerciais da capital da Rep\u00fablica.<\/p>\n<p>O coro do &#8216;n\u00e3o&#8217;, que teria sido ditado pelo &#8216;Bom Velhinho&#8217;, foi entoado nas galerias tomadas por prefeitos e moradores de quadras do Plano Piloto. Os n\u00fameros do rel\u00f3gio digital do Plen\u00e1rio indicavam a hora precisa: 21h25. Enquanto donos de bares e restaurantes circulavam tranquilamente com ares de vitoriosos entre distritais, o povo n\u00e3o arredava p\u00e9.\u00a0 Estava come\u00e7ando uma nova uma batalha de uma antiga guerra. E mais uma vez, mesmo que temporariamente, a sociedade venceu.<\/p>\n<p>Patr\u00edcia Carvalho, presidente do Conselho Comunit\u00e1rio da Asa Sul, tendo ao lado sua colega Clea Torres da Silva, que preside o Conselho da Asa Norte, e Lisa Lobo, representante da Frente Comunit\u00e1ria Contra o Barulho, n\u00e3o contiveram as l\u00e1grimas de alegria. Afinal, havia o que comemorar: colocado para vota\u00e7\u00e3o em cima da hora, fora da pauta, os deputados distritais, em sua grande maioria, escolheram a melhor op\u00e7\u00e3o: ficaram ao lado do povo e deixaram para discutir eventuais mudan\u00e7as na Lei do Sil\u00eancio somente na pr\u00f3xima legislatura.<\/p>\n<p>O assunto, pol\u00eamico, beneficia apenas um lado: os empres\u00e1rios de bares e restaurantes que oferecem m\u00fasica ao vivo, e promotores de eventos musicais onde n\u00e3o h\u00e1 isolamento ac\u00fastico. A proposta de mexer na legisla\u00e7\u00e3o \u00e9 da deputada J\u00falia Lucy (Uni\u00e3o Brasil), cujo mandato se encerra no pr\u00f3ximo dia 31, porque ela n\u00e3o foi reeleita. A proposta \u00e9 aumentar os decib\u00e9is para 75 no per\u00edodo diurno e para 70 decib\u00e9is no per\u00edodo noturno.<\/p>\n<p>&#8220;Gra\u00e7as a nossa forte atua\u00e7\u00e3o na galeria, inibimos a atua\u00e7\u00e3o de alguns deputados que eram favor\u00e1veis a altera\u00e7\u00e3o da lei&#8221;, comemorou Patr\u00edcia Carvalho. \u00c9 mais uma batalha ganha, ela reconhece, mas entende que a guerra maior ainda est\u00e1 por ser vencida.<\/p>\n<p>A popula\u00e7\u00e3o, segundo a presidente do Conselho Comunit\u00e1rio da Asa Sul, n\u00e3o aprova a altera\u00e7\u00e3o dos decib\u00e9is, uma vez que isso implicaria em um s\u00e9rio problema de sa\u00fade p\u00fablica. A t\u00edtulo de exemplo, Patr\u00edcia lembra que uma pessoa exposta constantemente ao barulho excessivo, pode desencadear doen\u00e7as card\u00edacas, estresse, agita\u00e7\u00e3o e doen\u00e7as psicol\u00f3gicas. Isso tudo, sem contar com a degrada\u00e7\u00e3o do meio ambiente.<\/p>\n<p>A presidente do CCAS defende que a popula\u00e7\u00e3o seja ouvida. Uma das alternativas, sugere, \u00e9 a realiza\u00e7\u00e3o de audi\u00eancias p\u00fablicas com representantes de todas as partes interessadas. Ela cita a legisla\u00e7\u00e3o vigente (Lei 4.092\/2008) que se baseia em valores recomendados pelas normas brasileira da ABNT ( 10.151 e 10.152) que por sua vez, seguiu todas as etapas de elabora\u00e7\u00e3o, aprova\u00e7\u00e3o e promulga\u00e7\u00e3o destas.<\/p>\n<p>N\u00e3o bastasse isso, observa Patr\u00edcia, deve-se lembrar tamb\u00e9m que as leis brasileiras sobre barulho em \u00e1reas residenciais s\u00e3o baseadas em dados da Organiza\u00e7\u00e3o Mundial da Sa\u00fade. A determina\u00e7\u00e3o da OMS disp\u00f5e sobre as condi\u00e7\u00f5es de preju\u00edzos e comprometimento da sa\u00fade dos cidad\u00e3os e trabalhadores decorrentes da polui\u00e7\u00e3o sonora.<\/p>\n<p>&#8220;Infelizmente, empres\u00e1rios e promotores querem lucrar com eventos e querem que cada bar e restaurante possa explorar com altos volumes de som para atrair um maior n\u00famero de clientes do lado de fora&#8221;, lamenta Patr\u00edcia Carvalho, enfatizando que esses profissionais precisam investir em um tratamento ac\u00fastico adequado para n\u00e3o prejudicar a \u00e1rea residencial.<\/p>\n<p>Agora \u00e9 manter-se atento e esperar a pr\u00f3xima batalha &#8211; se e quando acontecer. &#8220;Esperamos que a Lei de controle da polui\u00e7\u00e3o sonora 4092\/2008 seja mantida na \u00edntegra; e, o mais importante, que seja cumprida&#8221;, afirma Patr\u00edcia. At\u00e9 porque, conclui, &#8220;n\u00e3o se negocia meia sa\u00fade com meio desrespeito&#8221;.<\/p>\n","protected":false},"excerpt":{"rendered":"<p>\u00c9 como se Papai Noel tivesse chegado mais cedo a Bras\u00edlia, sobrevoado a cidade e pilotado &#8211; com a ajuda de renas representadas pelo povo &#8211; seu tren\u00f3 at\u00e9 pousar no heliporto C\u00e2mara Legislativa. Essa a melhor interpreta\u00e7\u00e3o para ilustrar a batalha travada no apagar das luzes da ter\u00e7a-feira, 13, quando deputados distritais, na v\u00e9spera [&hellip;]<\/p>\n","protected":false},"author":2,"featured_media":296210,"comment_status":"closed","ping_status":"closed","sticky":false,"template":"","format":"standard","meta":{"_acf_changed":false,"footnotes":""},"categories":[161],"tags":[95],"class_list":["post-296209","post","type-post","status-publish","format-standard","has-post-thumbnail","hentry","category-quadradinho-em-foco","tag-capa"],"acf":[],"yoast_head":"<!-- This site is optimized with the Yoast SEO plugin v27.2 - https:\/\/yoast.com\/product\/yoast-seo-wordpress\/ -->\n<title>Quadras ganham batalha contra os bares na guerra do som alto - Notibras<\/title>\n<meta name=\"robots\" content=\"index, follow, max-snippet:-1, max-image-preview:large, max-video-preview:-1\" \/>\n<link rel=\"canonical\" href=\"https:\/\/www.notibras.com\/site\/quadras-ganham-batalha-contra-os-bares-na-guerra-do-som-alto\/\" \/>\n<meta property=\"og:locale\" content=\"pt_BR\" \/>\n<meta property=\"og:type\" content=\"article\" \/>\n<meta property=\"og:title\" content=\"Quadras ganham batalha contra os bares na guerra do som alto - Notibras\" \/>\n<meta property=\"og:description\" content=\"\u00c9 como se Papai Noel tivesse chegado mais cedo a Bras\u00edlia, sobrevoado a cidade e pilotado &#8211; com a ajuda de renas representadas pelo povo &#8211; seu tren\u00f3 at\u00e9 pousar no heliporto C\u00e2mara Legislativa. Essa a melhor interpreta\u00e7\u00e3o para ilustrar a batalha travada no apagar das luzes da ter\u00e7a-feira, 13, quando deputados distritais, na v\u00e9spera [&hellip;]\" \/>\n<meta property=\"og:url\" content=\"https:\/\/www.notibras.com\/site\/quadras-ganham-batalha-contra-os-bares-na-guerra-do-som-alto\/\" \/>\n<meta property=\"og:site_name\" content=\"Notibras\" \/>\n<meta property=\"article:publisher\" content=\"https:\/\/www.facebook.com\/notibras\/\" \/>\n<meta property=\"article:published_time\" content=\"2022-12-15T20:30:37+00:00\" \/>\n<meta property=\"article:modified_time\" content=\"2022-12-15T20:32:25+00:00\" \/>\n<meta property=\"og:image\" content=\"https:\/\/www.notibras.com\/site\/wp-content\/uploads\/2022\/12\/papai-noel.som_.webp\" \/>\n\t<meta property=\"og:image:width\" content=\"984\" \/>\n\t<meta property=\"og:image:height\" content=\"546\" \/>\n\t<meta property=\"og:image:type\" content=\"image\/webp\" \/>\n<meta name=\"author\" content=\"Reda\u00e7\u00e3o\" \/>\n<meta name=\"twitter:card\" content=\"summary_large_image\" \/>\n<meta name=\"twitter:creator\" content=\"@Notibras\" \/>\n<meta name=\"twitter:site\" content=\"@Notibras\" \/>\n<meta name=\"twitter:label1\" content=\"Escrito por\" \/>\n\t<meta name=\"twitter:data1\" content=\"Reda\u00e7\u00e3o\" \/>\n\t<meta name=\"twitter:label2\" content=\"Est. tempo de leitura\" \/>\n\t<meta name=\"twitter:data2\" content=\"4 minutos\" \/>\n<script type=\"application\/ld+json\" class=\"yoast-schema-graph\">{\"@context\":\"https:\/\/schema.org\",\"@graph\":[{\"@type\":\"Article\",\"@id\":\"https:\/\/www.notibras.com\/site\/quadras-ganham-batalha-contra-os-bares-na-guerra-do-som-alto\/#article\",\"isPartOf\":{\"@id\":\"https:\/\/www.notibras.com\/site\/quadras-ganham-batalha-contra-os-bares-na-guerra-do-som-alto\/\"},\"author\":{\"name\":\"Reda\u00e7\u00e3o\",\"@id\":\"https:\/\/www.notibras.com\/site\/#\/schema\/person\/36ab0979449956132d3e5b517ea76ac8\"},\"headline\":\"Quadras ganham batalha contra os bares na guerra do som alto\",\"datePublished\":\"2022-12-15T20:30:37+00:00\",\"dateModified\":\"2022-12-15T20:32:25+00:00\",\"mainEntityOfPage\":{\"@id\":\"https:\/\/www.notibras.com\/site\/quadras-ganham-batalha-contra-os-bares-na-guerra-do-som-alto\/\"},\"wordCount\":719,\"publisher\":{\"@id\":\"https:\/\/www.notibras.com\/site\/#organization\"},\"image\":{\"@id\":\"https:\/\/www.notibras.com\/site\/quadras-ganham-batalha-contra-os-bares-na-guerra-do-som-alto\/#primaryimage\"},\"thumbnailUrl\":\"https:\/\/www.notibras.com\/site\/wp-content\/uploads\/2022\/12\/papai-noel.som_.webp\",\"keywords\":[\"capa\"],\"articleSection\":[\"Quadradinho em Foco\"],\"inLanguage\":\"pt-BR\"},{\"@type\":\"WebPage\",\"@id\":\"https:\/\/www.notibras.com\/site\/quadras-ganham-batalha-contra-os-bares-na-guerra-do-som-alto\/\",\"url\":\"https:\/\/www.notibras.com\/site\/quadras-ganham-batalha-contra-os-bares-na-guerra-do-som-alto\/\",\"name\":\"Quadras ganham batalha contra os bares na guerra do som alto - Notibras\",\"isPartOf\":{\"@id\":\"https:\/\/www.notibras.com\/site\/#website\"},\"primaryImageOfPage\":{\"@id\":\"https:\/\/www.notibras.com\/site\/quadras-ganham-batalha-contra-os-bares-na-guerra-do-som-alto\/#primaryimage\"},\"image\":{\"@id\":\"https:\/\/www.notibras.com\/site\/quadras-ganham-batalha-contra-os-bares-na-guerra-do-som-alto\/#primaryimage\"},\"thumbnailUrl\":\"https:\/\/www.notibras.com\/site\/wp-content\/uploads\/2022\/12\/papai-noel.som_.webp\",\"datePublished\":\"2022-12-15T20:30:37+00:00\",\"dateModified\":\"2022-12-15T20:32:25+00:00\",\"breadcrumb\":{\"@id\":\"https:\/\/www.notibras.com\/site\/quadras-ganham-batalha-contra-os-bares-na-guerra-do-som-alto\/#breadcrumb\"},\"inLanguage\":\"pt-BR\",\"potentialAction\":[{\"@type\":\"ReadAction\",\"target\":[\"https:\/\/www.notibras.com\/site\/quadras-ganham-batalha-contra-os-bares-na-guerra-do-som-alto\/\"]}]},{\"@type\":\"ImageObject\",\"inLanguage\":\"pt-BR\",\"@id\":\"https:\/\/www.notibras.com\/site\/quadras-ganham-batalha-contra-os-bares-na-guerra-do-som-alto\/#primaryimage\",\"url\":\"https:\/\/www.notibras.com\/site\/wp-content\/uploads\/2022\/12\/papai-noel.som_.webp\",\"contentUrl\":\"https:\/\/www.notibras.com\/site\/wp-content\/uploads\/2022\/12\/papai-noel.som_.webp\",\"width\":984,\"height\":546},{\"@type\":\"BreadcrumbList\",\"@id\":\"https:\/\/www.notibras.com\/site\/quadras-ganham-batalha-contra-os-bares-na-guerra-do-som-alto\/#breadcrumb\",\"itemListElement\":[{\"@type\":\"ListItem\",\"position\":1,\"name\":\"In\u00edcio\",\"item\":\"https:\/\/www.notibras.com\/site\/\"},{\"@type\":\"ListItem\",\"position\":2,\"name\":\"Quadras ganham batalha contra os bares na guerra do som alto\"}]},{\"@type\":\"WebSite\",\"@id\":\"https:\/\/www.notibras.com\/site\/#website\",\"url\":\"https:\/\/www.notibras.com\/site\/\",\"name\":\"Notibras\",\"description\":\"Not\u00edcias de Bras\u00edlia, do Brasil e do Mundo\",\"publisher\":{\"@id\":\"https:\/\/www.notibras.com\/site\/#organization\"},\"potentialAction\":[{\"@type\":\"SearchAction\",\"target\":{\"@type\":\"EntryPoint\",\"urlTemplate\":\"https:\/\/www.notibras.com\/site\/?s={search_term_string}\"},\"query-input\":{\"@type\":\"PropertyValueSpecification\",\"valueRequired\":true,\"valueName\":\"search_term_string\"}}],\"inLanguage\":\"pt-BR\"},{\"@type\":\"Organization\",\"@id\":\"https:\/\/www.notibras.com\/site\/#organization\",\"name\":\"Grupo Notibras de Comunica\u00e7\u00e3o\",\"url\":\"https:\/\/www.notibras.com\/site\/\",\"logo\":{\"@type\":\"ImageObject\",\"inLanguage\":\"pt-BR\",\"@id\":\"https:\/\/www.notibras.com\/site\/#\/schema\/logo\/image\/\",\"url\":\"https:\/\/www.notibras.com\/site\/wp-content\/uploads\/2023\/01\/notibras23.png\",\"contentUrl\":\"https:\/\/www.notibras.com\/site\/wp-content\/uploads\/2023\/01\/notibras23.png\",\"width\":350,\"height\":87,\"caption\":\"Grupo Notibras de Comunica\u00e7\u00e3o\"},\"image\":{\"@id\":\"https:\/\/www.notibras.com\/site\/#\/schema\/logo\/image\/\"},\"sameAs\":[\"https:\/\/www.facebook.com\/notibras\/\",\"https:\/\/x.com\/Notibras\",\"https:\/\/www.instagram.com\/notibras\/\"]},{\"@type\":\"Person\",\"@id\":\"https:\/\/www.notibras.com\/site\/#\/schema\/person\/36ab0979449956132d3e5b517ea76ac8\",\"name\":\"Reda\u00e7\u00e3o\",\"image\":{\"@type\":\"ImageObject\",\"inLanguage\":\"pt-BR\",\"@id\":\"https:\/\/secure.gravatar.com\/avatar\/e0a867bdedb85fd243eadf09663511f96fc81e0720a4a42581f334ad4303aa6b?s=96&d=mm&r=g\",\"url\":\"https:\/\/secure.gravatar.com\/avatar\/e0a867bdedb85fd243eadf09663511f96fc81e0720a4a42581f334ad4303aa6b?s=96&d=mm&r=g\",\"contentUrl\":\"https:\/\/secure.gravatar.com\/avatar\/e0a867bdedb85fd243eadf09663511f96fc81e0720a4a42581f334ad4303aa6b?s=96&d=mm&r=g\",\"caption\":\"Reda\u00e7\u00e3o\"}}]}<\/script>\n<!-- \/ Yoast SEO plugin. -->","yoast_head_json":{"title":"Quadras ganham batalha contra os bares na guerra do som alto - Notibras","robots":{"index":"index","follow":"follow","max-snippet":"max-snippet:-1","max-image-preview":"max-image-preview:large","max-video-preview":"max-video-preview:-1"},"canonical":"https:\/\/www.notibras.com\/site\/quadras-ganham-batalha-contra-os-bares-na-guerra-do-som-alto\/","og_locale":"pt_BR","og_type":"article","og_title":"Quadras ganham batalha contra os bares na guerra do som alto - Notibras","og_description":"\u00c9 como se Papai Noel tivesse chegado mais cedo a Bras\u00edlia, sobrevoado a cidade e pilotado &#8211; com a ajuda de renas representadas pelo povo &#8211; seu tren\u00f3 at\u00e9 pousar no heliporto C\u00e2mara Legislativa. Essa a melhor interpreta\u00e7\u00e3o para ilustrar a batalha travada no apagar das luzes da ter\u00e7a-feira, 13, quando deputados distritais, na v\u00e9spera [&hellip;]","og_url":"https:\/\/www.notibras.com\/site\/quadras-ganham-batalha-contra-os-bares-na-guerra-do-som-alto\/","og_site_name":"Notibras","article_publisher":"https:\/\/www.facebook.com\/notibras\/","article_published_time":"2022-12-15T20:30:37+00:00","article_modified_time":"2022-12-15T20:32:25+00:00","og_image":[{"width":984,"height":546,"url":"https:\/\/www.notibras.com\/site\/wp-content\/uploads\/2022\/12\/papai-noel.som_.webp","type":"image\/webp"}],"author":"Reda\u00e7\u00e3o","twitter_card":"summary_large_image","twitter_creator":"@Notibras","twitter_site":"@Notibras","twitter_misc":{"Escrito por":"Reda\u00e7\u00e3o","Est. tempo de leitura":"4 minutos"},"schema":{"@context":"https:\/\/schema.org","@graph":[{"@type":"Article","@id":"https:\/\/www.notibras.com\/site\/quadras-ganham-batalha-contra-os-bares-na-guerra-do-som-alto\/#article","isPartOf":{"@id":"https:\/\/www.notibras.com\/site\/quadras-ganham-batalha-contra-os-bares-na-guerra-do-som-alto\/"},"author":{"name":"Reda\u00e7\u00e3o","@id":"https:\/\/www.notibras.com\/site\/#\/schema\/person\/36ab0979449956132d3e5b517ea76ac8"},"headline":"Quadras ganham batalha contra os bares na guerra do som alto","datePublished":"2022-12-15T20:30:37+00:00","dateModified":"2022-12-15T20:32:25+00:00","mainEntityOfPage":{"@id":"https:\/\/www.notibras.com\/site\/quadras-ganham-batalha-contra-os-bares-na-guerra-do-som-alto\/"},"wordCount":719,"publisher":{"@id":"https:\/\/www.notibras.com\/site\/#organization"},"image":{"@id":"https:\/\/www.notibras.com\/site\/quadras-ganham-batalha-contra-os-bares-na-guerra-do-som-alto\/#primaryimage"},"thumbnailUrl":"https:\/\/www.notibras.com\/site\/wp-content\/uploads\/2022\/12\/papai-noel.som_.webp","keywords":["capa"],"articleSection":["Quadradinho em Foco"],"inLanguage":"pt-BR"},{"@type":"WebPage","@id":"https:\/\/www.notibras.com\/site\/quadras-ganham-batalha-contra-os-bares-na-guerra-do-som-alto\/","url":"https:\/\/www.notibras.com\/site\/quadras-ganham-batalha-contra-os-bares-na-guerra-do-som-alto\/","name":"Quadras ganham batalha contra os bares na guerra do som alto - Notibras","isPartOf":{"@id":"https:\/\/www.notibras.com\/site\/#website"},"primaryImageOfPage":{"@id":"https:\/\/www.notibras.com\/site\/quadras-ganham-batalha-contra-os-bares-na-guerra-do-som-alto\/#primaryimage"},"image":{"@id":"https:\/\/www.notibras.com\/site\/quadras-ganham-batalha-contra-os-bares-na-guerra-do-som-alto\/#primaryimage"},"thumbnailUrl":"https:\/\/www.notibras.com\/site\/wp-content\/uploads\/2022\/12\/papai-noel.som_.webp","datePublished":"2022-12-15T20:30:37+00:00","dateModified":"2022-12-15T20:32:25+00:00","breadcrumb":{"@id":"https:\/\/www.notibras.com\/site\/quadras-ganham-batalha-contra-os-bares-na-guerra-do-som-alto\/#breadcrumb"},"inLanguage":"pt-BR","potentialAction":[{"@type":"ReadAction","target":["https:\/\/www.notibras.com\/site\/quadras-ganham-batalha-contra-os-bares-na-guerra-do-som-alto\/"]}]},{"@type":"ImageObject","inLanguage":"pt-BR","@id":"https:\/\/www.notibras.com\/site\/quadras-ganham-batalha-contra-os-bares-na-guerra-do-som-alto\/#primaryimage","url":"https:\/\/www.notibras.com\/site\/wp-content\/uploads\/2022\/12\/papai-noel.som_.webp","contentUrl":"https:\/\/www.notibras.com\/site\/wp-content\/uploads\/2022\/12\/papai-noel.som_.webp","width":984,"height":546},{"@type":"BreadcrumbList","@id":"https:\/\/www.notibras.com\/site\/quadras-ganham-batalha-contra-os-bares-na-guerra-do-som-alto\/#breadcrumb","itemListElement":[{"@type":"ListItem","position":1,"name":"In\u00edcio","item":"https:\/\/www.notibras.com\/site\/"},{"@type":"ListItem","position":2,"name":"Quadras ganham batalha contra os bares na guerra do som alto"}]},{"@type":"WebSite","@id":"https:\/\/www.notibras.com\/site\/#website","url":"https:\/\/www.notibras.com\/site\/","name":"Notibras","description":"Not\u00edcias de Bras\u00edlia, do Brasil e do Mundo","publisher":{"@id":"https:\/\/www.notibras.com\/site\/#organization"},"potentialAction":[{"@type":"SearchAction","target":{"@type":"EntryPoint","urlTemplate":"https:\/\/www.notibras.com\/site\/?s={search_term_string}"},"query-input":{"@type":"PropertyValueSpecification","valueRequired":true,"valueName":"search_term_string"}}],"inLanguage":"pt-BR"},{"@type":"Organization","@id":"https:\/\/www.notibras.com\/site\/#organization","name":"Grupo Notibras de Comunica\u00e7\u00e3o","url":"https:\/\/www.notibras.com\/site\/","logo":{"@type":"ImageObject","inLanguage":"pt-BR","@id":"https:\/\/www.notibras.com\/site\/#\/schema\/logo\/image\/","url":"https:\/\/www.notibras.com\/site\/wp-content\/uploads\/2023\/01\/notibras23.png","contentUrl":"https:\/\/www.notibras.com\/site\/wp-content\/uploads\/2023\/01\/notibras23.png","width":350,"height":87,"caption":"Grupo Notibras de Comunica\u00e7\u00e3o"},"image":{"@id":"https:\/\/www.notibras.com\/site\/#\/schema\/logo\/image\/"},"sameAs":["https:\/\/www.facebook.com\/notibras\/","https:\/\/x.com\/Notibras","https:\/\/www.instagram.com\/notibras\/"]},{"@type":"Person","@id":"https:\/\/www.notibras.com\/site\/#\/schema\/person\/36ab0979449956132d3e5b517ea76ac8","name":"Reda\u00e7\u00e3o","image":{"@type":"ImageObject","inLanguage":"pt-BR","@id":"https:\/\/secure.gravatar.com\/avatar\/e0a867bdedb85fd243eadf09663511f96fc81e0720a4a42581f334ad4303aa6b?s=96&d=mm&r=g","url":"https:\/\/secure.gravatar.com\/avatar\/e0a867bdedb85fd243eadf09663511f96fc81e0720a4a42581f334ad4303aa6b?s=96&d=mm&r=g","contentUrl":"https:\/\/secure.gravatar.com\/avatar\/e0a867bdedb85fd243eadf09663511f96fc81e0720a4a42581f334ad4303aa6b?s=96&d=mm&r=g","caption":"Reda\u00e7\u00e3o"}}]}},"amp_enabled":true,"_links":{"self":[{"href":"https:\/\/www.notibras.com\/site\/wp-json\/wp\/v2\/posts\/296209","targetHints":{"allow":["GET"]}}],"collection":[{"href":"https:\/\/www.notibras.com\/site\/wp-json\/wp\/v2\/posts"}],"about":[{"href":"https:\/\/www.notibras.com\/site\/wp-json\/wp\/v2\/types\/post"}],"author":[{"embeddable":true,"href":"https:\/\/www.notibras.com\/site\/wp-json\/wp\/v2\/users\/2"}],"replies":[{"embeddable":true,"href":"https:\/\/www.notibras.com\/site\/wp-json\/wp\/v2\/comments?post=296209"}],"version-history":[{"count":3,"href":"https:\/\/www.notibras.com\/site\/wp-json\/wp\/v2\/posts\/296209\/revisions"}],"predecessor-version":[{"id":296213,"href":"https:\/\/www.notibras.com\/site\/wp-json\/wp\/v2\/posts\/296209\/revisions\/296213"}],"wp:featuredmedia":[{"embeddable":true,"href":"https:\/\/www.notibras.com\/site\/wp-json\/wp\/v2\/media\/296210"}],"wp:attachment":[{"href":"https:\/\/www.notibras.com\/site\/wp-json\/wp\/v2\/media?parent=296209"}],"wp:term":[{"taxonomy":"category","embeddable":true,"href":"https:\/\/www.notibras.com\/site\/wp-json\/wp\/v2\/categories?post=296209"},{"taxonomy":"post_tag","embeddable":true,"href":"https:\/\/www.notibras.com\/site\/wp-json\/wp\/v2\/tags?post=296209"}],"curies":[{"name":"wp","href":"https:\/\/api.w.org\/{rel}","templated":true}]}}