{"id":296227,"date":"2022-12-16T00:12:06","date_gmt":"2022-12-16T03:12:06","guid":{"rendered":"https:\/\/www.notibras.com\/site\/?p=296227"},"modified":"2022-12-16T04:15:34","modified_gmt":"2022-12-16T07:15:34","slug":"plano-gama-taguatinga-e-samambaia-ficam-sem-luz","status":"publish","type":"post","link":"https:\/\/www.notibras.com\/site\/plano-gama-taguatinga-e-samambaia-ficam-sem-luz\/","title":{"rendered":"Plano, Gama, Taguatinga e Samambaia ficam sem luz"},"content":{"rendered":"<p>Regi\u00f5es do Gama, Plano Piloto, Taguatinga e Samambaia v\u00e3o ficar sem energia em parte do dia nesta sexta-feira (16) para o trabalho de constru\u00e7\u00e3o, manuten\u00e7\u00e3o ou moderniza\u00e7\u00e3o de redes.<\/p>\n<p>No Gama, a interrup\u00e7\u00e3o est\u00e1 programada das 8h30 \u00e0s 16h para que seja feita a constru\u00e7\u00e3o de redes nos seguintes endere\u00e7os: Cemit\u00e9rio, ch\u00e1caras 5, 13, 22, 23, 32, 40, 50, Santa F\u00e9 e S\u00e3o Jos\u00e9; N\u00facleo Rural Ponte Alta Norte, Ch\u00e1caras Dourado, S\u00e3o Jos\u00e9, Lote 48; e N\u00facleo Rural Ponte Alta, Conjuntos A ao F, Lotes 43-A, 45-A, 50 e 52.<\/p>\n<p>Para o mesmo servi\u00e7o, a Neoenergia vai atuar em Taguatinga das 8h30 \u00e0s 14h na Col\u00f4nia Agr\u00edcola Arniqueira, Ch\u00e1caras 121, 123, 124 e Quadra 4 e tamb\u00e9m no Setor Habitacional, Ch\u00e1caras 53, 121, 121-A, 123, 124, 124-A, 125, Conjuntos 5, Lotes 09, 10-A, 11-A e Quadra 4.<\/p>\n<p>No Plano Piloto, ser\u00e3o afetadas as quadras SGAN 607, blocos A, B, Conjunto A, m\u00f3dulos A e B; Via L2 Norte, Quadra 407\/607; e Via L3 Norte, Quadra 606\/607. L\u00e1 a interrup\u00e7\u00e3o ser\u00e1 das 8h30 \u00e0s 14h para manuten\u00e7\u00e3o de redes.<\/p>\n<p>Em Samambaia, a interrup\u00e7\u00e3o se dar\u00e1 das 8h30 \u00e0s 18h para moderniza\u00e7\u00e3o de redes nos seguintes locais: BR-060, DF 180, km 10, km 11 e Lote 1; DF-001, Melchior; DF 180, km 2, Quadras 6 e 14; Fazenda Laje Giboia, Ch\u00e1caras Renascer e S\u00e3o Nicolau; N\u00facleo Rural Samambaia, BR-060; e N\u00facleo Rural Guariroba, Ch\u00e1caras 3, 15 e S\u00edtio Esperan\u00e7a.<\/p>\n<p>Al\u00e9m dos desligamentos previstos, a energia pode acabar em alguma regi\u00e3o sem comunica\u00e7\u00e3o pr\u00e9via. Nestes casos, a popula\u00e7\u00e3o deve registrar ocorr\u00eancia pelo telefone 116. Clientes com defici\u00eancia auditiva e de fala podem buscar atendimento pelo 0800 701 01 55, desde que utilizem aparelho adaptado para essa finalidade.<\/p>\n","protected":false},"excerpt":{"rendered":"<p>Regi\u00f5es do Gama, Plano Piloto, Taguatinga e Samambaia v\u00e3o ficar sem energia em parte do dia nesta sexta-feira (16) para o trabalho de constru\u00e7\u00e3o, manuten\u00e7\u00e3o ou moderniza\u00e7\u00e3o de redes. No Gama, a interrup\u00e7\u00e3o est\u00e1 programada das 8h30 \u00e0s 16h para que seja feita a constru\u00e7\u00e3o de redes nos seguintes endere\u00e7os: Cemit\u00e9rio, ch\u00e1caras 5, 13, 22, [&hellip;]<\/p>\n","protected":false},"author":2,"featured_media":296228,"comment_status":"closed","ping_status":"closed","sticky":false,"template":"","format":"standard","meta":{"_acf_changed":false,"footnotes":""},"categories":[161],"tags":[],"class_list":["post-296227","post","type-post","status-publish","format-standard","has-post-thumbnail","hentry","category-quadradinho-em-foco"],"acf":[],"yoast_head":"<!-- This site is optimized with the Yoast SEO plugin v27.2 - https:\/\/yoast.com\/product\/yoast-seo-wordpress\/ -->\n<title>Plano, Gama, Taguatinga e Samambaia ficam sem luz - Notibras<\/title>\n<meta name=\"robots\" content=\"index, follow, max-snippet:-1, max-image-preview:large, max-video-preview:-1\" \/>\n<link rel=\"canonical\" href=\"https:\/\/www.notibras.com\/site\/plano-gama-taguatinga-e-samambaia-ficam-sem-luz\/\" \/>\n<meta property=\"og:locale\" content=\"pt_BR\" \/>\n<meta property=\"og:type\" content=\"article\" \/>\n<meta property=\"og:title\" content=\"Plano, Gama, Taguatinga e Samambaia ficam sem luz - Notibras\" \/>\n<meta property=\"og:description\" content=\"Regi\u00f5es do Gama, Plano Piloto, Taguatinga e Samambaia v\u00e3o ficar sem energia em parte do dia nesta sexta-feira (16) para o trabalho de constru\u00e7\u00e3o, manuten\u00e7\u00e3o ou moderniza\u00e7\u00e3o de redes. No Gama, a interrup\u00e7\u00e3o est\u00e1 programada das 8h30 \u00e0s 16h para que seja feita a constru\u00e7\u00e3o de redes nos seguintes endere\u00e7os: Cemit\u00e9rio, ch\u00e1caras 5, 13, 22, [&hellip;]\" \/>\n<meta property=\"og:url\" content=\"https:\/\/www.notibras.com\/site\/plano-gama-taguatinga-e-samambaia-ficam-sem-luz\/\" \/>\n<meta property=\"og:site_name\" content=\"Notibras\" \/>\n<meta property=\"article:publisher\" content=\"https:\/\/www.facebook.com\/notibras\/\" \/>\n<meta property=\"article:published_time\" content=\"2022-12-16T03:12:06+00:00\" \/>\n<meta property=\"article:modified_time\" content=\"2022-12-16T07:15:34+00:00\" \/>\n<meta property=\"og:image\" content=\"https:\/\/www.notibras.com\/site\/wp-content\/uploads\/2022\/12\/rede-automatizada-bahia.jpg\" \/>\n\t<meta property=\"og:image:width\" content=\"1268\" \/>\n\t<meta property=\"og:image:height\" content=\"837\" \/>\n\t<meta property=\"og:image:type\" content=\"image\/jpeg\" \/>\n<meta name=\"author\" content=\"Reda\u00e7\u00e3o\" \/>\n<meta name=\"twitter:card\" content=\"summary_large_image\" \/>\n<meta name=\"twitter:creator\" content=\"@Notibras\" \/>\n<meta name=\"twitter:site\" content=\"@Notibras\" \/>\n<meta name=\"twitter:label1\" content=\"Escrito por\" \/>\n\t<meta name=\"twitter:data1\" content=\"Reda\u00e7\u00e3o\" \/>\n\t<meta name=\"twitter:label2\" content=\"Est. tempo de leitura\" \/>\n\t<meta name=\"twitter:data2\" content=\"2 minutos\" \/>\n<script type=\"application\/ld+json\" class=\"yoast-schema-graph\">{\"@context\":\"https:\/\/schema.org\",\"@graph\":[{\"@type\":\"Article\",\"@id\":\"https:\/\/www.notibras.com\/site\/plano-gama-taguatinga-e-samambaia-ficam-sem-luz\/#article\",\"isPartOf\":{\"@id\":\"https:\/\/www.notibras.com\/site\/plano-gama-taguatinga-e-samambaia-ficam-sem-luz\/\"},\"author\":{\"name\":\"Reda\u00e7\u00e3o\",\"@id\":\"https:\/\/www.notibras.com\/site\/#\/schema\/person\/36ab0979449956132d3e5b517ea76ac8\"},\"headline\":\"Plano, Gama, Taguatinga e Samambaia ficam sem luz\",\"datePublished\":\"2022-12-16T03:12:06+00:00\",\"dateModified\":\"2022-12-16T07:15:34+00:00\",\"mainEntityOfPage\":{\"@id\":\"https:\/\/www.notibras.com\/site\/plano-gama-taguatinga-e-samambaia-ficam-sem-luz\/\"},\"wordCount\":292,\"publisher\":{\"@id\":\"https:\/\/www.notibras.com\/site\/#organization\"},\"image\":{\"@id\":\"https:\/\/www.notibras.com\/site\/plano-gama-taguatinga-e-samambaia-ficam-sem-luz\/#primaryimage\"},\"thumbnailUrl\":\"https:\/\/www.notibras.com\/site\/wp-content\/uploads\/2022\/12\/rede-automatizada-bahia.jpg\",\"articleSection\":[\"Quadradinho em Foco\"],\"inLanguage\":\"pt-BR\"},{\"@type\":\"WebPage\",\"@id\":\"https:\/\/www.notibras.com\/site\/plano-gama-taguatinga-e-samambaia-ficam-sem-luz\/\",\"url\":\"https:\/\/www.notibras.com\/site\/plano-gama-taguatinga-e-samambaia-ficam-sem-luz\/\",\"name\":\"Plano, Gama, Taguatinga e Samambaia ficam sem luz - Notibras\",\"isPartOf\":{\"@id\":\"https:\/\/www.notibras.com\/site\/#website\"},\"primaryImageOfPage\":{\"@id\":\"https:\/\/www.notibras.com\/site\/plano-gama-taguatinga-e-samambaia-ficam-sem-luz\/#primaryimage\"},\"image\":{\"@id\":\"https:\/\/www.notibras.com\/site\/plano-gama-taguatinga-e-samambaia-ficam-sem-luz\/#primaryimage\"},\"thumbnailUrl\":\"https:\/\/www.notibras.com\/site\/wp-content\/uploads\/2022\/12\/rede-automatizada-bahia.jpg\",\"datePublished\":\"2022-12-16T03:12:06+00:00\",\"dateModified\":\"2022-12-16T07:15:34+00:00\",\"breadcrumb\":{\"@id\":\"https:\/\/www.notibras.com\/site\/plano-gama-taguatinga-e-samambaia-ficam-sem-luz\/#breadcrumb\"},\"inLanguage\":\"pt-BR\",\"potentialAction\":[{\"@type\":\"ReadAction\",\"target\":[\"https:\/\/www.notibras.com\/site\/plano-gama-taguatinga-e-samambaia-ficam-sem-luz\/\"]}]},{\"@type\":\"ImageObject\",\"inLanguage\":\"pt-BR\",\"@id\":\"https:\/\/www.notibras.com\/site\/plano-gama-taguatinga-e-samambaia-ficam-sem-luz\/#primaryimage\",\"url\":\"https:\/\/www.notibras.com\/site\/wp-content\/uploads\/2022\/12\/rede-automatizada-bahia.jpg\",\"contentUrl\":\"https:\/\/www.notibras.com\/site\/wp-content\/uploads\/2022\/12\/rede-automatizada-bahia.jpg\",\"width\":1268,\"height\":837},{\"@type\":\"BreadcrumbList\",\"@id\":\"https:\/\/www.notibras.com\/site\/plano-gama-taguatinga-e-samambaia-ficam-sem-luz\/#breadcrumb\",\"itemListElement\":[{\"@type\":\"ListItem\",\"position\":1,\"name\":\"In\u00edcio\",\"item\":\"https:\/\/www.notibras.com\/site\/\"},{\"@type\":\"ListItem\",\"position\":2,\"name\":\"Plano, Gama, Taguatinga e Samambaia ficam sem luz\"}]},{\"@type\":\"WebSite\",\"@id\":\"https:\/\/www.notibras.com\/site\/#website\",\"url\":\"https:\/\/www.notibras.com\/site\/\",\"name\":\"Notibras\",\"description\":\"Not\u00edcias de Bras\u00edlia, do Brasil e do Mundo\",\"publisher\":{\"@id\":\"https:\/\/www.notibras.com\/site\/#organization\"},\"potentialAction\":[{\"@type\":\"SearchAction\",\"target\":{\"@type\":\"EntryPoint\",\"urlTemplate\":\"https:\/\/www.notibras.com\/site\/?s={search_term_string}\"},\"query-input\":{\"@type\":\"PropertyValueSpecification\",\"valueRequired\":true,\"valueName\":\"search_term_string\"}}],\"inLanguage\":\"pt-BR\"},{\"@type\":\"Organization\",\"@id\":\"https:\/\/www.notibras.com\/site\/#organization\",\"name\":\"Grupo Notibras de Comunica\u00e7\u00e3o\",\"url\":\"https:\/\/www.notibras.com\/site\/\",\"logo\":{\"@type\":\"ImageObject\",\"inLanguage\":\"pt-BR\",\"@id\":\"https:\/\/www.notibras.com\/site\/#\/schema\/logo\/image\/\",\"url\":\"https:\/\/www.notibras.com\/site\/wp-content\/uploads\/2023\/01\/notibras23.png\",\"contentUrl\":\"https:\/\/www.notibras.com\/site\/wp-content\/uploads\/2023\/01\/notibras23.png\",\"width\":350,\"height\":87,\"caption\":\"Grupo Notibras de Comunica\u00e7\u00e3o\"},\"image\":{\"@id\":\"https:\/\/www.notibras.com\/site\/#\/schema\/logo\/image\/\"},\"sameAs\":[\"https:\/\/www.facebook.com\/notibras\/\",\"https:\/\/x.com\/Notibras\",\"https:\/\/www.instagram.com\/notibras\/\"]},{\"@type\":\"Person\",\"@id\":\"https:\/\/www.notibras.com\/site\/#\/schema\/person\/36ab0979449956132d3e5b517ea76ac8\",\"name\":\"Reda\u00e7\u00e3o\",\"image\":{\"@type\":\"ImageObject\",\"inLanguage\":\"pt-BR\",\"@id\":\"https:\/\/secure.gravatar.com\/avatar\/e0a867bdedb85fd243eadf09663511f96fc81e0720a4a42581f334ad4303aa6b?s=96&d=mm&r=g\",\"url\":\"https:\/\/secure.gravatar.com\/avatar\/e0a867bdedb85fd243eadf09663511f96fc81e0720a4a42581f334ad4303aa6b?s=96&d=mm&r=g\",\"contentUrl\":\"https:\/\/secure.gravatar.com\/avatar\/e0a867bdedb85fd243eadf09663511f96fc81e0720a4a42581f334ad4303aa6b?s=96&d=mm&r=g\",\"caption\":\"Reda\u00e7\u00e3o\"}}]}<\/script>\n<!-- \/ Yoast SEO plugin. -->","yoast_head_json":{"title":"Plano, Gama, Taguatinga e Samambaia ficam sem luz - Notibras","robots":{"index":"index","follow":"follow","max-snippet":"max-snippet:-1","max-image-preview":"max-image-preview:large","max-video-preview":"max-video-preview:-1"},"canonical":"https:\/\/www.notibras.com\/site\/plano-gama-taguatinga-e-samambaia-ficam-sem-luz\/","og_locale":"pt_BR","og_type":"article","og_title":"Plano, Gama, Taguatinga e Samambaia ficam sem luz - Notibras","og_description":"Regi\u00f5es do Gama, Plano Piloto, Taguatinga e Samambaia v\u00e3o ficar sem energia em parte do dia nesta sexta-feira (16) para o trabalho de constru\u00e7\u00e3o, manuten\u00e7\u00e3o ou moderniza\u00e7\u00e3o de redes. No Gama, a interrup\u00e7\u00e3o est\u00e1 programada das 8h30 \u00e0s 16h para que seja feita a constru\u00e7\u00e3o de redes nos seguintes endere\u00e7os: Cemit\u00e9rio, ch\u00e1caras 5, 13, 22, [&hellip;]","og_url":"https:\/\/www.notibras.com\/site\/plano-gama-taguatinga-e-samambaia-ficam-sem-luz\/","og_site_name":"Notibras","article_publisher":"https:\/\/www.facebook.com\/notibras\/","article_published_time":"2022-12-16T03:12:06+00:00","article_modified_time":"2022-12-16T07:15:34+00:00","og_image":[{"width":1268,"height":837,"url":"https:\/\/www.notibras.com\/site\/wp-content\/uploads\/2022\/12\/rede-automatizada-bahia.jpg","type":"image\/jpeg"}],"author":"Reda\u00e7\u00e3o","twitter_card":"summary_large_image","twitter_creator":"@Notibras","twitter_site":"@Notibras","twitter_misc":{"Escrito por":"Reda\u00e7\u00e3o","Est. tempo de leitura":"2 minutos"},"schema":{"@context":"https:\/\/schema.org","@graph":[{"@type":"Article","@id":"https:\/\/www.notibras.com\/site\/plano-gama-taguatinga-e-samambaia-ficam-sem-luz\/#article","isPartOf":{"@id":"https:\/\/www.notibras.com\/site\/plano-gama-taguatinga-e-samambaia-ficam-sem-luz\/"},"author":{"name":"Reda\u00e7\u00e3o","@id":"https:\/\/www.notibras.com\/site\/#\/schema\/person\/36ab0979449956132d3e5b517ea76ac8"},"headline":"Plano, Gama, Taguatinga e Samambaia ficam sem luz","datePublished":"2022-12-16T03:12:06+00:00","dateModified":"2022-12-16T07:15:34+00:00","mainEntityOfPage":{"@id":"https:\/\/www.notibras.com\/site\/plano-gama-taguatinga-e-samambaia-ficam-sem-luz\/"},"wordCount":292,"publisher":{"@id":"https:\/\/www.notibras.com\/site\/#organization"},"image":{"@id":"https:\/\/www.notibras.com\/site\/plano-gama-taguatinga-e-samambaia-ficam-sem-luz\/#primaryimage"},"thumbnailUrl":"https:\/\/www.notibras.com\/site\/wp-content\/uploads\/2022\/12\/rede-automatizada-bahia.jpg","articleSection":["Quadradinho em Foco"],"inLanguage":"pt-BR"},{"@type":"WebPage","@id":"https:\/\/www.notibras.com\/site\/plano-gama-taguatinga-e-samambaia-ficam-sem-luz\/","url":"https:\/\/www.notibras.com\/site\/plano-gama-taguatinga-e-samambaia-ficam-sem-luz\/","name":"Plano, Gama, Taguatinga e Samambaia ficam sem luz - Notibras","isPartOf":{"@id":"https:\/\/www.notibras.com\/site\/#website"},"primaryImageOfPage":{"@id":"https:\/\/www.notibras.com\/site\/plano-gama-taguatinga-e-samambaia-ficam-sem-luz\/#primaryimage"},"image":{"@id":"https:\/\/www.notibras.com\/site\/plano-gama-taguatinga-e-samambaia-ficam-sem-luz\/#primaryimage"},"thumbnailUrl":"https:\/\/www.notibras.com\/site\/wp-content\/uploads\/2022\/12\/rede-automatizada-bahia.jpg","datePublished":"2022-12-16T03:12:06+00:00","dateModified":"2022-12-16T07:15:34+00:00","breadcrumb":{"@id":"https:\/\/www.notibras.com\/site\/plano-gama-taguatinga-e-samambaia-ficam-sem-luz\/#breadcrumb"},"inLanguage":"pt-BR","potentialAction":[{"@type":"ReadAction","target":["https:\/\/www.notibras.com\/site\/plano-gama-taguatinga-e-samambaia-ficam-sem-luz\/"]}]},{"@type":"ImageObject","inLanguage":"pt-BR","@id":"https:\/\/www.notibras.com\/site\/plano-gama-taguatinga-e-samambaia-ficam-sem-luz\/#primaryimage","url":"https:\/\/www.notibras.com\/site\/wp-content\/uploads\/2022\/12\/rede-automatizada-bahia.jpg","contentUrl":"https:\/\/www.notibras.com\/site\/wp-content\/uploads\/2022\/12\/rede-automatizada-bahia.jpg","width":1268,"height":837},{"@type":"BreadcrumbList","@id":"https:\/\/www.notibras.com\/site\/plano-gama-taguatinga-e-samambaia-ficam-sem-luz\/#breadcrumb","itemListElement":[{"@type":"ListItem","position":1,"name":"In\u00edcio","item":"https:\/\/www.notibras.com\/site\/"},{"@type":"ListItem","position":2,"name":"Plano, Gama, Taguatinga e Samambaia ficam sem luz"}]},{"@type":"WebSite","@id":"https:\/\/www.notibras.com\/site\/#website","url":"https:\/\/www.notibras.com\/site\/","name":"Notibras","description":"Not\u00edcias de Bras\u00edlia, do Brasil e do Mundo","publisher":{"@id":"https:\/\/www.notibras.com\/site\/#organization"},"potentialAction":[{"@type":"SearchAction","target":{"@type":"EntryPoint","urlTemplate":"https:\/\/www.notibras.com\/site\/?s={search_term_string}"},"query-input":{"@type":"PropertyValueSpecification","valueRequired":true,"valueName":"search_term_string"}}],"inLanguage":"pt-BR"},{"@type":"Organization","@id":"https:\/\/www.notibras.com\/site\/#organization","name":"Grupo Notibras de Comunica\u00e7\u00e3o","url":"https:\/\/www.notibras.com\/site\/","logo":{"@type":"ImageObject","inLanguage":"pt-BR","@id":"https:\/\/www.notibras.com\/site\/#\/schema\/logo\/image\/","url":"https:\/\/www.notibras.com\/site\/wp-content\/uploads\/2023\/01\/notibras23.png","contentUrl":"https:\/\/www.notibras.com\/site\/wp-content\/uploads\/2023\/01\/notibras23.png","width":350,"height":87,"caption":"Grupo Notibras de Comunica\u00e7\u00e3o"},"image":{"@id":"https:\/\/www.notibras.com\/site\/#\/schema\/logo\/image\/"},"sameAs":["https:\/\/www.facebook.com\/notibras\/","https:\/\/x.com\/Notibras","https:\/\/www.instagram.com\/notibras\/"]},{"@type":"Person","@id":"https:\/\/www.notibras.com\/site\/#\/schema\/person\/36ab0979449956132d3e5b517ea76ac8","name":"Reda\u00e7\u00e3o","image":{"@type":"ImageObject","inLanguage":"pt-BR","@id":"https:\/\/secure.gravatar.com\/avatar\/e0a867bdedb85fd243eadf09663511f96fc81e0720a4a42581f334ad4303aa6b?s=96&d=mm&r=g","url":"https:\/\/secure.gravatar.com\/avatar\/e0a867bdedb85fd243eadf09663511f96fc81e0720a4a42581f334ad4303aa6b?s=96&d=mm&r=g","contentUrl":"https:\/\/secure.gravatar.com\/avatar\/e0a867bdedb85fd243eadf09663511f96fc81e0720a4a42581f334ad4303aa6b?s=96&d=mm&r=g","caption":"Reda\u00e7\u00e3o"}}]}},"amp_enabled":true,"_links":{"self":[{"href":"https:\/\/www.notibras.com\/site\/wp-json\/wp\/v2\/posts\/296227","targetHints":{"allow":["GET"]}}],"collection":[{"href":"https:\/\/www.notibras.com\/site\/wp-json\/wp\/v2\/posts"}],"about":[{"href":"https:\/\/www.notibras.com\/site\/wp-json\/wp\/v2\/types\/post"}],"author":[{"embeddable":true,"href":"https:\/\/www.notibras.com\/site\/wp-json\/wp\/v2\/users\/2"}],"replies":[{"embeddable":true,"href":"https:\/\/www.notibras.com\/site\/wp-json\/wp\/v2\/comments?post=296227"}],"version-history":[{"count":1,"href":"https:\/\/www.notibras.com\/site\/wp-json\/wp\/v2\/posts\/296227\/revisions"}],"predecessor-version":[{"id":296229,"href":"https:\/\/www.notibras.com\/site\/wp-json\/wp\/v2\/posts\/296227\/revisions\/296229"}],"wp:featuredmedia":[{"embeddable":true,"href":"https:\/\/www.notibras.com\/site\/wp-json\/wp\/v2\/media\/296228"}],"wp:attachment":[{"href":"https:\/\/www.notibras.com\/site\/wp-json\/wp\/v2\/media?parent=296227"}],"wp:term":[{"taxonomy":"category","embeddable":true,"href":"https:\/\/www.notibras.com\/site\/wp-json\/wp\/v2\/categories?post=296227"},{"taxonomy":"post_tag","embeddable":true,"href":"https:\/\/www.notibras.com\/site\/wp-json\/wp\/v2\/tags?post=296227"}],"curies":[{"name":"wp","href":"https:\/\/api.w.org\/{rel}","templated":true}]}}