{"id":296230,"date":"2022-12-16T00:00:23","date_gmt":"2022-12-16T03:00:23","guid":{"rendered":"https:\/\/www.notibras.com\/site\/?p=296230"},"modified":"2022-12-16T04:23:13","modified_gmt":"2022-12-16T07:23:13","slug":"mutirao-planta-mudas-de-arvores-nativas-em-vias-e-parques","status":"publish","type":"post","link":"https:\/\/www.notibras.com\/site\/mutirao-planta-mudas-de-arvores-nativas-em-vias-e-parques\/","title":{"rendered":"Mutir\u00e3o planta mudas de \u00e1rvores nativas em vias e parques"},"content":{"rendered":"<p>Mais de 200 novas \u00e1rvores foram cultivadas na 3\u00aa edi\u00e7\u00e3o da A\u00e7\u00e3o de Plantio de Mudas em Santa Maria. Ip\u00eas, jatob\u00e1s, aroeiras e outras esp\u00e9cies nativas do Cerrado foram plantadas no parque ecol\u00f3gico da regi\u00e3o administrativa (RA) e no Ribeir\u00e3o Santa Maria.<\/p>\n<p>O evento \u00e9 realizado anualmente pela Administra\u00e7\u00e3o Regional de Santa Maria, em parceria com o Instituto Bras\u00edlia Ambiental e a organiza\u00e7\u00e3o sem fins lucrativos Servi\u00e7o de Paz, Justi\u00e7a e N\u00e3o Viol\u00eancia do Pedregal (Serpajus). As a\u00e7\u00f5es foram acompanhadas por t\u00e9cnicos ambientais. As mudas foram doadas pela Serpajus e pela Novacap.<\/p>\n<p>O encontro no Ribeir\u00e3o Santa Maria mobilizou dez volunt\u00e1rios, dispostos a lutar por uma cidade mais arborizada. J\u00e1 no parque ecol\u00f3gico da cidade, quem fez a festa foram 40 estudantes de escolas p\u00fablicas, acompanhados por t\u00e9cnicos ambientais, servidores da administra\u00e7\u00e3o regional e volunt\u00e1rios da Serpajus.<\/p>\n<p>\u201c\u00c9 muito bonito ver tantas pessoas cuidando do nosso parque e, principalmente, do meio ambiente. Al\u00e9m disso, estamos trabalhando, em parceria com outros \u00f3rg\u00e3os, para deixar o espa\u00e7o ainda melhor, mais equipado e seguro para a popula\u00e7\u00e3o\u201d, afirma a administradora de Santa Maria, Marileide Rom\u00e3o.<\/p>\n<p>O Serpajus realiza o plantio anual na regi\u00e3o administrativa desde os anos 2000, com o objetivo de reflorestar a \u00e1rea. Vinte anos depois surgiu a parceria com a gest\u00e3o local para aumentar o engajamento da popula\u00e7\u00e3o.<\/p>\n<p>\u201cDurante todo o ano, nos preparamos para as a\u00e7\u00f5es de plantio anual, realizando outros trabalhos ambientais, que sempre t\u00eam um \u00fanico foco, uma \u00fanica miss\u00e3o: o reflorestamento da nascente do Ribeir\u00e3o Santa Maria\u201d, salienta a coordenadora do Serpajus, Ros\u00e1rio Ribeiro. Em janeiro devem haver mais a\u00e7\u00f5es de cultivo de mudas na RA.<\/p>\n<p><strong>Amor pela natureza<\/strong><br \/>\nO pequeno Jo\u00e3o Ricardo Ara\u00fajo, 10 anos, foi um dos alunos do Centro de Ensino Fundamental (CEF) Sargento Lima que plantou \u00e1rvores na a\u00e7\u00e3o comunit\u00e1ria. \u201cA parte mais legal \u00e9 que as mudas j\u00e1 s\u00e3o grandes, ent\u00e3o, daqui a pouco, quando voltarmos aqui, elas estar\u00e3o bem maiores. Vou at\u00e9 escolher um nome para cada uma que plantei\u201d, conta.<\/p>\n<p>A professora de Jo\u00e3o, Nivian Paula Barros, afirma que o contato com a terra faz parte do escopo pedag\u00f3gico da escola. \u201cA educa\u00e7\u00e3o ambiental \u00e9 trabalhada com o projeto Caminho das \u00c1guas, em uma a\u00e7\u00e3o com a UnB, em que os alunos aprendem sobre a preserva\u00e7\u00e3o das nascentes e a import\u00e2ncia das \u00e1rvores para todo o processo. Aqui, eles conseguiram ver na pr\u00e1tica cada etapa do plantio\u201d, explica.<\/p>\n<p>Alunos do ensino m\u00e9dio do Centro Educacional (CED) 310 tamb\u00e9m foram ao local para \u201ccolocar a m\u00e3o na massa\u201d. Segundo o diretor da unidade, Luis Cl\u00e1udio Lopes, a experi\u00eancia ambiental complementa a forma\u00e7\u00e3o social da turma. Lopes espera que, no pr\u00f3ximo ano, toda a comunidade escolar seja inclu\u00edda no evento. \u201cEm outros anos, conseguimos trazer a escola inteira. Desta vez, a turma foi reduzida, mas ainda assim \u00e9 algo muito agregador para eles\u201d, ressalta.<\/p>\n","protected":false},"excerpt":{"rendered":"<p>Mais de 200 novas \u00e1rvores foram cultivadas na 3\u00aa edi\u00e7\u00e3o da A\u00e7\u00e3o de Plantio de Mudas em Santa Maria. Ip\u00eas, jatob\u00e1s, aroeiras e outras esp\u00e9cies nativas do Cerrado foram plantadas no parque ecol\u00f3gico da regi\u00e3o administrativa (RA) e no Ribeir\u00e3o Santa Maria. O evento \u00e9 realizado anualmente pela Administra\u00e7\u00e3o Regional de Santa Maria, em parceria [&hellip;]<\/p>\n","protected":false},"author":2,"featured_media":296231,"comment_status":"closed","ping_status":"closed","sticky":false,"template":"","format":"standard","meta":{"_acf_changed":false,"footnotes":""},"categories":[161],"tags":[],"class_list":["post-296230","post","type-post","status-publish","format-standard","has-post-thumbnail","hentry","category-quadradinho-em-foco"],"acf":[],"yoast_head":"<!-- This site is optimized with the Yoast SEO plugin v27.2 - https:\/\/yoast.com\/product\/yoast-seo-wordpress\/ -->\n<title>Mutir\u00e3o planta mudas de \u00e1rvores nativas em vias e parques - Notibras<\/title>\n<meta name=\"robots\" content=\"index, follow, max-snippet:-1, max-image-preview:large, max-video-preview:-1\" \/>\n<link rel=\"canonical\" href=\"https:\/\/www.notibras.com\/site\/mutirao-planta-mudas-de-arvores-nativas-em-vias-e-parques\/\" \/>\n<meta property=\"og:locale\" content=\"pt_BR\" \/>\n<meta property=\"og:type\" content=\"article\" \/>\n<meta property=\"og:title\" content=\"Mutir\u00e3o planta mudas de \u00e1rvores nativas em vias e parques - Notibras\" \/>\n<meta property=\"og:description\" content=\"Mais de 200 novas \u00e1rvores foram cultivadas na 3\u00aa edi\u00e7\u00e3o da A\u00e7\u00e3o de Plantio de Mudas em Santa Maria. Ip\u00eas, jatob\u00e1s, aroeiras e outras esp\u00e9cies nativas do Cerrado foram plantadas no parque ecol\u00f3gico da regi\u00e3o administrativa (RA) e no Ribeir\u00e3o Santa Maria. O evento \u00e9 realizado anualmente pela Administra\u00e7\u00e3o Regional de Santa Maria, em parceria [&hellip;]\" \/>\n<meta property=\"og:url\" content=\"https:\/\/www.notibras.com\/site\/mutirao-planta-mudas-de-arvores-nativas-em-vias-e-parques\/\" \/>\n<meta property=\"og:site_name\" content=\"Notibras\" \/>\n<meta property=\"article:publisher\" content=\"https:\/\/www.facebook.com\/notibras\/\" \/>\n<meta property=\"article:published_time\" content=\"2022-12-16T03:00:23+00:00\" \/>\n<meta property=\"article:modified_time\" content=\"2022-12-16T07:23:13+00:00\" \/>\n<meta property=\"og:image\" content=\"https:\/\/www.notibras.com\/site\/wp-content\/uploads\/2022\/12\/52564304730_bc5296f8fd_c.jpg\" \/>\n\t<meta property=\"og:image:width\" content=\"799\" \/>\n\t<meta property=\"og:image:height\" content=\"533\" \/>\n\t<meta property=\"og:image:type\" content=\"image\/jpeg\" \/>\n<meta name=\"author\" content=\"Reda\u00e7\u00e3o\" \/>\n<meta name=\"twitter:card\" content=\"summary_large_image\" \/>\n<meta name=\"twitter:creator\" content=\"@Notibras\" \/>\n<meta name=\"twitter:site\" content=\"@Notibras\" \/>\n<meta name=\"twitter:label1\" content=\"Escrito por\" \/>\n\t<meta name=\"twitter:data1\" content=\"Reda\u00e7\u00e3o\" \/>\n\t<meta name=\"twitter:label2\" content=\"Est. tempo de leitura\" \/>\n\t<meta name=\"twitter:data2\" content=\"3 minutos\" \/>\n<script type=\"application\/ld+json\" class=\"yoast-schema-graph\">{\"@context\":\"https:\/\/schema.org\",\"@graph\":[{\"@type\":\"Article\",\"@id\":\"https:\/\/www.notibras.com\/site\/mutirao-planta-mudas-de-arvores-nativas-em-vias-e-parques\/#article\",\"isPartOf\":{\"@id\":\"https:\/\/www.notibras.com\/site\/mutirao-planta-mudas-de-arvores-nativas-em-vias-e-parques\/\"},\"author\":{\"name\":\"Reda\u00e7\u00e3o\",\"@id\":\"https:\/\/www.notibras.com\/site\/#\/schema\/person\/36ab0979449956132d3e5b517ea76ac8\"},\"headline\":\"Mutir\u00e3o planta mudas de \u00e1rvores nativas em vias e parques\",\"datePublished\":\"2022-12-16T03:00:23+00:00\",\"dateModified\":\"2022-12-16T07:23:13+00:00\",\"mainEntityOfPage\":{\"@id\":\"https:\/\/www.notibras.com\/site\/mutirao-planta-mudas-de-arvores-nativas-em-vias-e-parques\/\"},\"wordCount\":533,\"publisher\":{\"@id\":\"https:\/\/www.notibras.com\/site\/#organization\"},\"image\":{\"@id\":\"https:\/\/www.notibras.com\/site\/mutirao-planta-mudas-de-arvores-nativas-em-vias-e-parques\/#primaryimage\"},\"thumbnailUrl\":\"https:\/\/www.notibras.com\/site\/wp-content\/uploads\/2022\/12\/52564304730_bc5296f8fd_c.jpg\",\"articleSection\":[\"Quadradinho em Foco\"],\"inLanguage\":\"pt-BR\"},{\"@type\":\"WebPage\",\"@id\":\"https:\/\/www.notibras.com\/site\/mutirao-planta-mudas-de-arvores-nativas-em-vias-e-parques\/\",\"url\":\"https:\/\/www.notibras.com\/site\/mutirao-planta-mudas-de-arvores-nativas-em-vias-e-parques\/\",\"name\":\"Mutir\u00e3o planta mudas de \u00e1rvores nativas em vias e parques - Notibras\",\"isPartOf\":{\"@id\":\"https:\/\/www.notibras.com\/site\/#website\"},\"primaryImageOfPage\":{\"@id\":\"https:\/\/www.notibras.com\/site\/mutirao-planta-mudas-de-arvores-nativas-em-vias-e-parques\/#primaryimage\"},\"image\":{\"@id\":\"https:\/\/www.notibras.com\/site\/mutirao-planta-mudas-de-arvores-nativas-em-vias-e-parques\/#primaryimage\"},\"thumbnailUrl\":\"https:\/\/www.notibras.com\/site\/wp-content\/uploads\/2022\/12\/52564304730_bc5296f8fd_c.jpg\",\"datePublished\":\"2022-12-16T03:00:23+00:00\",\"dateModified\":\"2022-12-16T07:23:13+00:00\",\"breadcrumb\":{\"@id\":\"https:\/\/www.notibras.com\/site\/mutirao-planta-mudas-de-arvores-nativas-em-vias-e-parques\/#breadcrumb\"},\"inLanguage\":\"pt-BR\",\"potentialAction\":[{\"@type\":\"ReadAction\",\"target\":[\"https:\/\/www.notibras.com\/site\/mutirao-planta-mudas-de-arvores-nativas-em-vias-e-parques\/\"]}]},{\"@type\":\"ImageObject\",\"inLanguage\":\"pt-BR\",\"@id\":\"https:\/\/www.notibras.com\/site\/mutirao-planta-mudas-de-arvores-nativas-em-vias-e-parques\/#primaryimage\",\"url\":\"https:\/\/www.notibras.com\/site\/wp-content\/uploads\/2022\/12\/52564304730_bc5296f8fd_c.jpg\",\"contentUrl\":\"https:\/\/www.notibras.com\/site\/wp-content\/uploads\/2022\/12\/52564304730_bc5296f8fd_c.jpg\",\"width\":799,\"height\":533},{\"@type\":\"BreadcrumbList\",\"@id\":\"https:\/\/www.notibras.com\/site\/mutirao-planta-mudas-de-arvores-nativas-em-vias-e-parques\/#breadcrumb\",\"itemListElement\":[{\"@type\":\"ListItem\",\"position\":1,\"name\":\"In\u00edcio\",\"item\":\"https:\/\/www.notibras.com\/site\/\"},{\"@type\":\"ListItem\",\"position\":2,\"name\":\"Mutir\u00e3o planta mudas de \u00e1rvores nativas em vias e parques\"}]},{\"@type\":\"WebSite\",\"@id\":\"https:\/\/www.notibras.com\/site\/#website\",\"url\":\"https:\/\/www.notibras.com\/site\/\",\"name\":\"Notibras\",\"description\":\"Not\u00edcias de Bras\u00edlia, do Brasil e do Mundo\",\"publisher\":{\"@id\":\"https:\/\/www.notibras.com\/site\/#organization\"},\"potentialAction\":[{\"@type\":\"SearchAction\",\"target\":{\"@type\":\"EntryPoint\",\"urlTemplate\":\"https:\/\/www.notibras.com\/site\/?s={search_term_string}\"},\"query-input\":{\"@type\":\"PropertyValueSpecification\",\"valueRequired\":true,\"valueName\":\"search_term_string\"}}],\"inLanguage\":\"pt-BR\"},{\"@type\":\"Organization\",\"@id\":\"https:\/\/www.notibras.com\/site\/#organization\",\"name\":\"Grupo Notibras de Comunica\u00e7\u00e3o\",\"url\":\"https:\/\/www.notibras.com\/site\/\",\"logo\":{\"@type\":\"ImageObject\",\"inLanguage\":\"pt-BR\",\"@id\":\"https:\/\/www.notibras.com\/site\/#\/schema\/logo\/image\/\",\"url\":\"https:\/\/www.notibras.com\/site\/wp-content\/uploads\/2023\/01\/notibras23.png\",\"contentUrl\":\"https:\/\/www.notibras.com\/site\/wp-content\/uploads\/2023\/01\/notibras23.png\",\"width\":350,\"height\":87,\"caption\":\"Grupo Notibras de Comunica\u00e7\u00e3o\"},\"image\":{\"@id\":\"https:\/\/www.notibras.com\/site\/#\/schema\/logo\/image\/\"},\"sameAs\":[\"https:\/\/www.facebook.com\/notibras\/\",\"https:\/\/x.com\/Notibras\",\"https:\/\/www.instagram.com\/notibras\/\"]},{\"@type\":\"Person\",\"@id\":\"https:\/\/www.notibras.com\/site\/#\/schema\/person\/36ab0979449956132d3e5b517ea76ac8\",\"name\":\"Reda\u00e7\u00e3o\",\"image\":{\"@type\":\"ImageObject\",\"inLanguage\":\"pt-BR\",\"@id\":\"https:\/\/secure.gravatar.com\/avatar\/e0a867bdedb85fd243eadf09663511f96fc81e0720a4a42581f334ad4303aa6b?s=96&d=mm&r=g\",\"url\":\"https:\/\/secure.gravatar.com\/avatar\/e0a867bdedb85fd243eadf09663511f96fc81e0720a4a42581f334ad4303aa6b?s=96&d=mm&r=g\",\"contentUrl\":\"https:\/\/secure.gravatar.com\/avatar\/e0a867bdedb85fd243eadf09663511f96fc81e0720a4a42581f334ad4303aa6b?s=96&d=mm&r=g\",\"caption\":\"Reda\u00e7\u00e3o\"}}]}<\/script>\n<!-- \/ Yoast SEO plugin. -->","yoast_head_json":{"title":"Mutir\u00e3o planta mudas de \u00e1rvores nativas em vias e parques - Notibras","robots":{"index":"index","follow":"follow","max-snippet":"max-snippet:-1","max-image-preview":"max-image-preview:large","max-video-preview":"max-video-preview:-1"},"canonical":"https:\/\/www.notibras.com\/site\/mutirao-planta-mudas-de-arvores-nativas-em-vias-e-parques\/","og_locale":"pt_BR","og_type":"article","og_title":"Mutir\u00e3o planta mudas de \u00e1rvores nativas em vias e parques - Notibras","og_description":"Mais de 200 novas \u00e1rvores foram cultivadas na 3\u00aa edi\u00e7\u00e3o da A\u00e7\u00e3o de Plantio de Mudas em Santa Maria. Ip\u00eas, jatob\u00e1s, aroeiras e outras esp\u00e9cies nativas do Cerrado foram plantadas no parque ecol\u00f3gico da regi\u00e3o administrativa (RA) e no Ribeir\u00e3o Santa Maria. O evento \u00e9 realizado anualmente pela Administra\u00e7\u00e3o Regional de Santa Maria, em parceria [&hellip;]","og_url":"https:\/\/www.notibras.com\/site\/mutirao-planta-mudas-de-arvores-nativas-em-vias-e-parques\/","og_site_name":"Notibras","article_publisher":"https:\/\/www.facebook.com\/notibras\/","article_published_time":"2022-12-16T03:00:23+00:00","article_modified_time":"2022-12-16T07:23:13+00:00","og_image":[{"width":799,"height":533,"url":"https:\/\/www.notibras.com\/site\/wp-content\/uploads\/2022\/12\/52564304730_bc5296f8fd_c.jpg","type":"image\/jpeg"}],"author":"Reda\u00e7\u00e3o","twitter_card":"summary_large_image","twitter_creator":"@Notibras","twitter_site":"@Notibras","twitter_misc":{"Escrito por":"Reda\u00e7\u00e3o","Est. tempo de leitura":"3 minutos"},"schema":{"@context":"https:\/\/schema.org","@graph":[{"@type":"Article","@id":"https:\/\/www.notibras.com\/site\/mutirao-planta-mudas-de-arvores-nativas-em-vias-e-parques\/#article","isPartOf":{"@id":"https:\/\/www.notibras.com\/site\/mutirao-planta-mudas-de-arvores-nativas-em-vias-e-parques\/"},"author":{"name":"Reda\u00e7\u00e3o","@id":"https:\/\/www.notibras.com\/site\/#\/schema\/person\/36ab0979449956132d3e5b517ea76ac8"},"headline":"Mutir\u00e3o planta mudas de \u00e1rvores nativas em vias e parques","datePublished":"2022-12-16T03:00:23+00:00","dateModified":"2022-12-16T07:23:13+00:00","mainEntityOfPage":{"@id":"https:\/\/www.notibras.com\/site\/mutirao-planta-mudas-de-arvores-nativas-em-vias-e-parques\/"},"wordCount":533,"publisher":{"@id":"https:\/\/www.notibras.com\/site\/#organization"},"image":{"@id":"https:\/\/www.notibras.com\/site\/mutirao-planta-mudas-de-arvores-nativas-em-vias-e-parques\/#primaryimage"},"thumbnailUrl":"https:\/\/www.notibras.com\/site\/wp-content\/uploads\/2022\/12\/52564304730_bc5296f8fd_c.jpg","articleSection":["Quadradinho em Foco"],"inLanguage":"pt-BR"},{"@type":"WebPage","@id":"https:\/\/www.notibras.com\/site\/mutirao-planta-mudas-de-arvores-nativas-em-vias-e-parques\/","url":"https:\/\/www.notibras.com\/site\/mutirao-planta-mudas-de-arvores-nativas-em-vias-e-parques\/","name":"Mutir\u00e3o planta mudas de \u00e1rvores nativas em vias e parques - Notibras","isPartOf":{"@id":"https:\/\/www.notibras.com\/site\/#website"},"primaryImageOfPage":{"@id":"https:\/\/www.notibras.com\/site\/mutirao-planta-mudas-de-arvores-nativas-em-vias-e-parques\/#primaryimage"},"image":{"@id":"https:\/\/www.notibras.com\/site\/mutirao-planta-mudas-de-arvores-nativas-em-vias-e-parques\/#primaryimage"},"thumbnailUrl":"https:\/\/www.notibras.com\/site\/wp-content\/uploads\/2022\/12\/52564304730_bc5296f8fd_c.jpg","datePublished":"2022-12-16T03:00:23+00:00","dateModified":"2022-12-16T07:23:13+00:00","breadcrumb":{"@id":"https:\/\/www.notibras.com\/site\/mutirao-planta-mudas-de-arvores-nativas-em-vias-e-parques\/#breadcrumb"},"inLanguage":"pt-BR","potentialAction":[{"@type":"ReadAction","target":["https:\/\/www.notibras.com\/site\/mutirao-planta-mudas-de-arvores-nativas-em-vias-e-parques\/"]}]},{"@type":"ImageObject","inLanguage":"pt-BR","@id":"https:\/\/www.notibras.com\/site\/mutirao-planta-mudas-de-arvores-nativas-em-vias-e-parques\/#primaryimage","url":"https:\/\/www.notibras.com\/site\/wp-content\/uploads\/2022\/12\/52564304730_bc5296f8fd_c.jpg","contentUrl":"https:\/\/www.notibras.com\/site\/wp-content\/uploads\/2022\/12\/52564304730_bc5296f8fd_c.jpg","width":799,"height":533},{"@type":"BreadcrumbList","@id":"https:\/\/www.notibras.com\/site\/mutirao-planta-mudas-de-arvores-nativas-em-vias-e-parques\/#breadcrumb","itemListElement":[{"@type":"ListItem","position":1,"name":"In\u00edcio","item":"https:\/\/www.notibras.com\/site\/"},{"@type":"ListItem","position":2,"name":"Mutir\u00e3o planta mudas de \u00e1rvores nativas em vias e parques"}]},{"@type":"WebSite","@id":"https:\/\/www.notibras.com\/site\/#website","url":"https:\/\/www.notibras.com\/site\/","name":"Notibras","description":"Not\u00edcias de Bras\u00edlia, do Brasil e do Mundo","publisher":{"@id":"https:\/\/www.notibras.com\/site\/#organization"},"potentialAction":[{"@type":"SearchAction","target":{"@type":"EntryPoint","urlTemplate":"https:\/\/www.notibras.com\/site\/?s={search_term_string}"},"query-input":{"@type":"PropertyValueSpecification","valueRequired":true,"valueName":"search_term_string"}}],"inLanguage":"pt-BR"},{"@type":"Organization","@id":"https:\/\/www.notibras.com\/site\/#organization","name":"Grupo Notibras de Comunica\u00e7\u00e3o","url":"https:\/\/www.notibras.com\/site\/","logo":{"@type":"ImageObject","inLanguage":"pt-BR","@id":"https:\/\/www.notibras.com\/site\/#\/schema\/logo\/image\/","url":"https:\/\/www.notibras.com\/site\/wp-content\/uploads\/2023\/01\/notibras23.png","contentUrl":"https:\/\/www.notibras.com\/site\/wp-content\/uploads\/2023\/01\/notibras23.png","width":350,"height":87,"caption":"Grupo Notibras de Comunica\u00e7\u00e3o"},"image":{"@id":"https:\/\/www.notibras.com\/site\/#\/schema\/logo\/image\/"},"sameAs":["https:\/\/www.facebook.com\/notibras\/","https:\/\/x.com\/Notibras","https:\/\/www.instagram.com\/notibras\/"]},{"@type":"Person","@id":"https:\/\/www.notibras.com\/site\/#\/schema\/person\/36ab0979449956132d3e5b517ea76ac8","name":"Reda\u00e7\u00e3o","image":{"@type":"ImageObject","inLanguage":"pt-BR","@id":"https:\/\/secure.gravatar.com\/avatar\/e0a867bdedb85fd243eadf09663511f96fc81e0720a4a42581f334ad4303aa6b?s=96&d=mm&r=g","url":"https:\/\/secure.gravatar.com\/avatar\/e0a867bdedb85fd243eadf09663511f96fc81e0720a4a42581f334ad4303aa6b?s=96&d=mm&r=g","contentUrl":"https:\/\/secure.gravatar.com\/avatar\/e0a867bdedb85fd243eadf09663511f96fc81e0720a4a42581f334ad4303aa6b?s=96&d=mm&r=g","caption":"Reda\u00e7\u00e3o"}}]}},"amp_enabled":true,"_links":{"self":[{"href":"https:\/\/www.notibras.com\/site\/wp-json\/wp\/v2\/posts\/296230","targetHints":{"allow":["GET"]}}],"collection":[{"href":"https:\/\/www.notibras.com\/site\/wp-json\/wp\/v2\/posts"}],"about":[{"href":"https:\/\/www.notibras.com\/site\/wp-json\/wp\/v2\/types\/post"}],"author":[{"embeddable":true,"href":"https:\/\/www.notibras.com\/site\/wp-json\/wp\/v2\/users\/2"}],"replies":[{"embeddable":true,"href":"https:\/\/www.notibras.com\/site\/wp-json\/wp\/v2\/comments?post=296230"}],"version-history":[{"count":1,"href":"https:\/\/www.notibras.com\/site\/wp-json\/wp\/v2\/posts\/296230\/revisions"}],"predecessor-version":[{"id":296232,"href":"https:\/\/www.notibras.com\/site\/wp-json\/wp\/v2\/posts\/296230\/revisions\/296232"}],"wp:featuredmedia":[{"embeddable":true,"href":"https:\/\/www.notibras.com\/site\/wp-json\/wp\/v2\/media\/296231"}],"wp:attachment":[{"href":"https:\/\/www.notibras.com\/site\/wp-json\/wp\/v2\/media?parent=296230"}],"wp:term":[{"taxonomy":"category","embeddable":true,"href":"https:\/\/www.notibras.com\/site\/wp-json\/wp\/v2\/categories?post=296230"},{"taxonomy":"post_tag","embeddable":true,"href":"https:\/\/www.notibras.com\/site\/wp-json\/wp\/v2\/tags?post=296230"}],"curies":[{"name":"wp","href":"https:\/\/api.w.org\/{rel}","templated":true}]}}