{"id":296236,"date":"2022-12-16T03:44:19","date_gmt":"2022-12-16T06:44:19","guid":{"rendered":"https:\/\/www.notibras.com\/site\/?p=296236"},"modified":"2022-12-16T04:46:02","modified_gmt":"2022-12-16T07:46:02","slug":"soros-antirrabicos-vao-para-centro-de-referencia","status":"publish","type":"post","link":"https:\/\/www.notibras.com\/site\/soros-antirrabicos-vao-para-centro-de-referencia\/","title":{"rendered":"Soros antirr\u00e1bicos v\u00e3o para centro de refer\u00eancia"},"content":{"rendered":"<p>Por causa da dificuldade no processo de produ\u00e7\u00e3o de soros antirr\u00e1bicos informada pelo Minist\u00e9rio da Sa\u00fade, a Secretaria de Sa\u00fade rev\u00ea a estrat\u00e9gia de distribui\u00e7\u00e3o dos insumos. A partir de agora, os soros est\u00e3o centralizados em cinco unidades de refer\u00eancia para o uso de emerg\u00eancia.<\/p>\n<p>De acordo com a circular n\u00ba 64, as unidades que passam a concentrar as doses s\u00e3o: Hospital Regional da Asa Norte (Hran), Hospital Regional de Taguatinga (HRT), Hospital Regional do Gama (HRG), Hospital Regional de Ceil\u00e2ndia (HRC) e Hospital Regional de Sobradinho (HRS).<\/p>\n<p>O documento tamb\u00e9m orienta os profissionais da sa\u00fade para realizar a avalia\u00e7\u00e3o rigorosa dos casos de poss\u00edvel exposi\u00e7\u00e3o ao v\u00edrus da raiva, sendo indicado em acidentes graves a depender da natureza da exposi\u00e7\u00e3o e das condi\u00e7\u00f5es do animal agressor.<\/p>\n<p>\u201cAlguns roedores s\u00e3o considerados animais de baixo risco para a transmiss\u00e3o da raiva, n\u00e3o sendo necess\u00e1rio indicar o esquema preventivo\u201d, afirma o diretor da Vigil\u00e2ncia Epidemiol\u00f3gica, Fabiano dos Anjos. A instru\u00e7\u00e3o vale para os casos de acidentes com ratazana de esgoto, rato de telhado, camundongo, porquinho-da-\u00edndia, hamster e coelho.<\/p>\n<p>A gerente de Vigil\u00e2ncia das Doen\u00e7as Imunopreven\u00edveis e de Transmiss\u00e3o H\u00eddrica e Alimentar, Renata Brand\u00e3o, refor\u00e7a que apenas os mam\u00edferos transmitem e adoecem pelo v\u00edrus da raiva. \u201cNo Brasil e no Distrito Federal, o morcego \u00e9 o principal respons\u00e1vel pela manuten\u00e7\u00e3o da cadeia silvestre, onde pode haver contamina\u00e7\u00e3o de c\u00e3es, gatos, equinos, entre outros\u201d.<\/p>\n<p><strong>Medidas de preven\u00e7\u00e3o<\/strong><br \/>\n\u2013 Em caso de acidente (mordedura, arranhadura ou lambedura), lavar imediatamente o ferimento com \u00e1gua e sab\u00e3o;<br \/>\n\u2013 Procurar uma unidade de sa\u00fade e relatar a situa\u00e7\u00e3o detalhadamente para avalia\u00e7\u00e3o da necessidade da profilaxia (vacina\u00e7\u00e3o);<br \/>\n\u2013 Evitar tocar ou pegar morcegos ou outros animais silvestres, como macacos, saru\u00eas, gamb\u00e1s, capivaras;<br \/>\n\u2013 Em caso de mordedura por c\u00e3o e gato, se poss\u00edvel manter o animal em observa\u00e7\u00e3o por dez dias. Neste per\u00edodo, se o animal morrer ou desaparecer, procure uma unidade de sa\u00fade e informe o ocorrido;<br \/>\n\u2013 Quando indicada a vacina\u00e7\u00e3o, completar o esquema dentro do prazo estabelecido conforme prazos no cart\u00e3o vacina;<br \/>\n\u2013 Realizar a vacina\u00e7\u00e3o de c\u00e3es e gatos anualmente.<\/p>\n<p>A \u00e1rea t\u00e9cnica destaca ainda a necessidade de o usu\u00e1rio ser acompanhado pela vigil\u00e2ncia do territ\u00f3rio e pela unidade b\u00e1sica de sa\u00fade de sua \u00e1rea a fim de garantir o esquema preventivo no tempo adequado. \u201cO importante \u00e9 o cidad\u00e3o buscar a unidade de sa\u00fade e avaliar com um profissional de sa\u00fade a melhor conduta para seguir\u201d, refor\u00e7a Renata.<\/p>\n<p>&nbsp;<\/p>\n","protected":false},"excerpt":{"rendered":"<p>Por causa da dificuldade no processo de produ\u00e7\u00e3o de soros antirr\u00e1bicos informada pelo Minist\u00e9rio da Sa\u00fade, a Secretaria de Sa\u00fade rev\u00ea a estrat\u00e9gia de distribui\u00e7\u00e3o dos insumos. A partir de agora, os soros est\u00e3o centralizados em cinco unidades de refer\u00eancia para o uso de emerg\u00eancia. De acordo com a circular n\u00ba 64, as unidades que [&hellip;]<\/p>\n","protected":false},"author":2,"featured_media":296238,"comment_status":"closed","ping_status":"closed","sticky":false,"template":"","format":"standard","meta":{"_acf_changed":false,"footnotes":""},"categories":[161],"tags":[],"class_list":["post-296236","post","type-post","status-publish","format-standard","has-post-thumbnail","hentry","category-quadradinho-em-foco"],"acf":[],"yoast_head":"<!-- This site is optimized with the Yoast SEO plugin v27.2 - https:\/\/yoast.com\/product\/yoast-seo-wordpress\/ -->\n<title>Soros antirr\u00e1bicos v\u00e3o para centro de refer\u00eancia - Notibras<\/title>\n<meta name=\"robots\" content=\"index, follow, max-snippet:-1, max-image-preview:large, max-video-preview:-1\" \/>\n<link rel=\"canonical\" href=\"https:\/\/www.notibras.com\/site\/soros-antirrabicos-vao-para-centro-de-referencia\/\" \/>\n<meta property=\"og:locale\" content=\"pt_BR\" \/>\n<meta property=\"og:type\" content=\"article\" \/>\n<meta property=\"og:title\" content=\"Soros antirr\u00e1bicos v\u00e3o para centro de refer\u00eancia - Notibras\" \/>\n<meta property=\"og:description\" content=\"Por causa da dificuldade no processo de produ\u00e7\u00e3o de soros antirr\u00e1bicos informada pelo Minist\u00e9rio da Sa\u00fade, a Secretaria de Sa\u00fade rev\u00ea a estrat\u00e9gia de distribui\u00e7\u00e3o dos insumos. A partir de agora, os soros est\u00e3o centralizados em cinco unidades de refer\u00eancia para o uso de emerg\u00eancia. De acordo com a circular n\u00ba 64, as unidades que [&hellip;]\" \/>\n<meta property=\"og:url\" content=\"https:\/\/www.notibras.com\/site\/soros-antirrabicos-vao-para-centro-de-referencia\/\" \/>\n<meta property=\"og:site_name\" content=\"Notibras\" \/>\n<meta property=\"article:publisher\" content=\"https:\/\/www.facebook.com\/notibras\/\" \/>\n<meta property=\"article:published_time\" content=\"2022-12-16T06:44:19+00:00\" \/>\n<meta property=\"article:modified_time\" content=\"2022-12-16T07:46:02+00:00\" \/>\n<meta property=\"og:image\" content=\"https:\/\/www.notibras.com\/site\/wp-content\/uploads\/2022\/12\/vacina-cao.jpg\" \/>\n\t<meta property=\"og:image:width\" content=\"1200\" \/>\n\t<meta property=\"og:image:height\" content=\"800\" \/>\n\t<meta property=\"og:image:type\" content=\"image\/jpeg\" \/>\n<meta name=\"author\" content=\"Reda\u00e7\u00e3o\" \/>\n<meta name=\"twitter:card\" content=\"summary_large_image\" \/>\n<meta name=\"twitter:creator\" content=\"@Notibras\" \/>\n<meta name=\"twitter:site\" content=\"@Notibras\" \/>\n<meta name=\"twitter:label1\" content=\"Escrito por\" \/>\n\t<meta name=\"twitter:data1\" content=\"Reda\u00e7\u00e3o\" \/>\n\t<meta name=\"twitter:label2\" content=\"Est. tempo de leitura\" \/>\n\t<meta name=\"twitter:data2\" content=\"3 minutos\" \/>\n<script type=\"application\/ld+json\" class=\"yoast-schema-graph\">{\"@context\":\"https:\/\/schema.org\",\"@graph\":[{\"@type\":\"Article\",\"@id\":\"https:\/\/www.notibras.com\/site\/soros-antirrabicos-vao-para-centro-de-referencia\/#article\",\"isPartOf\":{\"@id\":\"https:\/\/www.notibras.com\/site\/soros-antirrabicos-vao-para-centro-de-referencia\/\"},\"author\":{\"name\":\"Reda\u00e7\u00e3o\",\"@id\":\"https:\/\/www.notibras.com\/site\/#\/schema\/person\/36ab0979449956132d3e5b517ea76ac8\"},\"headline\":\"Soros antirr\u00e1bicos v\u00e3o para centro de refer\u00eancia\",\"datePublished\":\"2022-12-16T06:44:19+00:00\",\"dateModified\":\"2022-12-16T07:46:02+00:00\",\"mainEntityOfPage\":{\"@id\":\"https:\/\/www.notibras.com\/site\/soros-antirrabicos-vao-para-centro-de-referencia\/\"},\"wordCount\":474,\"publisher\":{\"@id\":\"https:\/\/www.notibras.com\/site\/#organization\"},\"image\":{\"@id\":\"https:\/\/www.notibras.com\/site\/soros-antirrabicos-vao-para-centro-de-referencia\/#primaryimage\"},\"thumbnailUrl\":\"https:\/\/www.notibras.com\/site\/wp-content\/uploads\/2022\/12\/vacina-cao.jpg\",\"articleSection\":[\"Quadradinho em Foco\"],\"inLanguage\":\"pt-BR\"},{\"@type\":\"WebPage\",\"@id\":\"https:\/\/www.notibras.com\/site\/soros-antirrabicos-vao-para-centro-de-referencia\/\",\"url\":\"https:\/\/www.notibras.com\/site\/soros-antirrabicos-vao-para-centro-de-referencia\/\",\"name\":\"Soros antirr\u00e1bicos v\u00e3o para centro de refer\u00eancia - Notibras\",\"isPartOf\":{\"@id\":\"https:\/\/www.notibras.com\/site\/#website\"},\"primaryImageOfPage\":{\"@id\":\"https:\/\/www.notibras.com\/site\/soros-antirrabicos-vao-para-centro-de-referencia\/#primaryimage\"},\"image\":{\"@id\":\"https:\/\/www.notibras.com\/site\/soros-antirrabicos-vao-para-centro-de-referencia\/#primaryimage\"},\"thumbnailUrl\":\"https:\/\/www.notibras.com\/site\/wp-content\/uploads\/2022\/12\/vacina-cao.jpg\",\"datePublished\":\"2022-12-16T06:44:19+00:00\",\"dateModified\":\"2022-12-16T07:46:02+00:00\",\"breadcrumb\":{\"@id\":\"https:\/\/www.notibras.com\/site\/soros-antirrabicos-vao-para-centro-de-referencia\/#breadcrumb\"},\"inLanguage\":\"pt-BR\",\"potentialAction\":[{\"@type\":\"ReadAction\",\"target\":[\"https:\/\/www.notibras.com\/site\/soros-antirrabicos-vao-para-centro-de-referencia\/\"]}]},{\"@type\":\"ImageObject\",\"inLanguage\":\"pt-BR\",\"@id\":\"https:\/\/www.notibras.com\/site\/soros-antirrabicos-vao-para-centro-de-referencia\/#primaryimage\",\"url\":\"https:\/\/www.notibras.com\/site\/wp-content\/uploads\/2022\/12\/vacina-cao.jpg\",\"contentUrl\":\"https:\/\/www.notibras.com\/site\/wp-content\/uploads\/2022\/12\/vacina-cao.jpg\",\"width\":1200,\"height\":800},{\"@type\":\"BreadcrumbList\",\"@id\":\"https:\/\/www.notibras.com\/site\/soros-antirrabicos-vao-para-centro-de-referencia\/#breadcrumb\",\"itemListElement\":[{\"@type\":\"ListItem\",\"position\":1,\"name\":\"In\u00edcio\",\"item\":\"https:\/\/www.notibras.com\/site\/\"},{\"@type\":\"ListItem\",\"position\":2,\"name\":\"Soros antirr\u00e1bicos v\u00e3o para centro de refer\u00eancia\"}]},{\"@type\":\"WebSite\",\"@id\":\"https:\/\/www.notibras.com\/site\/#website\",\"url\":\"https:\/\/www.notibras.com\/site\/\",\"name\":\"Notibras\",\"description\":\"Not\u00edcias de Bras\u00edlia, do Brasil e do Mundo\",\"publisher\":{\"@id\":\"https:\/\/www.notibras.com\/site\/#organization\"},\"potentialAction\":[{\"@type\":\"SearchAction\",\"target\":{\"@type\":\"EntryPoint\",\"urlTemplate\":\"https:\/\/www.notibras.com\/site\/?s={search_term_string}\"},\"query-input\":{\"@type\":\"PropertyValueSpecification\",\"valueRequired\":true,\"valueName\":\"search_term_string\"}}],\"inLanguage\":\"pt-BR\"},{\"@type\":\"Organization\",\"@id\":\"https:\/\/www.notibras.com\/site\/#organization\",\"name\":\"Grupo Notibras de Comunica\u00e7\u00e3o\",\"url\":\"https:\/\/www.notibras.com\/site\/\",\"logo\":{\"@type\":\"ImageObject\",\"inLanguage\":\"pt-BR\",\"@id\":\"https:\/\/www.notibras.com\/site\/#\/schema\/logo\/image\/\",\"url\":\"https:\/\/www.notibras.com\/site\/wp-content\/uploads\/2023\/01\/notibras23.png\",\"contentUrl\":\"https:\/\/www.notibras.com\/site\/wp-content\/uploads\/2023\/01\/notibras23.png\",\"width\":350,\"height\":87,\"caption\":\"Grupo Notibras de Comunica\u00e7\u00e3o\"},\"image\":{\"@id\":\"https:\/\/www.notibras.com\/site\/#\/schema\/logo\/image\/\"},\"sameAs\":[\"https:\/\/www.facebook.com\/notibras\/\",\"https:\/\/x.com\/Notibras\",\"https:\/\/www.instagram.com\/notibras\/\"]},{\"@type\":\"Person\",\"@id\":\"https:\/\/www.notibras.com\/site\/#\/schema\/person\/36ab0979449956132d3e5b517ea76ac8\",\"name\":\"Reda\u00e7\u00e3o\",\"image\":{\"@type\":\"ImageObject\",\"inLanguage\":\"pt-BR\",\"@id\":\"https:\/\/secure.gravatar.com\/avatar\/e0a867bdedb85fd243eadf09663511f96fc81e0720a4a42581f334ad4303aa6b?s=96&d=mm&r=g\",\"url\":\"https:\/\/secure.gravatar.com\/avatar\/e0a867bdedb85fd243eadf09663511f96fc81e0720a4a42581f334ad4303aa6b?s=96&d=mm&r=g\",\"contentUrl\":\"https:\/\/secure.gravatar.com\/avatar\/e0a867bdedb85fd243eadf09663511f96fc81e0720a4a42581f334ad4303aa6b?s=96&d=mm&r=g\",\"caption\":\"Reda\u00e7\u00e3o\"}}]}<\/script>\n<!-- \/ Yoast SEO plugin. -->","yoast_head_json":{"title":"Soros antirr\u00e1bicos v\u00e3o para centro de refer\u00eancia - Notibras","robots":{"index":"index","follow":"follow","max-snippet":"max-snippet:-1","max-image-preview":"max-image-preview:large","max-video-preview":"max-video-preview:-1"},"canonical":"https:\/\/www.notibras.com\/site\/soros-antirrabicos-vao-para-centro-de-referencia\/","og_locale":"pt_BR","og_type":"article","og_title":"Soros antirr\u00e1bicos v\u00e3o para centro de refer\u00eancia - Notibras","og_description":"Por causa da dificuldade no processo de produ\u00e7\u00e3o de soros antirr\u00e1bicos informada pelo Minist\u00e9rio da Sa\u00fade, a Secretaria de Sa\u00fade rev\u00ea a estrat\u00e9gia de distribui\u00e7\u00e3o dos insumos. A partir de agora, os soros est\u00e3o centralizados em cinco unidades de refer\u00eancia para o uso de emerg\u00eancia. De acordo com a circular n\u00ba 64, as unidades que [&hellip;]","og_url":"https:\/\/www.notibras.com\/site\/soros-antirrabicos-vao-para-centro-de-referencia\/","og_site_name":"Notibras","article_publisher":"https:\/\/www.facebook.com\/notibras\/","article_published_time":"2022-12-16T06:44:19+00:00","article_modified_time":"2022-12-16T07:46:02+00:00","og_image":[{"width":1200,"height":800,"url":"https:\/\/www.notibras.com\/site\/wp-content\/uploads\/2022\/12\/vacina-cao.jpg","type":"image\/jpeg"}],"author":"Reda\u00e7\u00e3o","twitter_card":"summary_large_image","twitter_creator":"@Notibras","twitter_site":"@Notibras","twitter_misc":{"Escrito por":"Reda\u00e7\u00e3o","Est. tempo de leitura":"3 minutos"},"schema":{"@context":"https:\/\/schema.org","@graph":[{"@type":"Article","@id":"https:\/\/www.notibras.com\/site\/soros-antirrabicos-vao-para-centro-de-referencia\/#article","isPartOf":{"@id":"https:\/\/www.notibras.com\/site\/soros-antirrabicos-vao-para-centro-de-referencia\/"},"author":{"name":"Reda\u00e7\u00e3o","@id":"https:\/\/www.notibras.com\/site\/#\/schema\/person\/36ab0979449956132d3e5b517ea76ac8"},"headline":"Soros antirr\u00e1bicos v\u00e3o para centro de refer\u00eancia","datePublished":"2022-12-16T06:44:19+00:00","dateModified":"2022-12-16T07:46:02+00:00","mainEntityOfPage":{"@id":"https:\/\/www.notibras.com\/site\/soros-antirrabicos-vao-para-centro-de-referencia\/"},"wordCount":474,"publisher":{"@id":"https:\/\/www.notibras.com\/site\/#organization"},"image":{"@id":"https:\/\/www.notibras.com\/site\/soros-antirrabicos-vao-para-centro-de-referencia\/#primaryimage"},"thumbnailUrl":"https:\/\/www.notibras.com\/site\/wp-content\/uploads\/2022\/12\/vacina-cao.jpg","articleSection":["Quadradinho em Foco"],"inLanguage":"pt-BR"},{"@type":"WebPage","@id":"https:\/\/www.notibras.com\/site\/soros-antirrabicos-vao-para-centro-de-referencia\/","url":"https:\/\/www.notibras.com\/site\/soros-antirrabicos-vao-para-centro-de-referencia\/","name":"Soros antirr\u00e1bicos v\u00e3o para centro de refer\u00eancia - Notibras","isPartOf":{"@id":"https:\/\/www.notibras.com\/site\/#website"},"primaryImageOfPage":{"@id":"https:\/\/www.notibras.com\/site\/soros-antirrabicos-vao-para-centro-de-referencia\/#primaryimage"},"image":{"@id":"https:\/\/www.notibras.com\/site\/soros-antirrabicos-vao-para-centro-de-referencia\/#primaryimage"},"thumbnailUrl":"https:\/\/www.notibras.com\/site\/wp-content\/uploads\/2022\/12\/vacina-cao.jpg","datePublished":"2022-12-16T06:44:19+00:00","dateModified":"2022-12-16T07:46:02+00:00","breadcrumb":{"@id":"https:\/\/www.notibras.com\/site\/soros-antirrabicos-vao-para-centro-de-referencia\/#breadcrumb"},"inLanguage":"pt-BR","potentialAction":[{"@type":"ReadAction","target":["https:\/\/www.notibras.com\/site\/soros-antirrabicos-vao-para-centro-de-referencia\/"]}]},{"@type":"ImageObject","inLanguage":"pt-BR","@id":"https:\/\/www.notibras.com\/site\/soros-antirrabicos-vao-para-centro-de-referencia\/#primaryimage","url":"https:\/\/www.notibras.com\/site\/wp-content\/uploads\/2022\/12\/vacina-cao.jpg","contentUrl":"https:\/\/www.notibras.com\/site\/wp-content\/uploads\/2022\/12\/vacina-cao.jpg","width":1200,"height":800},{"@type":"BreadcrumbList","@id":"https:\/\/www.notibras.com\/site\/soros-antirrabicos-vao-para-centro-de-referencia\/#breadcrumb","itemListElement":[{"@type":"ListItem","position":1,"name":"In\u00edcio","item":"https:\/\/www.notibras.com\/site\/"},{"@type":"ListItem","position":2,"name":"Soros antirr\u00e1bicos v\u00e3o para centro de refer\u00eancia"}]},{"@type":"WebSite","@id":"https:\/\/www.notibras.com\/site\/#website","url":"https:\/\/www.notibras.com\/site\/","name":"Notibras","description":"Not\u00edcias de Bras\u00edlia, do Brasil e do Mundo","publisher":{"@id":"https:\/\/www.notibras.com\/site\/#organization"},"potentialAction":[{"@type":"SearchAction","target":{"@type":"EntryPoint","urlTemplate":"https:\/\/www.notibras.com\/site\/?s={search_term_string}"},"query-input":{"@type":"PropertyValueSpecification","valueRequired":true,"valueName":"search_term_string"}}],"inLanguage":"pt-BR"},{"@type":"Organization","@id":"https:\/\/www.notibras.com\/site\/#organization","name":"Grupo Notibras de Comunica\u00e7\u00e3o","url":"https:\/\/www.notibras.com\/site\/","logo":{"@type":"ImageObject","inLanguage":"pt-BR","@id":"https:\/\/www.notibras.com\/site\/#\/schema\/logo\/image\/","url":"https:\/\/www.notibras.com\/site\/wp-content\/uploads\/2023\/01\/notibras23.png","contentUrl":"https:\/\/www.notibras.com\/site\/wp-content\/uploads\/2023\/01\/notibras23.png","width":350,"height":87,"caption":"Grupo Notibras de Comunica\u00e7\u00e3o"},"image":{"@id":"https:\/\/www.notibras.com\/site\/#\/schema\/logo\/image\/"},"sameAs":["https:\/\/www.facebook.com\/notibras\/","https:\/\/x.com\/Notibras","https:\/\/www.instagram.com\/notibras\/"]},{"@type":"Person","@id":"https:\/\/www.notibras.com\/site\/#\/schema\/person\/36ab0979449956132d3e5b517ea76ac8","name":"Reda\u00e7\u00e3o","image":{"@type":"ImageObject","inLanguage":"pt-BR","@id":"https:\/\/secure.gravatar.com\/avatar\/e0a867bdedb85fd243eadf09663511f96fc81e0720a4a42581f334ad4303aa6b?s=96&d=mm&r=g","url":"https:\/\/secure.gravatar.com\/avatar\/e0a867bdedb85fd243eadf09663511f96fc81e0720a4a42581f334ad4303aa6b?s=96&d=mm&r=g","contentUrl":"https:\/\/secure.gravatar.com\/avatar\/e0a867bdedb85fd243eadf09663511f96fc81e0720a4a42581f334ad4303aa6b?s=96&d=mm&r=g","caption":"Reda\u00e7\u00e3o"}}]}},"amp_enabled":true,"_links":{"self":[{"href":"https:\/\/www.notibras.com\/site\/wp-json\/wp\/v2\/posts\/296236","targetHints":{"allow":["GET"]}}],"collection":[{"href":"https:\/\/www.notibras.com\/site\/wp-json\/wp\/v2\/posts"}],"about":[{"href":"https:\/\/www.notibras.com\/site\/wp-json\/wp\/v2\/types\/post"}],"author":[{"embeddable":true,"href":"https:\/\/www.notibras.com\/site\/wp-json\/wp\/v2\/users\/2"}],"replies":[{"embeddable":true,"href":"https:\/\/www.notibras.com\/site\/wp-json\/wp\/v2\/comments?post=296236"}],"version-history":[{"count":1,"href":"https:\/\/www.notibras.com\/site\/wp-json\/wp\/v2\/posts\/296236\/revisions"}],"predecessor-version":[{"id":296237,"href":"https:\/\/www.notibras.com\/site\/wp-json\/wp\/v2\/posts\/296236\/revisions\/296237"}],"wp:featuredmedia":[{"embeddable":true,"href":"https:\/\/www.notibras.com\/site\/wp-json\/wp\/v2\/media\/296238"}],"wp:attachment":[{"href":"https:\/\/www.notibras.com\/site\/wp-json\/wp\/v2\/media?parent=296236"}],"wp:term":[{"taxonomy":"category","embeddable":true,"href":"https:\/\/www.notibras.com\/site\/wp-json\/wp\/v2\/categories?post=296236"},{"taxonomy":"post_tag","embeddable":true,"href":"https:\/\/www.notibras.com\/site\/wp-json\/wp\/v2\/tags?post=296236"}],"curies":[{"name":"wp","href":"https:\/\/api.w.org\/{rel}","templated":true}]}}