{"id":296389,"date":"2022-12-19T00:00:05","date_gmt":"2022-12-19T03:00:05","guid":{"rendered":"https:\/\/www.notibras.com\/site\/?p=296389"},"modified":"2022-12-19T04:31:38","modified_gmt":"2022-12-19T07:31:38","slug":"lago-sul-e-paranoa-terao-energia-eletrica-suspensa","status":"publish","type":"post","link":"https:\/\/www.notibras.com\/site\/lago-sul-e-paranoa-terao-energia-eletrica-suspensa\/","title":{"rendered":"Lago Sul e Parano\u00e1 ter\u00e3o energia el\u00e9trica suspensa"},"content":{"rendered":"<p>\u00c1reas de duas regi\u00f5es administrativas do Distrito Federal ficar\u00e3o sem energia nesta segunda-feira (19) para servi\u00e7os na rede de distribui\u00e7\u00e3o. O desligamento programado ocorrer\u00e1 das 8h30 \u00e0s 16h, para garantir a seguran\u00e7a da popula\u00e7\u00e3o e das equipes da Neoenergia Bras\u00edlia.<\/p>\n<p>No Parano\u00e1, haver\u00e1 poda de \u00e1rvores nos seguintes endere\u00e7os: BR 251, DF 100; Col\u00f4nia Agr\u00edcola Buriti Vermelho, ch\u00e1caras 1, 3 a 6, 8 a 11, 13 a 25, 25-A, 26 a 28, 30, 31, 31-A, 32, 33, 33-A, 34 a 38, 38-B, 39, 40, 42, 43, DF 260, ch\u00e1cara 2, Lote 26; DF 100, km 37; N\u00facleo Rural Jardim, Ch\u00e1cara S\u00e3o Sebasti\u00e3o, MDC 19 ao MDC 22, MDG 07, MDG 10, MDG 12, MDG 18, MDG 19, MDG 20, MDG 26, MDG 31, MDG 34 ao MDG 39; N\u00facleo Rural Jardim II, Ch\u00e1caras 33, Mangabeira e Fazenda Brej\u00e3o; N\u00facleo Rural PAD\/DF, Fazenda Canad\u00e1, MD 24, MDD, MDG 09 ao MDF 11, MDG 26, MDG 35, MDG 36 e NR DF 260; e N\u00facleo Rural Rio Preto, MDG 37 ao MDG 39.<\/p>\n<p>Na mesma cidade, os moradores do bairro Cascalheira n\u00e3o ter\u00e3o energia devido \u00e0 constru\u00e7\u00e3o de novas redes, nas ch\u00e1caras 08-B, 08-C, 09-A, 10, 10-A, 11, 12-A, 12-B, 12-C, 13, 36, 37, 37-A, 38, 39, 39-B, 40, 40-A, 50, 50-A, 50-C e 51.<\/p>\n<p>No Lago Sul, a suspens\u00e3o ser\u00e1 na SHIS QI 26, conjuntos 07 e 08, para manuten\u00e7\u00e3o de rede.<\/p>\n<p>Al\u00e9m dos desligamentos programados, pode acabar a energia em outra regi\u00e3o do Distrito Federal. Neste caso, a popula\u00e7\u00e3o deve registrar a ocorr\u00eancia pelo telefone 116. Clientes com defici\u00eancia auditiva e de fala podem acessar o atendimento pelo 0800 701 01 55, desde que utilizem aparelho adaptado para essa finalidade.<\/p>\n<p>&nbsp;<\/p>\n","protected":false},"excerpt":{"rendered":"<p>\u00c1reas de duas regi\u00f5es administrativas do Distrito Federal ficar\u00e3o sem energia nesta segunda-feira (19) para servi\u00e7os na rede de distribui\u00e7\u00e3o. O desligamento programado ocorrer\u00e1 das 8h30 \u00e0s 16h, para garantir a seguran\u00e7a da popula\u00e7\u00e3o e das equipes da Neoenergia Bras\u00edlia. No Parano\u00e1, haver\u00e1 poda de \u00e1rvores nos seguintes endere\u00e7os: BR 251, DF 100; Col\u00f4nia Agr\u00edcola [&hellip;]<\/p>\n","protected":false},"author":2,"featured_media":296390,"comment_status":"closed","ping_status":"closed","sticky":false,"template":"","format":"standard","meta":{"_acf_changed":false,"footnotes":""},"categories":[161],"tags":[],"class_list":["post-296389","post","type-post","status-publish","format-standard","has-post-thumbnail","hentry","category-quadradinho-em-foco"],"acf":[],"yoast_head":"<!-- This site is optimized with the Yoast SEO plugin v27.2 - https:\/\/yoast.com\/product\/yoast-seo-wordpress\/ -->\n<title>Lago Sul e Parano\u00e1 ter\u00e3o energia el\u00e9trica suspensa - Notibras<\/title>\n<meta name=\"robots\" content=\"index, follow, max-snippet:-1, max-image-preview:large, max-video-preview:-1\" \/>\n<link rel=\"canonical\" href=\"https:\/\/www.notibras.com\/site\/lago-sul-e-paranoa-terao-energia-eletrica-suspensa\/\" \/>\n<meta property=\"og:locale\" content=\"pt_BR\" \/>\n<meta property=\"og:type\" content=\"article\" \/>\n<meta property=\"og:title\" content=\"Lago Sul e Parano\u00e1 ter\u00e3o energia el\u00e9trica suspensa - Notibras\" \/>\n<meta property=\"og:description\" content=\"\u00c1reas de duas regi\u00f5es administrativas do Distrito Federal ficar\u00e3o sem energia nesta segunda-feira (19) para servi\u00e7os na rede de distribui\u00e7\u00e3o. O desligamento programado ocorrer\u00e1 das 8h30 \u00e0s 16h, para garantir a seguran\u00e7a da popula\u00e7\u00e3o e das equipes da Neoenergia Bras\u00edlia. No Parano\u00e1, haver\u00e1 poda de \u00e1rvores nos seguintes endere\u00e7os: BR 251, DF 100; Col\u00f4nia Agr\u00edcola [&hellip;]\" \/>\n<meta property=\"og:url\" content=\"https:\/\/www.notibras.com\/site\/lago-sul-e-paranoa-terao-energia-eletrica-suspensa\/\" \/>\n<meta property=\"og:site_name\" content=\"Notibras\" \/>\n<meta property=\"article:publisher\" content=\"https:\/\/www.facebook.com\/notibras\/\" \/>\n<meta property=\"article:published_time\" content=\"2022-12-19T03:00:05+00:00\" \/>\n<meta property=\"article:modified_time\" content=\"2022-12-19T07:31:38+00:00\" \/>\n<meta property=\"og:image\" content=\"https:\/\/www.notibras.com\/site\/wp-content\/uploads\/2022\/12\/l_job_12101-post-blog_CAPA_980x623px-v1.jpg\" \/>\n\t<meta property=\"og:image:width\" content=\"980\" \/>\n\t<meta property=\"og:image:height\" content=\"623\" \/>\n\t<meta property=\"og:image:type\" content=\"image\/jpeg\" \/>\n<meta name=\"author\" content=\"Reda\u00e7\u00e3o\" \/>\n<meta name=\"twitter:card\" content=\"summary_large_image\" \/>\n<meta name=\"twitter:creator\" content=\"@Notibras\" \/>\n<meta name=\"twitter:site\" content=\"@Notibras\" \/>\n<meta name=\"twitter:label1\" content=\"Escrito por\" \/>\n\t<meta name=\"twitter:data1\" content=\"Reda\u00e7\u00e3o\" \/>\n\t<meta name=\"twitter:label2\" content=\"Est. tempo de leitura\" \/>\n\t<meta name=\"twitter:data2\" content=\"2 minutos\" \/>\n<script type=\"application\/ld+json\" class=\"yoast-schema-graph\">{\"@context\":\"https:\/\/schema.org\",\"@graph\":[{\"@type\":\"Article\",\"@id\":\"https:\/\/www.notibras.com\/site\/lago-sul-e-paranoa-terao-energia-eletrica-suspensa\/#article\",\"isPartOf\":{\"@id\":\"https:\/\/www.notibras.com\/site\/lago-sul-e-paranoa-terao-energia-eletrica-suspensa\/\"},\"author\":{\"name\":\"Reda\u00e7\u00e3o\",\"@id\":\"https:\/\/www.notibras.com\/site\/#\/schema\/person\/36ab0979449956132d3e5b517ea76ac8\"},\"headline\":\"Lago Sul e Parano\u00e1 ter\u00e3o energia el\u00e9trica suspensa\",\"datePublished\":\"2022-12-19T03:00:05+00:00\",\"dateModified\":\"2022-12-19T07:31:38+00:00\",\"mainEntityOfPage\":{\"@id\":\"https:\/\/www.notibras.com\/site\/lago-sul-e-paranoa-terao-energia-eletrica-suspensa\/\"},\"wordCount\":256,\"publisher\":{\"@id\":\"https:\/\/www.notibras.com\/site\/#organization\"},\"image\":{\"@id\":\"https:\/\/www.notibras.com\/site\/lago-sul-e-paranoa-terao-energia-eletrica-suspensa\/#primaryimage\"},\"thumbnailUrl\":\"https:\/\/www.notibras.com\/site\/wp-content\/uploads\/2022\/12\/l_job_12101-post-blog_CAPA_980x623px-v1.jpg\",\"articleSection\":[\"Quadradinho em Foco\"],\"inLanguage\":\"pt-BR\"},{\"@type\":\"WebPage\",\"@id\":\"https:\/\/www.notibras.com\/site\/lago-sul-e-paranoa-terao-energia-eletrica-suspensa\/\",\"url\":\"https:\/\/www.notibras.com\/site\/lago-sul-e-paranoa-terao-energia-eletrica-suspensa\/\",\"name\":\"Lago Sul e Parano\u00e1 ter\u00e3o energia el\u00e9trica suspensa - Notibras\",\"isPartOf\":{\"@id\":\"https:\/\/www.notibras.com\/site\/#website\"},\"primaryImageOfPage\":{\"@id\":\"https:\/\/www.notibras.com\/site\/lago-sul-e-paranoa-terao-energia-eletrica-suspensa\/#primaryimage\"},\"image\":{\"@id\":\"https:\/\/www.notibras.com\/site\/lago-sul-e-paranoa-terao-energia-eletrica-suspensa\/#primaryimage\"},\"thumbnailUrl\":\"https:\/\/www.notibras.com\/site\/wp-content\/uploads\/2022\/12\/l_job_12101-post-blog_CAPA_980x623px-v1.jpg\",\"datePublished\":\"2022-12-19T03:00:05+00:00\",\"dateModified\":\"2022-12-19T07:31:38+00:00\",\"breadcrumb\":{\"@id\":\"https:\/\/www.notibras.com\/site\/lago-sul-e-paranoa-terao-energia-eletrica-suspensa\/#breadcrumb\"},\"inLanguage\":\"pt-BR\",\"potentialAction\":[{\"@type\":\"ReadAction\",\"target\":[\"https:\/\/www.notibras.com\/site\/lago-sul-e-paranoa-terao-energia-eletrica-suspensa\/\"]}]},{\"@type\":\"ImageObject\",\"inLanguage\":\"pt-BR\",\"@id\":\"https:\/\/www.notibras.com\/site\/lago-sul-e-paranoa-terao-energia-eletrica-suspensa\/#primaryimage\",\"url\":\"https:\/\/www.notibras.com\/site\/wp-content\/uploads\/2022\/12\/l_job_12101-post-blog_CAPA_980x623px-v1.jpg\",\"contentUrl\":\"https:\/\/www.notibras.com\/site\/wp-content\/uploads\/2022\/12\/l_job_12101-post-blog_CAPA_980x623px-v1.jpg\",\"width\":980,\"height\":623},{\"@type\":\"BreadcrumbList\",\"@id\":\"https:\/\/www.notibras.com\/site\/lago-sul-e-paranoa-terao-energia-eletrica-suspensa\/#breadcrumb\",\"itemListElement\":[{\"@type\":\"ListItem\",\"position\":1,\"name\":\"In\u00edcio\",\"item\":\"https:\/\/www.notibras.com\/site\/\"},{\"@type\":\"ListItem\",\"position\":2,\"name\":\"Lago Sul e Parano\u00e1 ter\u00e3o energia el\u00e9trica suspensa\"}]},{\"@type\":\"WebSite\",\"@id\":\"https:\/\/www.notibras.com\/site\/#website\",\"url\":\"https:\/\/www.notibras.com\/site\/\",\"name\":\"Notibras\",\"description\":\"Not\u00edcias de Bras\u00edlia, do Brasil e do Mundo\",\"publisher\":{\"@id\":\"https:\/\/www.notibras.com\/site\/#organization\"},\"potentialAction\":[{\"@type\":\"SearchAction\",\"target\":{\"@type\":\"EntryPoint\",\"urlTemplate\":\"https:\/\/www.notibras.com\/site\/?s={search_term_string}\"},\"query-input\":{\"@type\":\"PropertyValueSpecification\",\"valueRequired\":true,\"valueName\":\"search_term_string\"}}],\"inLanguage\":\"pt-BR\"},{\"@type\":\"Organization\",\"@id\":\"https:\/\/www.notibras.com\/site\/#organization\",\"name\":\"Grupo Notibras de Comunica\u00e7\u00e3o\",\"url\":\"https:\/\/www.notibras.com\/site\/\",\"logo\":{\"@type\":\"ImageObject\",\"inLanguage\":\"pt-BR\",\"@id\":\"https:\/\/www.notibras.com\/site\/#\/schema\/logo\/image\/\",\"url\":\"https:\/\/www.notibras.com\/site\/wp-content\/uploads\/2023\/01\/notibras23.png\",\"contentUrl\":\"https:\/\/www.notibras.com\/site\/wp-content\/uploads\/2023\/01\/notibras23.png\",\"width\":350,\"height\":87,\"caption\":\"Grupo Notibras de Comunica\u00e7\u00e3o\"},\"image\":{\"@id\":\"https:\/\/www.notibras.com\/site\/#\/schema\/logo\/image\/\"},\"sameAs\":[\"https:\/\/www.facebook.com\/notibras\/\",\"https:\/\/x.com\/Notibras\",\"https:\/\/www.instagram.com\/notibras\/\"]},{\"@type\":\"Person\",\"@id\":\"https:\/\/www.notibras.com\/site\/#\/schema\/person\/36ab0979449956132d3e5b517ea76ac8\",\"name\":\"Reda\u00e7\u00e3o\",\"image\":{\"@type\":\"ImageObject\",\"inLanguage\":\"pt-BR\",\"@id\":\"https:\/\/secure.gravatar.com\/avatar\/e0a867bdedb85fd243eadf09663511f96fc81e0720a4a42581f334ad4303aa6b?s=96&d=mm&r=g\",\"url\":\"https:\/\/secure.gravatar.com\/avatar\/e0a867bdedb85fd243eadf09663511f96fc81e0720a4a42581f334ad4303aa6b?s=96&d=mm&r=g\",\"contentUrl\":\"https:\/\/secure.gravatar.com\/avatar\/e0a867bdedb85fd243eadf09663511f96fc81e0720a4a42581f334ad4303aa6b?s=96&d=mm&r=g\",\"caption\":\"Reda\u00e7\u00e3o\"}}]}<\/script>\n<!-- \/ Yoast SEO plugin. -->","yoast_head_json":{"title":"Lago Sul e Parano\u00e1 ter\u00e3o energia el\u00e9trica suspensa - Notibras","robots":{"index":"index","follow":"follow","max-snippet":"max-snippet:-1","max-image-preview":"max-image-preview:large","max-video-preview":"max-video-preview:-1"},"canonical":"https:\/\/www.notibras.com\/site\/lago-sul-e-paranoa-terao-energia-eletrica-suspensa\/","og_locale":"pt_BR","og_type":"article","og_title":"Lago Sul e Parano\u00e1 ter\u00e3o energia el\u00e9trica suspensa - Notibras","og_description":"\u00c1reas de duas regi\u00f5es administrativas do Distrito Federal ficar\u00e3o sem energia nesta segunda-feira (19) para servi\u00e7os na rede de distribui\u00e7\u00e3o. O desligamento programado ocorrer\u00e1 das 8h30 \u00e0s 16h, para garantir a seguran\u00e7a da popula\u00e7\u00e3o e das equipes da Neoenergia Bras\u00edlia. No Parano\u00e1, haver\u00e1 poda de \u00e1rvores nos seguintes endere\u00e7os: BR 251, DF 100; Col\u00f4nia Agr\u00edcola [&hellip;]","og_url":"https:\/\/www.notibras.com\/site\/lago-sul-e-paranoa-terao-energia-eletrica-suspensa\/","og_site_name":"Notibras","article_publisher":"https:\/\/www.facebook.com\/notibras\/","article_published_time":"2022-12-19T03:00:05+00:00","article_modified_time":"2022-12-19T07:31:38+00:00","og_image":[{"width":980,"height":623,"url":"https:\/\/www.notibras.com\/site\/wp-content\/uploads\/2022\/12\/l_job_12101-post-blog_CAPA_980x623px-v1.jpg","type":"image\/jpeg"}],"author":"Reda\u00e7\u00e3o","twitter_card":"summary_large_image","twitter_creator":"@Notibras","twitter_site":"@Notibras","twitter_misc":{"Escrito por":"Reda\u00e7\u00e3o","Est. tempo de leitura":"2 minutos"},"schema":{"@context":"https:\/\/schema.org","@graph":[{"@type":"Article","@id":"https:\/\/www.notibras.com\/site\/lago-sul-e-paranoa-terao-energia-eletrica-suspensa\/#article","isPartOf":{"@id":"https:\/\/www.notibras.com\/site\/lago-sul-e-paranoa-terao-energia-eletrica-suspensa\/"},"author":{"name":"Reda\u00e7\u00e3o","@id":"https:\/\/www.notibras.com\/site\/#\/schema\/person\/36ab0979449956132d3e5b517ea76ac8"},"headline":"Lago Sul e Parano\u00e1 ter\u00e3o energia el\u00e9trica suspensa","datePublished":"2022-12-19T03:00:05+00:00","dateModified":"2022-12-19T07:31:38+00:00","mainEntityOfPage":{"@id":"https:\/\/www.notibras.com\/site\/lago-sul-e-paranoa-terao-energia-eletrica-suspensa\/"},"wordCount":256,"publisher":{"@id":"https:\/\/www.notibras.com\/site\/#organization"},"image":{"@id":"https:\/\/www.notibras.com\/site\/lago-sul-e-paranoa-terao-energia-eletrica-suspensa\/#primaryimage"},"thumbnailUrl":"https:\/\/www.notibras.com\/site\/wp-content\/uploads\/2022\/12\/l_job_12101-post-blog_CAPA_980x623px-v1.jpg","articleSection":["Quadradinho em Foco"],"inLanguage":"pt-BR"},{"@type":"WebPage","@id":"https:\/\/www.notibras.com\/site\/lago-sul-e-paranoa-terao-energia-eletrica-suspensa\/","url":"https:\/\/www.notibras.com\/site\/lago-sul-e-paranoa-terao-energia-eletrica-suspensa\/","name":"Lago Sul e Parano\u00e1 ter\u00e3o energia el\u00e9trica suspensa - Notibras","isPartOf":{"@id":"https:\/\/www.notibras.com\/site\/#website"},"primaryImageOfPage":{"@id":"https:\/\/www.notibras.com\/site\/lago-sul-e-paranoa-terao-energia-eletrica-suspensa\/#primaryimage"},"image":{"@id":"https:\/\/www.notibras.com\/site\/lago-sul-e-paranoa-terao-energia-eletrica-suspensa\/#primaryimage"},"thumbnailUrl":"https:\/\/www.notibras.com\/site\/wp-content\/uploads\/2022\/12\/l_job_12101-post-blog_CAPA_980x623px-v1.jpg","datePublished":"2022-12-19T03:00:05+00:00","dateModified":"2022-12-19T07:31:38+00:00","breadcrumb":{"@id":"https:\/\/www.notibras.com\/site\/lago-sul-e-paranoa-terao-energia-eletrica-suspensa\/#breadcrumb"},"inLanguage":"pt-BR","potentialAction":[{"@type":"ReadAction","target":["https:\/\/www.notibras.com\/site\/lago-sul-e-paranoa-terao-energia-eletrica-suspensa\/"]}]},{"@type":"ImageObject","inLanguage":"pt-BR","@id":"https:\/\/www.notibras.com\/site\/lago-sul-e-paranoa-terao-energia-eletrica-suspensa\/#primaryimage","url":"https:\/\/www.notibras.com\/site\/wp-content\/uploads\/2022\/12\/l_job_12101-post-blog_CAPA_980x623px-v1.jpg","contentUrl":"https:\/\/www.notibras.com\/site\/wp-content\/uploads\/2022\/12\/l_job_12101-post-blog_CAPA_980x623px-v1.jpg","width":980,"height":623},{"@type":"BreadcrumbList","@id":"https:\/\/www.notibras.com\/site\/lago-sul-e-paranoa-terao-energia-eletrica-suspensa\/#breadcrumb","itemListElement":[{"@type":"ListItem","position":1,"name":"In\u00edcio","item":"https:\/\/www.notibras.com\/site\/"},{"@type":"ListItem","position":2,"name":"Lago Sul e Parano\u00e1 ter\u00e3o energia el\u00e9trica suspensa"}]},{"@type":"WebSite","@id":"https:\/\/www.notibras.com\/site\/#website","url":"https:\/\/www.notibras.com\/site\/","name":"Notibras","description":"Not\u00edcias de Bras\u00edlia, do Brasil e do Mundo","publisher":{"@id":"https:\/\/www.notibras.com\/site\/#organization"},"potentialAction":[{"@type":"SearchAction","target":{"@type":"EntryPoint","urlTemplate":"https:\/\/www.notibras.com\/site\/?s={search_term_string}"},"query-input":{"@type":"PropertyValueSpecification","valueRequired":true,"valueName":"search_term_string"}}],"inLanguage":"pt-BR"},{"@type":"Organization","@id":"https:\/\/www.notibras.com\/site\/#organization","name":"Grupo Notibras de Comunica\u00e7\u00e3o","url":"https:\/\/www.notibras.com\/site\/","logo":{"@type":"ImageObject","inLanguage":"pt-BR","@id":"https:\/\/www.notibras.com\/site\/#\/schema\/logo\/image\/","url":"https:\/\/www.notibras.com\/site\/wp-content\/uploads\/2023\/01\/notibras23.png","contentUrl":"https:\/\/www.notibras.com\/site\/wp-content\/uploads\/2023\/01\/notibras23.png","width":350,"height":87,"caption":"Grupo Notibras de Comunica\u00e7\u00e3o"},"image":{"@id":"https:\/\/www.notibras.com\/site\/#\/schema\/logo\/image\/"},"sameAs":["https:\/\/www.facebook.com\/notibras\/","https:\/\/x.com\/Notibras","https:\/\/www.instagram.com\/notibras\/"]},{"@type":"Person","@id":"https:\/\/www.notibras.com\/site\/#\/schema\/person\/36ab0979449956132d3e5b517ea76ac8","name":"Reda\u00e7\u00e3o","image":{"@type":"ImageObject","inLanguage":"pt-BR","@id":"https:\/\/secure.gravatar.com\/avatar\/e0a867bdedb85fd243eadf09663511f96fc81e0720a4a42581f334ad4303aa6b?s=96&d=mm&r=g","url":"https:\/\/secure.gravatar.com\/avatar\/e0a867bdedb85fd243eadf09663511f96fc81e0720a4a42581f334ad4303aa6b?s=96&d=mm&r=g","contentUrl":"https:\/\/secure.gravatar.com\/avatar\/e0a867bdedb85fd243eadf09663511f96fc81e0720a4a42581f334ad4303aa6b?s=96&d=mm&r=g","caption":"Reda\u00e7\u00e3o"}}]}},"amp_enabled":true,"_links":{"self":[{"href":"https:\/\/www.notibras.com\/site\/wp-json\/wp\/v2\/posts\/296389","targetHints":{"allow":["GET"]}}],"collection":[{"href":"https:\/\/www.notibras.com\/site\/wp-json\/wp\/v2\/posts"}],"about":[{"href":"https:\/\/www.notibras.com\/site\/wp-json\/wp\/v2\/types\/post"}],"author":[{"embeddable":true,"href":"https:\/\/www.notibras.com\/site\/wp-json\/wp\/v2\/users\/2"}],"replies":[{"embeddable":true,"href":"https:\/\/www.notibras.com\/site\/wp-json\/wp\/v2\/comments?post=296389"}],"version-history":[{"count":2,"href":"https:\/\/www.notibras.com\/site\/wp-json\/wp\/v2\/posts\/296389\/revisions"}],"predecessor-version":[{"id":296392,"href":"https:\/\/www.notibras.com\/site\/wp-json\/wp\/v2\/posts\/296389\/revisions\/296392"}],"wp:featuredmedia":[{"embeddable":true,"href":"https:\/\/www.notibras.com\/site\/wp-json\/wp\/v2\/media\/296390"}],"wp:attachment":[{"href":"https:\/\/www.notibras.com\/site\/wp-json\/wp\/v2\/media?parent=296389"}],"wp:term":[{"taxonomy":"category","embeddable":true,"href":"https:\/\/www.notibras.com\/site\/wp-json\/wp\/v2\/categories?post=296389"},{"taxonomy":"post_tag","embeddable":true,"href":"https:\/\/www.notibras.com\/site\/wp-json\/wp\/v2\/tags?post=296389"}],"curies":[{"name":"wp","href":"https:\/\/api.w.org\/{rel}","templated":true}]}}