{"id":296396,"date":"2022-12-19T00:00:50","date_gmt":"2022-12-19T03:00:50","guid":{"rendered":"https:\/\/www.notibras.com\/site\/?p=296396"},"modified":"2022-12-19T04:49:30","modified_gmt":"2022-12-19T07:49:30","slug":"acoes-melhoram-mobilidade-no-plano-e-em-taguatinga","status":"publish","type":"post","link":"https:\/\/www.notibras.com\/site\/acoes-melhoram-mobilidade-no-plano-e-em-taguatinga\/","title":{"rendered":"A\u00e7\u00f5es melhoram mobilidade no Plano e em Taguatinga"},"content":{"rendered":"<p>Entregar mais mobilidade, seguran\u00e7a e conforto aos moradores do Distrito Federal \u00e9 uma tarefa constante do programa GDF Presente. O asfalto do viaduto Camargo Corr\u00eaa, localizado no fim da Asa Sul, no Plano Piloto, passou por manuten\u00e7\u00e3o esta semana, com apoio do Departamento de Estradas de Rodagem do Distrito Federal (DER-DF).<\/p>\n<p>\u201cFizemos esse trabalho nos dois lados do viaduto, para beneficiar quem dirige nos dois sentidos\u201d, informa o coordenador do Polo Central do programa, Alexandro C\u00e9sar. Foram usadas oito toneladas de massa asf\u00e1ltica.<\/p>\n<p>Em Taguatinga, o novo estacionamento da QNM 34\/36 chegou a 50% de execu\u00e7\u00e3o. A estrutura em bloquetes tem cerca de 800 m\u00b2, com capacidade para comportar mais de 60 ve\u00edculos. O trabalho come\u00e7ou em 14 de novembro.<\/p>\n<p>\u201cEra uma \u00e1rea verde, sem nenhuma estrutura. Ent\u00e3o, na \u00e9poca das chuvas, quem estacionasse ali tinha que lidar com a lama, e durante a seca, com a poeira\u201d, relembra o coordenador do Polo Oeste 2, Elton Walcacer.<\/p>\n<p>Mais de oito pessoas participam do servi\u00e7o. J\u00e1 foram implantados meios-fios e cal\u00e7adas e executados outros trabalhos vi\u00e1rios, anteriores \u00e0 instala\u00e7\u00e3o dos bloquetes, como nivelamento do solo e terraplenagem.<\/p>\n<p>O administrador regional de Taguatinga, Ezequias Pereira, afirma que a constru\u00e7\u00e3o beneficiar\u00e1 centenas de moradores. \u201cVai ser um grande ganho para a popula\u00e7\u00e3o, que h\u00e1 muitos anos reivindica esse estacionamento. Vamos conseguir atender ao Setor de Desenvolvimento de Taguatinga, aos moradores da quadra e aos frequentadores do com\u00e9rcio, al\u00e9m de uma igreja muito movimentada\u201d, detalha.<\/p>\n","protected":false},"excerpt":{"rendered":"<p>Entregar mais mobilidade, seguran\u00e7a e conforto aos moradores do Distrito Federal \u00e9 uma tarefa constante do programa GDF Presente. O asfalto do viaduto Camargo Corr\u00eaa, localizado no fim da Asa Sul, no Plano Piloto, passou por manuten\u00e7\u00e3o esta semana, com apoio do Departamento de Estradas de Rodagem do Distrito Federal (DER-DF). \u201cFizemos esse trabalho nos [&hellip;]<\/p>\n","protected":false},"author":2,"featured_media":296397,"comment_status":"closed","ping_status":"closed","sticky":false,"template":"","format":"standard","meta":{"_acf_changed":false,"footnotes":""},"categories":[161],"tags":[],"class_list":["post-296396","post","type-post","status-publish","format-standard","has-post-thumbnail","hentry","category-quadradinho-em-foco"],"acf":[],"yoast_head":"<!-- This site is optimized with the Yoast SEO plugin v27.2 - https:\/\/yoast.com\/product\/yoast-seo-wordpress\/ -->\n<title>A\u00e7\u00f5es melhoram mobilidade no Plano e em Taguatinga - Notibras<\/title>\n<meta name=\"robots\" content=\"index, follow, max-snippet:-1, max-image-preview:large, max-video-preview:-1\" \/>\n<link rel=\"canonical\" href=\"https:\/\/www.notibras.com\/site\/acoes-melhoram-mobilidade-no-plano-e-em-taguatinga\/\" \/>\n<meta property=\"og:locale\" content=\"pt_BR\" \/>\n<meta property=\"og:type\" content=\"article\" \/>\n<meta property=\"og:title\" content=\"A\u00e7\u00f5es melhoram mobilidade no Plano e em Taguatinga - Notibras\" \/>\n<meta property=\"og:description\" content=\"Entregar mais mobilidade, seguran\u00e7a e conforto aos moradores do Distrito Federal \u00e9 uma tarefa constante do programa GDF Presente. O asfalto do viaduto Camargo Corr\u00eaa, localizado no fim da Asa Sul, no Plano Piloto, passou por manuten\u00e7\u00e3o esta semana, com apoio do Departamento de Estradas de Rodagem do Distrito Federal (DER-DF). \u201cFizemos esse trabalho nos [&hellip;]\" \/>\n<meta property=\"og:url\" content=\"https:\/\/www.notibras.com\/site\/acoes-melhoram-mobilidade-no-plano-e-em-taguatinga\/\" \/>\n<meta property=\"og:site_name\" content=\"Notibras\" \/>\n<meta property=\"article:publisher\" content=\"https:\/\/www.facebook.com\/notibras\/\" \/>\n<meta property=\"article:published_time\" content=\"2022-12-19T03:00:50+00:00\" \/>\n<meta property=\"article:modified_time\" content=\"2022-12-19T07:49:30+00:00\" \/>\n<meta property=\"og:image\" content=\"https:\/\/www.notibras.com\/site\/wp-content\/uploads\/2022\/12\/construcao-de-estacionamento-na-QNM-34-36-em-Taguatinga-1.jpg\" \/>\n\t<meta property=\"og:image:width\" content=\"864\" \/>\n\t<meta property=\"og:image:height\" content=\"576\" \/>\n\t<meta property=\"og:image:type\" content=\"image\/jpeg\" \/>\n<meta name=\"author\" content=\"Reda\u00e7\u00e3o\" \/>\n<meta name=\"twitter:card\" content=\"summary_large_image\" \/>\n<meta name=\"twitter:creator\" content=\"@Notibras\" \/>\n<meta name=\"twitter:site\" content=\"@Notibras\" \/>\n<meta name=\"twitter:label1\" content=\"Escrito por\" \/>\n\t<meta name=\"twitter:data1\" content=\"Reda\u00e7\u00e3o\" \/>\n\t<meta name=\"twitter:label2\" content=\"Est. tempo de leitura\" \/>\n\t<meta name=\"twitter:data2\" content=\"2 minutos\" \/>\n<script type=\"application\/ld+json\" class=\"yoast-schema-graph\">{\"@context\":\"https:\/\/schema.org\",\"@graph\":[{\"@type\":\"Article\",\"@id\":\"https:\/\/www.notibras.com\/site\/acoes-melhoram-mobilidade-no-plano-e-em-taguatinga\/#article\",\"isPartOf\":{\"@id\":\"https:\/\/www.notibras.com\/site\/acoes-melhoram-mobilidade-no-plano-e-em-taguatinga\/\"},\"author\":{\"name\":\"Reda\u00e7\u00e3o\",\"@id\":\"https:\/\/www.notibras.com\/site\/#\/schema\/person\/36ab0979449956132d3e5b517ea76ac8\"},\"headline\":\"A\u00e7\u00f5es melhoram mobilidade no Plano e em Taguatinga\",\"datePublished\":\"2022-12-19T03:00:50+00:00\",\"dateModified\":\"2022-12-19T07:49:30+00:00\",\"mainEntityOfPage\":{\"@id\":\"https:\/\/www.notibras.com\/site\/acoes-melhoram-mobilidade-no-plano-e-em-taguatinga\/\"},\"wordCount\":259,\"publisher\":{\"@id\":\"https:\/\/www.notibras.com\/site\/#organization\"},\"image\":{\"@id\":\"https:\/\/www.notibras.com\/site\/acoes-melhoram-mobilidade-no-plano-e-em-taguatinga\/#primaryimage\"},\"thumbnailUrl\":\"https:\/\/www.notibras.com\/site\/wp-content\/uploads\/2022\/12\/construcao-de-estacionamento-na-QNM-34-36-em-Taguatinga-1.jpg\",\"articleSection\":[\"Quadradinho em Foco\"],\"inLanguage\":\"pt-BR\"},{\"@type\":\"WebPage\",\"@id\":\"https:\/\/www.notibras.com\/site\/acoes-melhoram-mobilidade-no-plano-e-em-taguatinga\/\",\"url\":\"https:\/\/www.notibras.com\/site\/acoes-melhoram-mobilidade-no-plano-e-em-taguatinga\/\",\"name\":\"A\u00e7\u00f5es melhoram mobilidade no Plano e em Taguatinga - Notibras\",\"isPartOf\":{\"@id\":\"https:\/\/www.notibras.com\/site\/#website\"},\"primaryImageOfPage\":{\"@id\":\"https:\/\/www.notibras.com\/site\/acoes-melhoram-mobilidade-no-plano-e-em-taguatinga\/#primaryimage\"},\"image\":{\"@id\":\"https:\/\/www.notibras.com\/site\/acoes-melhoram-mobilidade-no-plano-e-em-taguatinga\/#primaryimage\"},\"thumbnailUrl\":\"https:\/\/www.notibras.com\/site\/wp-content\/uploads\/2022\/12\/construcao-de-estacionamento-na-QNM-34-36-em-Taguatinga-1.jpg\",\"datePublished\":\"2022-12-19T03:00:50+00:00\",\"dateModified\":\"2022-12-19T07:49:30+00:00\",\"breadcrumb\":{\"@id\":\"https:\/\/www.notibras.com\/site\/acoes-melhoram-mobilidade-no-plano-e-em-taguatinga\/#breadcrumb\"},\"inLanguage\":\"pt-BR\",\"potentialAction\":[{\"@type\":\"ReadAction\",\"target\":[\"https:\/\/www.notibras.com\/site\/acoes-melhoram-mobilidade-no-plano-e-em-taguatinga\/\"]}]},{\"@type\":\"ImageObject\",\"inLanguage\":\"pt-BR\",\"@id\":\"https:\/\/www.notibras.com\/site\/acoes-melhoram-mobilidade-no-plano-e-em-taguatinga\/#primaryimage\",\"url\":\"https:\/\/www.notibras.com\/site\/wp-content\/uploads\/2022\/12\/construcao-de-estacionamento-na-QNM-34-36-em-Taguatinga-1.jpg\",\"contentUrl\":\"https:\/\/www.notibras.com\/site\/wp-content\/uploads\/2022\/12\/construcao-de-estacionamento-na-QNM-34-36-em-Taguatinga-1.jpg\",\"width\":864,\"height\":576},{\"@type\":\"BreadcrumbList\",\"@id\":\"https:\/\/www.notibras.com\/site\/acoes-melhoram-mobilidade-no-plano-e-em-taguatinga\/#breadcrumb\",\"itemListElement\":[{\"@type\":\"ListItem\",\"position\":1,\"name\":\"In\u00edcio\",\"item\":\"https:\/\/www.notibras.com\/site\/\"},{\"@type\":\"ListItem\",\"position\":2,\"name\":\"A\u00e7\u00f5es melhoram mobilidade no Plano e em Taguatinga\"}]},{\"@type\":\"WebSite\",\"@id\":\"https:\/\/www.notibras.com\/site\/#website\",\"url\":\"https:\/\/www.notibras.com\/site\/\",\"name\":\"Notibras\",\"description\":\"Not\u00edcias de Bras\u00edlia, do Brasil e do Mundo\",\"publisher\":{\"@id\":\"https:\/\/www.notibras.com\/site\/#organization\"},\"potentialAction\":[{\"@type\":\"SearchAction\",\"target\":{\"@type\":\"EntryPoint\",\"urlTemplate\":\"https:\/\/www.notibras.com\/site\/?s={search_term_string}\"},\"query-input\":{\"@type\":\"PropertyValueSpecification\",\"valueRequired\":true,\"valueName\":\"search_term_string\"}}],\"inLanguage\":\"pt-BR\"},{\"@type\":\"Organization\",\"@id\":\"https:\/\/www.notibras.com\/site\/#organization\",\"name\":\"Grupo Notibras de Comunica\u00e7\u00e3o\",\"url\":\"https:\/\/www.notibras.com\/site\/\",\"logo\":{\"@type\":\"ImageObject\",\"inLanguage\":\"pt-BR\",\"@id\":\"https:\/\/www.notibras.com\/site\/#\/schema\/logo\/image\/\",\"url\":\"https:\/\/www.notibras.com\/site\/wp-content\/uploads\/2023\/01\/notibras23.png\",\"contentUrl\":\"https:\/\/www.notibras.com\/site\/wp-content\/uploads\/2023\/01\/notibras23.png\",\"width\":350,\"height\":87,\"caption\":\"Grupo Notibras de Comunica\u00e7\u00e3o\"},\"image\":{\"@id\":\"https:\/\/www.notibras.com\/site\/#\/schema\/logo\/image\/\"},\"sameAs\":[\"https:\/\/www.facebook.com\/notibras\/\",\"https:\/\/x.com\/Notibras\",\"https:\/\/www.instagram.com\/notibras\/\"]},{\"@type\":\"Person\",\"@id\":\"https:\/\/www.notibras.com\/site\/#\/schema\/person\/36ab0979449956132d3e5b517ea76ac8\",\"name\":\"Reda\u00e7\u00e3o\",\"image\":{\"@type\":\"ImageObject\",\"inLanguage\":\"pt-BR\",\"@id\":\"https:\/\/secure.gravatar.com\/avatar\/e0a867bdedb85fd243eadf09663511f96fc81e0720a4a42581f334ad4303aa6b?s=96&d=mm&r=g\",\"url\":\"https:\/\/secure.gravatar.com\/avatar\/e0a867bdedb85fd243eadf09663511f96fc81e0720a4a42581f334ad4303aa6b?s=96&d=mm&r=g\",\"contentUrl\":\"https:\/\/secure.gravatar.com\/avatar\/e0a867bdedb85fd243eadf09663511f96fc81e0720a4a42581f334ad4303aa6b?s=96&d=mm&r=g\",\"caption\":\"Reda\u00e7\u00e3o\"}}]}<\/script>\n<!-- \/ Yoast SEO plugin. -->","yoast_head_json":{"title":"A\u00e7\u00f5es melhoram mobilidade no Plano e em Taguatinga - Notibras","robots":{"index":"index","follow":"follow","max-snippet":"max-snippet:-1","max-image-preview":"max-image-preview:large","max-video-preview":"max-video-preview:-1"},"canonical":"https:\/\/www.notibras.com\/site\/acoes-melhoram-mobilidade-no-plano-e-em-taguatinga\/","og_locale":"pt_BR","og_type":"article","og_title":"A\u00e7\u00f5es melhoram mobilidade no Plano e em Taguatinga - Notibras","og_description":"Entregar mais mobilidade, seguran\u00e7a e conforto aos moradores do Distrito Federal \u00e9 uma tarefa constante do programa GDF Presente. O asfalto do viaduto Camargo Corr\u00eaa, localizado no fim da Asa Sul, no Plano Piloto, passou por manuten\u00e7\u00e3o esta semana, com apoio do Departamento de Estradas de Rodagem do Distrito Federal (DER-DF). \u201cFizemos esse trabalho nos [&hellip;]","og_url":"https:\/\/www.notibras.com\/site\/acoes-melhoram-mobilidade-no-plano-e-em-taguatinga\/","og_site_name":"Notibras","article_publisher":"https:\/\/www.facebook.com\/notibras\/","article_published_time":"2022-12-19T03:00:50+00:00","article_modified_time":"2022-12-19T07:49:30+00:00","og_image":[{"width":864,"height":576,"url":"https:\/\/www.notibras.com\/site\/wp-content\/uploads\/2022\/12\/construcao-de-estacionamento-na-QNM-34-36-em-Taguatinga-1.jpg","type":"image\/jpeg"}],"author":"Reda\u00e7\u00e3o","twitter_card":"summary_large_image","twitter_creator":"@Notibras","twitter_site":"@Notibras","twitter_misc":{"Escrito por":"Reda\u00e7\u00e3o","Est. tempo de leitura":"2 minutos"},"schema":{"@context":"https:\/\/schema.org","@graph":[{"@type":"Article","@id":"https:\/\/www.notibras.com\/site\/acoes-melhoram-mobilidade-no-plano-e-em-taguatinga\/#article","isPartOf":{"@id":"https:\/\/www.notibras.com\/site\/acoes-melhoram-mobilidade-no-plano-e-em-taguatinga\/"},"author":{"name":"Reda\u00e7\u00e3o","@id":"https:\/\/www.notibras.com\/site\/#\/schema\/person\/36ab0979449956132d3e5b517ea76ac8"},"headline":"A\u00e7\u00f5es melhoram mobilidade no Plano e em Taguatinga","datePublished":"2022-12-19T03:00:50+00:00","dateModified":"2022-12-19T07:49:30+00:00","mainEntityOfPage":{"@id":"https:\/\/www.notibras.com\/site\/acoes-melhoram-mobilidade-no-plano-e-em-taguatinga\/"},"wordCount":259,"publisher":{"@id":"https:\/\/www.notibras.com\/site\/#organization"},"image":{"@id":"https:\/\/www.notibras.com\/site\/acoes-melhoram-mobilidade-no-plano-e-em-taguatinga\/#primaryimage"},"thumbnailUrl":"https:\/\/www.notibras.com\/site\/wp-content\/uploads\/2022\/12\/construcao-de-estacionamento-na-QNM-34-36-em-Taguatinga-1.jpg","articleSection":["Quadradinho em Foco"],"inLanguage":"pt-BR"},{"@type":"WebPage","@id":"https:\/\/www.notibras.com\/site\/acoes-melhoram-mobilidade-no-plano-e-em-taguatinga\/","url":"https:\/\/www.notibras.com\/site\/acoes-melhoram-mobilidade-no-plano-e-em-taguatinga\/","name":"A\u00e7\u00f5es melhoram mobilidade no Plano e em Taguatinga - Notibras","isPartOf":{"@id":"https:\/\/www.notibras.com\/site\/#website"},"primaryImageOfPage":{"@id":"https:\/\/www.notibras.com\/site\/acoes-melhoram-mobilidade-no-plano-e-em-taguatinga\/#primaryimage"},"image":{"@id":"https:\/\/www.notibras.com\/site\/acoes-melhoram-mobilidade-no-plano-e-em-taguatinga\/#primaryimage"},"thumbnailUrl":"https:\/\/www.notibras.com\/site\/wp-content\/uploads\/2022\/12\/construcao-de-estacionamento-na-QNM-34-36-em-Taguatinga-1.jpg","datePublished":"2022-12-19T03:00:50+00:00","dateModified":"2022-12-19T07:49:30+00:00","breadcrumb":{"@id":"https:\/\/www.notibras.com\/site\/acoes-melhoram-mobilidade-no-plano-e-em-taguatinga\/#breadcrumb"},"inLanguage":"pt-BR","potentialAction":[{"@type":"ReadAction","target":["https:\/\/www.notibras.com\/site\/acoes-melhoram-mobilidade-no-plano-e-em-taguatinga\/"]}]},{"@type":"ImageObject","inLanguage":"pt-BR","@id":"https:\/\/www.notibras.com\/site\/acoes-melhoram-mobilidade-no-plano-e-em-taguatinga\/#primaryimage","url":"https:\/\/www.notibras.com\/site\/wp-content\/uploads\/2022\/12\/construcao-de-estacionamento-na-QNM-34-36-em-Taguatinga-1.jpg","contentUrl":"https:\/\/www.notibras.com\/site\/wp-content\/uploads\/2022\/12\/construcao-de-estacionamento-na-QNM-34-36-em-Taguatinga-1.jpg","width":864,"height":576},{"@type":"BreadcrumbList","@id":"https:\/\/www.notibras.com\/site\/acoes-melhoram-mobilidade-no-plano-e-em-taguatinga\/#breadcrumb","itemListElement":[{"@type":"ListItem","position":1,"name":"In\u00edcio","item":"https:\/\/www.notibras.com\/site\/"},{"@type":"ListItem","position":2,"name":"A\u00e7\u00f5es melhoram mobilidade no Plano e em Taguatinga"}]},{"@type":"WebSite","@id":"https:\/\/www.notibras.com\/site\/#website","url":"https:\/\/www.notibras.com\/site\/","name":"Notibras","description":"Not\u00edcias de Bras\u00edlia, do Brasil e do Mundo","publisher":{"@id":"https:\/\/www.notibras.com\/site\/#organization"},"potentialAction":[{"@type":"SearchAction","target":{"@type":"EntryPoint","urlTemplate":"https:\/\/www.notibras.com\/site\/?s={search_term_string}"},"query-input":{"@type":"PropertyValueSpecification","valueRequired":true,"valueName":"search_term_string"}}],"inLanguage":"pt-BR"},{"@type":"Organization","@id":"https:\/\/www.notibras.com\/site\/#organization","name":"Grupo Notibras de Comunica\u00e7\u00e3o","url":"https:\/\/www.notibras.com\/site\/","logo":{"@type":"ImageObject","inLanguage":"pt-BR","@id":"https:\/\/www.notibras.com\/site\/#\/schema\/logo\/image\/","url":"https:\/\/www.notibras.com\/site\/wp-content\/uploads\/2023\/01\/notibras23.png","contentUrl":"https:\/\/www.notibras.com\/site\/wp-content\/uploads\/2023\/01\/notibras23.png","width":350,"height":87,"caption":"Grupo Notibras de Comunica\u00e7\u00e3o"},"image":{"@id":"https:\/\/www.notibras.com\/site\/#\/schema\/logo\/image\/"},"sameAs":["https:\/\/www.facebook.com\/notibras\/","https:\/\/x.com\/Notibras","https:\/\/www.instagram.com\/notibras\/"]},{"@type":"Person","@id":"https:\/\/www.notibras.com\/site\/#\/schema\/person\/36ab0979449956132d3e5b517ea76ac8","name":"Reda\u00e7\u00e3o","image":{"@type":"ImageObject","inLanguage":"pt-BR","@id":"https:\/\/secure.gravatar.com\/avatar\/e0a867bdedb85fd243eadf09663511f96fc81e0720a4a42581f334ad4303aa6b?s=96&d=mm&r=g","url":"https:\/\/secure.gravatar.com\/avatar\/e0a867bdedb85fd243eadf09663511f96fc81e0720a4a42581f334ad4303aa6b?s=96&d=mm&r=g","contentUrl":"https:\/\/secure.gravatar.com\/avatar\/e0a867bdedb85fd243eadf09663511f96fc81e0720a4a42581f334ad4303aa6b?s=96&d=mm&r=g","caption":"Reda\u00e7\u00e3o"}}]}},"amp_enabled":true,"_links":{"self":[{"href":"https:\/\/www.notibras.com\/site\/wp-json\/wp\/v2\/posts\/296396","targetHints":{"allow":["GET"]}}],"collection":[{"href":"https:\/\/www.notibras.com\/site\/wp-json\/wp\/v2\/posts"}],"about":[{"href":"https:\/\/www.notibras.com\/site\/wp-json\/wp\/v2\/types\/post"}],"author":[{"embeddable":true,"href":"https:\/\/www.notibras.com\/site\/wp-json\/wp\/v2\/users\/2"}],"replies":[{"embeddable":true,"href":"https:\/\/www.notibras.com\/site\/wp-json\/wp\/v2\/comments?post=296396"}],"version-history":[{"count":1,"href":"https:\/\/www.notibras.com\/site\/wp-json\/wp\/v2\/posts\/296396\/revisions"}],"predecessor-version":[{"id":296398,"href":"https:\/\/www.notibras.com\/site\/wp-json\/wp\/v2\/posts\/296396\/revisions\/296398"}],"wp:featuredmedia":[{"embeddable":true,"href":"https:\/\/www.notibras.com\/site\/wp-json\/wp\/v2\/media\/296397"}],"wp:attachment":[{"href":"https:\/\/www.notibras.com\/site\/wp-json\/wp\/v2\/media?parent=296396"}],"wp:term":[{"taxonomy":"category","embeddable":true,"href":"https:\/\/www.notibras.com\/site\/wp-json\/wp\/v2\/categories?post=296396"},{"taxonomy":"post_tag","embeddable":true,"href":"https:\/\/www.notibras.com\/site\/wp-json\/wp\/v2\/tags?post=296396"}],"curies":[{"name":"wp","href":"https:\/\/api.w.org\/{rel}","templated":true}]}}