{"id":296402,"date":"2022-12-19T00:01:34","date_gmt":"2022-12-19T03:01:34","guid":{"rendered":"https:\/\/www.notibras.com\/site\/?p=296402"},"modified":"2022-12-19T07:36:12","modified_gmt":"2022-12-19T10:36:12","slug":"torre-e-outros-monumentos-ganham-iluminacao-especial","status":"publish","type":"post","link":"https:\/\/www.notibras.com\/site\/torre-e-outros-monumentos-ganham-iluminacao-especial\/","title":{"rendered":"Torre e outros monumentos ganham ilumina\u00e7\u00e3o especial"},"content":{"rendered":"<p>Milhares de pessoas se reuniram, na noite deste domingo (18), na Torre de TV, no Eixo Monumental, para acompanhar a ilumina\u00e7\u00e3o de Natal, que j\u00e1 toma conta da cidade. At\u00e9 o dia 8 de janeiro, a torre e outros monumentos de Bras\u00edlia estar\u00e3o cobertos de luz e cores.<\/p>\n<p>A a\u00e7\u00e3o prev\u00ea luzes e enfeites em oito pontos de Bras\u00edlia. Al\u00e9m da Torre de TV \u2013 um dos locais mais tradicionais da cidade, principalmente em rela\u00e7\u00e3o \u00e0 ornamenta\u00e7\u00e3o para as festas de fim de ano \u2013, o projeto decorou para o Natal brasiliense o canteiro central do Eixo Monumental abrangendo \u00e1reas como o Pal\u00e1cio do Buriti, Pra\u00e7a do Buriti, Est\u00e1dio Man\u00e9 Garrincha, viadutos da W3 e Jardim Burle Marx.<\/p>\n<p>\u201cEu me lembro quando era pequena e vinha com minha m\u00e3e ver as luzes na Torre de TV. Vir hoje, trazendo minhas filhas, me trouxe muitas lembran\u00e7as\u201d, contou a vendedora Camila Barreto, que levou Catarina e Emanoela para a festa. E \u00e9 justamente este um dos intuitos do projeto.<\/p>\n<p>O projeto vai trazer aos brasilienses e turistas que chegam \u00e0 capital do pa\u00eds para as festas de fim de ano pe\u00e7as decorativas, canh\u00f5es de laser, proje\u00e7\u00e3o na fonte luminosa, feira de natal e apresenta\u00e7\u00f5es musicais da banda Jingle Jazz.<\/p>\n<p>Inspirada nas tradicionais feiras de Natal europeias, a Feira de Natal da Torre ser\u00e1 um local de encontro para as fam\u00edlias de Bras\u00edlia. S\u00e3o mais de 30 empresas locais para comercializar presentes, artigos de moda, alimentos e bebidas.<\/p>\n","protected":false},"excerpt":{"rendered":"<p>Milhares de pessoas se reuniram, na noite deste domingo (18), na Torre de TV, no Eixo Monumental, para acompanhar a ilumina\u00e7\u00e3o de Natal, que j\u00e1 toma conta da cidade. At\u00e9 o dia 8 de janeiro, a torre e outros monumentos de Bras\u00edlia estar\u00e3o cobertos de luz e cores. A a\u00e7\u00e3o prev\u00ea luzes e enfeites em [&hellip;]<\/p>\n","protected":false},"author":2,"featured_media":296403,"comment_status":"closed","ping_status":"closed","sticky":false,"template":"","format":"standard","meta":{"_acf_changed":false,"footnotes":""},"categories":[161],"tags":[],"class_list":["post-296402","post","type-post","status-publish","format-standard","has-post-thumbnail","hentry","category-quadradinho-em-foco"],"acf":[],"yoast_head":"<!-- This site is optimized with the Yoast SEO plugin v27.2 - https:\/\/yoast.com\/product\/yoast-seo-wordpress\/ -->\n<title>Torre e outros monumentos ganham ilumina\u00e7\u00e3o especial - Notibras<\/title>\n<meta name=\"robots\" content=\"index, follow, max-snippet:-1, max-image-preview:large, max-video-preview:-1\" \/>\n<link rel=\"canonical\" href=\"https:\/\/www.notibras.com\/site\/torre-e-outros-monumentos-ganham-iluminacao-especial\/\" \/>\n<meta property=\"og:locale\" content=\"pt_BR\" \/>\n<meta property=\"og:type\" content=\"article\" \/>\n<meta property=\"og:title\" content=\"Torre e outros monumentos ganham ilumina\u00e7\u00e3o especial - Notibras\" \/>\n<meta property=\"og:description\" content=\"Milhares de pessoas se reuniram, na noite deste domingo (18), na Torre de TV, no Eixo Monumental, para acompanhar a ilumina\u00e7\u00e3o de Natal, que j\u00e1 toma conta da cidade. At\u00e9 o dia 8 de janeiro, a torre e outros monumentos de Bras\u00edlia estar\u00e3o cobertos de luz e cores. A a\u00e7\u00e3o prev\u00ea luzes e enfeites em [&hellip;]\" \/>\n<meta property=\"og:url\" content=\"https:\/\/www.notibras.com\/site\/torre-e-outros-monumentos-ganham-iluminacao-especial\/\" \/>\n<meta property=\"og:site_name\" content=\"Notibras\" \/>\n<meta property=\"article:publisher\" content=\"https:\/\/www.facebook.com\/notibras\/\" \/>\n<meta property=\"article:published_time\" content=\"2022-12-19T03:01:34+00:00\" \/>\n<meta property=\"article:modified_time\" content=\"2022-12-19T10:36:12+00:00\" \/>\n<meta property=\"og:image\" content=\"https:\/\/www.notibras.com\/site\/wp-content\/uploads\/2022\/12\/torr-jaqueline-husli.jpg\" \/>\n\t<meta property=\"og:image:width\" content=\"1280\" \/>\n\t<meta property=\"og:image:height\" content=\"853\" \/>\n\t<meta property=\"og:image:type\" content=\"image\/jpeg\" \/>\n<meta name=\"author\" content=\"Reda\u00e7\u00e3o\" \/>\n<meta name=\"twitter:card\" content=\"summary_large_image\" \/>\n<meta name=\"twitter:creator\" content=\"@Notibras\" \/>\n<meta name=\"twitter:site\" content=\"@Notibras\" \/>\n<meta name=\"twitter:label1\" content=\"Escrito por\" \/>\n\t<meta name=\"twitter:data1\" content=\"Reda\u00e7\u00e3o\" \/>\n\t<meta name=\"twitter:label2\" content=\"Est. tempo de leitura\" \/>\n\t<meta name=\"twitter:data2\" content=\"2 minutos\" \/>\n<script type=\"application\/ld+json\" class=\"yoast-schema-graph\">{\"@context\":\"https:\/\/schema.org\",\"@graph\":[{\"@type\":\"Article\",\"@id\":\"https:\/\/www.notibras.com\/site\/torre-e-outros-monumentos-ganham-iluminacao-especial\/#article\",\"isPartOf\":{\"@id\":\"https:\/\/www.notibras.com\/site\/torre-e-outros-monumentos-ganham-iluminacao-especial\/\"},\"author\":{\"name\":\"Reda\u00e7\u00e3o\",\"@id\":\"https:\/\/www.notibras.com\/site\/#\/schema\/person\/36ab0979449956132d3e5b517ea76ac8\"},\"headline\":\"Torre e outros monumentos ganham ilumina\u00e7\u00e3o especial\",\"datePublished\":\"2022-12-19T03:01:34+00:00\",\"dateModified\":\"2022-12-19T10:36:12+00:00\",\"mainEntityOfPage\":{\"@id\":\"https:\/\/www.notibras.com\/site\/torre-e-outros-monumentos-ganham-iluminacao-especial\/\"},\"wordCount\":266,\"publisher\":{\"@id\":\"https:\/\/www.notibras.com\/site\/#organization\"},\"image\":{\"@id\":\"https:\/\/www.notibras.com\/site\/torre-e-outros-monumentos-ganham-iluminacao-especial\/#primaryimage\"},\"thumbnailUrl\":\"https:\/\/www.notibras.com\/site\/wp-content\/uploads\/2022\/12\/torr-jaqueline-husli.jpg\",\"articleSection\":[\"Quadradinho em Foco\"],\"inLanguage\":\"pt-BR\"},{\"@type\":\"WebPage\",\"@id\":\"https:\/\/www.notibras.com\/site\/torre-e-outros-monumentos-ganham-iluminacao-especial\/\",\"url\":\"https:\/\/www.notibras.com\/site\/torre-e-outros-monumentos-ganham-iluminacao-especial\/\",\"name\":\"Torre e outros monumentos ganham ilumina\u00e7\u00e3o especial - Notibras\",\"isPartOf\":{\"@id\":\"https:\/\/www.notibras.com\/site\/#website\"},\"primaryImageOfPage\":{\"@id\":\"https:\/\/www.notibras.com\/site\/torre-e-outros-monumentos-ganham-iluminacao-especial\/#primaryimage\"},\"image\":{\"@id\":\"https:\/\/www.notibras.com\/site\/torre-e-outros-monumentos-ganham-iluminacao-especial\/#primaryimage\"},\"thumbnailUrl\":\"https:\/\/www.notibras.com\/site\/wp-content\/uploads\/2022\/12\/torr-jaqueline-husli.jpg\",\"datePublished\":\"2022-12-19T03:01:34+00:00\",\"dateModified\":\"2022-12-19T10:36:12+00:00\",\"breadcrumb\":{\"@id\":\"https:\/\/www.notibras.com\/site\/torre-e-outros-monumentos-ganham-iluminacao-especial\/#breadcrumb\"},\"inLanguage\":\"pt-BR\",\"potentialAction\":[{\"@type\":\"ReadAction\",\"target\":[\"https:\/\/www.notibras.com\/site\/torre-e-outros-monumentos-ganham-iluminacao-especial\/\"]}]},{\"@type\":\"ImageObject\",\"inLanguage\":\"pt-BR\",\"@id\":\"https:\/\/www.notibras.com\/site\/torre-e-outros-monumentos-ganham-iluminacao-especial\/#primaryimage\",\"url\":\"https:\/\/www.notibras.com\/site\/wp-content\/uploads\/2022\/12\/torr-jaqueline-husli.jpg\",\"contentUrl\":\"https:\/\/www.notibras.com\/site\/wp-content\/uploads\/2022\/12\/torr-jaqueline-husli.jpg\",\"width\":1280,\"height\":853},{\"@type\":\"BreadcrumbList\",\"@id\":\"https:\/\/www.notibras.com\/site\/torre-e-outros-monumentos-ganham-iluminacao-especial\/#breadcrumb\",\"itemListElement\":[{\"@type\":\"ListItem\",\"position\":1,\"name\":\"In\u00edcio\",\"item\":\"https:\/\/www.notibras.com\/site\/\"},{\"@type\":\"ListItem\",\"position\":2,\"name\":\"Torre e outros monumentos ganham ilumina\u00e7\u00e3o especial\"}]},{\"@type\":\"WebSite\",\"@id\":\"https:\/\/www.notibras.com\/site\/#website\",\"url\":\"https:\/\/www.notibras.com\/site\/\",\"name\":\"Notibras\",\"description\":\"Not\u00edcias de Bras\u00edlia, do Brasil e do Mundo\",\"publisher\":{\"@id\":\"https:\/\/www.notibras.com\/site\/#organization\"},\"potentialAction\":[{\"@type\":\"SearchAction\",\"target\":{\"@type\":\"EntryPoint\",\"urlTemplate\":\"https:\/\/www.notibras.com\/site\/?s={search_term_string}\"},\"query-input\":{\"@type\":\"PropertyValueSpecification\",\"valueRequired\":true,\"valueName\":\"search_term_string\"}}],\"inLanguage\":\"pt-BR\"},{\"@type\":\"Organization\",\"@id\":\"https:\/\/www.notibras.com\/site\/#organization\",\"name\":\"Grupo Notibras de Comunica\u00e7\u00e3o\",\"url\":\"https:\/\/www.notibras.com\/site\/\",\"logo\":{\"@type\":\"ImageObject\",\"inLanguage\":\"pt-BR\",\"@id\":\"https:\/\/www.notibras.com\/site\/#\/schema\/logo\/image\/\",\"url\":\"https:\/\/www.notibras.com\/site\/wp-content\/uploads\/2023\/01\/notibras23.png\",\"contentUrl\":\"https:\/\/www.notibras.com\/site\/wp-content\/uploads\/2023\/01\/notibras23.png\",\"width\":350,\"height\":87,\"caption\":\"Grupo Notibras de Comunica\u00e7\u00e3o\"},\"image\":{\"@id\":\"https:\/\/www.notibras.com\/site\/#\/schema\/logo\/image\/\"},\"sameAs\":[\"https:\/\/www.facebook.com\/notibras\/\",\"https:\/\/x.com\/Notibras\",\"https:\/\/www.instagram.com\/notibras\/\"]},{\"@type\":\"Person\",\"@id\":\"https:\/\/www.notibras.com\/site\/#\/schema\/person\/36ab0979449956132d3e5b517ea76ac8\",\"name\":\"Reda\u00e7\u00e3o\",\"image\":{\"@type\":\"ImageObject\",\"inLanguage\":\"pt-BR\",\"@id\":\"https:\/\/secure.gravatar.com\/avatar\/e0a867bdedb85fd243eadf09663511f96fc81e0720a4a42581f334ad4303aa6b?s=96&d=mm&r=g\",\"url\":\"https:\/\/secure.gravatar.com\/avatar\/e0a867bdedb85fd243eadf09663511f96fc81e0720a4a42581f334ad4303aa6b?s=96&d=mm&r=g\",\"contentUrl\":\"https:\/\/secure.gravatar.com\/avatar\/e0a867bdedb85fd243eadf09663511f96fc81e0720a4a42581f334ad4303aa6b?s=96&d=mm&r=g\",\"caption\":\"Reda\u00e7\u00e3o\"}}]}<\/script>\n<!-- \/ Yoast SEO plugin. -->","yoast_head_json":{"title":"Torre e outros monumentos ganham ilumina\u00e7\u00e3o especial - Notibras","robots":{"index":"index","follow":"follow","max-snippet":"max-snippet:-1","max-image-preview":"max-image-preview:large","max-video-preview":"max-video-preview:-1"},"canonical":"https:\/\/www.notibras.com\/site\/torre-e-outros-monumentos-ganham-iluminacao-especial\/","og_locale":"pt_BR","og_type":"article","og_title":"Torre e outros monumentos ganham ilumina\u00e7\u00e3o especial - Notibras","og_description":"Milhares de pessoas se reuniram, na noite deste domingo (18), na Torre de TV, no Eixo Monumental, para acompanhar a ilumina\u00e7\u00e3o de Natal, que j\u00e1 toma conta da cidade. At\u00e9 o dia 8 de janeiro, a torre e outros monumentos de Bras\u00edlia estar\u00e3o cobertos de luz e cores. A a\u00e7\u00e3o prev\u00ea luzes e enfeites em [&hellip;]","og_url":"https:\/\/www.notibras.com\/site\/torre-e-outros-monumentos-ganham-iluminacao-especial\/","og_site_name":"Notibras","article_publisher":"https:\/\/www.facebook.com\/notibras\/","article_published_time":"2022-12-19T03:01:34+00:00","article_modified_time":"2022-12-19T10:36:12+00:00","og_image":[{"width":1280,"height":853,"url":"https:\/\/www.notibras.com\/site\/wp-content\/uploads\/2022\/12\/torr-jaqueline-husli.jpg","type":"image\/jpeg"}],"author":"Reda\u00e7\u00e3o","twitter_card":"summary_large_image","twitter_creator":"@Notibras","twitter_site":"@Notibras","twitter_misc":{"Escrito por":"Reda\u00e7\u00e3o","Est. tempo de leitura":"2 minutos"},"schema":{"@context":"https:\/\/schema.org","@graph":[{"@type":"Article","@id":"https:\/\/www.notibras.com\/site\/torre-e-outros-monumentos-ganham-iluminacao-especial\/#article","isPartOf":{"@id":"https:\/\/www.notibras.com\/site\/torre-e-outros-monumentos-ganham-iluminacao-especial\/"},"author":{"name":"Reda\u00e7\u00e3o","@id":"https:\/\/www.notibras.com\/site\/#\/schema\/person\/36ab0979449956132d3e5b517ea76ac8"},"headline":"Torre e outros monumentos ganham ilumina\u00e7\u00e3o especial","datePublished":"2022-12-19T03:01:34+00:00","dateModified":"2022-12-19T10:36:12+00:00","mainEntityOfPage":{"@id":"https:\/\/www.notibras.com\/site\/torre-e-outros-monumentos-ganham-iluminacao-especial\/"},"wordCount":266,"publisher":{"@id":"https:\/\/www.notibras.com\/site\/#organization"},"image":{"@id":"https:\/\/www.notibras.com\/site\/torre-e-outros-monumentos-ganham-iluminacao-especial\/#primaryimage"},"thumbnailUrl":"https:\/\/www.notibras.com\/site\/wp-content\/uploads\/2022\/12\/torr-jaqueline-husli.jpg","articleSection":["Quadradinho em Foco"],"inLanguage":"pt-BR"},{"@type":"WebPage","@id":"https:\/\/www.notibras.com\/site\/torre-e-outros-monumentos-ganham-iluminacao-especial\/","url":"https:\/\/www.notibras.com\/site\/torre-e-outros-monumentos-ganham-iluminacao-especial\/","name":"Torre e outros monumentos ganham ilumina\u00e7\u00e3o especial - Notibras","isPartOf":{"@id":"https:\/\/www.notibras.com\/site\/#website"},"primaryImageOfPage":{"@id":"https:\/\/www.notibras.com\/site\/torre-e-outros-monumentos-ganham-iluminacao-especial\/#primaryimage"},"image":{"@id":"https:\/\/www.notibras.com\/site\/torre-e-outros-monumentos-ganham-iluminacao-especial\/#primaryimage"},"thumbnailUrl":"https:\/\/www.notibras.com\/site\/wp-content\/uploads\/2022\/12\/torr-jaqueline-husli.jpg","datePublished":"2022-12-19T03:01:34+00:00","dateModified":"2022-12-19T10:36:12+00:00","breadcrumb":{"@id":"https:\/\/www.notibras.com\/site\/torre-e-outros-monumentos-ganham-iluminacao-especial\/#breadcrumb"},"inLanguage":"pt-BR","potentialAction":[{"@type":"ReadAction","target":["https:\/\/www.notibras.com\/site\/torre-e-outros-monumentos-ganham-iluminacao-especial\/"]}]},{"@type":"ImageObject","inLanguage":"pt-BR","@id":"https:\/\/www.notibras.com\/site\/torre-e-outros-monumentos-ganham-iluminacao-especial\/#primaryimage","url":"https:\/\/www.notibras.com\/site\/wp-content\/uploads\/2022\/12\/torr-jaqueline-husli.jpg","contentUrl":"https:\/\/www.notibras.com\/site\/wp-content\/uploads\/2022\/12\/torr-jaqueline-husli.jpg","width":1280,"height":853},{"@type":"BreadcrumbList","@id":"https:\/\/www.notibras.com\/site\/torre-e-outros-monumentos-ganham-iluminacao-especial\/#breadcrumb","itemListElement":[{"@type":"ListItem","position":1,"name":"In\u00edcio","item":"https:\/\/www.notibras.com\/site\/"},{"@type":"ListItem","position":2,"name":"Torre e outros monumentos ganham ilumina\u00e7\u00e3o especial"}]},{"@type":"WebSite","@id":"https:\/\/www.notibras.com\/site\/#website","url":"https:\/\/www.notibras.com\/site\/","name":"Notibras","description":"Not\u00edcias de Bras\u00edlia, do Brasil e do Mundo","publisher":{"@id":"https:\/\/www.notibras.com\/site\/#organization"},"potentialAction":[{"@type":"SearchAction","target":{"@type":"EntryPoint","urlTemplate":"https:\/\/www.notibras.com\/site\/?s={search_term_string}"},"query-input":{"@type":"PropertyValueSpecification","valueRequired":true,"valueName":"search_term_string"}}],"inLanguage":"pt-BR"},{"@type":"Organization","@id":"https:\/\/www.notibras.com\/site\/#organization","name":"Grupo Notibras de Comunica\u00e7\u00e3o","url":"https:\/\/www.notibras.com\/site\/","logo":{"@type":"ImageObject","inLanguage":"pt-BR","@id":"https:\/\/www.notibras.com\/site\/#\/schema\/logo\/image\/","url":"https:\/\/www.notibras.com\/site\/wp-content\/uploads\/2023\/01\/notibras23.png","contentUrl":"https:\/\/www.notibras.com\/site\/wp-content\/uploads\/2023\/01\/notibras23.png","width":350,"height":87,"caption":"Grupo Notibras de Comunica\u00e7\u00e3o"},"image":{"@id":"https:\/\/www.notibras.com\/site\/#\/schema\/logo\/image\/"},"sameAs":["https:\/\/www.facebook.com\/notibras\/","https:\/\/x.com\/Notibras","https:\/\/www.instagram.com\/notibras\/"]},{"@type":"Person","@id":"https:\/\/www.notibras.com\/site\/#\/schema\/person\/36ab0979449956132d3e5b517ea76ac8","name":"Reda\u00e7\u00e3o","image":{"@type":"ImageObject","inLanguage":"pt-BR","@id":"https:\/\/secure.gravatar.com\/avatar\/e0a867bdedb85fd243eadf09663511f96fc81e0720a4a42581f334ad4303aa6b?s=96&d=mm&r=g","url":"https:\/\/secure.gravatar.com\/avatar\/e0a867bdedb85fd243eadf09663511f96fc81e0720a4a42581f334ad4303aa6b?s=96&d=mm&r=g","contentUrl":"https:\/\/secure.gravatar.com\/avatar\/e0a867bdedb85fd243eadf09663511f96fc81e0720a4a42581f334ad4303aa6b?s=96&d=mm&r=g","caption":"Reda\u00e7\u00e3o"}}]}},"amp_enabled":true,"_links":{"self":[{"href":"https:\/\/www.notibras.com\/site\/wp-json\/wp\/v2\/posts\/296402","targetHints":{"allow":["GET"]}}],"collection":[{"href":"https:\/\/www.notibras.com\/site\/wp-json\/wp\/v2\/posts"}],"about":[{"href":"https:\/\/www.notibras.com\/site\/wp-json\/wp\/v2\/types\/post"}],"author":[{"embeddable":true,"href":"https:\/\/www.notibras.com\/site\/wp-json\/wp\/v2\/users\/2"}],"replies":[{"embeddable":true,"href":"https:\/\/www.notibras.com\/site\/wp-json\/wp\/v2\/comments?post=296402"}],"version-history":[{"count":2,"href":"https:\/\/www.notibras.com\/site\/wp-json\/wp\/v2\/posts\/296402\/revisions"}],"predecessor-version":[{"id":296426,"href":"https:\/\/www.notibras.com\/site\/wp-json\/wp\/v2\/posts\/296402\/revisions\/296426"}],"wp:featuredmedia":[{"embeddable":true,"href":"https:\/\/www.notibras.com\/site\/wp-json\/wp\/v2\/media\/296403"}],"wp:attachment":[{"href":"https:\/\/www.notibras.com\/site\/wp-json\/wp\/v2\/media?parent=296402"}],"wp:term":[{"taxonomy":"category","embeddable":true,"href":"https:\/\/www.notibras.com\/site\/wp-json\/wp\/v2\/categories?post=296402"},{"taxonomy":"post_tag","embeddable":true,"href":"https:\/\/www.notibras.com\/site\/wp-json\/wp\/v2\/tags?post=296402"}],"curies":[{"name":"wp","href":"https:\/\/api.w.org\/{rel}","templated":true}]}}