{"id":296476,"date":"2022-12-20T08:48:37","date_gmt":"2022-12-20T11:48:37","guid":{"rendered":"https:\/\/www.notibras.com\/site\/?p=296476"},"modified":"2022-12-20T08:48:37","modified_gmt":"2022-12-20T11:48:37","slug":"rever-parque-sucupira-cria-pulga-atras-da-orelha","status":"publish","type":"post","link":"https:\/\/www.notibras.com\/site\/rever-parque-sucupira-cria-pulga-atras-da-orelha\/","title":{"rendered":"Rever Parque Sucupira cria pulga atr\u00e1s da orelha"},"content":{"rendered":"<p>O Instituto Bras\u00edlia Ambiental convida a popula\u00e7\u00e3o do Distrito Federal a participar de consulta p\u00fablica que vai discutir a redefini\u00e7\u00e3o de poligonal do Parque Ecol\u00f3gico das Sucupiras, localizado no Sudoeste. O estudo t\u00e9cnico j\u00e1 est\u00e1 dispon\u00edvel para consulta no site da autarquia.<\/p>\n<p>O evento ocorrer\u00e1 presencialmente em 17 de janeiro, das 9h \u00e0s 12h, no audit\u00f3rio do Instituto Nacional de Meteorologia (Inmet), que fica no Eixo Monumental Sul, Via S1, Rua G \u2013 4a. Ap\u00f3s a consulta p\u00fablica, o Bras\u00edlia Ambiental vai disponibilizar um v\u00eddeo institucional sobre o tema em seu site.<\/p>\n<p>A unidade de conserva\u00e7\u00e3o foi institu\u00edda pelo Decreto n\u00ba 25.926, de 14 de junho de 2005, como Parque de Uso M\u00faltiplo das Sucupiras, com 26 hectares. Em 2019, por meio do Decreto n\u00ba 40.116, de 19 de setembro daquele ano, foi recategorizada parque ecol\u00f3gico.<\/p>\n<p>Entre os objetivos de uma unidade desse tipo, est\u00e3o conservar amostras dos ecossistemas naturais, da vegeta\u00e7\u00e3o ex\u00f3tica e paisagens de grande beleza c\u00eanica, incentivar atividades de pesquisa e monitoramento ambiental, al\u00e9m de estimular a educa\u00e7\u00e3o ambiental e as atividades de lazer e recrea\u00e7\u00e3o em contato harm\u00f4nico com a natureza.<\/p>\n<p>A consulta p\u00fablica n\u00e3o \u00e9 deliberativa. O Instituto Bras\u00edlia Ambiental recebe as contribui\u00e7\u00f5es para aperfei\u00e7oar a proposta; a sociedade ganha em poder participar e ser ouvida pela autarquia ambiental.<\/p>\n","protected":false},"excerpt":{"rendered":"<p>O Instituto Bras\u00edlia Ambiental convida a popula\u00e7\u00e3o do Distrito Federal a participar de consulta p\u00fablica que vai discutir a redefini\u00e7\u00e3o de poligonal do Parque Ecol\u00f3gico das Sucupiras, localizado no Sudoeste. O estudo t\u00e9cnico j\u00e1 est\u00e1 dispon\u00edvel para consulta no site da autarquia. O evento ocorrer\u00e1 presencialmente em 17 de janeiro, das 9h \u00e0s 12h, no [&hellip;]<\/p>\n","protected":false},"author":2,"featured_media":296477,"comment_status":"closed","ping_status":"closed","sticky":false,"template":"","format":"standard","meta":{"_acf_changed":false,"footnotes":""},"categories":[161],"tags":[],"class_list":["post-296476","post","type-post","status-publish","format-standard","has-post-thumbnail","hentry","category-quadradinho-em-foco"],"acf":[],"yoast_head":"<!-- This site is optimized with the Yoast SEO plugin v27.2 - https:\/\/yoast.com\/product\/yoast-seo-wordpress\/ -->\n<title>Rever Parque Sucupira cria pulga atr\u00e1s da orelha - Notibras<\/title>\n<meta name=\"robots\" content=\"index, follow, max-snippet:-1, max-image-preview:large, max-video-preview:-1\" \/>\n<link rel=\"canonical\" href=\"https:\/\/www.notibras.com\/site\/rever-parque-sucupira-cria-pulga-atras-da-orelha\/\" \/>\n<meta property=\"og:locale\" content=\"pt_BR\" \/>\n<meta property=\"og:type\" content=\"article\" \/>\n<meta property=\"og:title\" content=\"Rever Parque Sucupira cria pulga atr\u00e1s da orelha - Notibras\" \/>\n<meta property=\"og:description\" content=\"O Instituto Bras\u00edlia Ambiental convida a popula\u00e7\u00e3o do Distrito Federal a participar de consulta p\u00fablica que vai discutir a redefini\u00e7\u00e3o de poligonal do Parque Ecol\u00f3gico das Sucupiras, localizado no Sudoeste. O estudo t\u00e9cnico j\u00e1 est\u00e1 dispon\u00edvel para consulta no site da autarquia. O evento ocorrer\u00e1 presencialmente em 17 de janeiro, das 9h \u00e0s 12h, no [&hellip;]\" \/>\n<meta property=\"og:url\" content=\"https:\/\/www.notibras.com\/site\/rever-parque-sucupira-cria-pulga-atras-da-orelha\/\" \/>\n<meta property=\"og:site_name\" content=\"Notibras\" \/>\n<meta property=\"article:publisher\" content=\"https:\/\/www.facebook.com\/notibras\/\" \/>\n<meta property=\"article:published_time\" content=\"2022-12-20T11:48:37+00:00\" \/>\n<meta property=\"og:image\" content=\"https:\/\/www.notibras.com\/site\/wp-content\/uploads\/2022\/12\/bairros.png\" \/>\n\t<meta property=\"og:image:width\" content=\"1046\" \/>\n\t<meta property=\"og:image:height\" content=\"714\" \/>\n\t<meta property=\"og:image:type\" content=\"image\/png\" \/>\n<meta name=\"author\" content=\"Reda\u00e7\u00e3o\" \/>\n<meta name=\"twitter:card\" content=\"summary_large_image\" \/>\n<meta name=\"twitter:creator\" content=\"@Notibras\" \/>\n<meta name=\"twitter:site\" content=\"@Notibras\" \/>\n<meta name=\"twitter:label1\" content=\"Escrito por\" \/>\n\t<meta name=\"twitter:data1\" content=\"Reda\u00e7\u00e3o\" \/>\n\t<meta name=\"twitter:label2\" content=\"Est. tempo de leitura\" \/>\n\t<meta name=\"twitter:data2\" content=\"2 minutos\" \/>\n<script type=\"application\/ld+json\" class=\"yoast-schema-graph\">{\"@context\":\"https:\/\/schema.org\",\"@graph\":[{\"@type\":\"Article\",\"@id\":\"https:\/\/www.notibras.com\/site\/rever-parque-sucupira-cria-pulga-atras-da-orelha\/#article\",\"isPartOf\":{\"@id\":\"https:\/\/www.notibras.com\/site\/rever-parque-sucupira-cria-pulga-atras-da-orelha\/\"},\"author\":{\"name\":\"Reda\u00e7\u00e3o\",\"@id\":\"https:\/\/www.notibras.com\/site\/#\/schema\/person\/36ab0979449956132d3e5b517ea76ac8\"},\"headline\":\"Rever Parque Sucupira cria pulga atr\u00e1s da orelha\",\"datePublished\":\"2022-12-20T11:48:37+00:00\",\"mainEntityOfPage\":{\"@id\":\"https:\/\/www.notibras.com\/site\/rever-parque-sucupira-cria-pulga-atras-da-orelha\/\"},\"wordCount\":242,\"publisher\":{\"@id\":\"https:\/\/www.notibras.com\/site\/#organization\"},\"image\":{\"@id\":\"https:\/\/www.notibras.com\/site\/rever-parque-sucupira-cria-pulga-atras-da-orelha\/#primaryimage\"},\"thumbnailUrl\":\"https:\/\/www.notibras.com\/site\/wp-content\/uploads\/2022\/12\/bairros.png\",\"articleSection\":[\"Quadradinho em Foco\"],\"inLanguage\":\"pt-BR\"},{\"@type\":\"WebPage\",\"@id\":\"https:\/\/www.notibras.com\/site\/rever-parque-sucupira-cria-pulga-atras-da-orelha\/\",\"url\":\"https:\/\/www.notibras.com\/site\/rever-parque-sucupira-cria-pulga-atras-da-orelha\/\",\"name\":\"Rever Parque Sucupira cria pulga atr\u00e1s da orelha - Notibras\",\"isPartOf\":{\"@id\":\"https:\/\/www.notibras.com\/site\/#website\"},\"primaryImageOfPage\":{\"@id\":\"https:\/\/www.notibras.com\/site\/rever-parque-sucupira-cria-pulga-atras-da-orelha\/#primaryimage\"},\"image\":{\"@id\":\"https:\/\/www.notibras.com\/site\/rever-parque-sucupira-cria-pulga-atras-da-orelha\/#primaryimage\"},\"thumbnailUrl\":\"https:\/\/www.notibras.com\/site\/wp-content\/uploads\/2022\/12\/bairros.png\",\"datePublished\":\"2022-12-20T11:48:37+00:00\",\"breadcrumb\":{\"@id\":\"https:\/\/www.notibras.com\/site\/rever-parque-sucupira-cria-pulga-atras-da-orelha\/#breadcrumb\"},\"inLanguage\":\"pt-BR\",\"potentialAction\":[{\"@type\":\"ReadAction\",\"target\":[\"https:\/\/www.notibras.com\/site\/rever-parque-sucupira-cria-pulga-atras-da-orelha\/\"]}]},{\"@type\":\"ImageObject\",\"inLanguage\":\"pt-BR\",\"@id\":\"https:\/\/www.notibras.com\/site\/rever-parque-sucupira-cria-pulga-atras-da-orelha\/#primaryimage\",\"url\":\"https:\/\/www.notibras.com\/site\/wp-content\/uploads\/2022\/12\/bairros.png\",\"contentUrl\":\"https:\/\/www.notibras.com\/site\/wp-content\/uploads\/2022\/12\/bairros.png\",\"width\":1046,\"height\":714},{\"@type\":\"BreadcrumbList\",\"@id\":\"https:\/\/www.notibras.com\/site\/rever-parque-sucupira-cria-pulga-atras-da-orelha\/#breadcrumb\",\"itemListElement\":[{\"@type\":\"ListItem\",\"position\":1,\"name\":\"In\u00edcio\",\"item\":\"https:\/\/www.notibras.com\/site\/\"},{\"@type\":\"ListItem\",\"position\":2,\"name\":\"Rever Parque Sucupira cria pulga atr\u00e1s da orelha\"}]},{\"@type\":\"WebSite\",\"@id\":\"https:\/\/www.notibras.com\/site\/#website\",\"url\":\"https:\/\/www.notibras.com\/site\/\",\"name\":\"Notibras\",\"description\":\"Not\u00edcias de Bras\u00edlia, do Brasil e do Mundo\",\"publisher\":{\"@id\":\"https:\/\/www.notibras.com\/site\/#organization\"},\"potentialAction\":[{\"@type\":\"SearchAction\",\"target\":{\"@type\":\"EntryPoint\",\"urlTemplate\":\"https:\/\/www.notibras.com\/site\/?s={search_term_string}\"},\"query-input\":{\"@type\":\"PropertyValueSpecification\",\"valueRequired\":true,\"valueName\":\"search_term_string\"}}],\"inLanguage\":\"pt-BR\"},{\"@type\":\"Organization\",\"@id\":\"https:\/\/www.notibras.com\/site\/#organization\",\"name\":\"Grupo Notibras de Comunica\u00e7\u00e3o\",\"url\":\"https:\/\/www.notibras.com\/site\/\",\"logo\":{\"@type\":\"ImageObject\",\"inLanguage\":\"pt-BR\",\"@id\":\"https:\/\/www.notibras.com\/site\/#\/schema\/logo\/image\/\",\"url\":\"https:\/\/www.notibras.com\/site\/wp-content\/uploads\/2023\/01\/notibras23.png\",\"contentUrl\":\"https:\/\/www.notibras.com\/site\/wp-content\/uploads\/2023\/01\/notibras23.png\",\"width\":350,\"height\":87,\"caption\":\"Grupo Notibras de Comunica\u00e7\u00e3o\"},\"image\":{\"@id\":\"https:\/\/www.notibras.com\/site\/#\/schema\/logo\/image\/\"},\"sameAs\":[\"https:\/\/www.facebook.com\/notibras\/\",\"https:\/\/x.com\/Notibras\",\"https:\/\/www.instagram.com\/notibras\/\"]},{\"@type\":\"Person\",\"@id\":\"https:\/\/www.notibras.com\/site\/#\/schema\/person\/36ab0979449956132d3e5b517ea76ac8\",\"name\":\"Reda\u00e7\u00e3o\",\"image\":{\"@type\":\"ImageObject\",\"inLanguage\":\"pt-BR\",\"@id\":\"https:\/\/secure.gravatar.com\/avatar\/e0a867bdedb85fd243eadf09663511f96fc81e0720a4a42581f334ad4303aa6b?s=96&d=mm&r=g\",\"url\":\"https:\/\/secure.gravatar.com\/avatar\/e0a867bdedb85fd243eadf09663511f96fc81e0720a4a42581f334ad4303aa6b?s=96&d=mm&r=g\",\"contentUrl\":\"https:\/\/secure.gravatar.com\/avatar\/e0a867bdedb85fd243eadf09663511f96fc81e0720a4a42581f334ad4303aa6b?s=96&d=mm&r=g\",\"caption\":\"Reda\u00e7\u00e3o\"}}]}<\/script>\n<!-- \/ Yoast SEO plugin. -->","yoast_head_json":{"title":"Rever Parque Sucupira cria pulga atr\u00e1s da orelha - Notibras","robots":{"index":"index","follow":"follow","max-snippet":"max-snippet:-1","max-image-preview":"max-image-preview:large","max-video-preview":"max-video-preview:-1"},"canonical":"https:\/\/www.notibras.com\/site\/rever-parque-sucupira-cria-pulga-atras-da-orelha\/","og_locale":"pt_BR","og_type":"article","og_title":"Rever Parque Sucupira cria pulga atr\u00e1s da orelha - Notibras","og_description":"O Instituto Bras\u00edlia Ambiental convida a popula\u00e7\u00e3o do Distrito Federal a participar de consulta p\u00fablica que vai discutir a redefini\u00e7\u00e3o de poligonal do Parque Ecol\u00f3gico das Sucupiras, localizado no Sudoeste. O estudo t\u00e9cnico j\u00e1 est\u00e1 dispon\u00edvel para consulta no site da autarquia. O evento ocorrer\u00e1 presencialmente em 17 de janeiro, das 9h \u00e0s 12h, no [&hellip;]","og_url":"https:\/\/www.notibras.com\/site\/rever-parque-sucupira-cria-pulga-atras-da-orelha\/","og_site_name":"Notibras","article_publisher":"https:\/\/www.facebook.com\/notibras\/","article_published_time":"2022-12-20T11:48:37+00:00","og_image":[{"width":1046,"height":714,"url":"https:\/\/www.notibras.com\/site\/wp-content\/uploads\/2022\/12\/bairros.png","type":"image\/png"}],"author":"Reda\u00e7\u00e3o","twitter_card":"summary_large_image","twitter_creator":"@Notibras","twitter_site":"@Notibras","twitter_misc":{"Escrito por":"Reda\u00e7\u00e3o","Est. tempo de leitura":"2 minutos"},"schema":{"@context":"https:\/\/schema.org","@graph":[{"@type":"Article","@id":"https:\/\/www.notibras.com\/site\/rever-parque-sucupira-cria-pulga-atras-da-orelha\/#article","isPartOf":{"@id":"https:\/\/www.notibras.com\/site\/rever-parque-sucupira-cria-pulga-atras-da-orelha\/"},"author":{"name":"Reda\u00e7\u00e3o","@id":"https:\/\/www.notibras.com\/site\/#\/schema\/person\/36ab0979449956132d3e5b517ea76ac8"},"headline":"Rever Parque Sucupira cria pulga atr\u00e1s da orelha","datePublished":"2022-12-20T11:48:37+00:00","mainEntityOfPage":{"@id":"https:\/\/www.notibras.com\/site\/rever-parque-sucupira-cria-pulga-atras-da-orelha\/"},"wordCount":242,"publisher":{"@id":"https:\/\/www.notibras.com\/site\/#organization"},"image":{"@id":"https:\/\/www.notibras.com\/site\/rever-parque-sucupira-cria-pulga-atras-da-orelha\/#primaryimage"},"thumbnailUrl":"https:\/\/www.notibras.com\/site\/wp-content\/uploads\/2022\/12\/bairros.png","articleSection":["Quadradinho em Foco"],"inLanguage":"pt-BR"},{"@type":"WebPage","@id":"https:\/\/www.notibras.com\/site\/rever-parque-sucupira-cria-pulga-atras-da-orelha\/","url":"https:\/\/www.notibras.com\/site\/rever-parque-sucupira-cria-pulga-atras-da-orelha\/","name":"Rever Parque Sucupira cria pulga atr\u00e1s da orelha - Notibras","isPartOf":{"@id":"https:\/\/www.notibras.com\/site\/#website"},"primaryImageOfPage":{"@id":"https:\/\/www.notibras.com\/site\/rever-parque-sucupira-cria-pulga-atras-da-orelha\/#primaryimage"},"image":{"@id":"https:\/\/www.notibras.com\/site\/rever-parque-sucupira-cria-pulga-atras-da-orelha\/#primaryimage"},"thumbnailUrl":"https:\/\/www.notibras.com\/site\/wp-content\/uploads\/2022\/12\/bairros.png","datePublished":"2022-12-20T11:48:37+00:00","breadcrumb":{"@id":"https:\/\/www.notibras.com\/site\/rever-parque-sucupira-cria-pulga-atras-da-orelha\/#breadcrumb"},"inLanguage":"pt-BR","potentialAction":[{"@type":"ReadAction","target":["https:\/\/www.notibras.com\/site\/rever-parque-sucupira-cria-pulga-atras-da-orelha\/"]}]},{"@type":"ImageObject","inLanguage":"pt-BR","@id":"https:\/\/www.notibras.com\/site\/rever-parque-sucupira-cria-pulga-atras-da-orelha\/#primaryimage","url":"https:\/\/www.notibras.com\/site\/wp-content\/uploads\/2022\/12\/bairros.png","contentUrl":"https:\/\/www.notibras.com\/site\/wp-content\/uploads\/2022\/12\/bairros.png","width":1046,"height":714},{"@type":"BreadcrumbList","@id":"https:\/\/www.notibras.com\/site\/rever-parque-sucupira-cria-pulga-atras-da-orelha\/#breadcrumb","itemListElement":[{"@type":"ListItem","position":1,"name":"In\u00edcio","item":"https:\/\/www.notibras.com\/site\/"},{"@type":"ListItem","position":2,"name":"Rever Parque Sucupira cria pulga atr\u00e1s da orelha"}]},{"@type":"WebSite","@id":"https:\/\/www.notibras.com\/site\/#website","url":"https:\/\/www.notibras.com\/site\/","name":"Notibras","description":"Not\u00edcias de Bras\u00edlia, do Brasil e do Mundo","publisher":{"@id":"https:\/\/www.notibras.com\/site\/#organization"},"potentialAction":[{"@type":"SearchAction","target":{"@type":"EntryPoint","urlTemplate":"https:\/\/www.notibras.com\/site\/?s={search_term_string}"},"query-input":{"@type":"PropertyValueSpecification","valueRequired":true,"valueName":"search_term_string"}}],"inLanguage":"pt-BR"},{"@type":"Organization","@id":"https:\/\/www.notibras.com\/site\/#organization","name":"Grupo Notibras de Comunica\u00e7\u00e3o","url":"https:\/\/www.notibras.com\/site\/","logo":{"@type":"ImageObject","inLanguage":"pt-BR","@id":"https:\/\/www.notibras.com\/site\/#\/schema\/logo\/image\/","url":"https:\/\/www.notibras.com\/site\/wp-content\/uploads\/2023\/01\/notibras23.png","contentUrl":"https:\/\/www.notibras.com\/site\/wp-content\/uploads\/2023\/01\/notibras23.png","width":350,"height":87,"caption":"Grupo Notibras de Comunica\u00e7\u00e3o"},"image":{"@id":"https:\/\/www.notibras.com\/site\/#\/schema\/logo\/image\/"},"sameAs":["https:\/\/www.facebook.com\/notibras\/","https:\/\/x.com\/Notibras","https:\/\/www.instagram.com\/notibras\/"]},{"@type":"Person","@id":"https:\/\/www.notibras.com\/site\/#\/schema\/person\/36ab0979449956132d3e5b517ea76ac8","name":"Reda\u00e7\u00e3o","image":{"@type":"ImageObject","inLanguage":"pt-BR","@id":"https:\/\/secure.gravatar.com\/avatar\/e0a867bdedb85fd243eadf09663511f96fc81e0720a4a42581f334ad4303aa6b?s=96&d=mm&r=g","url":"https:\/\/secure.gravatar.com\/avatar\/e0a867bdedb85fd243eadf09663511f96fc81e0720a4a42581f334ad4303aa6b?s=96&d=mm&r=g","contentUrl":"https:\/\/secure.gravatar.com\/avatar\/e0a867bdedb85fd243eadf09663511f96fc81e0720a4a42581f334ad4303aa6b?s=96&d=mm&r=g","caption":"Reda\u00e7\u00e3o"}}]}},"amp_enabled":true,"_links":{"self":[{"href":"https:\/\/www.notibras.com\/site\/wp-json\/wp\/v2\/posts\/296476","targetHints":{"allow":["GET"]}}],"collection":[{"href":"https:\/\/www.notibras.com\/site\/wp-json\/wp\/v2\/posts"}],"about":[{"href":"https:\/\/www.notibras.com\/site\/wp-json\/wp\/v2\/types\/post"}],"author":[{"embeddable":true,"href":"https:\/\/www.notibras.com\/site\/wp-json\/wp\/v2\/users\/2"}],"replies":[{"embeddable":true,"href":"https:\/\/www.notibras.com\/site\/wp-json\/wp\/v2\/comments?post=296476"}],"version-history":[{"count":1,"href":"https:\/\/www.notibras.com\/site\/wp-json\/wp\/v2\/posts\/296476\/revisions"}],"predecessor-version":[{"id":296478,"href":"https:\/\/www.notibras.com\/site\/wp-json\/wp\/v2\/posts\/296476\/revisions\/296478"}],"wp:featuredmedia":[{"embeddable":true,"href":"https:\/\/www.notibras.com\/site\/wp-json\/wp\/v2\/media\/296477"}],"wp:attachment":[{"href":"https:\/\/www.notibras.com\/site\/wp-json\/wp\/v2\/media?parent=296476"}],"wp:term":[{"taxonomy":"category","embeddable":true,"href":"https:\/\/www.notibras.com\/site\/wp-json\/wp\/v2\/categories?post=296476"},{"taxonomy":"post_tag","embeddable":true,"href":"https:\/\/www.notibras.com\/site\/wp-json\/wp\/v2\/tags?post=296476"}],"curies":[{"name":"wp","href":"https:\/\/api.w.org\/{rel}","templated":true}]}}