{"id":296514,"date":"2022-12-21T06:23:21","date_gmt":"2022-12-21T09:23:21","guid":{"rendered":"https:\/\/www.notibras.com\/site\/?p=296514"},"modified":"2022-12-21T06:23:21","modified_gmt":"2022-12-21T09:23:21","slug":"miguel-e-maria-alice-invadem-cartorios-de-nascimento","status":"publish","type":"post","link":"https:\/\/www.notibras.com\/site\/miguel-e-maria-alice-invadem-cartorios-de-nascimento\/","title":{"rendered":"Miguel e Maria Alice invadem cart\u00f3rios de nascimento"},"content":{"rendered":"<p>Os nomes Miguel e Maria Alice lideram o ranking de mais escolhidos pelos pais para registrar os beb\u00eas nascidos em 2022. Os dados foram divulgados pela Associa\u00e7\u00e3o Nacional dos Registradores de Pessoas Naturais (Arpen-Brasil), que representa os cart\u00f3rios de registro civil.<\/p>\n<p>A prefer\u00eancia dos brasileiros n\u00e3o mudou entre os nomes masculinos: Miguel, com 26.941 mil registros, permanece sendo o nome mais escolhido no pa\u00eds. J\u00e1 entre as meninas, Maria Alice teve 24.019 registros e assumiu a ponta, antes ocupada por Helena, que liderava h\u00e1 cinco anos.<\/p>\n<p>Os dados completos est\u00e3o no Portal da Transpar\u00eancia do Registro Civil. Na plataforma \u00e9 poss\u00edvel realizar buscas por ano em todo o territ\u00f3rio nacional, em regi\u00f5es, estados e munic\u00edpios, com a possibilidade de recorte por nomes simples e compostos.<\/p>\n<p>Para a Arpen-Brasil, a lista dos nomes preferidos acaba sendo influenciada por registros de filhos de personalidades nacionais. Maria Alice \u00e9 o nome da filha da influencer Virginia Fonseca e Gael, o do filho da tamb\u00e9m influencer Zoo e do youtuber Christian Figueiredo. \u201cS\u00e3o os nomes que mais cresceram no \u00faltimo ano\u201d, informou a entidade.<\/p>\n<p>Maria Alice desbancou Helena da lideran\u00e7a de nomes femininos, enquanto o Gael assumiu a vice-lideran\u00e7a nacional, deslocando Arthur para a terceira posi\u00e7\u00e3o.<\/p>\n<p>Outra caracter\u00edstica mostra a prefer\u00eancia dos brasileiros por nomes simples e b\u00edblicos como Ravi, Noah, Theo, Liz, Eloa e Isaac. \u201cEmbora ainda n\u00e3o estejam na lista dos 10 mais, crescem ano a ano no ranking nacional dos 50 nomes mais registrados\u201d, destacou a Arpen-Brasil.<\/p>\n<p>Os dez nomes masculinos mais frequentes foram: Miguel, Gael, Arthur, Heitor, Theo, Davi, Samuel, Bernardo, Gabriel e Ravi. Entre as meninas est\u00e3o Maria Alice, Helena, Alice, Laura, Maria Cec\u00edlia, Cec\u00edlia, Mait\u00ea, Maria Clara, Helo\u00edsa e Valentina.<\/p>\n<p>Na semana passada, o site BabyCenter j\u00e1 havia divulgado os nomes mais escolhidos em 2022, com Miguel e Helena na lideran\u00e7a. O ranking representa os nomes mais cadastrados na plataforma digital.<\/p>\n<p><strong>Mudan\u00e7a de nome<\/strong><br \/>\nDesde junho deste ano, com a Lei 14.382\/2022, os nomes deixaram de ser imut\u00e1veis, salvo casos especiais como nomes vexat\u00f3rios. Hoje qualquer adulto maior de 18 anos pode alterar seu nome em cart\u00f3rio, independentemente do motivo. Pais de beb\u00eas tamb\u00e9m podem, em consenso, alterar o nome do rec\u00e9m-nascido em at\u00e9 15 dias ap\u00f3s o registro de nascimento.<\/p>\n<p>De acordo com a Arpen-Brasil, 4.970 altera\u00e7\u00f5es de nome foram feitas diretamente nos cart\u00f3rios de registro civil.<\/p>\n<p>Para realizar o ato diretamente em cart\u00f3rio \u00e9 necess\u00e1rio que o interessado seja maior de 18 anos e compare\u00e7a \u00e0 unidade com seus documentos pessoais (RG e CPF). O valor \u00e9 o custo de um procedimento, tabelado por lei, e que varia de acordo com a unidade da federa\u00e7\u00e3o.<\/p>\n<p>Ap\u00f3s a altera\u00e7\u00e3o, o cart\u00f3rio de registro civil comunicar\u00e1 a altera\u00e7\u00e3o aos \u00f3rg\u00e3os expedidores do documento de identidade, do CPF e do passaporte, bem como ao Tribunal Superior Eleitoral. Caso a pessoa queira voltar atr\u00e1s na mudan\u00e7a, dever\u00e1 entrar com uma a\u00e7\u00e3o na Justi\u00e7a.<\/p>\n<p>J\u00e1 no caso da altera\u00e7\u00e3o do nome e do sobrenome do rec\u00e9m-nascido, \u00e9 necess\u00e1rio que os pais estejam em consenso, apresentem a certid\u00e3o de nascimento do beb\u00ea e os documentos pessoais (CPF e RG). Se n\u00e3o houver consenso entre os pais, o caso dever\u00e1 ser encaminhado pelo cart\u00f3rio ao juiz competente.<\/p>\n<p>A nova lei ampliou o rol de possibilidades para altera\u00e7\u00e3o de nomes e sobrenomes sem necessidade de procedimento judicial ou contrata\u00e7\u00e3o de advogados. Segundo a Arpen-Brasil, at\u00e9 ent\u00e3o, a Lei de Registros P\u00fablicos permitia a altera\u00e7\u00e3o de nome, que juridicamente \u00e9 conhecido como prenome, no primeiro ano da maioridade, isto \u00e9, entre 18 e 19 anos. Da mesma forma, pessoas transg\u00eaneros e transexuais poderiam fazer a altera\u00e7\u00e3o conforme decis\u00e3o tomada pelo Supremo Tribunal Federal (STF) em 2018 e regulamentada pelo Conselho Nacional de Justi\u00e7a (CNJ).<\/p>\n<p>A mudan\u00e7a ainda era permitida em situa\u00e7\u00f5es envolvendo prote\u00e7\u00e3o \u00e0 testemunha e em casos de apelidos not\u00f3rios e reconhecidos, estas duas \u00faltimas possibilidades somente mediante autoriza\u00e7\u00e3o judicial.<\/p>\n<p>J\u00e1 a inclus\u00e3o do sobrenome pode ocorrer nos casamentos, nos atos de reconhecimento de paternidade e maternidade \u2013 biol\u00f3gica ou socioafetiva \u2013, e nos casos em que os pais de filhos menores constatam, em conjunto, que o registro original n\u00e3o reflete todas as linhagens familiares. J\u00e1 a retirada ou altera\u00e7\u00e3o do sobrenome pode ser solicitada por pessoa vi\u00fava, mediante a apresenta\u00e7\u00e3o da certid\u00e3o de \u00f3bito do c\u00f4njuge, ou em caso de div\u00f3rcio.<\/p>\n","protected":false},"excerpt":{"rendered":"<p>Os nomes Miguel e Maria Alice lideram o ranking de mais escolhidos pelos pais para registrar os beb\u00eas nascidos em 2022. Os dados foram divulgados pela Associa\u00e7\u00e3o Nacional dos Registradores de Pessoas Naturais (Arpen-Brasil), que representa os cart\u00f3rios de registro civil. A prefer\u00eancia dos brasileiros n\u00e3o mudou entre os nomes masculinos: Miguel, com 26.941 mil [&hellip;]<\/p>\n","protected":false},"author":2,"featured_media":296515,"comment_status":"closed","ping_status":"closed","sticky":false,"template":"","format":"standard","meta":{"_acf_changed":false,"footnotes":""},"categories":[161],"tags":[],"class_list":["post-296514","post","type-post","status-publish","format-standard","has-post-thumbnail","hentry","category-quadradinho-em-foco"],"acf":[],"yoast_head":"<!-- This site is optimized with the Yoast SEO plugin v27.2 - https:\/\/yoast.com\/product\/yoast-seo-wordpress\/ -->\n<title>Miguel e Maria Alice invadem cart\u00f3rios de nascimento - Notibras<\/title>\n<meta name=\"robots\" content=\"index, follow, max-snippet:-1, max-image-preview:large, max-video-preview:-1\" \/>\n<link rel=\"canonical\" href=\"https:\/\/www.notibras.com\/site\/miguel-e-maria-alice-invadem-cartorios-de-nascimento\/\" \/>\n<meta property=\"og:locale\" content=\"pt_BR\" \/>\n<meta property=\"og:type\" content=\"article\" \/>\n<meta property=\"og:title\" content=\"Miguel e Maria Alice invadem cart\u00f3rios de nascimento - Notibras\" \/>\n<meta property=\"og:description\" content=\"Os nomes Miguel e Maria Alice lideram o ranking de mais escolhidos pelos pais para registrar os beb\u00eas nascidos em 2022. Os dados foram divulgados pela Associa\u00e7\u00e3o Nacional dos Registradores de Pessoas Naturais (Arpen-Brasil), que representa os cart\u00f3rios de registro civil. A prefer\u00eancia dos brasileiros n\u00e3o mudou entre os nomes masculinos: Miguel, com 26.941 mil [&hellip;]\" \/>\n<meta property=\"og:url\" content=\"https:\/\/www.notibras.com\/site\/miguel-e-maria-alice-invadem-cartorios-de-nascimento\/\" \/>\n<meta property=\"og:site_name\" content=\"Notibras\" \/>\n<meta property=\"article:publisher\" content=\"https:\/\/www.facebook.com\/notibras\/\" \/>\n<meta property=\"article:published_time\" content=\"2022-12-21T09:23:21+00:00\" \/>\n<meta property=\"og:image\" content=\"https:\/\/www.notibras.com\/site\/wp-content\/uploads\/2022\/12\/bebe-1.jpg\" \/>\n\t<meta property=\"og:image:width\" content=\"1170\" \/>\n\t<meta property=\"og:image:height\" content=\"700\" \/>\n\t<meta property=\"og:image:type\" content=\"image\/jpeg\" \/>\n<meta name=\"author\" content=\"Reda\u00e7\u00e3o\" \/>\n<meta name=\"twitter:card\" content=\"summary_large_image\" \/>\n<meta name=\"twitter:creator\" content=\"@Notibras\" \/>\n<meta name=\"twitter:site\" content=\"@Notibras\" \/>\n<meta name=\"twitter:label1\" content=\"Escrito por\" \/>\n\t<meta name=\"twitter:data1\" content=\"Reda\u00e7\u00e3o\" \/>\n\t<meta name=\"twitter:label2\" content=\"Est. tempo de leitura\" \/>\n\t<meta name=\"twitter:data2\" content=\"4 minutos\" \/>\n<script type=\"application\/ld+json\" class=\"yoast-schema-graph\">{\"@context\":\"https:\/\/schema.org\",\"@graph\":[{\"@type\":\"Article\",\"@id\":\"https:\/\/www.notibras.com\/site\/miguel-e-maria-alice-invadem-cartorios-de-nascimento\/#article\",\"isPartOf\":{\"@id\":\"https:\/\/www.notibras.com\/site\/miguel-e-maria-alice-invadem-cartorios-de-nascimento\/\"},\"author\":{\"name\":\"Reda\u00e7\u00e3o\",\"@id\":\"https:\/\/www.notibras.com\/site\/#\/schema\/person\/36ab0979449956132d3e5b517ea76ac8\"},\"headline\":\"Miguel e Maria Alice invadem cart\u00f3rios de nascimento\",\"datePublished\":\"2022-12-21T09:23:21+00:00\",\"mainEntityOfPage\":{\"@id\":\"https:\/\/www.notibras.com\/site\/miguel-e-maria-alice-invadem-cartorios-de-nascimento\/\"},\"wordCount\":780,\"publisher\":{\"@id\":\"https:\/\/www.notibras.com\/site\/#organization\"},\"image\":{\"@id\":\"https:\/\/www.notibras.com\/site\/miguel-e-maria-alice-invadem-cartorios-de-nascimento\/#primaryimage\"},\"thumbnailUrl\":\"https:\/\/www.notibras.com\/site\/wp-content\/uploads\/2022\/12\/bebe-1.jpg\",\"articleSection\":[\"Quadradinho em Foco\"],\"inLanguage\":\"pt-BR\"},{\"@type\":\"WebPage\",\"@id\":\"https:\/\/www.notibras.com\/site\/miguel-e-maria-alice-invadem-cartorios-de-nascimento\/\",\"url\":\"https:\/\/www.notibras.com\/site\/miguel-e-maria-alice-invadem-cartorios-de-nascimento\/\",\"name\":\"Miguel e Maria Alice invadem cart\u00f3rios de nascimento - Notibras\",\"isPartOf\":{\"@id\":\"https:\/\/www.notibras.com\/site\/#website\"},\"primaryImageOfPage\":{\"@id\":\"https:\/\/www.notibras.com\/site\/miguel-e-maria-alice-invadem-cartorios-de-nascimento\/#primaryimage\"},\"image\":{\"@id\":\"https:\/\/www.notibras.com\/site\/miguel-e-maria-alice-invadem-cartorios-de-nascimento\/#primaryimage\"},\"thumbnailUrl\":\"https:\/\/www.notibras.com\/site\/wp-content\/uploads\/2022\/12\/bebe-1.jpg\",\"datePublished\":\"2022-12-21T09:23:21+00:00\",\"breadcrumb\":{\"@id\":\"https:\/\/www.notibras.com\/site\/miguel-e-maria-alice-invadem-cartorios-de-nascimento\/#breadcrumb\"},\"inLanguage\":\"pt-BR\",\"potentialAction\":[{\"@type\":\"ReadAction\",\"target\":[\"https:\/\/www.notibras.com\/site\/miguel-e-maria-alice-invadem-cartorios-de-nascimento\/\"]}]},{\"@type\":\"ImageObject\",\"inLanguage\":\"pt-BR\",\"@id\":\"https:\/\/www.notibras.com\/site\/miguel-e-maria-alice-invadem-cartorios-de-nascimento\/#primaryimage\",\"url\":\"https:\/\/www.notibras.com\/site\/wp-content\/uploads\/2022\/12\/bebe-1.jpg\",\"contentUrl\":\"https:\/\/www.notibras.com\/site\/wp-content\/uploads\/2022\/12\/bebe-1.jpg\",\"width\":1170,\"height\":700},{\"@type\":\"BreadcrumbList\",\"@id\":\"https:\/\/www.notibras.com\/site\/miguel-e-maria-alice-invadem-cartorios-de-nascimento\/#breadcrumb\",\"itemListElement\":[{\"@type\":\"ListItem\",\"position\":1,\"name\":\"In\u00edcio\",\"item\":\"https:\/\/www.notibras.com\/site\/\"},{\"@type\":\"ListItem\",\"position\":2,\"name\":\"Miguel e Maria Alice invadem cart\u00f3rios de nascimento\"}]},{\"@type\":\"WebSite\",\"@id\":\"https:\/\/www.notibras.com\/site\/#website\",\"url\":\"https:\/\/www.notibras.com\/site\/\",\"name\":\"Notibras\",\"description\":\"Not\u00edcias de Bras\u00edlia, do Brasil e do Mundo\",\"publisher\":{\"@id\":\"https:\/\/www.notibras.com\/site\/#organization\"},\"potentialAction\":[{\"@type\":\"SearchAction\",\"target\":{\"@type\":\"EntryPoint\",\"urlTemplate\":\"https:\/\/www.notibras.com\/site\/?s={search_term_string}\"},\"query-input\":{\"@type\":\"PropertyValueSpecification\",\"valueRequired\":true,\"valueName\":\"search_term_string\"}}],\"inLanguage\":\"pt-BR\"},{\"@type\":\"Organization\",\"@id\":\"https:\/\/www.notibras.com\/site\/#organization\",\"name\":\"Grupo Notibras de Comunica\u00e7\u00e3o\",\"url\":\"https:\/\/www.notibras.com\/site\/\",\"logo\":{\"@type\":\"ImageObject\",\"inLanguage\":\"pt-BR\",\"@id\":\"https:\/\/www.notibras.com\/site\/#\/schema\/logo\/image\/\",\"url\":\"https:\/\/www.notibras.com\/site\/wp-content\/uploads\/2023\/01\/notibras23.png\",\"contentUrl\":\"https:\/\/www.notibras.com\/site\/wp-content\/uploads\/2023\/01\/notibras23.png\",\"width\":350,\"height\":87,\"caption\":\"Grupo Notibras de Comunica\u00e7\u00e3o\"},\"image\":{\"@id\":\"https:\/\/www.notibras.com\/site\/#\/schema\/logo\/image\/\"},\"sameAs\":[\"https:\/\/www.facebook.com\/notibras\/\",\"https:\/\/x.com\/Notibras\",\"https:\/\/www.instagram.com\/notibras\/\"]},{\"@type\":\"Person\",\"@id\":\"https:\/\/www.notibras.com\/site\/#\/schema\/person\/36ab0979449956132d3e5b517ea76ac8\",\"name\":\"Reda\u00e7\u00e3o\",\"image\":{\"@type\":\"ImageObject\",\"inLanguage\":\"pt-BR\",\"@id\":\"https:\/\/secure.gravatar.com\/avatar\/e0a867bdedb85fd243eadf09663511f96fc81e0720a4a42581f334ad4303aa6b?s=96&d=mm&r=g\",\"url\":\"https:\/\/secure.gravatar.com\/avatar\/e0a867bdedb85fd243eadf09663511f96fc81e0720a4a42581f334ad4303aa6b?s=96&d=mm&r=g\",\"contentUrl\":\"https:\/\/secure.gravatar.com\/avatar\/e0a867bdedb85fd243eadf09663511f96fc81e0720a4a42581f334ad4303aa6b?s=96&d=mm&r=g\",\"caption\":\"Reda\u00e7\u00e3o\"}}]}<\/script>\n<!-- \/ Yoast SEO plugin. -->","yoast_head_json":{"title":"Miguel e Maria Alice invadem cart\u00f3rios de nascimento - Notibras","robots":{"index":"index","follow":"follow","max-snippet":"max-snippet:-1","max-image-preview":"max-image-preview:large","max-video-preview":"max-video-preview:-1"},"canonical":"https:\/\/www.notibras.com\/site\/miguel-e-maria-alice-invadem-cartorios-de-nascimento\/","og_locale":"pt_BR","og_type":"article","og_title":"Miguel e Maria Alice invadem cart\u00f3rios de nascimento - Notibras","og_description":"Os nomes Miguel e Maria Alice lideram o ranking de mais escolhidos pelos pais para registrar os beb\u00eas nascidos em 2022. Os dados foram divulgados pela Associa\u00e7\u00e3o Nacional dos Registradores de Pessoas Naturais (Arpen-Brasil), que representa os cart\u00f3rios de registro civil. A prefer\u00eancia dos brasileiros n\u00e3o mudou entre os nomes masculinos: Miguel, com 26.941 mil [&hellip;]","og_url":"https:\/\/www.notibras.com\/site\/miguel-e-maria-alice-invadem-cartorios-de-nascimento\/","og_site_name":"Notibras","article_publisher":"https:\/\/www.facebook.com\/notibras\/","article_published_time":"2022-12-21T09:23:21+00:00","og_image":[{"width":1170,"height":700,"url":"https:\/\/www.notibras.com\/site\/wp-content\/uploads\/2022\/12\/bebe-1.jpg","type":"image\/jpeg"}],"author":"Reda\u00e7\u00e3o","twitter_card":"summary_large_image","twitter_creator":"@Notibras","twitter_site":"@Notibras","twitter_misc":{"Escrito por":"Reda\u00e7\u00e3o","Est. tempo de leitura":"4 minutos"},"schema":{"@context":"https:\/\/schema.org","@graph":[{"@type":"Article","@id":"https:\/\/www.notibras.com\/site\/miguel-e-maria-alice-invadem-cartorios-de-nascimento\/#article","isPartOf":{"@id":"https:\/\/www.notibras.com\/site\/miguel-e-maria-alice-invadem-cartorios-de-nascimento\/"},"author":{"name":"Reda\u00e7\u00e3o","@id":"https:\/\/www.notibras.com\/site\/#\/schema\/person\/36ab0979449956132d3e5b517ea76ac8"},"headline":"Miguel e Maria Alice invadem cart\u00f3rios de nascimento","datePublished":"2022-12-21T09:23:21+00:00","mainEntityOfPage":{"@id":"https:\/\/www.notibras.com\/site\/miguel-e-maria-alice-invadem-cartorios-de-nascimento\/"},"wordCount":780,"publisher":{"@id":"https:\/\/www.notibras.com\/site\/#organization"},"image":{"@id":"https:\/\/www.notibras.com\/site\/miguel-e-maria-alice-invadem-cartorios-de-nascimento\/#primaryimage"},"thumbnailUrl":"https:\/\/www.notibras.com\/site\/wp-content\/uploads\/2022\/12\/bebe-1.jpg","articleSection":["Quadradinho em Foco"],"inLanguage":"pt-BR"},{"@type":"WebPage","@id":"https:\/\/www.notibras.com\/site\/miguel-e-maria-alice-invadem-cartorios-de-nascimento\/","url":"https:\/\/www.notibras.com\/site\/miguel-e-maria-alice-invadem-cartorios-de-nascimento\/","name":"Miguel e Maria Alice invadem cart\u00f3rios de nascimento - Notibras","isPartOf":{"@id":"https:\/\/www.notibras.com\/site\/#website"},"primaryImageOfPage":{"@id":"https:\/\/www.notibras.com\/site\/miguel-e-maria-alice-invadem-cartorios-de-nascimento\/#primaryimage"},"image":{"@id":"https:\/\/www.notibras.com\/site\/miguel-e-maria-alice-invadem-cartorios-de-nascimento\/#primaryimage"},"thumbnailUrl":"https:\/\/www.notibras.com\/site\/wp-content\/uploads\/2022\/12\/bebe-1.jpg","datePublished":"2022-12-21T09:23:21+00:00","breadcrumb":{"@id":"https:\/\/www.notibras.com\/site\/miguel-e-maria-alice-invadem-cartorios-de-nascimento\/#breadcrumb"},"inLanguage":"pt-BR","potentialAction":[{"@type":"ReadAction","target":["https:\/\/www.notibras.com\/site\/miguel-e-maria-alice-invadem-cartorios-de-nascimento\/"]}]},{"@type":"ImageObject","inLanguage":"pt-BR","@id":"https:\/\/www.notibras.com\/site\/miguel-e-maria-alice-invadem-cartorios-de-nascimento\/#primaryimage","url":"https:\/\/www.notibras.com\/site\/wp-content\/uploads\/2022\/12\/bebe-1.jpg","contentUrl":"https:\/\/www.notibras.com\/site\/wp-content\/uploads\/2022\/12\/bebe-1.jpg","width":1170,"height":700},{"@type":"BreadcrumbList","@id":"https:\/\/www.notibras.com\/site\/miguel-e-maria-alice-invadem-cartorios-de-nascimento\/#breadcrumb","itemListElement":[{"@type":"ListItem","position":1,"name":"In\u00edcio","item":"https:\/\/www.notibras.com\/site\/"},{"@type":"ListItem","position":2,"name":"Miguel e Maria Alice invadem cart\u00f3rios de nascimento"}]},{"@type":"WebSite","@id":"https:\/\/www.notibras.com\/site\/#website","url":"https:\/\/www.notibras.com\/site\/","name":"Notibras","description":"Not\u00edcias de Bras\u00edlia, do Brasil e do Mundo","publisher":{"@id":"https:\/\/www.notibras.com\/site\/#organization"},"potentialAction":[{"@type":"SearchAction","target":{"@type":"EntryPoint","urlTemplate":"https:\/\/www.notibras.com\/site\/?s={search_term_string}"},"query-input":{"@type":"PropertyValueSpecification","valueRequired":true,"valueName":"search_term_string"}}],"inLanguage":"pt-BR"},{"@type":"Organization","@id":"https:\/\/www.notibras.com\/site\/#organization","name":"Grupo Notibras de Comunica\u00e7\u00e3o","url":"https:\/\/www.notibras.com\/site\/","logo":{"@type":"ImageObject","inLanguage":"pt-BR","@id":"https:\/\/www.notibras.com\/site\/#\/schema\/logo\/image\/","url":"https:\/\/www.notibras.com\/site\/wp-content\/uploads\/2023\/01\/notibras23.png","contentUrl":"https:\/\/www.notibras.com\/site\/wp-content\/uploads\/2023\/01\/notibras23.png","width":350,"height":87,"caption":"Grupo Notibras de Comunica\u00e7\u00e3o"},"image":{"@id":"https:\/\/www.notibras.com\/site\/#\/schema\/logo\/image\/"},"sameAs":["https:\/\/www.facebook.com\/notibras\/","https:\/\/x.com\/Notibras","https:\/\/www.instagram.com\/notibras\/"]},{"@type":"Person","@id":"https:\/\/www.notibras.com\/site\/#\/schema\/person\/36ab0979449956132d3e5b517ea76ac8","name":"Reda\u00e7\u00e3o","image":{"@type":"ImageObject","inLanguage":"pt-BR","@id":"https:\/\/secure.gravatar.com\/avatar\/e0a867bdedb85fd243eadf09663511f96fc81e0720a4a42581f334ad4303aa6b?s=96&d=mm&r=g","url":"https:\/\/secure.gravatar.com\/avatar\/e0a867bdedb85fd243eadf09663511f96fc81e0720a4a42581f334ad4303aa6b?s=96&d=mm&r=g","contentUrl":"https:\/\/secure.gravatar.com\/avatar\/e0a867bdedb85fd243eadf09663511f96fc81e0720a4a42581f334ad4303aa6b?s=96&d=mm&r=g","caption":"Reda\u00e7\u00e3o"}}]}},"amp_enabled":true,"_links":{"self":[{"href":"https:\/\/www.notibras.com\/site\/wp-json\/wp\/v2\/posts\/296514","targetHints":{"allow":["GET"]}}],"collection":[{"href":"https:\/\/www.notibras.com\/site\/wp-json\/wp\/v2\/posts"}],"about":[{"href":"https:\/\/www.notibras.com\/site\/wp-json\/wp\/v2\/types\/post"}],"author":[{"embeddable":true,"href":"https:\/\/www.notibras.com\/site\/wp-json\/wp\/v2\/users\/2"}],"replies":[{"embeddable":true,"href":"https:\/\/www.notibras.com\/site\/wp-json\/wp\/v2\/comments?post=296514"}],"version-history":[{"count":1,"href":"https:\/\/www.notibras.com\/site\/wp-json\/wp\/v2\/posts\/296514\/revisions"}],"predecessor-version":[{"id":296516,"href":"https:\/\/www.notibras.com\/site\/wp-json\/wp\/v2\/posts\/296514\/revisions\/296516"}],"wp:featuredmedia":[{"embeddable":true,"href":"https:\/\/www.notibras.com\/site\/wp-json\/wp\/v2\/media\/296515"}],"wp:attachment":[{"href":"https:\/\/www.notibras.com\/site\/wp-json\/wp\/v2\/media?parent=296514"}],"wp:term":[{"taxonomy":"category","embeddable":true,"href":"https:\/\/www.notibras.com\/site\/wp-json\/wp\/v2\/categories?post=296514"},{"taxonomy":"post_tag","embeddable":true,"href":"https:\/\/www.notibras.com\/site\/wp-json\/wp\/v2\/tags?post=296514"}],"curies":[{"name":"wp","href":"https:\/\/api.w.org\/{rel}","templated":true}]}}