{"id":296565,"date":"2022-12-21T00:00:23","date_gmt":"2022-12-21T03:00:23","guid":{"rendered":"https:\/\/www.notibras.com\/site\/?p=296565"},"modified":"2022-12-21T09:52:37","modified_gmt":"2022-12-21T12:52:37","slug":"obras-alteram-transito-de-veiculos-na-via-estrutural","status":"publish","type":"post","link":"https:\/\/www.notibras.com\/site\/obras-alteram-transito-de-veiculos-na-via-estrutural\/","title":{"rendered":"Obras alteram tr\u00e2nsito de ve\u00edculos na Via Estrutural"},"content":{"rendered":"<p>O Departamento de Estradas de Rodagem do Distrito Federal (DER) iniciou nesta ter\u00e7a-feira (20) a obra de troca do pavimento da Via Estrutural (DF-095), por onde passam diariamente 95 mil motoristas. Para a realiza\u00e7\u00e3o do trabalho foi necess\u00e1ria a interdi\u00e7\u00e3o do tr\u00e2nsito em parte das faixas.<\/p>\n<p>A primeira etapa da obra compreende um trecho de 2,5 km no sentido Ceil\u00e2ndia-Bras\u00edlia. Para isso, ocorreu a interdi\u00e7\u00e3o do trecho. Com o objetivo de minimizar o engarrafamento causado pela mudan\u00e7a, o DER est\u00e1 liberando no per\u00edodo da manh\u00e3 a Via Marginal Sul da Estrutural, ao lado da cidade de Vicente Pires, em sentido \u00fanico. A obra que acaba de ser iniciada tem um custo de R$ 55 milh\u00f5es e est\u00e1 gerando 200 empregos.<\/p>\n<p>\u00c0 tarde, quando o fluxo \u00e9 maior no sentido Taguatinga-Ceil\u00e2ndia, a log\u00edstica \u00e9 invertida. A faixa da direita da via expressa passa a ser no sentido Bras\u00edlia-Ceil\u00e2ndia e as duas faixas da marginal s\u00e3o invertidas para a Ceil\u00e2ndia. Quem se dirige a Vicente Pires pode acessar a cidade por meio da al\u00e7a constru\u00edda pelo DER-DF.<\/p>\n<p>Quando a primeira etapa da pavimenta\u00e7\u00e3o for conclu\u00edda, ter\u00e1 in\u00edcio a segunda parte da obra, nos 2 km seguintes, at\u00e9 chegar \u00e0 pista do J\u00f3quei Clube e, finalmente, ao in\u00edcio da via, no cruzamento com a Epia, sempre no sentido Ceil\u00e2ndia-Bras\u00edlia.<\/p>\n<p>Depois de conclu\u00edda essa pista, o trabalho dever\u00e1 ser iniciado no sentido Bras\u00edlia-Ceil\u00e2ndia. O trecho todo da Estrutural conta com 12,6 km de extens\u00e3o, que receber\u00e1 pavimento r\u00edgido, com vida \u00fatil estimada em 20 anos, superior ao asfalto, que tem dura\u00e7\u00e3o entre cinco e dez anos.<\/p>\n","protected":false},"excerpt":{"rendered":"<p>O Departamento de Estradas de Rodagem do Distrito Federal (DER) iniciou nesta ter\u00e7a-feira (20) a obra de troca do pavimento da Via Estrutural (DF-095), por onde passam diariamente 95 mil motoristas. Para a realiza\u00e7\u00e3o do trabalho foi necess\u00e1ria a interdi\u00e7\u00e3o do tr\u00e2nsito em parte das faixas. A primeira etapa da obra compreende um trecho de [&hellip;]<\/p>\n","protected":false},"author":2,"featured_media":296566,"comment_status":"closed","ping_status":"closed","sticky":false,"template":"","format":"standard","meta":{"_acf_changed":false,"footnotes":""},"categories":[161],"tags":[],"class_list":["post-296565","post","type-post","status-publish","format-standard","has-post-thumbnail","hentry","category-quadradinho-em-foco"],"acf":[],"yoast_head":"<!-- This site is optimized with the Yoast SEO plugin v27.2 - https:\/\/yoast.com\/product\/yoast-seo-wordpress\/ -->\n<title>Obras alteram tr\u00e2nsito de ve\u00edculos na Via Estrutural - Notibras<\/title>\n<meta name=\"robots\" content=\"index, follow, max-snippet:-1, max-image-preview:large, max-video-preview:-1\" \/>\n<link rel=\"canonical\" href=\"https:\/\/www.notibras.com\/site\/obras-alteram-transito-de-veiculos-na-via-estrutural\/\" \/>\n<meta property=\"og:locale\" content=\"pt_BR\" \/>\n<meta property=\"og:type\" content=\"article\" \/>\n<meta property=\"og:title\" content=\"Obras alteram tr\u00e2nsito de ve\u00edculos na Via Estrutural - Notibras\" \/>\n<meta property=\"og:description\" content=\"O Departamento de Estradas de Rodagem do Distrito Federal (DER) iniciou nesta ter\u00e7a-feira (20) a obra de troca do pavimento da Via Estrutural (DF-095), por onde passam diariamente 95 mil motoristas. Para a realiza\u00e7\u00e3o do trabalho foi necess\u00e1ria a interdi\u00e7\u00e3o do tr\u00e2nsito em parte das faixas. A primeira etapa da obra compreende um trecho de [&hellip;]\" \/>\n<meta property=\"og:url\" content=\"https:\/\/www.notibras.com\/site\/obras-alteram-transito-de-veiculos-na-via-estrutural\/\" \/>\n<meta property=\"og:site_name\" content=\"Notibras\" \/>\n<meta property=\"article:publisher\" content=\"https:\/\/www.facebook.com\/notibras\/\" \/>\n<meta property=\"article:published_time\" content=\"2022-12-21T03:00:23+00:00\" \/>\n<meta property=\"article:modified_time\" content=\"2022-12-21T12:52:37+00:00\" \/>\n<meta property=\"og:image\" content=\"https:\/\/www.notibras.com\/site\/wp-content\/uploads\/2022\/12\/Foto-Joel-Rodrigues_Agencia-Brasilia.jpeg\" \/>\n\t<meta property=\"og:image:width\" content=\"1024\" \/>\n\t<meta property=\"og:image:height\" content=\"680\" \/>\n\t<meta property=\"og:image:type\" content=\"image\/jpeg\" \/>\n<meta name=\"author\" content=\"Reda\u00e7\u00e3o\" \/>\n<meta name=\"twitter:card\" content=\"summary_large_image\" \/>\n<meta name=\"twitter:creator\" content=\"@Notibras\" \/>\n<meta name=\"twitter:site\" content=\"@Notibras\" \/>\n<meta name=\"twitter:label1\" content=\"Escrito por\" \/>\n\t<meta name=\"twitter:data1\" content=\"Reda\u00e7\u00e3o\" \/>\n\t<meta name=\"twitter:label2\" content=\"Est. tempo de leitura\" \/>\n\t<meta name=\"twitter:data2\" content=\"2 minutos\" \/>\n<script type=\"application\/ld+json\" class=\"yoast-schema-graph\">{\"@context\":\"https:\/\/schema.org\",\"@graph\":[{\"@type\":\"Article\",\"@id\":\"https:\/\/www.notibras.com\/site\/obras-alteram-transito-de-veiculos-na-via-estrutural\/#article\",\"isPartOf\":{\"@id\":\"https:\/\/www.notibras.com\/site\/obras-alteram-transito-de-veiculos-na-via-estrutural\/\"},\"author\":{\"name\":\"Reda\u00e7\u00e3o\",\"@id\":\"https:\/\/www.notibras.com\/site\/#\/schema\/person\/36ab0979449956132d3e5b517ea76ac8\"},\"headline\":\"Obras alteram tr\u00e2nsito de ve\u00edculos na Via Estrutural\",\"datePublished\":\"2022-12-21T03:00:23+00:00\",\"dateModified\":\"2022-12-21T12:52:37+00:00\",\"mainEntityOfPage\":{\"@id\":\"https:\/\/www.notibras.com\/site\/obras-alteram-transito-de-veiculos-na-via-estrutural\/\"},\"wordCount\":292,\"publisher\":{\"@id\":\"https:\/\/www.notibras.com\/site\/#organization\"},\"image\":{\"@id\":\"https:\/\/www.notibras.com\/site\/obras-alteram-transito-de-veiculos-na-via-estrutural\/#primaryimage\"},\"thumbnailUrl\":\"https:\/\/www.notibras.com\/site\/wp-content\/uploads\/2022\/12\/Foto-Joel-Rodrigues_Agencia-Brasilia.jpeg\",\"articleSection\":[\"Quadradinho em Foco\"],\"inLanguage\":\"pt-BR\"},{\"@type\":\"WebPage\",\"@id\":\"https:\/\/www.notibras.com\/site\/obras-alteram-transito-de-veiculos-na-via-estrutural\/\",\"url\":\"https:\/\/www.notibras.com\/site\/obras-alteram-transito-de-veiculos-na-via-estrutural\/\",\"name\":\"Obras alteram tr\u00e2nsito de ve\u00edculos na Via Estrutural - Notibras\",\"isPartOf\":{\"@id\":\"https:\/\/www.notibras.com\/site\/#website\"},\"primaryImageOfPage\":{\"@id\":\"https:\/\/www.notibras.com\/site\/obras-alteram-transito-de-veiculos-na-via-estrutural\/#primaryimage\"},\"image\":{\"@id\":\"https:\/\/www.notibras.com\/site\/obras-alteram-transito-de-veiculos-na-via-estrutural\/#primaryimage\"},\"thumbnailUrl\":\"https:\/\/www.notibras.com\/site\/wp-content\/uploads\/2022\/12\/Foto-Joel-Rodrigues_Agencia-Brasilia.jpeg\",\"datePublished\":\"2022-12-21T03:00:23+00:00\",\"dateModified\":\"2022-12-21T12:52:37+00:00\",\"breadcrumb\":{\"@id\":\"https:\/\/www.notibras.com\/site\/obras-alteram-transito-de-veiculos-na-via-estrutural\/#breadcrumb\"},\"inLanguage\":\"pt-BR\",\"potentialAction\":[{\"@type\":\"ReadAction\",\"target\":[\"https:\/\/www.notibras.com\/site\/obras-alteram-transito-de-veiculos-na-via-estrutural\/\"]}]},{\"@type\":\"ImageObject\",\"inLanguage\":\"pt-BR\",\"@id\":\"https:\/\/www.notibras.com\/site\/obras-alteram-transito-de-veiculos-na-via-estrutural\/#primaryimage\",\"url\":\"https:\/\/www.notibras.com\/site\/wp-content\/uploads\/2022\/12\/Foto-Joel-Rodrigues_Agencia-Brasilia.jpeg\",\"contentUrl\":\"https:\/\/www.notibras.com\/site\/wp-content\/uploads\/2022\/12\/Foto-Joel-Rodrigues_Agencia-Brasilia.jpeg\",\"width\":1024,\"height\":680},{\"@type\":\"BreadcrumbList\",\"@id\":\"https:\/\/www.notibras.com\/site\/obras-alteram-transito-de-veiculos-na-via-estrutural\/#breadcrumb\",\"itemListElement\":[{\"@type\":\"ListItem\",\"position\":1,\"name\":\"In\u00edcio\",\"item\":\"https:\/\/www.notibras.com\/site\/\"},{\"@type\":\"ListItem\",\"position\":2,\"name\":\"Obras alteram tr\u00e2nsito de ve\u00edculos na Via Estrutural\"}]},{\"@type\":\"WebSite\",\"@id\":\"https:\/\/www.notibras.com\/site\/#website\",\"url\":\"https:\/\/www.notibras.com\/site\/\",\"name\":\"Notibras\",\"description\":\"Not\u00edcias de Bras\u00edlia, do Brasil e do Mundo\",\"publisher\":{\"@id\":\"https:\/\/www.notibras.com\/site\/#organization\"},\"potentialAction\":[{\"@type\":\"SearchAction\",\"target\":{\"@type\":\"EntryPoint\",\"urlTemplate\":\"https:\/\/www.notibras.com\/site\/?s={search_term_string}\"},\"query-input\":{\"@type\":\"PropertyValueSpecification\",\"valueRequired\":true,\"valueName\":\"search_term_string\"}}],\"inLanguage\":\"pt-BR\"},{\"@type\":\"Organization\",\"@id\":\"https:\/\/www.notibras.com\/site\/#organization\",\"name\":\"Grupo Notibras de Comunica\u00e7\u00e3o\",\"url\":\"https:\/\/www.notibras.com\/site\/\",\"logo\":{\"@type\":\"ImageObject\",\"inLanguage\":\"pt-BR\",\"@id\":\"https:\/\/www.notibras.com\/site\/#\/schema\/logo\/image\/\",\"url\":\"https:\/\/www.notibras.com\/site\/wp-content\/uploads\/2023\/01\/notibras23.png\",\"contentUrl\":\"https:\/\/www.notibras.com\/site\/wp-content\/uploads\/2023\/01\/notibras23.png\",\"width\":350,\"height\":87,\"caption\":\"Grupo Notibras de Comunica\u00e7\u00e3o\"},\"image\":{\"@id\":\"https:\/\/www.notibras.com\/site\/#\/schema\/logo\/image\/\"},\"sameAs\":[\"https:\/\/www.facebook.com\/notibras\/\",\"https:\/\/x.com\/Notibras\",\"https:\/\/www.instagram.com\/notibras\/\"]},{\"@type\":\"Person\",\"@id\":\"https:\/\/www.notibras.com\/site\/#\/schema\/person\/36ab0979449956132d3e5b517ea76ac8\",\"name\":\"Reda\u00e7\u00e3o\",\"image\":{\"@type\":\"ImageObject\",\"inLanguage\":\"pt-BR\",\"@id\":\"https:\/\/secure.gravatar.com\/avatar\/e0a867bdedb85fd243eadf09663511f96fc81e0720a4a42581f334ad4303aa6b?s=96&d=mm&r=g\",\"url\":\"https:\/\/secure.gravatar.com\/avatar\/e0a867bdedb85fd243eadf09663511f96fc81e0720a4a42581f334ad4303aa6b?s=96&d=mm&r=g\",\"contentUrl\":\"https:\/\/secure.gravatar.com\/avatar\/e0a867bdedb85fd243eadf09663511f96fc81e0720a4a42581f334ad4303aa6b?s=96&d=mm&r=g\",\"caption\":\"Reda\u00e7\u00e3o\"}}]}<\/script>\n<!-- \/ Yoast SEO plugin. -->","yoast_head_json":{"title":"Obras alteram tr\u00e2nsito de ve\u00edculos na Via Estrutural - Notibras","robots":{"index":"index","follow":"follow","max-snippet":"max-snippet:-1","max-image-preview":"max-image-preview:large","max-video-preview":"max-video-preview:-1"},"canonical":"https:\/\/www.notibras.com\/site\/obras-alteram-transito-de-veiculos-na-via-estrutural\/","og_locale":"pt_BR","og_type":"article","og_title":"Obras alteram tr\u00e2nsito de ve\u00edculos na Via Estrutural - Notibras","og_description":"O Departamento de Estradas de Rodagem do Distrito Federal (DER) iniciou nesta ter\u00e7a-feira (20) a obra de troca do pavimento da Via Estrutural (DF-095), por onde passam diariamente 95 mil motoristas. Para a realiza\u00e7\u00e3o do trabalho foi necess\u00e1ria a interdi\u00e7\u00e3o do tr\u00e2nsito em parte das faixas. A primeira etapa da obra compreende um trecho de [&hellip;]","og_url":"https:\/\/www.notibras.com\/site\/obras-alteram-transito-de-veiculos-na-via-estrutural\/","og_site_name":"Notibras","article_publisher":"https:\/\/www.facebook.com\/notibras\/","article_published_time":"2022-12-21T03:00:23+00:00","article_modified_time":"2022-12-21T12:52:37+00:00","og_image":[{"width":1024,"height":680,"url":"https:\/\/www.notibras.com\/site\/wp-content\/uploads\/2022\/12\/Foto-Joel-Rodrigues_Agencia-Brasilia.jpeg","type":"image\/jpeg"}],"author":"Reda\u00e7\u00e3o","twitter_card":"summary_large_image","twitter_creator":"@Notibras","twitter_site":"@Notibras","twitter_misc":{"Escrito por":"Reda\u00e7\u00e3o","Est. tempo de leitura":"2 minutos"},"schema":{"@context":"https:\/\/schema.org","@graph":[{"@type":"Article","@id":"https:\/\/www.notibras.com\/site\/obras-alteram-transito-de-veiculos-na-via-estrutural\/#article","isPartOf":{"@id":"https:\/\/www.notibras.com\/site\/obras-alteram-transito-de-veiculos-na-via-estrutural\/"},"author":{"name":"Reda\u00e7\u00e3o","@id":"https:\/\/www.notibras.com\/site\/#\/schema\/person\/36ab0979449956132d3e5b517ea76ac8"},"headline":"Obras alteram tr\u00e2nsito de ve\u00edculos na Via Estrutural","datePublished":"2022-12-21T03:00:23+00:00","dateModified":"2022-12-21T12:52:37+00:00","mainEntityOfPage":{"@id":"https:\/\/www.notibras.com\/site\/obras-alteram-transito-de-veiculos-na-via-estrutural\/"},"wordCount":292,"publisher":{"@id":"https:\/\/www.notibras.com\/site\/#organization"},"image":{"@id":"https:\/\/www.notibras.com\/site\/obras-alteram-transito-de-veiculos-na-via-estrutural\/#primaryimage"},"thumbnailUrl":"https:\/\/www.notibras.com\/site\/wp-content\/uploads\/2022\/12\/Foto-Joel-Rodrigues_Agencia-Brasilia.jpeg","articleSection":["Quadradinho em Foco"],"inLanguage":"pt-BR"},{"@type":"WebPage","@id":"https:\/\/www.notibras.com\/site\/obras-alteram-transito-de-veiculos-na-via-estrutural\/","url":"https:\/\/www.notibras.com\/site\/obras-alteram-transito-de-veiculos-na-via-estrutural\/","name":"Obras alteram tr\u00e2nsito de ve\u00edculos na Via Estrutural - Notibras","isPartOf":{"@id":"https:\/\/www.notibras.com\/site\/#website"},"primaryImageOfPage":{"@id":"https:\/\/www.notibras.com\/site\/obras-alteram-transito-de-veiculos-na-via-estrutural\/#primaryimage"},"image":{"@id":"https:\/\/www.notibras.com\/site\/obras-alteram-transito-de-veiculos-na-via-estrutural\/#primaryimage"},"thumbnailUrl":"https:\/\/www.notibras.com\/site\/wp-content\/uploads\/2022\/12\/Foto-Joel-Rodrigues_Agencia-Brasilia.jpeg","datePublished":"2022-12-21T03:00:23+00:00","dateModified":"2022-12-21T12:52:37+00:00","breadcrumb":{"@id":"https:\/\/www.notibras.com\/site\/obras-alteram-transito-de-veiculos-na-via-estrutural\/#breadcrumb"},"inLanguage":"pt-BR","potentialAction":[{"@type":"ReadAction","target":["https:\/\/www.notibras.com\/site\/obras-alteram-transito-de-veiculos-na-via-estrutural\/"]}]},{"@type":"ImageObject","inLanguage":"pt-BR","@id":"https:\/\/www.notibras.com\/site\/obras-alteram-transito-de-veiculos-na-via-estrutural\/#primaryimage","url":"https:\/\/www.notibras.com\/site\/wp-content\/uploads\/2022\/12\/Foto-Joel-Rodrigues_Agencia-Brasilia.jpeg","contentUrl":"https:\/\/www.notibras.com\/site\/wp-content\/uploads\/2022\/12\/Foto-Joel-Rodrigues_Agencia-Brasilia.jpeg","width":1024,"height":680},{"@type":"BreadcrumbList","@id":"https:\/\/www.notibras.com\/site\/obras-alteram-transito-de-veiculos-na-via-estrutural\/#breadcrumb","itemListElement":[{"@type":"ListItem","position":1,"name":"In\u00edcio","item":"https:\/\/www.notibras.com\/site\/"},{"@type":"ListItem","position":2,"name":"Obras alteram tr\u00e2nsito de ve\u00edculos na Via Estrutural"}]},{"@type":"WebSite","@id":"https:\/\/www.notibras.com\/site\/#website","url":"https:\/\/www.notibras.com\/site\/","name":"Notibras","description":"Not\u00edcias de Bras\u00edlia, do Brasil e do Mundo","publisher":{"@id":"https:\/\/www.notibras.com\/site\/#organization"},"potentialAction":[{"@type":"SearchAction","target":{"@type":"EntryPoint","urlTemplate":"https:\/\/www.notibras.com\/site\/?s={search_term_string}"},"query-input":{"@type":"PropertyValueSpecification","valueRequired":true,"valueName":"search_term_string"}}],"inLanguage":"pt-BR"},{"@type":"Organization","@id":"https:\/\/www.notibras.com\/site\/#organization","name":"Grupo Notibras de Comunica\u00e7\u00e3o","url":"https:\/\/www.notibras.com\/site\/","logo":{"@type":"ImageObject","inLanguage":"pt-BR","@id":"https:\/\/www.notibras.com\/site\/#\/schema\/logo\/image\/","url":"https:\/\/www.notibras.com\/site\/wp-content\/uploads\/2023\/01\/notibras23.png","contentUrl":"https:\/\/www.notibras.com\/site\/wp-content\/uploads\/2023\/01\/notibras23.png","width":350,"height":87,"caption":"Grupo Notibras de Comunica\u00e7\u00e3o"},"image":{"@id":"https:\/\/www.notibras.com\/site\/#\/schema\/logo\/image\/"},"sameAs":["https:\/\/www.facebook.com\/notibras\/","https:\/\/x.com\/Notibras","https:\/\/www.instagram.com\/notibras\/"]},{"@type":"Person","@id":"https:\/\/www.notibras.com\/site\/#\/schema\/person\/36ab0979449956132d3e5b517ea76ac8","name":"Reda\u00e7\u00e3o","image":{"@type":"ImageObject","inLanguage":"pt-BR","@id":"https:\/\/secure.gravatar.com\/avatar\/e0a867bdedb85fd243eadf09663511f96fc81e0720a4a42581f334ad4303aa6b?s=96&d=mm&r=g","url":"https:\/\/secure.gravatar.com\/avatar\/e0a867bdedb85fd243eadf09663511f96fc81e0720a4a42581f334ad4303aa6b?s=96&d=mm&r=g","contentUrl":"https:\/\/secure.gravatar.com\/avatar\/e0a867bdedb85fd243eadf09663511f96fc81e0720a4a42581f334ad4303aa6b?s=96&d=mm&r=g","caption":"Reda\u00e7\u00e3o"}}]}},"amp_enabled":true,"_links":{"self":[{"href":"https:\/\/www.notibras.com\/site\/wp-json\/wp\/v2\/posts\/296565","targetHints":{"allow":["GET"]}}],"collection":[{"href":"https:\/\/www.notibras.com\/site\/wp-json\/wp\/v2\/posts"}],"about":[{"href":"https:\/\/www.notibras.com\/site\/wp-json\/wp\/v2\/types\/post"}],"author":[{"embeddable":true,"href":"https:\/\/www.notibras.com\/site\/wp-json\/wp\/v2\/users\/2"}],"replies":[{"embeddable":true,"href":"https:\/\/www.notibras.com\/site\/wp-json\/wp\/v2\/comments?post=296565"}],"version-history":[{"count":2,"href":"https:\/\/www.notibras.com\/site\/wp-json\/wp\/v2\/posts\/296565\/revisions"}],"predecessor-version":[{"id":296568,"href":"https:\/\/www.notibras.com\/site\/wp-json\/wp\/v2\/posts\/296565\/revisions\/296568"}],"wp:featuredmedia":[{"embeddable":true,"href":"https:\/\/www.notibras.com\/site\/wp-json\/wp\/v2\/media\/296566"}],"wp:attachment":[{"href":"https:\/\/www.notibras.com\/site\/wp-json\/wp\/v2\/media?parent=296565"}],"wp:term":[{"taxonomy":"category","embeddable":true,"href":"https:\/\/www.notibras.com\/site\/wp-json\/wp\/v2\/categories?post=296565"},{"taxonomy":"post_tag","embeddable":true,"href":"https:\/\/www.notibras.com\/site\/wp-json\/wp\/v2\/tags?post=296565"}],"curies":[{"name":"wp","href":"https:\/\/api.w.org\/{rel}","templated":true}]}}