{"id":296569,"date":"2022-12-21T00:00:50","date_gmt":"2022-12-21T03:00:50","guid":{"rendered":"https:\/\/www.notibras.com\/site\/?p=296569"},"modified":"2022-12-21T09:58:34","modified_gmt":"2022-12-21T12:58:34","slug":"saiu-a-lista-de-matriculas-quem-vai-estudar-onde","status":"publish","type":"post","link":"https:\/\/www.notibras.com\/site\/saiu-a-lista-de-matriculas-quem-vai-estudar-onde\/","title":{"rendered":"Saiu a lista de matr\u00edculas. Quem vai estudar onde?"},"content":{"rendered":"<p>Aten\u00e7\u00e3o, estudante! Voc\u00ea, que fez inscri\u00e7\u00e3o e deseja garantir uma vaga na rede p\u00fablica de ensino do Distrito Federal em 2023, j\u00e1 pode conferir em qual escola foi contemplado e dever\u00e1 efetivar a matr\u00edcula. Ao todo, a Secretaria de Educa\u00e7\u00e3o recebeu 29.881 inscri\u00e7\u00f5es, sendo 19.316 pelo site oficial e as outras 10.565 pela Central de Atendimento ao Cidad\u00e3o 156. O resultado dos novos inscritos no ano letivo de 2023 est\u00e1 dispon\u00edvel e pode ser consultado no site da secretaria.<\/p>\n<p>O per\u00edodo de efetiva\u00e7\u00e3o da matr\u00edcula ocorrer\u00e1 entre 3 e 10 de janeiro de 2023. Para garantir a vaga, \u00e9 obrigat\u00f3rio que o estudante ou o respons\u00e1vel compare\u00e7a presencialmente, dentro do prazo estipulado, na escola na qual o aluno foi contemplado com os documentos necess\u00e1rios para efetivar a matr\u00edcula. As aulas da rede p\u00fablica de ensino do DF come\u00e7ar\u00e3o em 13 de fevereiro.<\/p>\n<p>Para a realiza\u00e7\u00e3o da matr\u00edcula \u00e9 necess\u00e1rio apresentar a vers\u00e3o original e uma c\u00f3pia dos seguintes documentos:<\/p>\n<p>\u2022 Documento de identifica\u00e7\u00e3o (RG) \u2013 Certid\u00e3o de Nascimento ou outro documento oficial com foto<\/p>\n<p>\u2022 CPF do estudante<\/p>\n<p>\u2022 Registro Geral\/Carteira de Identidade ou CNH do respons\u00e1vel legal pela matr\u00edcula do estudante<\/p>\n<p>\u2022 CPF do respons\u00e1vel legal pela matr\u00edcula do estudante<\/p>\n<p>\u2022 Declara\u00e7\u00e3o Provis\u00f3ria de Matr\u00edcula (Deprov) ou Hist\u00f3rico Escolar<\/p>\n<p>\u2022 Comprovante de resid\u00eancia e\/ou do local de trabalho, conforme o local indicado no ato da inscri\u00e7\u00e3o<\/p>\n<p>\u2022 Duas fotografias 3\u00d74<\/p>\n<p>\u2022 Comprovante de tipagem sangu\u00ednea e fator RH, nos termos da Lei Distrital n\u00ba 4.379\/2009<\/p>\n<p>\u2022 Carteira de Vacina\u00e7\u00e3o, conforme Lei n\u00ba 6.345\/2019<\/p>\n<p>\u2022 N\u00famero de Inscri\u00e7\u00e3o Social (NIS) do respons\u00e1vel legal pela matr\u00edcula do estudante<\/p>\n<p><strong>Vagas remanescentes<\/strong><br \/>\nO estudante que n\u00e3o confirmar a matr\u00edcula no per\u00edodo determinado perde a vaga na escola indicada e s\u00f3 ter\u00e1 nova oportunidade quando abrirem as vagas remanescentes \u2013 aquelas que sobrarem depois do per\u00edodo regular da matr\u00edcula. O n\u00famero dessas vagas e a data de inscri\u00e7\u00e3o ser\u00e3o divulgados posteriormente pela Secretaria de Educa\u00e7\u00e3o.<\/p>\n<p>Para verificar o resultado do pedido de remanejamento escolar e tamb\u00e9m a indica\u00e7\u00e3o da escola sequencial (quando o aluno passa de uma etapa para outra da educa\u00e7\u00e3o b\u00e1sica), a orienta\u00e7\u00e3o \u00e9 para que o estudante e\/ou respons\u00e1vel verifiquem junto \u00e0 unidade de ensino que estudou em 2022. Portanto, fique atento.<\/p>\n","protected":false},"excerpt":{"rendered":"<p>Aten\u00e7\u00e3o, estudante! Voc\u00ea, que fez inscri\u00e7\u00e3o e deseja garantir uma vaga na rede p\u00fablica de ensino do Distrito Federal em 2023, j\u00e1 pode conferir em qual escola foi contemplado e dever\u00e1 efetivar a matr\u00edcula. Ao todo, a Secretaria de Educa\u00e7\u00e3o recebeu 29.881 inscri\u00e7\u00f5es, sendo 19.316 pelo site oficial e as outras 10.565 pela Central de [&hellip;]<\/p>\n","protected":false},"author":2,"featured_media":296570,"comment_status":"closed","ping_status":"closed","sticky":false,"template":"","format":"standard","meta":{"_acf_changed":false,"footnotes":""},"categories":[161],"tags":[],"class_list":["post-296569","post","type-post","status-publish","format-standard","has-post-thumbnail","hentry","category-quadradinho-em-foco"],"acf":[],"yoast_head":"<!-- This site is optimized with the Yoast SEO plugin v27.2 - https:\/\/yoast.com\/product\/yoast-seo-wordpress\/ -->\n<title>Saiu a lista de matr\u00edculas. Quem vai estudar onde? - Notibras<\/title>\n<meta name=\"robots\" content=\"index, follow, max-snippet:-1, max-image-preview:large, max-video-preview:-1\" \/>\n<link rel=\"canonical\" href=\"https:\/\/www.notibras.com\/site\/saiu-a-lista-de-matriculas-quem-vai-estudar-onde\/\" \/>\n<meta property=\"og:locale\" content=\"pt_BR\" \/>\n<meta property=\"og:type\" content=\"article\" \/>\n<meta property=\"og:title\" content=\"Saiu a lista de matr\u00edculas. Quem vai estudar onde? - Notibras\" \/>\n<meta property=\"og:description\" content=\"Aten\u00e7\u00e3o, estudante! Voc\u00ea, que fez inscri\u00e7\u00e3o e deseja garantir uma vaga na rede p\u00fablica de ensino do Distrito Federal em 2023, j\u00e1 pode conferir em qual escola foi contemplado e dever\u00e1 efetivar a matr\u00edcula. Ao todo, a Secretaria de Educa\u00e7\u00e3o recebeu 29.881 inscri\u00e7\u00f5es, sendo 19.316 pelo site oficial e as outras 10.565 pela Central de [&hellip;]\" \/>\n<meta property=\"og:url\" content=\"https:\/\/www.notibras.com\/site\/saiu-a-lista-de-matriculas-quem-vai-estudar-onde\/\" \/>\n<meta property=\"og:site_name\" content=\"Notibras\" \/>\n<meta property=\"article:publisher\" content=\"https:\/\/www.facebook.com\/notibras\/\" \/>\n<meta property=\"article:published_time\" content=\"2022-12-21T03:00:50+00:00\" \/>\n<meta property=\"article:modified_time\" content=\"2022-12-21T12:58:34+00:00\" \/>\n<meta property=\"og:image\" content=\"https:\/\/www.notibras.com\/site\/wp-content\/uploads\/2022\/12\/Foto-Mary-Leal_SEEDF.jpg\" \/>\n\t<meta property=\"og:image:width\" content=\"1280\" \/>\n\t<meta property=\"og:image:height\" content=\"853\" \/>\n\t<meta property=\"og:image:type\" content=\"image\/jpeg\" \/>\n<meta name=\"author\" content=\"Reda\u00e7\u00e3o\" \/>\n<meta name=\"twitter:card\" content=\"summary_large_image\" \/>\n<meta name=\"twitter:creator\" content=\"@Notibras\" \/>\n<meta name=\"twitter:site\" content=\"@Notibras\" \/>\n<meta name=\"twitter:label1\" content=\"Escrito por\" \/>\n\t<meta name=\"twitter:data1\" content=\"Reda\u00e7\u00e3o\" \/>\n\t<meta name=\"twitter:label2\" content=\"Est. tempo de leitura\" \/>\n\t<meta name=\"twitter:data2\" content=\"3 minutos\" \/>\n<script type=\"application\/ld+json\" class=\"yoast-schema-graph\">{\"@context\":\"https:\/\/schema.org\",\"@graph\":[{\"@type\":\"Article\",\"@id\":\"https:\/\/www.notibras.com\/site\/saiu-a-lista-de-matriculas-quem-vai-estudar-onde\/#article\",\"isPartOf\":{\"@id\":\"https:\/\/www.notibras.com\/site\/saiu-a-lista-de-matriculas-quem-vai-estudar-onde\/\"},\"author\":{\"name\":\"Reda\u00e7\u00e3o\",\"@id\":\"https:\/\/www.notibras.com\/site\/#\/schema\/person\/36ab0979449956132d3e5b517ea76ac8\"},\"headline\":\"Saiu a lista de matr\u00edculas. Quem vai estudar onde?\",\"datePublished\":\"2022-12-21T03:00:50+00:00\",\"dateModified\":\"2022-12-21T12:58:34+00:00\",\"mainEntityOfPage\":{\"@id\":\"https:\/\/www.notibras.com\/site\/saiu-a-lista-de-matriculas-quem-vai-estudar-onde\/\"},\"wordCount\":411,\"publisher\":{\"@id\":\"https:\/\/www.notibras.com\/site\/#organization\"},\"image\":{\"@id\":\"https:\/\/www.notibras.com\/site\/saiu-a-lista-de-matriculas-quem-vai-estudar-onde\/#primaryimage\"},\"thumbnailUrl\":\"https:\/\/www.notibras.com\/site\/wp-content\/uploads\/2022\/12\/Foto-Mary-Leal_SEEDF.jpg\",\"articleSection\":[\"Quadradinho em Foco\"],\"inLanguage\":\"pt-BR\"},{\"@type\":\"WebPage\",\"@id\":\"https:\/\/www.notibras.com\/site\/saiu-a-lista-de-matriculas-quem-vai-estudar-onde\/\",\"url\":\"https:\/\/www.notibras.com\/site\/saiu-a-lista-de-matriculas-quem-vai-estudar-onde\/\",\"name\":\"Saiu a lista de matr\u00edculas. Quem vai estudar onde? - Notibras\",\"isPartOf\":{\"@id\":\"https:\/\/www.notibras.com\/site\/#website\"},\"primaryImageOfPage\":{\"@id\":\"https:\/\/www.notibras.com\/site\/saiu-a-lista-de-matriculas-quem-vai-estudar-onde\/#primaryimage\"},\"image\":{\"@id\":\"https:\/\/www.notibras.com\/site\/saiu-a-lista-de-matriculas-quem-vai-estudar-onde\/#primaryimage\"},\"thumbnailUrl\":\"https:\/\/www.notibras.com\/site\/wp-content\/uploads\/2022\/12\/Foto-Mary-Leal_SEEDF.jpg\",\"datePublished\":\"2022-12-21T03:00:50+00:00\",\"dateModified\":\"2022-12-21T12:58:34+00:00\",\"breadcrumb\":{\"@id\":\"https:\/\/www.notibras.com\/site\/saiu-a-lista-de-matriculas-quem-vai-estudar-onde\/#breadcrumb\"},\"inLanguage\":\"pt-BR\",\"potentialAction\":[{\"@type\":\"ReadAction\",\"target\":[\"https:\/\/www.notibras.com\/site\/saiu-a-lista-de-matriculas-quem-vai-estudar-onde\/\"]}]},{\"@type\":\"ImageObject\",\"inLanguage\":\"pt-BR\",\"@id\":\"https:\/\/www.notibras.com\/site\/saiu-a-lista-de-matriculas-quem-vai-estudar-onde\/#primaryimage\",\"url\":\"https:\/\/www.notibras.com\/site\/wp-content\/uploads\/2022\/12\/Foto-Mary-Leal_SEEDF.jpg\",\"contentUrl\":\"https:\/\/www.notibras.com\/site\/wp-content\/uploads\/2022\/12\/Foto-Mary-Leal_SEEDF.jpg\",\"width\":1280,\"height\":853},{\"@type\":\"BreadcrumbList\",\"@id\":\"https:\/\/www.notibras.com\/site\/saiu-a-lista-de-matriculas-quem-vai-estudar-onde\/#breadcrumb\",\"itemListElement\":[{\"@type\":\"ListItem\",\"position\":1,\"name\":\"In\u00edcio\",\"item\":\"https:\/\/www.notibras.com\/site\/\"},{\"@type\":\"ListItem\",\"position\":2,\"name\":\"Saiu a lista de matr\u00edculas. Quem vai estudar onde?\"}]},{\"@type\":\"WebSite\",\"@id\":\"https:\/\/www.notibras.com\/site\/#website\",\"url\":\"https:\/\/www.notibras.com\/site\/\",\"name\":\"Notibras\",\"description\":\"Not\u00edcias de Bras\u00edlia, do Brasil e do Mundo\",\"publisher\":{\"@id\":\"https:\/\/www.notibras.com\/site\/#organization\"},\"potentialAction\":[{\"@type\":\"SearchAction\",\"target\":{\"@type\":\"EntryPoint\",\"urlTemplate\":\"https:\/\/www.notibras.com\/site\/?s={search_term_string}\"},\"query-input\":{\"@type\":\"PropertyValueSpecification\",\"valueRequired\":true,\"valueName\":\"search_term_string\"}}],\"inLanguage\":\"pt-BR\"},{\"@type\":\"Organization\",\"@id\":\"https:\/\/www.notibras.com\/site\/#organization\",\"name\":\"Grupo Notibras de Comunica\u00e7\u00e3o\",\"url\":\"https:\/\/www.notibras.com\/site\/\",\"logo\":{\"@type\":\"ImageObject\",\"inLanguage\":\"pt-BR\",\"@id\":\"https:\/\/www.notibras.com\/site\/#\/schema\/logo\/image\/\",\"url\":\"https:\/\/www.notibras.com\/site\/wp-content\/uploads\/2023\/01\/notibras23.png\",\"contentUrl\":\"https:\/\/www.notibras.com\/site\/wp-content\/uploads\/2023\/01\/notibras23.png\",\"width\":350,\"height\":87,\"caption\":\"Grupo Notibras de Comunica\u00e7\u00e3o\"},\"image\":{\"@id\":\"https:\/\/www.notibras.com\/site\/#\/schema\/logo\/image\/\"},\"sameAs\":[\"https:\/\/www.facebook.com\/notibras\/\",\"https:\/\/x.com\/Notibras\",\"https:\/\/www.instagram.com\/notibras\/\"]},{\"@type\":\"Person\",\"@id\":\"https:\/\/www.notibras.com\/site\/#\/schema\/person\/36ab0979449956132d3e5b517ea76ac8\",\"name\":\"Reda\u00e7\u00e3o\",\"image\":{\"@type\":\"ImageObject\",\"inLanguage\":\"pt-BR\",\"@id\":\"https:\/\/secure.gravatar.com\/avatar\/e0a867bdedb85fd243eadf09663511f96fc81e0720a4a42581f334ad4303aa6b?s=96&d=mm&r=g\",\"url\":\"https:\/\/secure.gravatar.com\/avatar\/e0a867bdedb85fd243eadf09663511f96fc81e0720a4a42581f334ad4303aa6b?s=96&d=mm&r=g\",\"contentUrl\":\"https:\/\/secure.gravatar.com\/avatar\/e0a867bdedb85fd243eadf09663511f96fc81e0720a4a42581f334ad4303aa6b?s=96&d=mm&r=g\",\"caption\":\"Reda\u00e7\u00e3o\"}}]}<\/script>\n<!-- \/ Yoast SEO plugin. -->","yoast_head_json":{"title":"Saiu a lista de matr\u00edculas. Quem vai estudar onde? - Notibras","robots":{"index":"index","follow":"follow","max-snippet":"max-snippet:-1","max-image-preview":"max-image-preview:large","max-video-preview":"max-video-preview:-1"},"canonical":"https:\/\/www.notibras.com\/site\/saiu-a-lista-de-matriculas-quem-vai-estudar-onde\/","og_locale":"pt_BR","og_type":"article","og_title":"Saiu a lista de matr\u00edculas. Quem vai estudar onde? - Notibras","og_description":"Aten\u00e7\u00e3o, estudante! Voc\u00ea, que fez inscri\u00e7\u00e3o e deseja garantir uma vaga na rede p\u00fablica de ensino do Distrito Federal em 2023, j\u00e1 pode conferir em qual escola foi contemplado e dever\u00e1 efetivar a matr\u00edcula. Ao todo, a Secretaria de Educa\u00e7\u00e3o recebeu 29.881 inscri\u00e7\u00f5es, sendo 19.316 pelo site oficial e as outras 10.565 pela Central de [&hellip;]","og_url":"https:\/\/www.notibras.com\/site\/saiu-a-lista-de-matriculas-quem-vai-estudar-onde\/","og_site_name":"Notibras","article_publisher":"https:\/\/www.facebook.com\/notibras\/","article_published_time":"2022-12-21T03:00:50+00:00","article_modified_time":"2022-12-21T12:58:34+00:00","og_image":[{"width":1280,"height":853,"url":"https:\/\/www.notibras.com\/site\/wp-content\/uploads\/2022\/12\/Foto-Mary-Leal_SEEDF.jpg","type":"image\/jpeg"}],"author":"Reda\u00e7\u00e3o","twitter_card":"summary_large_image","twitter_creator":"@Notibras","twitter_site":"@Notibras","twitter_misc":{"Escrito por":"Reda\u00e7\u00e3o","Est. tempo de leitura":"3 minutos"},"schema":{"@context":"https:\/\/schema.org","@graph":[{"@type":"Article","@id":"https:\/\/www.notibras.com\/site\/saiu-a-lista-de-matriculas-quem-vai-estudar-onde\/#article","isPartOf":{"@id":"https:\/\/www.notibras.com\/site\/saiu-a-lista-de-matriculas-quem-vai-estudar-onde\/"},"author":{"name":"Reda\u00e7\u00e3o","@id":"https:\/\/www.notibras.com\/site\/#\/schema\/person\/36ab0979449956132d3e5b517ea76ac8"},"headline":"Saiu a lista de matr\u00edculas. Quem vai estudar onde?","datePublished":"2022-12-21T03:00:50+00:00","dateModified":"2022-12-21T12:58:34+00:00","mainEntityOfPage":{"@id":"https:\/\/www.notibras.com\/site\/saiu-a-lista-de-matriculas-quem-vai-estudar-onde\/"},"wordCount":411,"publisher":{"@id":"https:\/\/www.notibras.com\/site\/#organization"},"image":{"@id":"https:\/\/www.notibras.com\/site\/saiu-a-lista-de-matriculas-quem-vai-estudar-onde\/#primaryimage"},"thumbnailUrl":"https:\/\/www.notibras.com\/site\/wp-content\/uploads\/2022\/12\/Foto-Mary-Leal_SEEDF.jpg","articleSection":["Quadradinho em Foco"],"inLanguage":"pt-BR"},{"@type":"WebPage","@id":"https:\/\/www.notibras.com\/site\/saiu-a-lista-de-matriculas-quem-vai-estudar-onde\/","url":"https:\/\/www.notibras.com\/site\/saiu-a-lista-de-matriculas-quem-vai-estudar-onde\/","name":"Saiu a lista de matr\u00edculas. Quem vai estudar onde? - Notibras","isPartOf":{"@id":"https:\/\/www.notibras.com\/site\/#website"},"primaryImageOfPage":{"@id":"https:\/\/www.notibras.com\/site\/saiu-a-lista-de-matriculas-quem-vai-estudar-onde\/#primaryimage"},"image":{"@id":"https:\/\/www.notibras.com\/site\/saiu-a-lista-de-matriculas-quem-vai-estudar-onde\/#primaryimage"},"thumbnailUrl":"https:\/\/www.notibras.com\/site\/wp-content\/uploads\/2022\/12\/Foto-Mary-Leal_SEEDF.jpg","datePublished":"2022-12-21T03:00:50+00:00","dateModified":"2022-12-21T12:58:34+00:00","breadcrumb":{"@id":"https:\/\/www.notibras.com\/site\/saiu-a-lista-de-matriculas-quem-vai-estudar-onde\/#breadcrumb"},"inLanguage":"pt-BR","potentialAction":[{"@type":"ReadAction","target":["https:\/\/www.notibras.com\/site\/saiu-a-lista-de-matriculas-quem-vai-estudar-onde\/"]}]},{"@type":"ImageObject","inLanguage":"pt-BR","@id":"https:\/\/www.notibras.com\/site\/saiu-a-lista-de-matriculas-quem-vai-estudar-onde\/#primaryimage","url":"https:\/\/www.notibras.com\/site\/wp-content\/uploads\/2022\/12\/Foto-Mary-Leal_SEEDF.jpg","contentUrl":"https:\/\/www.notibras.com\/site\/wp-content\/uploads\/2022\/12\/Foto-Mary-Leal_SEEDF.jpg","width":1280,"height":853},{"@type":"BreadcrumbList","@id":"https:\/\/www.notibras.com\/site\/saiu-a-lista-de-matriculas-quem-vai-estudar-onde\/#breadcrumb","itemListElement":[{"@type":"ListItem","position":1,"name":"In\u00edcio","item":"https:\/\/www.notibras.com\/site\/"},{"@type":"ListItem","position":2,"name":"Saiu a lista de matr\u00edculas. Quem vai estudar onde?"}]},{"@type":"WebSite","@id":"https:\/\/www.notibras.com\/site\/#website","url":"https:\/\/www.notibras.com\/site\/","name":"Notibras","description":"Not\u00edcias de Bras\u00edlia, do Brasil e do Mundo","publisher":{"@id":"https:\/\/www.notibras.com\/site\/#organization"},"potentialAction":[{"@type":"SearchAction","target":{"@type":"EntryPoint","urlTemplate":"https:\/\/www.notibras.com\/site\/?s={search_term_string}"},"query-input":{"@type":"PropertyValueSpecification","valueRequired":true,"valueName":"search_term_string"}}],"inLanguage":"pt-BR"},{"@type":"Organization","@id":"https:\/\/www.notibras.com\/site\/#organization","name":"Grupo Notibras de Comunica\u00e7\u00e3o","url":"https:\/\/www.notibras.com\/site\/","logo":{"@type":"ImageObject","inLanguage":"pt-BR","@id":"https:\/\/www.notibras.com\/site\/#\/schema\/logo\/image\/","url":"https:\/\/www.notibras.com\/site\/wp-content\/uploads\/2023\/01\/notibras23.png","contentUrl":"https:\/\/www.notibras.com\/site\/wp-content\/uploads\/2023\/01\/notibras23.png","width":350,"height":87,"caption":"Grupo Notibras de Comunica\u00e7\u00e3o"},"image":{"@id":"https:\/\/www.notibras.com\/site\/#\/schema\/logo\/image\/"},"sameAs":["https:\/\/www.facebook.com\/notibras\/","https:\/\/x.com\/Notibras","https:\/\/www.instagram.com\/notibras\/"]},{"@type":"Person","@id":"https:\/\/www.notibras.com\/site\/#\/schema\/person\/36ab0979449956132d3e5b517ea76ac8","name":"Reda\u00e7\u00e3o","image":{"@type":"ImageObject","inLanguage":"pt-BR","@id":"https:\/\/secure.gravatar.com\/avatar\/e0a867bdedb85fd243eadf09663511f96fc81e0720a4a42581f334ad4303aa6b?s=96&d=mm&r=g","url":"https:\/\/secure.gravatar.com\/avatar\/e0a867bdedb85fd243eadf09663511f96fc81e0720a4a42581f334ad4303aa6b?s=96&d=mm&r=g","contentUrl":"https:\/\/secure.gravatar.com\/avatar\/e0a867bdedb85fd243eadf09663511f96fc81e0720a4a42581f334ad4303aa6b?s=96&d=mm&r=g","caption":"Reda\u00e7\u00e3o"}}]}},"amp_enabled":true,"_links":{"self":[{"href":"https:\/\/www.notibras.com\/site\/wp-json\/wp\/v2\/posts\/296569","targetHints":{"allow":["GET"]}}],"collection":[{"href":"https:\/\/www.notibras.com\/site\/wp-json\/wp\/v2\/posts"}],"about":[{"href":"https:\/\/www.notibras.com\/site\/wp-json\/wp\/v2\/types\/post"}],"author":[{"embeddable":true,"href":"https:\/\/www.notibras.com\/site\/wp-json\/wp\/v2\/users\/2"}],"replies":[{"embeddable":true,"href":"https:\/\/www.notibras.com\/site\/wp-json\/wp\/v2\/comments?post=296569"}],"version-history":[{"count":1,"href":"https:\/\/www.notibras.com\/site\/wp-json\/wp\/v2\/posts\/296569\/revisions"}],"predecessor-version":[{"id":296571,"href":"https:\/\/www.notibras.com\/site\/wp-json\/wp\/v2\/posts\/296569\/revisions\/296571"}],"wp:featuredmedia":[{"embeddable":true,"href":"https:\/\/www.notibras.com\/site\/wp-json\/wp\/v2\/media\/296570"}],"wp:attachment":[{"href":"https:\/\/www.notibras.com\/site\/wp-json\/wp\/v2\/media?parent=296569"}],"wp:term":[{"taxonomy":"category","embeddable":true,"href":"https:\/\/www.notibras.com\/site\/wp-json\/wp\/v2\/categories?post=296569"},{"taxonomy":"post_tag","embeddable":true,"href":"https:\/\/www.notibras.com\/site\/wp-json\/wp\/v2\/tags?post=296569"}],"curies":[{"name":"wp","href":"https:\/\/api.w.org\/{rel}","templated":true}]}}