{"id":296572,"date":"2022-12-21T00:00:28","date_gmt":"2022-12-21T03:00:28","guid":{"rendered":"https:\/\/www.notibras.com\/site\/?p=296572"},"modified":"2022-12-21T10:03:51","modified_gmt":"2022-12-21T13:03:51","slug":"riacho-fundo-ii-vira-celeiro-de-imigrantes-internos","status":"publish","type":"post","link":"https:\/\/www.notibras.com\/site\/riacho-fundo-ii-vira-celeiro-de-imigrantes-internos\/","title":{"rendered":"Riacho Fundo II vira celeiro de imigrantes internos"},"content":{"rendered":"<p>O Instituto de Pesquisa e Estat\u00edstica do Distrito Federal (IPEDF) apresentou a nota t\u00e9cnica \u201cMigra\u00e7\u00e3o Interna de Data Fixa no Distrito Federal \u2013 2018\/2021\u201d e seu respectivo sum\u00e1rio executivo. A publica\u00e7\u00e3o aponta as trocas populacionais entre as regi\u00f5es administrativas (RAs) da capital federal e aspectos do perfil dos migrantes entre 2018 e 2021, a partir dos dados da mais recente Pesquisa Distrital por Amostra de Domic\u00edlios (PDAD).<\/p>\n<p>Entre 2018 e 2021, 72.218 pessoas mudaram-se de uma RA para outra. No ranking das regi\u00f5es que mais receberam imigrantes, est\u00e3o Riacho Fundo II, com 6.442; Plano Piloto, com 5.711; e Samambaia, com 5.344. Entre os que se mudaram para o Riacho Fundo II, 15,7% vieram de Ceil\u00e2ndia, 13,3% de Taguatinga e 13,3% do Recanto das Emas. No Plano Piloto, 15,1% sa\u00edram de \u00c1guas Claras, 13,8% do Guar\u00e1 e 13,3% de Sobradinho. Em Samambaia, 31,8% eram de Ceil\u00e2ndia e 26,6% de Taguatinga.<\/p>\n<p>Na outra ponta, Fercal (213), Varj\u00e3o (376) e Park Way (191) s\u00e3o as RAs que menos receberam imigrantes. Apesar disso, as regi\u00f5es que apresentaram os menores saldos migrat\u00f3rios \u2013 diferen\u00e7a entre o n\u00famero de pessoas que entram e saem de um determinado local \u2013 s\u00e3o Taguatinga, com -7.856; Ceil\u00e2ndia, com -5.832; e Sobradinho, com -3.197. Por outro lado, Riacho Fundo II (5.499), Jardim Bot\u00e2nico (3.365) e S\u00e3o Sebasti\u00e3o (3.223) registraram os maiores saldos migrat\u00f3rios.<\/p>\n<p>No estudo, foi considerado migrante o indiv\u00edduo com tr\u00eas anos ou mais que, em 1\u00b0 de julho de 2018, morava em regi\u00e3o administrativa diferente da que residia no momento da entrevista da PDAD 2021. Com esses dados, \u00e9 poss\u00edvel acompanhar o fluxo populacional das RAs e observar em quais localidades do DF ocorre expans\u00e3o ou retra\u00e7\u00e3o demogr\u00e1fica, contribuindo para o planejamento adequado de pol\u00edticas p\u00fablicas relacionadas.<\/p>\n<p>Considerando o total de migrantes no per\u00edodo de 2018 a 2021, 44,8% deles s\u00e3o adultos na faixa et\u00e1ria dos 30 aos 59 anos; 35,5% jovens de 15 a 29 anos; 14,6% crian\u00e7as entre tr\u00eas e 14 anos; e 5,1% idosos com 60 anos ou mais. No grupo de regi\u00f5es de m\u00e9dia-baixa renda, os jovens eram maioria entre os imigrantes (39,4%)<\/p>\n<p><strong>Caracter\u00edsticas dos migrantes<\/strong><br \/>\nConsiderando o total de migrantes no per\u00edodo de 2018 a 2021, 44,8% deles s\u00e3o adultos na faixa et\u00e1ria dos 30 aos 59 anos; 35,5% jovens de 15 a 29 anos; 14,6% crian\u00e7as entre tr\u00eas e 14 anos; e 5,1% idosos com 60 anos ou mais. No grupo de regi\u00f5es de m\u00e9dia-baixa renda, os jovens eram maioria entre os imigrantes (39,4%).<\/p>\n<p>No que se refere \u00e0 escolaridade, 46,4% das pessoas com 25 anos ou mais que migraram de uma regi\u00e3o para outra conclu\u00edram o ensino superior ou p\u00f3s-gradua\u00e7\u00e3o. Em rela\u00e7\u00e3o \u00e0 renda, entre os 23.551 migrantes com 14 anos ou mais que trabalham, 59,7% tinham renda de at\u00e9 tr\u00eas sal\u00e1rios m\u00ednimos e apenas 9,7% ganhavam acima de dez sal\u00e1rios m\u00ednimos.<\/p>\n<p>Em 2021, 54,8% dos migrantes residiam em domic\u00edlios alugados. Observa-se que a maioria das pessoas que migraram para RAs dos grupos de alta, m\u00e9dia e m\u00e9dia-baixa renda moravam em domic\u00edlios alugados, enquanto a maioria das que migraram para regi\u00f5es do grupo de baixa renda residiam em domic\u00edlios pr\u00f3prios.<\/p>\n","protected":false},"excerpt":{"rendered":"<p>O Instituto de Pesquisa e Estat\u00edstica do Distrito Federal (IPEDF) apresentou a nota t\u00e9cnica \u201cMigra\u00e7\u00e3o Interna de Data Fixa no Distrito Federal \u2013 2018\/2021\u201d e seu respectivo sum\u00e1rio executivo. A publica\u00e7\u00e3o aponta as trocas populacionais entre as regi\u00f5es administrativas (RAs) da capital federal e aspectos do perfil dos migrantes entre 2018 e 2021, a partir [&hellip;]<\/p>\n","protected":false},"author":2,"featured_media":296573,"comment_status":"closed","ping_status":"closed","sticky":false,"template":"","format":"standard","meta":{"_acf_changed":false,"footnotes":""},"categories":[161],"tags":[],"class_list":["post-296572","post","type-post","status-publish","format-standard","has-post-thumbnail","hentry","category-quadradinho-em-foco"],"acf":[],"yoast_head":"<!-- This site is optimized with the Yoast SEO plugin v27.2 - https:\/\/yoast.com\/product\/yoast-seo-wordpress\/ -->\n<title>Riacho Fundo II vira celeiro de imigrantes internos - Notibras<\/title>\n<meta name=\"robots\" content=\"index, follow, max-snippet:-1, max-image-preview:large, max-video-preview:-1\" \/>\n<link rel=\"canonical\" href=\"https:\/\/www.notibras.com\/site\/riacho-fundo-ii-vira-celeiro-de-imigrantes-internos\/\" \/>\n<meta property=\"og:locale\" content=\"pt_BR\" \/>\n<meta property=\"og:type\" content=\"article\" \/>\n<meta property=\"og:title\" content=\"Riacho Fundo II vira celeiro de imigrantes internos - Notibras\" \/>\n<meta property=\"og:description\" content=\"O Instituto de Pesquisa e Estat\u00edstica do Distrito Federal (IPEDF) apresentou a nota t\u00e9cnica \u201cMigra\u00e7\u00e3o Interna de Data Fixa no Distrito Federal \u2013 2018\/2021\u201d e seu respectivo sum\u00e1rio executivo. A publica\u00e7\u00e3o aponta as trocas populacionais entre as regi\u00f5es administrativas (RAs) da capital federal e aspectos do perfil dos migrantes entre 2018 e 2021, a partir [&hellip;]\" \/>\n<meta property=\"og:url\" content=\"https:\/\/www.notibras.com\/site\/riacho-fundo-ii-vira-celeiro-de-imigrantes-internos\/\" \/>\n<meta property=\"og:site_name\" content=\"Notibras\" \/>\n<meta property=\"article:publisher\" content=\"https:\/\/www.facebook.com\/notibras\/\" \/>\n<meta property=\"article:published_time\" content=\"2022-12-21T03:00:28+00:00\" \/>\n<meta property=\"article:modified_time\" content=\"2022-12-21T13:03:51+00:00\" \/>\n<meta property=\"og:image\" content=\"https:\/\/www.notibras.com\/site\/wp-content\/uploads\/2022\/12\/WhatsApp-Image-2022-12-20-at-14.15.28.jpeg\" \/>\n\t<meta property=\"og:image:width\" content=\"1280\" \/>\n\t<meta property=\"og:image:height\" content=\"850\" \/>\n\t<meta property=\"og:image:type\" content=\"image\/jpeg\" \/>\n<meta name=\"author\" content=\"Reda\u00e7\u00e3o\" \/>\n<meta name=\"twitter:card\" content=\"summary_large_image\" \/>\n<meta name=\"twitter:creator\" content=\"@Notibras\" \/>\n<meta name=\"twitter:site\" content=\"@Notibras\" \/>\n<meta name=\"twitter:label1\" content=\"Escrito por\" \/>\n\t<meta name=\"twitter:data1\" content=\"Reda\u00e7\u00e3o\" \/>\n\t<meta name=\"twitter:label2\" content=\"Est. tempo de leitura\" \/>\n\t<meta name=\"twitter:data2\" content=\"3 minutos\" \/>\n<script type=\"application\/ld+json\" class=\"yoast-schema-graph\">{\"@context\":\"https:\/\/schema.org\",\"@graph\":[{\"@type\":\"Article\",\"@id\":\"https:\/\/www.notibras.com\/site\/riacho-fundo-ii-vira-celeiro-de-imigrantes-internos\/#article\",\"isPartOf\":{\"@id\":\"https:\/\/www.notibras.com\/site\/riacho-fundo-ii-vira-celeiro-de-imigrantes-internos\/\"},\"author\":{\"name\":\"Reda\u00e7\u00e3o\",\"@id\":\"https:\/\/www.notibras.com\/site\/#\/schema\/person\/36ab0979449956132d3e5b517ea76ac8\"},\"headline\":\"Riacho Fundo II vira celeiro de imigrantes internos\",\"datePublished\":\"2022-12-21T03:00:28+00:00\",\"dateModified\":\"2022-12-21T13:03:51+00:00\",\"mainEntityOfPage\":{\"@id\":\"https:\/\/www.notibras.com\/site\/riacho-fundo-ii-vira-celeiro-de-imigrantes-internos\/\"},\"wordCount\":526,\"publisher\":{\"@id\":\"https:\/\/www.notibras.com\/site\/#organization\"},\"image\":{\"@id\":\"https:\/\/www.notibras.com\/site\/riacho-fundo-ii-vira-celeiro-de-imigrantes-internos\/#primaryimage\"},\"thumbnailUrl\":\"https:\/\/www.notibras.com\/site\/wp-content\/uploads\/2022\/12\/WhatsApp-Image-2022-12-20-at-14.15.28.jpeg\",\"articleSection\":[\"Quadradinho em Foco\"],\"inLanguage\":\"pt-BR\"},{\"@type\":\"WebPage\",\"@id\":\"https:\/\/www.notibras.com\/site\/riacho-fundo-ii-vira-celeiro-de-imigrantes-internos\/\",\"url\":\"https:\/\/www.notibras.com\/site\/riacho-fundo-ii-vira-celeiro-de-imigrantes-internos\/\",\"name\":\"Riacho Fundo II vira celeiro de imigrantes internos - Notibras\",\"isPartOf\":{\"@id\":\"https:\/\/www.notibras.com\/site\/#website\"},\"primaryImageOfPage\":{\"@id\":\"https:\/\/www.notibras.com\/site\/riacho-fundo-ii-vira-celeiro-de-imigrantes-internos\/#primaryimage\"},\"image\":{\"@id\":\"https:\/\/www.notibras.com\/site\/riacho-fundo-ii-vira-celeiro-de-imigrantes-internos\/#primaryimage\"},\"thumbnailUrl\":\"https:\/\/www.notibras.com\/site\/wp-content\/uploads\/2022\/12\/WhatsApp-Image-2022-12-20-at-14.15.28.jpeg\",\"datePublished\":\"2022-12-21T03:00:28+00:00\",\"dateModified\":\"2022-12-21T13:03:51+00:00\",\"breadcrumb\":{\"@id\":\"https:\/\/www.notibras.com\/site\/riacho-fundo-ii-vira-celeiro-de-imigrantes-internos\/#breadcrumb\"},\"inLanguage\":\"pt-BR\",\"potentialAction\":[{\"@type\":\"ReadAction\",\"target\":[\"https:\/\/www.notibras.com\/site\/riacho-fundo-ii-vira-celeiro-de-imigrantes-internos\/\"]}]},{\"@type\":\"ImageObject\",\"inLanguage\":\"pt-BR\",\"@id\":\"https:\/\/www.notibras.com\/site\/riacho-fundo-ii-vira-celeiro-de-imigrantes-internos\/#primaryimage\",\"url\":\"https:\/\/www.notibras.com\/site\/wp-content\/uploads\/2022\/12\/WhatsApp-Image-2022-12-20-at-14.15.28.jpeg\",\"contentUrl\":\"https:\/\/www.notibras.com\/site\/wp-content\/uploads\/2022\/12\/WhatsApp-Image-2022-12-20-at-14.15.28.jpeg\",\"width\":1280,\"height\":850},{\"@type\":\"BreadcrumbList\",\"@id\":\"https:\/\/www.notibras.com\/site\/riacho-fundo-ii-vira-celeiro-de-imigrantes-internos\/#breadcrumb\",\"itemListElement\":[{\"@type\":\"ListItem\",\"position\":1,\"name\":\"In\u00edcio\",\"item\":\"https:\/\/www.notibras.com\/site\/\"},{\"@type\":\"ListItem\",\"position\":2,\"name\":\"Riacho Fundo II vira celeiro de imigrantes internos\"}]},{\"@type\":\"WebSite\",\"@id\":\"https:\/\/www.notibras.com\/site\/#website\",\"url\":\"https:\/\/www.notibras.com\/site\/\",\"name\":\"Notibras\",\"description\":\"Not\u00edcias de Bras\u00edlia, do Brasil e do Mundo\",\"publisher\":{\"@id\":\"https:\/\/www.notibras.com\/site\/#organization\"},\"potentialAction\":[{\"@type\":\"SearchAction\",\"target\":{\"@type\":\"EntryPoint\",\"urlTemplate\":\"https:\/\/www.notibras.com\/site\/?s={search_term_string}\"},\"query-input\":{\"@type\":\"PropertyValueSpecification\",\"valueRequired\":true,\"valueName\":\"search_term_string\"}}],\"inLanguage\":\"pt-BR\"},{\"@type\":\"Organization\",\"@id\":\"https:\/\/www.notibras.com\/site\/#organization\",\"name\":\"Grupo Notibras de Comunica\u00e7\u00e3o\",\"url\":\"https:\/\/www.notibras.com\/site\/\",\"logo\":{\"@type\":\"ImageObject\",\"inLanguage\":\"pt-BR\",\"@id\":\"https:\/\/www.notibras.com\/site\/#\/schema\/logo\/image\/\",\"url\":\"https:\/\/www.notibras.com\/site\/wp-content\/uploads\/2023\/01\/notibras23.png\",\"contentUrl\":\"https:\/\/www.notibras.com\/site\/wp-content\/uploads\/2023\/01\/notibras23.png\",\"width\":350,\"height\":87,\"caption\":\"Grupo Notibras de Comunica\u00e7\u00e3o\"},\"image\":{\"@id\":\"https:\/\/www.notibras.com\/site\/#\/schema\/logo\/image\/\"},\"sameAs\":[\"https:\/\/www.facebook.com\/notibras\/\",\"https:\/\/x.com\/Notibras\",\"https:\/\/www.instagram.com\/notibras\/\"]},{\"@type\":\"Person\",\"@id\":\"https:\/\/www.notibras.com\/site\/#\/schema\/person\/36ab0979449956132d3e5b517ea76ac8\",\"name\":\"Reda\u00e7\u00e3o\",\"image\":{\"@type\":\"ImageObject\",\"inLanguage\":\"pt-BR\",\"@id\":\"https:\/\/secure.gravatar.com\/avatar\/e0a867bdedb85fd243eadf09663511f96fc81e0720a4a42581f334ad4303aa6b?s=96&d=mm&r=g\",\"url\":\"https:\/\/secure.gravatar.com\/avatar\/e0a867bdedb85fd243eadf09663511f96fc81e0720a4a42581f334ad4303aa6b?s=96&d=mm&r=g\",\"contentUrl\":\"https:\/\/secure.gravatar.com\/avatar\/e0a867bdedb85fd243eadf09663511f96fc81e0720a4a42581f334ad4303aa6b?s=96&d=mm&r=g\",\"caption\":\"Reda\u00e7\u00e3o\"}}]}<\/script>\n<!-- \/ Yoast SEO plugin. -->","yoast_head_json":{"title":"Riacho Fundo II vira celeiro de imigrantes internos - Notibras","robots":{"index":"index","follow":"follow","max-snippet":"max-snippet:-1","max-image-preview":"max-image-preview:large","max-video-preview":"max-video-preview:-1"},"canonical":"https:\/\/www.notibras.com\/site\/riacho-fundo-ii-vira-celeiro-de-imigrantes-internos\/","og_locale":"pt_BR","og_type":"article","og_title":"Riacho Fundo II vira celeiro de imigrantes internos - Notibras","og_description":"O Instituto de Pesquisa e Estat\u00edstica do Distrito Federal (IPEDF) apresentou a nota t\u00e9cnica \u201cMigra\u00e7\u00e3o Interna de Data Fixa no Distrito Federal \u2013 2018\/2021\u201d e seu respectivo sum\u00e1rio executivo. A publica\u00e7\u00e3o aponta as trocas populacionais entre as regi\u00f5es administrativas (RAs) da capital federal e aspectos do perfil dos migrantes entre 2018 e 2021, a partir [&hellip;]","og_url":"https:\/\/www.notibras.com\/site\/riacho-fundo-ii-vira-celeiro-de-imigrantes-internos\/","og_site_name":"Notibras","article_publisher":"https:\/\/www.facebook.com\/notibras\/","article_published_time":"2022-12-21T03:00:28+00:00","article_modified_time":"2022-12-21T13:03:51+00:00","og_image":[{"width":1280,"height":850,"url":"https:\/\/www.notibras.com\/site\/wp-content\/uploads\/2022\/12\/WhatsApp-Image-2022-12-20-at-14.15.28.jpeg","type":"image\/jpeg"}],"author":"Reda\u00e7\u00e3o","twitter_card":"summary_large_image","twitter_creator":"@Notibras","twitter_site":"@Notibras","twitter_misc":{"Escrito por":"Reda\u00e7\u00e3o","Est. tempo de leitura":"3 minutos"},"schema":{"@context":"https:\/\/schema.org","@graph":[{"@type":"Article","@id":"https:\/\/www.notibras.com\/site\/riacho-fundo-ii-vira-celeiro-de-imigrantes-internos\/#article","isPartOf":{"@id":"https:\/\/www.notibras.com\/site\/riacho-fundo-ii-vira-celeiro-de-imigrantes-internos\/"},"author":{"name":"Reda\u00e7\u00e3o","@id":"https:\/\/www.notibras.com\/site\/#\/schema\/person\/36ab0979449956132d3e5b517ea76ac8"},"headline":"Riacho Fundo II vira celeiro de imigrantes internos","datePublished":"2022-12-21T03:00:28+00:00","dateModified":"2022-12-21T13:03:51+00:00","mainEntityOfPage":{"@id":"https:\/\/www.notibras.com\/site\/riacho-fundo-ii-vira-celeiro-de-imigrantes-internos\/"},"wordCount":526,"publisher":{"@id":"https:\/\/www.notibras.com\/site\/#organization"},"image":{"@id":"https:\/\/www.notibras.com\/site\/riacho-fundo-ii-vira-celeiro-de-imigrantes-internos\/#primaryimage"},"thumbnailUrl":"https:\/\/www.notibras.com\/site\/wp-content\/uploads\/2022\/12\/WhatsApp-Image-2022-12-20-at-14.15.28.jpeg","articleSection":["Quadradinho em Foco"],"inLanguage":"pt-BR"},{"@type":"WebPage","@id":"https:\/\/www.notibras.com\/site\/riacho-fundo-ii-vira-celeiro-de-imigrantes-internos\/","url":"https:\/\/www.notibras.com\/site\/riacho-fundo-ii-vira-celeiro-de-imigrantes-internos\/","name":"Riacho Fundo II vira celeiro de imigrantes internos - Notibras","isPartOf":{"@id":"https:\/\/www.notibras.com\/site\/#website"},"primaryImageOfPage":{"@id":"https:\/\/www.notibras.com\/site\/riacho-fundo-ii-vira-celeiro-de-imigrantes-internos\/#primaryimage"},"image":{"@id":"https:\/\/www.notibras.com\/site\/riacho-fundo-ii-vira-celeiro-de-imigrantes-internos\/#primaryimage"},"thumbnailUrl":"https:\/\/www.notibras.com\/site\/wp-content\/uploads\/2022\/12\/WhatsApp-Image-2022-12-20-at-14.15.28.jpeg","datePublished":"2022-12-21T03:00:28+00:00","dateModified":"2022-12-21T13:03:51+00:00","breadcrumb":{"@id":"https:\/\/www.notibras.com\/site\/riacho-fundo-ii-vira-celeiro-de-imigrantes-internos\/#breadcrumb"},"inLanguage":"pt-BR","potentialAction":[{"@type":"ReadAction","target":["https:\/\/www.notibras.com\/site\/riacho-fundo-ii-vira-celeiro-de-imigrantes-internos\/"]}]},{"@type":"ImageObject","inLanguage":"pt-BR","@id":"https:\/\/www.notibras.com\/site\/riacho-fundo-ii-vira-celeiro-de-imigrantes-internos\/#primaryimage","url":"https:\/\/www.notibras.com\/site\/wp-content\/uploads\/2022\/12\/WhatsApp-Image-2022-12-20-at-14.15.28.jpeg","contentUrl":"https:\/\/www.notibras.com\/site\/wp-content\/uploads\/2022\/12\/WhatsApp-Image-2022-12-20-at-14.15.28.jpeg","width":1280,"height":850},{"@type":"BreadcrumbList","@id":"https:\/\/www.notibras.com\/site\/riacho-fundo-ii-vira-celeiro-de-imigrantes-internos\/#breadcrumb","itemListElement":[{"@type":"ListItem","position":1,"name":"In\u00edcio","item":"https:\/\/www.notibras.com\/site\/"},{"@type":"ListItem","position":2,"name":"Riacho Fundo II vira celeiro de imigrantes internos"}]},{"@type":"WebSite","@id":"https:\/\/www.notibras.com\/site\/#website","url":"https:\/\/www.notibras.com\/site\/","name":"Notibras","description":"Not\u00edcias de Bras\u00edlia, do Brasil e do Mundo","publisher":{"@id":"https:\/\/www.notibras.com\/site\/#organization"},"potentialAction":[{"@type":"SearchAction","target":{"@type":"EntryPoint","urlTemplate":"https:\/\/www.notibras.com\/site\/?s={search_term_string}"},"query-input":{"@type":"PropertyValueSpecification","valueRequired":true,"valueName":"search_term_string"}}],"inLanguage":"pt-BR"},{"@type":"Organization","@id":"https:\/\/www.notibras.com\/site\/#organization","name":"Grupo Notibras de Comunica\u00e7\u00e3o","url":"https:\/\/www.notibras.com\/site\/","logo":{"@type":"ImageObject","inLanguage":"pt-BR","@id":"https:\/\/www.notibras.com\/site\/#\/schema\/logo\/image\/","url":"https:\/\/www.notibras.com\/site\/wp-content\/uploads\/2023\/01\/notibras23.png","contentUrl":"https:\/\/www.notibras.com\/site\/wp-content\/uploads\/2023\/01\/notibras23.png","width":350,"height":87,"caption":"Grupo Notibras de Comunica\u00e7\u00e3o"},"image":{"@id":"https:\/\/www.notibras.com\/site\/#\/schema\/logo\/image\/"},"sameAs":["https:\/\/www.facebook.com\/notibras\/","https:\/\/x.com\/Notibras","https:\/\/www.instagram.com\/notibras\/"]},{"@type":"Person","@id":"https:\/\/www.notibras.com\/site\/#\/schema\/person\/36ab0979449956132d3e5b517ea76ac8","name":"Reda\u00e7\u00e3o","image":{"@type":"ImageObject","inLanguage":"pt-BR","@id":"https:\/\/secure.gravatar.com\/avatar\/e0a867bdedb85fd243eadf09663511f96fc81e0720a4a42581f334ad4303aa6b?s=96&d=mm&r=g","url":"https:\/\/secure.gravatar.com\/avatar\/e0a867bdedb85fd243eadf09663511f96fc81e0720a4a42581f334ad4303aa6b?s=96&d=mm&r=g","contentUrl":"https:\/\/secure.gravatar.com\/avatar\/e0a867bdedb85fd243eadf09663511f96fc81e0720a4a42581f334ad4303aa6b?s=96&d=mm&r=g","caption":"Reda\u00e7\u00e3o"}}]}},"amp_enabled":true,"_links":{"self":[{"href":"https:\/\/www.notibras.com\/site\/wp-json\/wp\/v2\/posts\/296572","targetHints":{"allow":["GET"]}}],"collection":[{"href":"https:\/\/www.notibras.com\/site\/wp-json\/wp\/v2\/posts"}],"about":[{"href":"https:\/\/www.notibras.com\/site\/wp-json\/wp\/v2\/types\/post"}],"author":[{"embeddable":true,"href":"https:\/\/www.notibras.com\/site\/wp-json\/wp\/v2\/users\/2"}],"replies":[{"embeddable":true,"href":"https:\/\/www.notibras.com\/site\/wp-json\/wp\/v2\/comments?post=296572"}],"version-history":[{"count":1,"href":"https:\/\/www.notibras.com\/site\/wp-json\/wp\/v2\/posts\/296572\/revisions"}],"predecessor-version":[{"id":296574,"href":"https:\/\/www.notibras.com\/site\/wp-json\/wp\/v2\/posts\/296572\/revisions\/296574"}],"wp:featuredmedia":[{"embeddable":true,"href":"https:\/\/www.notibras.com\/site\/wp-json\/wp\/v2\/media\/296573"}],"wp:attachment":[{"href":"https:\/\/www.notibras.com\/site\/wp-json\/wp\/v2\/media?parent=296572"}],"wp:term":[{"taxonomy":"category","embeddable":true,"href":"https:\/\/www.notibras.com\/site\/wp-json\/wp\/v2\/categories?post=296572"},{"taxonomy":"post_tag","embeddable":true,"href":"https:\/\/www.notibras.com\/site\/wp-json\/wp\/v2\/tags?post=296572"}],"curies":[{"name":"wp","href":"https:\/\/api.w.org\/{rel}","templated":true}]}}