{"id":296575,"date":"2022-12-21T00:00:13","date_gmt":"2022-12-21T03:00:13","guid":{"rendered":"https:\/\/www.notibras.com\/site\/?p=296575"},"modified":"2022-12-21T10:08:56","modified_gmt":"2022-12-21T13:08:56","slug":"revisao-de-linha-de-transmissao-deixa-quatro-regioes-sem-luz","status":"publish","type":"post","link":"https:\/\/www.notibras.com\/site\/revisao-de-linha-de-transmissao-deixa-quatro-regioes-sem-luz\/","title":{"rendered":"Revis\u00e3o de linha de transmiss\u00e3o deixa quatro regi\u00f5es sem luz"},"content":{"rendered":"<p>A energia ser\u00e1 desligada, a partir das 8h30 desta quarta-feira (21), em alguns endere\u00e7os de \u00c1guas Claras, Planaltina, Plano Piloto e, a partir de 12h30, no Jardim Bot\u00e2nico. A interrup\u00e7\u00e3o no fornecimento el\u00e9trico ocorrer\u00e1 para que as equipes da Neoenergia trabalhem na constru\u00e7\u00e3o e manuten\u00e7\u00e3o de rede e na poda de \u00e1rvores.<\/p>\n<p>Na regi\u00e3o de \u00c1guas Claras, o corte ser\u00e1 na Rua 33 Norte, LR 3, at\u00e9 as 15h. Por l\u00e1, os t\u00e9cnicos da Neoenergia trabalhar\u00e3o na manuten\u00e7\u00e3o da rede. J\u00e1 no Jardim Bot\u00e2nico, o in\u00edcio da tarde ser\u00e1 sem energia para quem mora na Est\u00e2ncia Jardim Bot\u00e2nico, Ch\u00e1cara Aline, N\u00famero 2; na Fazenda Taboquinha, Ch\u00e1cara 16 e nas Mans\u00f5es Mata da Anta, Ch\u00e1caras 16 e 17. O corte nestas localidades ser\u00e1 at\u00e9 as 17h para manuten\u00e7\u00e3o na rede de eletricidade.<\/p>\n<p>Moradores da Quadra Maranh\u00e3o, GBA, GBB, GBC, GBH e GLH, em Planaltina, ser\u00e3o afetados pelo desligamento de luz at\u00e9 as 14h. Ainda na regi\u00e3o administrativa, o corte tamb\u00e9m ser\u00e1 necess\u00e1rio no Condom\u00ednio Mestre Darmas, MD 2, MD 3, MD 6, MD 16, MD 17, MD 19, MD A, MD B, MD E, MD G, MD H e MD M, das 8h30 \u00e0s 16h, para que seja feita poda de \u00e1rvores.<\/p>\n<p>No Plano Piloto, das 8h30 \u00e0s 14h, os t\u00e9cnicos da Neoenergia trabalhar\u00e3o na constru\u00e7\u00e3o de rede que vai afetar o fornecimento de energia nas quadras SES 809, Lotes 32, 33 e 38; SGAS 607, Lote G e SGAS 608, Conjunto G.<\/p>\n<p>Al\u00e9m dos desligamentos programados, pode acabar a energia em outra regi\u00e3o do Distrito Federal. Neste caso, a popula\u00e7\u00e3o deve registrar a ocorr\u00eancia pelo telefone 116. Clientes com defici\u00eancia auditiva e de fala podem acessar o atendimento pelo 0800 701 01 55, desde que utilizem aparelho adaptado para essa finalidade.<\/p>\n","protected":false},"excerpt":{"rendered":"<p>A energia ser\u00e1 desligada, a partir das 8h30 desta quarta-feira (21), em alguns endere\u00e7os de \u00c1guas Claras, Planaltina, Plano Piloto e, a partir de 12h30, no Jardim Bot\u00e2nico. A interrup\u00e7\u00e3o no fornecimento el\u00e9trico ocorrer\u00e1 para que as equipes da Neoenergia trabalhem na constru\u00e7\u00e3o e manuten\u00e7\u00e3o de rede e na poda de \u00e1rvores. Na regi\u00e3o de [&hellip;]<\/p>\n","protected":false},"author":2,"featured_media":296576,"comment_status":"closed","ping_status":"closed","sticky":false,"template":"","format":"standard","meta":{"_acf_changed":false,"footnotes":""},"categories":[161],"tags":[],"class_list":["post-296575","post","type-post","status-publish","format-standard","has-post-thumbnail","hentry","category-quadradinho-em-foco"],"acf":[],"yoast_head":"<!-- This site is optimized with the Yoast SEO plugin v27.2 - https:\/\/yoast.com\/product\/yoast-seo-wordpress\/ -->\n<title>Revis\u00e3o de linha de transmiss\u00e3o deixa quatro regi\u00f5es sem luz - Notibras<\/title>\n<meta name=\"robots\" content=\"index, follow, max-snippet:-1, max-image-preview:large, max-video-preview:-1\" \/>\n<link rel=\"canonical\" href=\"https:\/\/www.notibras.com\/site\/revisao-de-linha-de-transmissao-deixa-quatro-regioes-sem-luz\/\" \/>\n<meta property=\"og:locale\" content=\"pt_BR\" \/>\n<meta property=\"og:type\" content=\"article\" \/>\n<meta property=\"og:title\" content=\"Revis\u00e3o de linha de transmiss\u00e3o deixa quatro regi\u00f5es sem luz - Notibras\" \/>\n<meta property=\"og:description\" content=\"A energia ser\u00e1 desligada, a partir das 8h30 desta quarta-feira (21), em alguns endere\u00e7os de \u00c1guas Claras, Planaltina, Plano Piloto e, a partir de 12h30, no Jardim Bot\u00e2nico. A interrup\u00e7\u00e3o no fornecimento el\u00e9trico ocorrer\u00e1 para que as equipes da Neoenergia trabalhem na constru\u00e7\u00e3o e manuten\u00e7\u00e3o de rede e na poda de \u00e1rvores. Na regi\u00e3o de [&hellip;]\" \/>\n<meta property=\"og:url\" content=\"https:\/\/www.notibras.com\/site\/revisao-de-linha-de-transmissao-deixa-quatro-regioes-sem-luz\/\" \/>\n<meta property=\"og:site_name\" content=\"Notibras\" \/>\n<meta property=\"article:publisher\" content=\"https:\/\/www.facebook.com\/notibras\/\" \/>\n<meta property=\"article:published_time\" content=\"2022-12-21T03:00:13+00:00\" \/>\n<meta property=\"article:modified_time\" content=\"2022-12-21T13:08:56+00:00\" \/>\n<meta property=\"og:image\" content=\"https:\/\/www.notibras.com\/site\/wp-content\/uploads\/2022\/12\/servico02-600x300-1.jpg\" \/>\n\t<meta property=\"og:image:width\" content=\"600\" \/>\n\t<meta property=\"og:image:height\" content=\"300\" \/>\n\t<meta property=\"og:image:type\" content=\"image\/jpeg\" \/>\n<meta name=\"author\" content=\"Reda\u00e7\u00e3o\" \/>\n<meta name=\"twitter:card\" content=\"summary_large_image\" \/>\n<meta name=\"twitter:creator\" content=\"@Notibras\" \/>\n<meta name=\"twitter:site\" content=\"@Notibras\" \/>\n<meta name=\"twitter:label1\" content=\"Escrito por\" \/>\n\t<meta name=\"twitter:data1\" content=\"Reda\u00e7\u00e3o\" \/>\n\t<meta name=\"twitter:label2\" content=\"Est. tempo de leitura\" \/>\n\t<meta name=\"twitter:data2\" content=\"2 minutos\" \/>\n<script type=\"application\/ld+json\" class=\"yoast-schema-graph\">{\"@context\":\"https:\/\/schema.org\",\"@graph\":[{\"@type\":\"Article\",\"@id\":\"https:\/\/www.notibras.com\/site\/revisao-de-linha-de-transmissao-deixa-quatro-regioes-sem-luz\/#article\",\"isPartOf\":{\"@id\":\"https:\/\/www.notibras.com\/site\/revisao-de-linha-de-transmissao-deixa-quatro-regioes-sem-luz\/\"},\"author\":{\"name\":\"Reda\u00e7\u00e3o\",\"@id\":\"https:\/\/www.notibras.com\/site\/#\/schema\/person\/36ab0979449956132d3e5b517ea76ac8\"},\"headline\":\"Revis\u00e3o de linha de transmiss\u00e3o deixa quatro regi\u00f5es sem luz\",\"datePublished\":\"2022-12-21T03:00:13+00:00\",\"dateModified\":\"2022-12-21T13:08:56+00:00\",\"mainEntityOfPage\":{\"@id\":\"https:\/\/www.notibras.com\/site\/revisao-de-linha-de-transmissao-deixa-quatro-regioes-sem-luz\/\"},\"wordCount\":314,\"publisher\":{\"@id\":\"https:\/\/www.notibras.com\/site\/#organization\"},\"image\":{\"@id\":\"https:\/\/www.notibras.com\/site\/revisao-de-linha-de-transmissao-deixa-quatro-regioes-sem-luz\/#primaryimage\"},\"thumbnailUrl\":\"https:\/\/www.notibras.com\/site\/wp-content\/uploads\/2022\/12\/servico02-600x300-1.jpg\",\"articleSection\":[\"Quadradinho em Foco\"],\"inLanguage\":\"pt-BR\"},{\"@type\":\"WebPage\",\"@id\":\"https:\/\/www.notibras.com\/site\/revisao-de-linha-de-transmissao-deixa-quatro-regioes-sem-luz\/\",\"url\":\"https:\/\/www.notibras.com\/site\/revisao-de-linha-de-transmissao-deixa-quatro-regioes-sem-luz\/\",\"name\":\"Revis\u00e3o de linha de transmiss\u00e3o deixa quatro regi\u00f5es sem luz - Notibras\",\"isPartOf\":{\"@id\":\"https:\/\/www.notibras.com\/site\/#website\"},\"primaryImageOfPage\":{\"@id\":\"https:\/\/www.notibras.com\/site\/revisao-de-linha-de-transmissao-deixa-quatro-regioes-sem-luz\/#primaryimage\"},\"image\":{\"@id\":\"https:\/\/www.notibras.com\/site\/revisao-de-linha-de-transmissao-deixa-quatro-regioes-sem-luz\/#primaryimage\"},\"thumbnailUrl\":\"https:\/\/www.notibras.com\/site\/wp-content\/uploads\/2022\/12\/servico02-600x300-1.jpg\",\"datePublished\":\"2022-12-21T03:00:13+00:00\",\"dateModified\":\"2022-12-21T13:08:56+00:00\",\"breadcrumb\":{\"@id\":\"https:\/\/www.notibras.com\/site\/revisao-de-linha-de-transmissao-deixa-quatro-regioes-sem-luz\/#breadcrumb\"},\"inLanguage\":\"pt-BR\",\"potentialAction\":[{\"@type\":\"ReadAction\",\"target\":[\"https:\/\/www.notibras.com\/site\/revisao-de-linha-de-transmissao-deixa-quatro-regioes-sem-luz\/\"]}]},{\"@type\":\"ImageObject\",\"inLanguage\":\"pt-BR\",\"@id\":\"https:\/\/www.notibras.com\/site\/revisao-de-linha-de-transmissao-deixa-quatro-regioes-sem-luz\/#primaryimage\",\"url\":\"https:\/\/www.notibras.com\/site\/wp-content\/uploads\/2022\/12\/servico02-600x300-1.jpg\",\"contentUrl\":\"https:\/\/www.notibras.com\/site\/wp-content\/uploads\/2022\/12\/servico02-600x300-1.jpg\",\"width\":600,\"height\":300},{\"@type\":\"BreadcrumbList\",\"@id\":\"https:\/\/www.notibras.com\/site\/revisao-de-linha-de-transmissao-deixa-quatro-regioes-sem-luz\/#breadcrumb\",\"itemListElement\":[{\"@type\":\"ListItem\",\"position\":1,\"name\":\"In\u00edcio\",\"item\":\"https:\/\/www.notibras.com\/site\/\"},{\"@type\":\"ListItem\",\"position\":2,\"name\":\"Revis\u00e3o de linha de transmiss\u00e3o deixa quatro regi\u00f5es sem luz\"}]},{\"@type\":\"WebSite\",\"@id\":\"https:\/\/www.notibras.com\/site\/#website\",\"url\":\"https:\/\/www.notibras.com\/site\/\",\"name\":\"Notibras\",\"description\":\"Not\u00edcias de Bras\u00edlia, do Brasil e do Mundo\",\"publisher\":{\"@id\":\"https:\/\/www.notibras.com\/site\/#organization\"},\"potentialAction\":[{\"@type\":\"SearchAction\",\"target\":{\"@type\":\"EntryPoint\",\"urlTemplate\":\"https:\/\/www.notibras.com\/site\/?s={search_term_string}\"},\"query-input\":{\"@type\":\"PropertyValueSpecification\",\"valueRequired\":true,\"valueName\":\"search_term_string\"}}],\"inLanguage\":\"pt-BR\"},{\"@type\":\"Organization\",\"@id\":\"https:\/\/www.notibras.com\/site\/#organization\",\"name\":\"Grupo Notibras de Comunica\u00e7\u00e3o\",\"url\":\"https:\/\/www.notibras.com\/site\/\",\"logo\":{\"@type\":\"ImageObject\",\"inLanguage\":\"pt-BR\",\"@id\":\"https:\/\/www.notibras.com\/site\/#\/schema\/logo\/image\/\",\"url\":\"https:\/\/www.notibras.com\/site\/wp-content\/uploads\/2023\/01\/notibras23.png\",\"contentUrl\":\"https:\/\/www.notibras.com\/site\/wp-content\/uploads\/2023\/01\/notibras23.png\",\"width\":350,\"height\":87,\"caption\":\"Grupo Notibras de Comunica\u00e7\u00e3o\"},\"image\":{\"@id\":\"https:\/\/www.notibras.com\/site\/#\/schema\/logo\/image\/\"},\"sameAs\":[\"https:\/\/www.facebook.com\/notibras\/\",\"https:\/\/x.com\/Notibras\",\"https:\/\/www.instagram.com\/notibras\/\"]},{\"@type\":\"Person\",\"@id\":\"https:\/\/www.notibras.com\/site\/#\/schema\/person\/36ab0979449956132d3e5b517ea76ac8\",\"name\":\"Reda\u00e7\u00e3o\",\"image\":{\"@type\":\"ImageObject\",\"inLanguage\":\"pt-BR\",\"@id\":\"https:\/\/secure.gravatar.com\/avatar\/e0a867bdedb85fd243eadf09663511f96fc81e0720a4a42581f334ad4303aa6b?s=96&d=mm&r=g\",\"url\":\"https:\/\/secure.gravatar.com\/avatar\/e0a867bdedb85fd243eadf09663511f96fc81e0720a4a42581f334ad4303aa6b?s=96&d=mm&r=g\",\"contentUrl\":\"https:\/\/secure.gravatar.com\/avatar\/e0a867bdedb85fd243eadf09663511f96fc81e0720a4a42581f334ad4303aa6b?s=96&d=mm&r=g\",\"caption\":\"Reda\u00e7\u00e3o\"}}]}<\/script>\n<!-- \/ Yoast SEO plugin. -->","yoast_head_json":{"title":"Revis\u00e3o de linha de transmiss\u00e3o deixa quatro regi\u00f5es sem luz - Notibras","robots":{"index":"index","follow":"follow","max-snippet":"max-snippet:-1","max-image-preview":"max-image-preview:large","max-video-preview":"max-video-preview:-1"},"canonical":"https:\/\/www.notibras.com\/site\/revisao-de-linha-de-transmissao-deixa-quatro-regioes-sem-luz\/","og_locale":"pt_BR","og_type":"article","og_title":"Revis\u00e3o de linha de transmiss\u00e3o deixa quatro regi\u00f5es sem luz - Notibras","og_description":"A energia ser\u00e1 desligada, a partir das 8h30 desta quarta-feira (21), em alguns endere\u00e7os de \u00c1guas Claras, Planaltina, Plano Piloto e, a partir de 12h30, no Jardim Bot\u00e2nico. A interrup\u00e7\u00e3o no fornecimento el\u00e9trico ocorrer\u00e1 para que as equipes da Neoenergia trabalhem na constru\u00e7\u00e3o e manuten\u00e7\u00e3o de rede e na poda de \u00e1rvores. Na regi\u00e3o de [&hellip;]","og_url":"https:\/\/www.notibras.com\/site\/revisao-de-linha-de-transmissao-deixa-quatro-regioes-sem-luz\/","og_site_name":"Notibras","article_publisher":"https:\/\/www.facebook.com\/notibras\/","article_published_time":"2022-12-21T03:00:13+00:00","article_modified_time":"2022-12-21T13:08:56+00:00","og_image":[{"width":600,"height":300,"url":"https:\/\/www.notibras.com\/site\/wp-content\/uploads\/2022\/12\/servico02-600x300-1.jpg","type":"image\/jpeg"}],"author":"Reda\u00e7\u00e3o","twitter_card":"summary_large_image","twitter_creator":"@Notibras","twitter_site":"@Notibras","twitter_misc":{"Escrito por":"Reda\u00e7\u00e3o","Est. tempo de leitura":"2 minutos"},"schema":{"@context":"https:\/\/schema.org","@graph":[{"@type":"Article","@id":"https:\/\/www.notibras.com\/site\/revisao-de-linha-de-transmissao-deixa-quatro-regioes-sem-luz\/#article","isPartOf":{"@id":"https:\/\/www.notibras.com\/site\/revisao-de-linha-de-transmissao-deixa-quatro-regioes-sem-luz\/"},"author":{"name":"Reda\u00e7\u00e3o","@id":"https:\/\/www.notibras.com\/site\/#\/schema\/person\/36ab0979449956132d3e5b517ea76ac8"},"headline":"Revis\u00e3o de linha de transmiss\u00e3o deixa quatro regi\u00f5es sem luz","datePublished":"2022-12-21T03:00:13+00:00","dateModified":"2022-12-21T13:08:56+00:00","mainEntityOfPage":{"@id":"https:\/\/www.notibras.com\/site\/revisao-de-linha-de-transmissao-deixa-quatro-regioes-sem-luz\/"},"wordCount":314,"publisher":{"@id":"https:\/\/www.notibras.com\/site\/#organization"},"image":{"@id":"https:\/\/www.notibras.com\/site\/revisao-de-linha-de-transmissao-deixa-quatro-regioes-sem-luz\/#primaryimage"},"thumbnailUrl":"https:\/\/www.notibras.com\/site\/wp-content\/uploads\/2022\/12\/servico02-600x300-1.jpg","articleSection":["Quadradinho em Foco"],"inLanguage":"pt-BR"},{"@type":"WebPage","@id":"https:\/\/www.notibras.com\/site\/revisao-de-linha-de-transmissao-deixa-quatro-regioes-sem-luz\/","url":"https:\/\/www.notibras.com\/site\/revisao-de-linha-de-transmissao-deixa-quatro-regioes-sem-luz\/","name":"Revis\u00e3o de linha de transmiss\u00e3o deixa quatro regi\u00f5es sem luz - Notibras","isPartOf":{"@id":"https:\/\/www.notibras.com\/site\/#website"},"primaryImageOfPage":{"@id":"https:\/\/www.notibras.com\/site\/revisao-de-linha-de-transmissao-deixa-quatro-regioes-sem-luz\/#primaryimage"},"image":{"@id":"https:\/\/www.notibras.com\/site\/revisao-de-linha-de-transmissao-deixa-quatro-regioes-sem-luz\/#primaryimage"},"thumbnailUrl":"https:\/\/www.notibras.com\/site\/wp-content\/uploads\/2022\/12\/servico02-600x300-1.jpg","datePublished":"2022-12-21T03:00:13+00:00","dateModified":"2022-12-21T13:08:56+00:00","breadcrumb":{"@id":"https:\/\/www.notibras.com\/site\/revisao-de-linha-de-transmissao-deixa-quatro-regioes-sem-luz\/#breadcrumb"},"inLanguage":"pt-BR","potentialAction":[{"@type":"ReadAction","target":["https:\/\/www.notibras.com\/site\/revisao-de-linha-de-transmissao-deixa-quatro-regioes-sem-luz\/"]}]},{"@type":"ImageObject","inLanguage":"pt-BR","@id":"https:\/\/www.notibras.com\/site\/revisao-de-linha-de-transmissao-deixa-quatro-regioes-sem-luz\/#primaryimage","url":"https:\/\/www.notibras.com\/site\/wp-content\/uploads\/2022\/12\/servico02-600x300-1.jpg","contentUrl":"https:\/\/www.notibras.com\/site\/wp-content\/uploads\/2022\/12\/servico02-600x300-1.jpg","width":600,"height":300},{"@type":"BreadcrumbList","@id":"https:\/\/www.notibras.com\/site\/revisao-de-linha-de-transmissao-deixa-quatro-regioes-sem-luz\/#breadcrumb","itemListElement":[{"@type":"ListItem","position":1,"name":"In\u00edcio","item":"https:\/\/www.notibras.com\/site\/"},{"@type":"ListItem","position":2,"name":"Revis\u00e3o de linha de transmiss\u00e3o deixa quatro regi\u00f5es sem luz"}]},{"@type":"WebSite","@id":"https:\/\/www.notibras.com\/site\/#website","url":"https:\/\/www.notibras.com\/site\/","name":"Notibras","description":"Not\u00edcias de Bras\u00edlia, do Brasil e do Mundo","publisher":{"@id":"https:\/\/www.notibras.com\/site\/#organization"},"potentialAction":[{"@type":"SearchAction","target":{"@type":"EntryPoint","urlTemplate":"https:\/\/www.notibras.com\/site\/?s={search_term_string}"},"query-input":{"@type":"PropertyValueSpecification","valueRequired":true,"valueName":"search_term_string"}}],"inLanguage":"pt-BR"},{"@type":"Organization","@id":"https:\/\/www.notibras.com\/site\/#organization","name":"Grupo Notibras de Comunica\u00e7\u00e3o","url":"https:\/\/www.notibras.com\/site\/","logo":{"@type":"ImageObject","inLanguage":"pt-BR","@id":"https:\/\/www.notibras.com\/site\/#\/schema\/logo\/image\/","url":"https:\/\/www.notibras.com\/site\/wp-content\/uploads\/2023\/01\/notibras23.png","contentUrl":"https:\/\/www.notibras.com\/site\/wp-content\/uploads\/2023\/01\/notibras23.png","width":350,"height":87,"caption":"Grupo Notibras de Comunica\u00e7\u00e3o"},"image":{"@id":"https:\/\/www.notibras.com\/site\/#\/schema\/logo\/image\/"},"sameAs":["https:\/\/www.facebook.com\/notibras\/","https:\/\/x.com\/Notibras","https:\/\/www.instagram.com\/notibras\/"]},{"@type":"Person","@id":"https:\/\/www.notibras.com\/site\/#\/schema\/person\/36ab0979449956132d3e5b517ea76ac8","name":"Reda\u00e7\u00e3o","image":{"@type":"ImageObject","inLanguage":"pt-BR","@id":"https:\/\/secure.gravatar.com\/avatar\/e0a867bdedb85fd243eadf09663511f96fc81e0720a4a42581f334ad4303aa6b?s=96&d=mm&r=g","url":"https:\/\/secure.gravatar.com\/avatar\/e0a867bdedb85fd243eadf09663511f96fc81e0720a4a42581f334ad4303aa6b?s=96&d=mm&r=g","contentUrl":"https:\/\/secure.gravatar.com\/avatar\/e0a867bdedb85fd243eadf09663511f96fc81e0720a4a42581f334ad4303aa6b?s=96&d=mm&r=g","caption":"Reda\u00e7\u00e3o"}}]}},"amp_enabled":true,"_links":{"self":[{"href":"https:\/\/www.notibras.com\/site\/wp-json\/wp\/v2\/posts\/296575","targetHints":{"allow":["GET"]}}],"collection":[{"href":"https:\/\/www.notibras.com\/site\/wp-json\/wp\/v2\/posts"}],"about":[{"href":"https:\/\/www.notibras.com\/site\/wp-json\/wp\/v2\/types\/post"}],"author":[{"embeddable":true,"href":"https:\/\/www.notibras.com\/site\/wp-json\/wp\/v2\/users\/2"}],"replies":[{"embeddable":true,"href":"https:\/\/www.notibras.com\/site\/wp-json\/wp\/v2\/comments?post=296575"}],"version-history":[{"count":1,"href":"https:\/\/www.notibras.com\/site\/wp-json\/wp\/v2\/posts\/296575\/revisions"}],"predecessor-version":[{"id":296577,"href":"https:\/\/www.notibras.com\/site\/wp-json\/wp\/v2\/posts\/296575\/revisions\/296577"}],"wp:featuredmedia":[{"embeddable":true,"href":"https:\/\/www.notibras.com\/site\/wp-json\/wp\/v2\/media\/296576"}],"wp:attachment":[{"href":"https:\/\/www.notibras.com\/site\/wp-json\/wp\/v2\/media?parent=296575"}],"wp:term":[{"taxonomy":"category","embeddable":true,"href":"https:\/\/www.notibras.com\/site\/wp-json\/wp\/v2\/categories?post=296575"},{"taxonomy":"post_tag","embeddable":true,"href":"https:\/\/www.notibras.com\/site\/wp-json\/wp\/v2\/tags?post=296575"}],"curies":[{"name":"wp","href":"https:\/\/api.w.org\/{rel}","templated":true}]}}