{"id":296578,"date":"2022-12-21T00:00:18","date_gmt":"2022-12-21T03:00:18","guid":{"rendered":"https:\/\/www.notibras.com\/site\/?p=296578"},"modified":"2022-12-21T10:14:24","modified_gmt":"2022-12-21T13:14:24","slug":"alunos-da-rede-publica-tem-aula-de-ocupacao-do-solo-e-descarte-de-lixo","status":"publish","type":"post","link":"https:\/\/www.notibras.com\/site\/alunos-da-rede-publica-tem-aula-de-ocupacao-do-solo-e-descarte-de-lixo\/","title":{"rendered":"Alunos da rede p\u00fablica t\u00eam aula de ocupa\u00e7\u00e3o do solo e descarte de lixo"},"content":{"rendered":"<p>Com cerca de 5 mil alunos j\u00e1 atendidos na rede p\u00fablica, o programa DF Legal nas Escolas ser\u00e1 retomado em 2023 para promover cidadania e no\u00e7\u00f5es de como preservar a ordem urban\u00edstica do Distrito Federal. Depois de atender alunos dos 6\u00ba e 7\u00ba anos do ensino fundamental com palestras e din\u00e2micas em grupo, agora a iniciativa ser\u00e1 expandida para orientar estudantes dos 8\u00ba e 9\u00ba anos e tamb\u00e9m do ensino m\u00e9dio.<\/p>\n<p>As aulas s\u00e3o ministradas por auditores e inspetores da Secretaria DF Legal que orientam sobre temas como descarte de res\u00edduos, ocupa\u00e7\u00e3o irregular do solo e edifica\u00e7\u00f5es irregulares. Uma portaria assinada no final de novembro permitiu a retomada do programa, ap\u00f3s um longo per\u00edodo de pandemia.<\/p>\n<p>\u201cFicamos encantados com o DF Legal nas Escolas, j\u00e1 que desperta a consci\u00eancia dos alunos desde cedo sobre como cuidar da nossa cidade\u201d, aponta a diretora da Escola Classe 55 de Ceil\u00e2ndia, Fran\u00e7oise Bernardes. A comunidade escolar assistiu \u00e0s palestras em 2020. \u201cPercebemos que os meninos logo come\u00e7aram a \u2018fiscalizar\u2019 o lixo na nossa cidade, a discutir o assunto em sala de aula. Foi muito positivo.\u201d<\/p>\n<p>Coordenador do DF Legal nas Escolas desde 2019, o diretor de Planejamento, Valoriza\u00e7\u00e3o do Servidor da pasta, Luciano Silvestre, frisa que esta \u201c\u00e9 uma forma de promover a educa\u00e7\u00e3o fiscal nas a\u00e7\u00f5es da secretaria, se mostrando como um bra\u00e7o educacional junto \u00e0 popula\u00e7\u00e3o do DF\u201d. Por meio do programa, estudantes s\u00e3o informados sobre a\u00e7\u00f5es de fiscaliza\u00e7\u00e3o relacionadas \u00e0 cidade onde o aluno mora.<\/p>\n<p>\u201cPor exemplo, em Ceil\u00e2ndia falamos da fiscaliza\u00e7\u00e3o de res\u00edduos s\u00f3lidos, j\u00e1 que \u00e9 uma \u00e1rea onde ainda s\u00e3o encontrados lix\u00f5es. No Sol Nascente, trabalhamos a quest\u00e3o da ocupa\u00e7\u00e3o irregular. Isso tudo pelo lado educativo\u201d, explica Silvestre. \u201cQueremos mostrar que n\u00e3o basta o DF Legal multar um infrator ou outros \u00f3rg\u00e3os recolherem o lixo. A ideia \u00e9 que n\u00e3o se polua mais as cidades e que se aprenda isso desde cedo.\u201d<\/p>\n<p>Ao final dos ensinamentos, os alunos ganham um simb\u00f3lico crach\u00e1 de fiscal-mirim e levam sacolas de lixo para casa, fortalecendo a l\u00f3gica de que a educa\u00e7\u00e3o faz muito mais efeito do que a puni\u00e7\u00e3o.<\/p>\n<p>\u201cVejo essa parceria como uma forma de incentivar e esclarecer a import\u00e2ncia de se manter uma cidade limpa e organizada. Estamos formando estudantes para serem exemplos de cidad\u00e3os e, dessa forma, zelar pela nossa cidade\u201d, destaca a secret\u00e1ria de Educa\u00e7\u00e3o, H\u00e9lvia Paranagu\u00e1.<\/p>\n","protected":false},"excerpt":{"rendered":"<p>Com cerca de 5 mil alunos j\u00e1 atendidos na rede p\u00fablica, o programa DF Legal nas Escolas ser\u00e1 retomado em 2023 para promover cidadania e no\u00e7\u00f5es de como preservar a ordem urban\u00edstica do Distrito Federal. Depois de atender alunos dos 6\u00ba e 7\u00ba anos do ensino fundamental com palestras e din\u00e2micas em grupo, agora a [&hellip;]<\/p>\n","protected":false},"author":2,"featured_media":296579,"comment_status":"closed","ping_status":"closed","sticky":false,"template":"","format":"standard","meta":{"_acf_changed":false,"footnotes":""},"categories":[161],"tags":[],"class_list":["post-296578","post","type-post","status-publish","format-standard","has-post-thumbnail","hentry","category-quadradinho-em-foco"],"acf":[],"yoast_head":"<!-- This site is optimized with the Yoast SEO plugin v27.2 - https:\/\/yoast.com\/product\/yoast-seo-wordpress\/ -->\n<title>Alunos da rede p\u00fablica t\u00eam aula de ocupa\u00e7\u00e3o do solo e descarte de lixo - Notibras<\/title>\n<meta name=\"robots\" content=\"index, follow, max-snippet:-1, max-image-preview:large, max-video-preview:-1\" \/>\n<link rel=\"canonical\" href=\"https:\/\/www.notibras.com\/site\/alunos-da-rede-publica-tem-aula-de-ocupacao-do-solo-e-descarte-de-lixo\/\" \/>\n<meta property=\"og:locale\" content=\"pt_BR\" \/>\n<meta property=\"og:type\" content=\"article\" \/>\n<meta property=\"og:title\" content=\"Alunos da rede p\u00fablica t\u00eam aula de ocupa\u00e7\u00e3o do solo e descarte de lixo - Notibras\" \/>\n<meta property=\"og:description\" content=\"Com cerca de 5 mil alunos j\u00e1 atendidos na rede p\u00fablica, o programa DF Legal nas Escolas ser\u00e1 retomado em 2023 para promover cidadania e no\u00e7\u00f5es de como preservar a ordem urban\u00edstica do Distrito Federal. Depois de atender alunos dos 6\u00ba e 7\u00ba anos do ensino fundamental com palestras e din\u00e2micas em grupo, agora a [&hellip;]\" \/>\n<meta property=\"og:url\" content=\"https:\/\/www.notibras.com\/site\/alunos-da-rede-publica-tem-aula-de-ocupacao-do-solo-e-descarte-de-lixo\/\" \/>\n<meta property=\"og:site_name\" content=\"Notibras\" \/>\n<meta property=\"article:publisher\" content=\"https:\/\/www.facebook.com\/notibras\/\" \/>\n<meta property=\"article:published_time\" content=\"2022-12-21T03:00:18+00:00\" \/>\n<meta property=\"article:modified_time\" content=\"2022-12-21T13:14:24+00:00\" \/>\n<meta property=\"og:image\" content=\"https:\/\/www.notibras.com\/site\/wp-content\/uploads\/2022\/12\/WhatsApp-Image-2022-12-09-at-11.41.44.jpeg\" \/>\n\t<meta property=\"og:image:width\" content=\"1280\" \/>\n\t<meta property=\"og:image:height\" content=\"854\" \/>\n\t<meta property=\"og:image:type\" content=\"image\/jpeg\" \/>\n<meta name=\"author\" content=\"Reda\u00e7\u00e3o\" \/>\n<meta name=\"twitter:card\" content=\"summary_large_image\" \/>\n<meta name=\"twitter:creator\" content=\"@Notibras\" \/>\n<meta name=\"twitter:site\" content=\"@Notibras\" \/>\n<meta name=\"twitter:label1\" content=\"Escrito por\" \/>\n\t<meta name=\"twitter:data1\" content=\"Reda\u00e7\u00e3o\" \/>\n\t<meta name=\"twitter:label2\" content=\"Est. tempo de leitura\" \/>\n\t<meta name=\"twitter:data2\" content=\"3 minutos\" \/>\n<script type=\"application\/ld+json\" class=\"yoast-schema-graph\">{\"@context\":\"https:\/\/schema.org\",\"@graph\":[{\"@type\":\"Article\",\"@id\":\"https:\/\/www.notibras.com\/site\/alunos-da-rede-publica-tem-aula-de-ocupacao-do-solo-e-descarte-de-lixo\/#article\",\"isPartOf\":{\"@id\":\"https:\/\/www.notibras.com\/site\/alunos-da-rede-publica-tem-aula-de-ocupacao-do-solo-e-descarte-de-lixo\/\"},\"author\":{\"name\":\"Reda\u00e7\u00e3o\",\"@id\":\"https:\/\/www.notibras.com\/site\/#\/schema\/person\/36ab0979449956132d3e5b517ea76ac8\"},\"headline\":\"Alunos da rede p\u00fablica t\u00eam aula de ocupa\u00e7\u00e3o do solo e descarte de lixo\",\"datePublished\":\"2022-12-21T03:00:18+00:00\",\"dateModified\":\"2022-12-21T13:14:24+00:00\",\"mainEntityOfPage\":{\"@id\":\"https:\/\/www.notibras.com\/site\/alunos-da-rede-publica-tem-aula-de-ocupacao-do-solo-e-descarte-de-lixo\/\"},\"wordCount\":438,\"publisher\":{\"@id\":\"https:\/\/www.notibras.com\/site\/#organization\"},\"image\":{\"@id\":\"https:\/\/www.notibras.com\/site\/alunos-da-rede-publica-tem-aula-de-ocupacao-do-solo-e-descarte-de-lixo\/#primaryimage\"},\"thumbnailUrl\":\"https:\/\/www.notibras.com\/site\/wp-content\/uploads\/2022\/12\/WhatsApp-Image-2022-12-09-at-11.41.44.jpeg\",\"articleSection\":[\"Quadradinho em Foco\"],\"inLanguage\":\"pt-BR\"},{\"@type\":\"WebPage\",\"@id\":\"https:\/\/www.notibras.com\/site\/alunos-da-rede-publica-tem-aula-de-ocupacao-do-solo-e-descarte-de-lixo\/\",\"url\":\"https:\/\/www.notibras.com\/site\/alunos-da-rede-publica-tem-aula-de-ocupacao-do-solo-e-descarte-de-lixo\/\",\"name\":\"Alunos da rede p\u00fablica t\u00eam aula de ocupa\u00e7\u00e3o do solo e descarte de lixo - Notibras\",\"isPartOf\":{\"@id\":\"https:\/\/www.notibras.com\/site\/#website\"},\"primaryImageOfPage\":{\"@id\":\"https:\/\/www.notibras.com\/site\/alunos-da-rede-publica-tem-aula-de-ocupacao-do-solo-e-descarte-de-lixo\/#primaryimage\"},\"image\":{\"@id\":\"https:\/\/www.notibras.com\/site\/alunos-da-rede-publica-tem-aula-de-ocupacao-do-solo-e-descarte-de-lixo\/#primaryimage\"},\"thumbnailUrl\":\"https:\/\/www.notibras.com\/site\/wp-content\/uploads\/2022\/12\/WhatsApp-Image-2022-12-09-at-11.41.44.jpeg\",\"datePublished\":\"2022-12-21T03:00:18+00:00\",\"dateModified\":\"2022-12-21T13:14:24+00:00\",\"breadcrumb\":{\"@id\":\"https:\/\/www.notibras.com\/site\/alunos-da-rede-publica-tem-aula-de-ocupacao-do-solo-e-descarte-de-lixo\/#breadcrumb\"},\"inLanguage\":\"pt-BR\",\"potentialAction\":[{\"@type\":\"ReadAction\",\"target\":[\"https:\/\/www.notibras.com\/site\/alunos-da-rede-publica-tem-aula-de-ocupacao-do-solo-e-descarte-de-lixo\/\"]}]},{\"@type\":\"ImageObject\",\"inLanguage\":\"pt-BR\",\"@id\":\"https:\/\/www.notibras.com\/site\/alunos-da-rede-publica-tem-aula-de-ocupacao-do-solo-e-descarte-de-lixo\/#primaryimage\",\"url\":\"https:\/\/www.notibras.com\/site\/wp-content\/uploads\/2022\/12\/WhatsApp-Image-2022-12-09-at-11.41.44.jpeg\",\"contentUrl\":\"https:\/\/www.notibras.com\/site\/wp-content\/uploads\/2022\/12\/WhatsApp-Image-2022-12-09-at-11.41.44.jpeg\",\"width\":1280,\"height\":854},{\"@type\":\"BreadcrumbList\",\"@id\":\"https:\/\/www.notibras.com\/site\/alunos-da-rede-publica-tem-aula-de-ocupacao-do-solo-e-descarte-de-lixo\/#breadcrumb\",\"itemListElement\":[{\"@type\":\"ListItem\",\"position\":1,\"name\":\"In\u00edcio\",\"item\":\"https:\/\/www.notibras.com\/site\/\"},{\"@type\":\"ListItem\",\"position\":2,\"name\":\"Alunos da rede p\u00fablica t\u00eam aula de ocupa\u00e7\u00e3o do solo e descarte de lixo\"}]},{\"@type\":\"WebSite\",\"@id\":\"https:\/\/www.notibras.com\/site\/#website\",\"url\":\"https:\/\/www.notibras.com\/site\/\",\"name\":\"Notibras\",\"description\":\"Not\u00edcias de Bras\u00edlia, do Brasil e do Mundo\",\"publisher\":{\"@id\":\"https:\/\/www.notibras.com\/site\/#organization\"},\"potentialAction\":[{\"@type\":\"SearchAction\",\"target\":{\"@type\":\"EntryPoint\",\"urlTemplate\":\"https:\/\/www.notibras.com\/site\/?s={search_term_string}\"},\"query-input\":{\"@type\":\"PropertyValueSpecification\",\"valueRequired\":true,\"valueName\":\"search_term_string\"}}],\"inLanguage\":\"pt-BR\"},{\"@type\":\"Organization\",\"@id\":\"https:\/\/www.notibras.com\/site\/#organization\",\"name\":\"Grupo Notibras de Comunica\u00e7\u00e3o\",\"url\":\"https:\/\/www.notibras.com\/site\/\",\"logo\":{\"@type\":\"ImageObject\",\"inLanguage\":\"pt-BR\",\"@id\":\"https:\/\/www.notibras.com\/site\/#\/schema\/logo\/image\/\",\"url\":\"https:\/\/www.notibras.com\/site\/wp-content\/uploads\/2023\/01\/notibras23.png\",\"contentUrl\":\"https:\/\/www.notibras.com\/site\/wp-content\/uploads\/2023\/01\/notibras23.png\",\"width\":350,\"height\":87,\"caption\":\"Grupo Notibras de Comunica\u00e7\u00e3o\"},\"image\":{\"@id\":\"https:\/\/www.notibras.com\/site\/#\/schema\/logo\/image\/\"},\"sameAs\":[\"https:\/\/www.facebook.com\/notibras\/\",\"https:\/\/x.com\/Notibras\",\"https:\/\/www.instagram.com\/notibras\/\"]},{\"@type\":\"Person\",\"@id\":\"https:\/\/www.notibras.com\/site\/#\/schema\/person\/36ab0979449956132d3e5b517ea76ac8\",\"name\":\"Reda\u00e7\u00e3o\",\"image\":{\"@type\":\"ImageObject\",\"inLanguage\":\"pt-BR\",\"@id\":\"https:\/\/secure.gravatar.com\/avatar\/e0a867bdedb85fd243eadf09663511f96fc81e0720a4a42581f334ad4303aa6b?s=96&d=mm&r=g\",\"url\":\"https:\/\/secure.gravatar.com\/avatar\/e0a867bdedb85fd243eadf09663511f96fc81e0720a4a42581f334ad4303aa6b?s=96&d=mm&r=g\",\"contentUrl\":\"https:\/\/secure.gravatar.com\/avatar\/e0a867bdedb85fd243eadf09663511f96fc81e0720a4a42581f334ad4303aa6b?s=96&d=mm&r=g\",\"caption\":\"Reda\u00e7\u00e3o\"}}]}<\/script>\n<!-- \/ Yoast SEO plugin. -->","yoast_head_json":{"title":"Alunos da rede p\u00fablica t\u00eam aula de ocupa\u00e7\u00e3o do solo e descarte de lixo - Notibras","robots":{"index":"index","follow":"follow","max-snippet":"max-snippet:-1","max-image-preview":"max-image-preview:large","max-video-preview":"max-video-preview:-1"},"canonical":"https:\/\/www.notibras.com\/site\/alunos-da-rede-publica-tem-aula-de-ocupacao-do-solo-e-descarte-de-lixo\/","og_locale":"pt_BR","og_type":"article","og_title":"Alunos da rede p\u00fablica t\u00eam aula de ocupa\u00e7\u00e3o do solo e descarte de lixo - Notibras","og_description":"Com cerca de 5 mil alunos j\u00e1 atendidos na rede p\u00fablica, o programa DF Legal nas Escolas ser\u00e1 retomado em 2023 para promover cidadania e no\u00e7\u00f5es de como preservar a ordem urban\u00edstica do Distrito Federal. Depois de atender alunos dos 6\u00ba e 7\u00ba anos do ensino fundamental com palestras e din\u00e2micas em grupo, agora a [&hellip;]","og_url":"https:\/\/www.notibras.com\/site\/alunos-da-rede-publica-tem-aula-de-ocupacao-do-solo-e-descarte-de-lixo\/","og_site_name":"Notibras","article_publisher":"https:\/\/www.facebook.com\/notibras\/","article_published_time":"2022-12-21T03:00:18+00:00","article_modified_time":"2022-12-21T13:14:24+00:00","og_image":[{"width":1280,"height":854,"url":"https:\/\/www.notibras.com\/site\/wp-content\/uploads\/2022\/12\/WhatsApp-Image-2022-12-09-at-11.41.44.jpeg","type":"image\/jpeg"}],"author":"Reda\u00e7\u00e3o","twitter_card":"summary_large_image","twitter_creator":"@Notibras","twitter_site":"@Notibras","twitter_misc":{"Escrito por":"Reda\u00e7\u00e3o","Est. tempo de leitura":"3 minutos"},"schema":{"@context":"https:\/\/schema.org","@graph":[{"@type":"Article","@id":"https:\/\/www.notibras.com\/site\/alunos-da-rede-publica-tem-aula-de-ocupacao-do-solo-e-descarte-de-lixo\/#article","isPartOf":{"@id":"https:\/\/www.notibras.com\/site\/alunos-da-rede-publica-tem-aula-de-ocupacao-do-solo-e-descarte-de-lixo\/"},"author":{"name":"Reda\u00e7\u00e3o","@id":"https:\/\/www.notibras.com\/site\/#\/schema\/person\/36ab0979449956132d3e5b517ea76ac8"},"headline":"Alunos da rede p\u00fablica t\u00eam aula de ocupa\u00e7\u00e3o do solo e descarte de lixo","datePublished":"2022-12-21T03:00:18+00:00","dateModified":"2022-12-21T13:14:24+00:00","mainEntityOfPage":{"@id":"https:\/\/www.notibras.com\/site\/alunos-da-rede-publica-tem-aula-de-ocupacao-do-solo-e-descarte-de-lixo\/"},"wordCount":438,"publisher":{"@id":"https:\/\/www.notibras.com\/site\/#organization"},"image":{"@id":"https:\/\/www.notibras.com\/site\/alunos-da-rede-publica-tem-aula-de-ocupacao-do-solo-e-descarte-de-lixo\/#primaryimage"},"thumbnailUrl":"https:\/\/www.notibras.com\/site\/wp-content\/uploads\/2022\/12\/WhatsApp-Image-2022-12-09-at-11.41.44.jpeg","articleSection":["Quadradinho em Foco"],"inLanguage":"pt-BR"},{"@type":"WebPage","@id":"https:\/\/www.notibras.com\/site\/alunos-da-rede-publica-tem-aula-de-ocupacao-do-solo-e-descarte-de-lixo\/","url":"https:\/\/www.notibras.com\/site\/alunos-da-rede-publica-tem-aula-de-ocupacao-do-solo-e-descarte-de-lixo\/","name":"Alunos da rede p\u00fablica t\u00eam aula de ocupa\u00e7\u00e3o do solo e descarte de lixo - Notibras","isPartOf":{"@id":"https:\/\/www.notibras.com\/site\/#website"},"primaryImageOfPage":{"@id":"https:\/\/www.notibras.com\/site\/alunos-da-rede-publica-tem-aula-de-ocupacao-do-solo-e-descarte-de-lixo\/#primaryimage"},"image":{"@id":"https:\/\/www.notibras.com\/site\/alunos-da-rede-publica-tem-aula-de-ocupacao-do-solo-e-descarte-de-lixo\/#primaryimage"},"thumbnailUrl":"https:\/\/www.notibras.com\/site\/wp-content\/uploads\/2022\/12\/WhatsApp-Image-2022-12-09-at-11.41.44.jpeg","datePublished":"2022-12-21T03:00:18+00:00","dateModified":"2022-12-21T13:14:24+00:00","breadcrumb":{"@id":"https:\/\/www.notibras.com\/site\/alunos-da-rede-publica-tem-aula-de-ocupacao-do-solo-e-descarte-de-lixo\/#breadcrumb"},"inLanguage":"pt-BR","potentialAction":[{"@type":"ReadAction","target":["https:\/\/www.notibras.com\/site\/alunos-da-rede-publica-tem-aula-de-ocupacao-do-solo-e-descarte-de-lixo\/"]}]},{"@type":"ImageObject","inLanguage":"pt-BR","@id":"https:\/\/www.notibras.com\/site\/alunos-da-rede-publica-tem-aula-de-ocupacao-do-solo-e-descarte-de-lixo\/#primaryimage","url":"https:\/\/www.notibras.com\/site\/wp-content\/uploads\/2022\/12\/WhatsApp-Image-2022-12-09-at-11.41.44.jpeg","contentUrl":"https:\/\/www.notibras.com\/site\/wp-content\/uploads\/2022\/12\/WhatsApp-Image-2022-12-09-at-11.41.44.jpeg","width":1280,"height":854},{"@type":"BreadcrumbList","@id":"https:\/\/www.notibras.com\/site\/alunos-da-rede-publica-tem-aula-de-ocupacao-do-solo-e-descarte-de-lixo\/#breadcrumb","itemListElement":[{"@type":"ListItem","position":1,"name":"In\u00edcio","item":"https:\/\/www.notibras.com\/site\/"},{"@type":"ListItem","position":2,"name":"Alunos da rede p\u00fablica t\u00eam aula de ocupa\u00e7\u00e3o do solo e descarte de lixo"}]},{"@type":"WebSite","@id":"https:\/\/www.notibras.com\/site\/#website","url":"https:\/\/www.notibras.com\/site\/","name":"Notibras","description":"Not\u00edcias de Bras\u00edlia, do Brasil e do Mundo","publisher":{"@id":"https:\/\/www.notibras.com\/site\/#organization"},"potentialAction":[{"@type":"SearchAction","target":{"@type":"EntryPoint","urlTemplate":"https:\/\/www.notibras.com\/site\/?s={search_term_string}"},"query-input":{"@type":"PropertyValueSpecification","valueRequired":true,"valueName":"search_term_string"}}],"inLanguage":"pt-BR"},{"@type":"Organization","@id":"https:\/\/www.notibras.com\/site\/#organization","name":"Grupo Notibras de Comunica\u00e7\u00e3o","url":"https:\/\/www.notibras.com\/site\/","logo":{"@type":"ImageObject","inLanguage":"pt-BR","@id":"https:\/\/www.notibras.com\/site\/#\/schema\/logo\/image\/","url":"https:\/\/www.notibras.com\/site\/wp-content\/uploads\/2023\/01\/notibras23.png","contentUrl":"https:\/\/www.notibras.com\/site\/wp-content\/uploads\/2023\/01\/notibras23.png","width":350,"height":87,"caption":"Grupo Notibras de Comunica\u00e7\u00e3o"},"image":{"@id":"https:\/\/www.notibras.com\/site\/#\/schema\/logo\/image\/"},"sameAs":["https:\/\/www.facebook.com\/notibras\/","https:\/\/x.com\/Notibras","https:\/\/www.instagram.com\/notibras\/"]},{"@type":"Person","@id":"https:\/\/www.notibras.com\/site\/#\/schema\/person\/36ab0979449956132d3e5b517ea76ac8","name":"Reda\u00e7\u00e3o","image":{"@type":"ImageObject","inLanguage":"pt-BR","@id":"https:\/\/secure.gravatar.com\/avatar\/e0a867bdedb85fd243eadf09663511f96fc81e0720a4a42581f334ad4303aa6b?s=96&d=mm&r=g","url":"https:\/\/secure.gravatar.com\/avatar\/e0a867bdedb85fd243eadf09663511f96fc81e0720a4a42581f334ad4303aa6b?s=96&d=mm&r=g","contentUrl":"https:\/\/secure.gravatar.com\/avatar\/e0a867bdedb85fd243eadf09663511f96fc81e0720a4a42581f334ad4303aa6b?s=96&d=mm&r=g","caption":"Reda\u00e7\u00e3o"}}]}},"amp_enabled":true,"_links":{"self":[{"href":"https:\/\/www.notibras.com\/site\/wp-json\/wp\/v2\/posts\/296578","targetHints":{"allow":["GET"]}}],"collection":[{"href":"https:\/\/www.notibras.com\/site\/wp-json\/wp\/v2\/posts"}],"about":[{"href":"https:\/\/www.notibras.com\/site\/wp-json\/wp\/v2\/types\/post"}],"author":[{"embeddable":true,"href":"https:\/\/www.notibras.com\/site\/wp-json\/wp\/v2\/users\/2"}],"replies":[{"embeddable":true,"href":"https:\/\/www.notibras.com\/site\/wp-json\/wp\/v2\/comments?post=296578"}],"version-history":[{"count":1,"href":"https:\/\/www.notibras.com\/site\/wp-json\/wp\/v2\/posts\/296578\/revisions"}],"predecessor-version":[{"id":296580,"href":"https:\/\/www.notibras.com\/site\/wp-json\/wp\/v2\/posts\/296578\/revisions\/296580"}],"wp:featuredmedia":[{"embeddable":true,"href":"https:\/\/www.notibras.com\/site\/wp-json\/wp\/v2\/media\/296579"}],"wp:attachment":[{"href":"https:\/\/www.notibras.com\/site\/wp-json\/wp\/v2\/media?parent=296578"}],"wp:term":[{"taxonomy":"category","embeddable":true,"href":"https:\/\/www.notibras.com\/site\/wp-json\/wp\/v2\/categories?post=296578"},{"taxonomy":"post_tag","embeddable":true,"href":"https:\/\/www.notibras.com\/site\/wp-json\/wp\/v2\/tags?post=296578"}],"curies":[{"name":"wp","href":"https:\/\/api.w.org\/{rel}","templated":true}]}}