{"id":296720,"date":"2022-12-24T00:35:04","date_gmt":"2022-12-24T03:35:04","guid":{"rendered":"https:\/\/www.notibras.com\/site\/?p=296720"},"modified":"2022-12-24T08:23:30","modified_gmt":"2022-12-24T11:23:30","slug":"governo-cria-programa-para-descarte-correto-de-vidros","status":"publish","type":"post","link":"https:\/\/www.notibras.com\/site\/governo-cria-programa-para-descarte-correto-de-vidros\/","title":{"rendered":"Governo cria programa para descarte correto de vidros"},"content":{"rendered":"<p>Mais de 1 bilh\u00e3o de garrafas de vidro s\u00e3o descartadas no pa\u00eds, parte de forma inadequada em praias, rios, terrenos baldios e lix\u00f5es. Parte dessas garrafas vai parar em aterros sanit\u00e1rios, que, embora sejam estruturas adequadas, t\u00eam seu tempo de vida \u00fatil reduzido quando recebem materiais que poderiam ser reaproveitados. Para reverter esse cen\u00e1rio o governo federal criou, por decreto, o sistema nacional de log\u00edstica reversa de embalagens de vidro, que faz parte da Pol\u00edtica Nacional de Res\u00edduos S\u00f3lidos.<\/p>\n<p>O decreto estabelece metas para o \u00edndice de reciclagem de embalagens de vidro descart\u00e1veis e para o \u00edndice de conte\u00fado reciclado, que representa o quanto de material reciclado \u00e9 utilizado na fabrica\u00e7\u00e3o de novas embalagens. Os \u00edndices ser\u00e3o monitorados e avaliados a partir da apresenta\u00e7\u00e3o de dados, informa\u00e7\u00f5es e relat\u00f3rios do Minist\u00e9rio do Meio Ambiente. As informa\u00e7\u00f5es podem ser acessadas no site do programa Recicla+. Desde o lan\u00e7amento da iniciativa, j\u00e1 foram certificadas mais de 300.000 toneladas de materiais recicl\u00e1veis.<\/p>\n<p>As a\u00e7\u00f5es n\u00e3o ter\u00e3o recursos dos cofres p\u00fablicos e ser\u00e3o realizadas pela iniciativa privada, por meio de parcerias entre fabricantes, importadores, distribuidores e comerciantes, de forma semelhante ao que j\u00e1 \u00e9 feito no caso das embalagens retorn\u00e1veis e em v\u00e1rios sistemas de log\u00edstica reversa implantados no pa\u00eds, tais como o sistema de log\u00edstica reversa de eletroeletr\u00f4nicos.<\/p>\n<p>De acordo com Minist\u00e9rio do Meio Ambiente, a falta de regulamenta\u00e7\u00e3o levava empresas a buscarem caco de vidro no exterior, como em pa\u00edses da Europa. Al\u00e9m disso, muitos estados brasileiros n\u00e3o sabiam o que fazer com o vidro descartado. Segundo a pasta, o decreto incentiva a redu\u00e7\u00e3o de custos, \u201cpois quando tais embalagens s\u00e3o direcionadas para a reciclagem, deixam de representar peso e custos no transporte e aterramento\u201d.<\/p>\n<p>A log\u00edstica reversa \u00e9 um sistema que possibilita o retorno de embalagens para o ciclo produtivo, o que contribui para o aumento da reciclagem de vidro no pa\u00eds e, consequentemente, para a redu\u00e7\u00e3o do descarte inadequado no meio ambiente e apresenta efeitos sobre a sa\u00fade p\u00fablica. O ac\u00famulo de \u00e1gua da chuva em garrafas vazias leva \u00e0 prolifera\u00e7\u00e3o de vetores, como, por exemplo, o mosquito Aedes aegypti, transmissor da dengue, chikungunya, zika e febre amarela urbana.<\/p>\n<p>A medida tamb\u00e9m tem impacto no clima, pois a reciclagem aumenta a efici\u00eancia energ\u00e9tica na ind\u00fastria fabricante de vidro e reduz a emiss\u00e3o de gases de efeito estufa. O caco de vidro reciclado demanda 40% menos energia e n\u00e3o emite g\u00e1s carb\u00f4nico.<\/p>\n","protected":false},"excerpt":{"rendered":"<p>Mais de 1 bilh\u00e3o de garrafas de vidro s\u00e3o descartadas no pa\u00eds, parte de forma inadequada em praias, rios, terrenos baldios e lix\u00f5es. Parte dessas garrafas vai parar em aterros sanit\u00e1rios, que, embora sejam estruturas adequadas, t\u00eam seu tempo de vida \u00fatil reduzido quando recebem materiais que poderiam ser reaproveitados. Para reverter esse cen\u00e1rio o [&hellip;]<\/p>\n","protected":false},"author":2,"featured_media":296721,"comment_status":"closed","ping_status":"closed","sticky":false,"template":"","format":"standard","meta":{"_acf_changed":false,"footnotes":""},"categories":[161],"tags":[95],"class_list":["post-296720","post","type-post","status-publish","format-standard","has-post-thumbnail","hentry","category-quadradinho-em-foco","tag-capa"],"acf":[],"yoast_head":"<!-- This site is optimized with the Yoast SEO plugin v27.2 - https:\/\/yoast.com\/product\/yoast-seo-wordpress\/ -->\n<title>Governo cria programa para descarte correto de vidros - Notibras<\/title>\n<meta name=\"robots\" content=\"index, follow, max-snippet:-1, max-image-preview:large, max-video-preview:-1\" \/>\n<link rel=\"canonical\" href=\"https:\/\/www.notibras.com\/site\/governo-cria-programa-para-descarte-correto-de-vidros\/\" \/>\n<meta property=\"og:locale\" content=\"pt_BR\" \/>\n<meta property=\"og:type\" content=\"article\" \/>\n<meta property=\"og:title\" content=\"Governo cria programa para descarte correto de vidros - Notibras\" \/>\n<meta property=\"og:description\" content=\"Mais de 1 bilh\u00e3o de garrafas de vidro s\u00e3o descartadas no pa\u00eds, parte de forma inadequada em praias, rios, terrenos baldios e lix\u00f5es. Parte dessas garrafas vai parar em aterros sanit\u00e1rios, que, embora sejam estruturas adequadas, t\u00eam seu tempo de vida \u00fatil reduzido quando recebem materiais que poderiam ser reaproveitados. Para reverter esse cen\u00e1rio o [&hellip;]\" \/>\n<meta property=\"og:url\" content=\"https:\/\/www.notibras.com\/site\/governo-cria-programa-para-descarte-correto-de-vidros\/\" \/>\n<meta property=\"og:site_name\" content=\"Notibras\" \/>\n<meta property=\"article:publisher\" content=\"https:\/\/www.facebook.com\/notibras\/\" \/>\n<meta property=\"article:published_time\" content=\"2022-12-24T03:35:04+00:00\" \/>\n<meta property=\"article:modified_time\" content=\"2022-12-24T11:23:30+00:00\" \/>\n<meta property=\"og:image\" content=\"https:\/\/www.notibras.com\/site\/wp-content\/uploads\/2022\/12\/whatsapp-image-2021-07-17-at-18.21.10-2-1024x680-1.jpeg\" \/>\n\t<meta property=\"og:image:width\" content=\"1170\" \/>\n\t<meta property=\"og:image:height\" content=\"700\" \/>\n\t<meta property=\"og:image:type\" content=\"image\/jpeg\" \/>\n<meta name=\"author\" content=\"Reda\u00e7\u00e3o\" \/>\n<meta name=\"twitter:card\" content=\"summary_large_image\" \/>\n<meta name=\"twitter:creator\" content=\"@Notibras\" \/>\n<meta name=\"twitter:site\" content=\"@Notibras\" \/>\n<meta name=\"twitter:label1\" content=\"Escrito por\" \/>\n\t<meta name=\"twitter:data1\" content=\"Reda\u00e7\u00e3o\" \/>\n\t<meta name=\"twitter:label2\" content=\"Est. tempo de leitura\" \/>\n\t<meta name=\"twitter:data2\" content=\"3 minutos\" \/>\n<script type=\"application\/ld+json\" class=\"yoast-schema-graph\">{\"@context\":\"https:\/\/schema.org\",\"@graph\":[{\"@type\":\"Article\",\"@id\":\"https:\/\/www.notibras.com\/site\/governo-cria-programa-para-descarte-correto-de-vidros\/#article\",\"isPartOf\":{\"@id\":\"https:\/\/www.notibras.com\/site\/governo-cria-programa-para-descarte-correto-de-vidros\/\"},\"author\":{\"name\":\"Reda\u00e7\u00e3o\",\"@id\":\"https:\/\/www.notibras.com\/site\/#\/schema\/person\/36ab0979449956132d3e5b517ea76ac8\"},\"headline\":\"Governo cria programa para descarte correto de vidros\",\"datePublished\":\"2022-12-24T03:35:04+00:00\",\"dateModified\":\"2022-12-24T11:23:30+00:00\",\"mainEntityOfPage\":{\"@id\":\"https:\/\/www.notibras.com\/site\/governo-cria-programa-para-descarte-correto-de-vidros\/\"},\"wordCount\":457,\"publisher\":{\"@id\":\"https:\/\/www.notibras.com\/site\/#organization\"},\"image\":{\"@id\":\"https:\/\/www.notibras.com\/site\/governo-cria-programa-para-descarte-correto-de-vidros\/#primaryimage\"},\"thumbnailUrl\":\"https:\/\/www.notibras.com\/site\/wp-content\/uploads\/2022\/12\/whatsapp-image-2021-07-17-at-18.21.10-2-1024x680-1.jpeg\",\"keywords\":[\"capa\"],\"articleSection\":[\"Quadradinho em Foco\"],\"inLanguage\":\"pt-BR\"},{\"@type\":\"WebPage\",\"@id\":\"https:\/\/www.notibras.com\/site\/governo-cria-programa-para-descarte-correto-de-vidros\/\",\"url\":\"https:\/\/www.notibras.com\/site\/governo-cria-programa-para-descarte-correto-de-vidros\/\",\"name\":\"Governo cria programa para descarte correto de vidros - Notibras\",\"isPartOf\":{\"@id\":\"https:\/\/www.notibras.com\/site\/#website\"},\"primaryImageOfPage\":{\"@id\":\"https:\/\/www.notibras.com\/site\/governo-cria-programa-para-descarte-correto-de-vidros\/#primaryimage\"},\"image\":{\"@id\":\"https:\/\/www.notibras.com\/site\/governo-cria-programa-para-descarte-correto-de-vidros\/#primaryimage\"},\"thumbnailUrl\":\"https:\/\/www.notibras.com\/site\/wp-content\/uploads\/2022\/12\/whatsapp-image-2021-07-17-at-18.21.10-2-1024x680-1.jpeg\",\"datePublished\":\"2022-12-24T03:35:04+00:00\",\"dateModified\":\"2022-12-24T11:23:30+00:00\",\"breadcrumb\":{\"@id\":\"https:\/\/www.notibras.com\/site\/governo-cria-programa-para-descarte-correto-de-vidros\/#breadcrumb\"},\"inLanguage\":\"pt-BR\",\"potentialAction\":[{\"@type\":\"ReadAction\",\"target\":[\"https:\/\/www.notibras.com\/site\/governo-cria-programa-para-descarte-correto-de-vidros\/\"]}]},{\"@type\":\"ImageObject\",\"inLanguage\":\"pt-BR\",\"@id\":\"https:\/\/www.notibras.com\/site\/governo-cria-programa-para-descarte-correto-de-vidros\/#primaryimage\",\"url\":\"https:\/\/www.notibras.com\/site\/wp-content\/uploads\/2022\/12\/whatsapp-image-2021-07-17-at-18.21.10-2-1024x680-1.jpeg\",\"contentUrl\":\"https:\/\/www.notibras.com\/site\/wp-content\/uploads\/2022\/12\/whatsapp-image-2021-07-17-at-18.21.10-2-1024x680-1.jpeg\",\"width\":1170,\"height\":700},{\"@type\":\"BreadcrumbList\",\"@id\":\"https:\/\/www.notibras.com\/site\/governo-cria-programa-para-descarte-correto-de-vidros\/#breadcrumb\",\"itemListElement\":[{\"@type\":\"ListItem\",\"position\":1,\"name\":\"In\u00edcio\",\"item\":\"https:\/\/www.notibras.com\/site\/\"},{\"@type\":\"ListItem\",\"position\":2,\"name\":\"Governo cria programa para descarte correto de vidros\"}]},{\"@type\":\"WebSite\",\"@id\":\"https:\/\/www.notibras.com\/site\/#website\",\"url\":\"https:\/\/www.notibras.com\/site\/\",\"name\":\"Notibras\",\"description\":\"Not\u00edcias de Bras\u00edlia, do Brasil e do Mundo\",\"publisher\":{\"@id\":\"https:\/\/www.notibras.com\/site\/#organization\"},\"potentialAction\":[{\"@type\":\"SearchAction\",\"target\":{\"@type\":\"EntryPoint\",\"urlTemplate\":\"https:\/\/www.notibras.com\/site\/?s={search_term_string}\"},\"query-input\":{\"@type\":\"PropertyValueSpecification\",\"valueRequired\":true,\"valueName\":\"search_term_string\"}}],\"inLanguage\":\"pt-BR\"},{\"@type\":\"Organization\",\"@id\":\"https:\/\/www.notibras.com\/site\/#organization\",\"name\":\"Grupo Notibras de Comunica\u00e7\u00e3o\",\"url\":\"https:\/\/www.notibras.com\/site\/\",\"logo\":{\"@type\":\"ImageObject\",\"inLanguage\":\"pt-BR\",\"@id\":\"https:\/\/www.notibras.com\/site\/#\/schema\/logo\/image\/\",\"url\":\"https:\/\/www.notibras.com\/site\/wp-content\/uploads\/2023\/01\/notibras23.png\",\"contentUrl\":\"https:\/\/www.notibras.com\/site\/wp-content\/uploads\/2023\/01\/notibras23.png\",\"width\":350,\"height\":87,\"caption\":\"Grupo Notibras de Comunica\u00e7\u00e3o\"},\"image\":{\"@id\":\"https:\/\/www.notibras.com\/site\/#\/schema\/logo\/image\/\"},\"sameAs\":[\"https:\/\/www.facebook.com\/notibras\/\",\"https:\/\/x.com\/Notibras\",\"https:\/\/www.instagram.com\/notibras\/\"]},{\"@type\":\"Person\",\"@id\":\"https:\/\/www.notibras.com\/site\/#\/schema\/person\/36ab0979449956132d3e5b517ea76ac8\",\"name\":\"Reda\u00e7\u00e3o\",\"image\":{\"@type\":\"ImageObject\",\"inLanguage\":\"pt-BR\",\"@id\":\"https:\/\/secure.gravatar.com\/avatar\/e0a867bdedb85fd243eadf09663511f96fc81e0720a4a42581f334ad4303aa6b?s=96&d=mm&r=g\",\"url\":\"https:\/\/secure.gravatar.com\/avatar\/e0a867bdedb85fd243eadf09663511f96fc81e0720a4a42581f334ad4303aa6b?s=96&d=mm&r=g\",\"contentUrl\":\"https:\/\/secure.gravatar.com\/avatar\/e0a867bdedb85fd243eadf09663511f96fc81e0720a4a42581f334ad4303aa6b?s=96&d=mm&r=g\",\"caption\":\"Reda\u00e7\u00e3o\"}}]}<\/script>\n<!-- \/ Yoast SEO plugin. -->","yoast_head_json":{"title":"Governo cria programa para descarte correto de vidros - Notibras","robots":{"index":"index","follow":"follow","max-snippet":"max-snippet:-1","max-image-preview":"max-image-preview:large","max-video-preview":"max-video-preview:-1"},"canonical":"https:\/\/www.notibras.com\/site\/governo-cria-programa-para-descarte-correto-de-vidros\/","og_locale":"pt_BR","og_type":"article","og_title":"Governo cria programa para descarte correto de vidros - Notibras","og_description":"Mais de 1 bilh\u00e3o de garrafas de vidro s\u00e3o descartadas no pa\u00eds, parte de forma inadequada em praias, rios, terrenos baldios e lix\u00f5es. Parte dessas garrafas vai parar em aterros sanit\u00e1rios, que, embora sejam estruturas adequadas, t\u00eam seu tempo de vida \u00fatil reduzido quando recebem materiais que poderiam ser reaproveitados. Para reverter esse cen\u00e1rio o [&hellip;]","og_url":"https:\/\/www.notibras.com\/site\/governo-cria-programa-para-descarte-correto-de-vidros\/","og_site_name":"Notibras","article_publisher":"https:\/\/www.facebook.com\/notibras\/","article_published_time":"2022-12-24T03:35:04+00:00","article_modified_time":"2022-12-24T11:23:30+00:00","og_image":[{"width":1170,"height":700,"url":"https:\/\/www.notibras.com\/site\/wp-content\/uploads\/2022\/12\/whatsapp-image-2021-07-17-at-18.21.10-2-1024x680-1.jpeg","type":"image\/jpeg"}],"author":"Reda\u00e7\u00e3o","twitter_card":"summary_large_image","twitter_creator":"@Notibras","twitter_site":"@Notibras","twitter_misc":{"Escrito por":"Reda\u00e7\u00e3o","Est. tempo de leitura":"3 minutos"},"schema":{"@context":"https:\/\/schema.org","@graph":[{"@type":"Article","@id":"https:\/\/www.notibras.com\/site\/governo-cria-programa-para-descarte-correto-de-vidros\/#article","isPartOf":{"@id":"https:\/\/www.notibras.com\/site\/governo-cria-programa-para-descarte-correto-de-vidros\/"},"author":{"name":"Reda\u00e7\u00e3o","@id":"https:\/\/www.notibras.com\/site\/#\/schema\/person\/36ab0979449956132d3e5b517ea76ac8"},"headline":"Governo cria programa para descarte correto de vidros","datePublished":"2022-12-24T03:35:04+00:00","dateModified":"2022-12-24T11:23:30+00:00","mainEntityOfPage":{"@id":"https:\/\/www.notibras.com\/site\/governo-cria-programa-para-descarte-correto-de-vidros\/"},"wordCount":457,"publisher":{"@id":"https:\/\/www.notibras.com\/site\/#organization"},"image":{"@id":"https:\/\/www.notibras.com\/site\/governo-cria-programa-para-descarte-correto-de-vidros\/#primaryimage"},"thumbnailUrl":"https:\/\/www.notibras.com\/site\/wp-content\/uploads\/2022\/12\/whatsapp-image-2021-07-17-at-18.21.10-2-1024x680-1.jpeg","keywords":["capa"],"articleSection":["Quadradinho em Foco"],"inLanguage":"pt-BR"},{"@type":"WebPage","@id":"https:\/\/www.notibras.com\/site\/governo-cria-programa-para-descarte-correto-de-vidros\/","url":"https:\/\/www.notibras.com\/site\/governo-cria-programa-para-descarte-correto-de-vidros\/","name":"Governo cria programa para descarte correto de vidros - Notibras","isPartOf":{"@id":"https:\/\/www.notibras.com\/site\/#website"},"primaryImageOfPage":{"@id":"https:\/\/www.notibras.com\/site\/governo-cria-programa-para-descarte-correto-de-vidros\/#primaryimage"},"image":{"@id":"https:\/\/www.notibras.com\/site\/governo-cria-programa-para-descarte-correto-de-vidros\/#primaryimage"},"thumbnailUrl":"https:\/\/www.notibras.com\/site\/wp-content\/uploads\/2022\/12\/whatsapp-image-2021-07-17-at-18.21.10-2-1024x680-1.jpeg","datePublished":"2022-12-24T03:35:04+00:00","dateModified":"2022-12-24T11:23:30+00:00","breadcrumb":{"@id":"https:\/\/www.notibras.com\/site\/governo-cria-programa-para-descarte-correto-de-vidros\/#breadcrumb"},"inLanguage":"pt-BR","potentialAction":[{"@type":"ReadAction","target":["https:\/\/www.notibras.com\/site\/governo-cria-programa-para-descarte-correto-de-vidros\/"]}]},{"@type":"ImageObject","inLanguage":"pt-BR","@id":"https:\/\/www.notibras.com\/site\/governo-cria-programa-para-descarte-correto-de-vidros\/#primaryimage","url":"https:\/\/www.notibras.com\/site\/wp-content\/uploads\/2022\/12\/whatsapp-image-2021-07-17-at-18.21.10-2-1024x680-1.jpeg","contentUrl":"https:\/\/www.notibras.com\/site\/wp-content\/uploads\/2022\/12\/whatsapp-image-2021-07-17-at-18.21.10-2-1024x680-1.jpeg","width":1170,"height":700},{"@type":"BreadcrumbList","@id":"https:\/\/www.notibras.com\/site\/governo-cria-programa-para-descarte-correto-de-vidros\/#breadcrumb","itemListElement":[{"@type":"ListItem","position":1,"name":"In\u00edcio","item":"https:\/\/www.notibras.com\/site\/"},{"@type":"ListItem","position":2,"name":"Governo cria programa para descarte correto de vidros"}]},{"@type":"WebSite","@id":"https:\/\/www.notibras.com\/site\/#website","url":"https:\/\/www.notibras.com\/site\/","name":"Notibras","description":"Not\u00edcias de Bras\u00edlia, do Brasil e do Mundo","publisher":{"@id":"https:\/\/www.notibras.com\/site\/#organization"},"potentialAction":[{"@type":"SearchAction","target":{"@type":"EntryPoint","urlTemplate":"https:\/\/www.notibras.com\/site\/?s={search_term_string}"},"query-input":{"@type":"PropertyValueSpecification","valueRequired":true,"valueName":"search_term_string"}}],"inLanguage":"pt-BR"},{"@type":"Organization","@id":"https:\/\/www.notibras.com\/site\/#organization","name":"Grupo Notibras de Comunica\u00e7\u00e3o","url":"https:\/\/www.notibras.com\/site\/","logo":{"@type":"ImageObject","inLanguage":"pt-BR","@id":"https:\/\/www.notibras.com\/site\/#\/schema\/logo\/image\/","url":"https:\/\/www.notibras.com\/site\/wp-content\/uploads\/2023\/01\/notibras23.png","contentUrl":"https:\/\/www.notibras.com\/site\/wp-content\/uploads\/2023\/01\/notibras23.png","width":350,"height":87,"caption":"Grupo Notibras de Comunica\u00e7\u00e3o"},"image":{"@id":"https:\/\/www.notibras.com\/site\/#\/schema\/logo\/image\/"},"sameAs":["https:\/\/www.facebook.com\/notibras\/","https:\/\/x.com\/Notibras","https:\/\/www.instagram.com\/notibras\/"]},{"@type":"Person","@id":"https:\/\/www.notibras.com\/site\/#\/schema\/person\/36ab0979449956132d3e5b517ea76ac8","name":"Reda\u00e7\u00e3o","image":{"@type":"ImageObject","inLanguage":"pt-BR","@id":"https:\/\/secure.gravatar.com\/avatar\/e0a867bdedb85fd243eadf09663511f96fc81e0720a4a42581f334ad4303aa6b?s=96&d=mm&r=g","url":"https:\/\/secure.gravatar.com\/avatar\/e0a867bdedb85fd243eadf09663511f96fc81e0720a4a42581f334ad4303aa6b?s=96&d=mm&r=g","contentUrl":"https:\/\/secure.gravatar.com\/avatar\/e0a867bdedb85fd243eadf09663511f96fc81e0720a4a42581f334ad4303aa6b?s=96&d=mm&r=g","caption":"Reda\u00e7\u00e3o"}}]}},"amp_enabled":true,"_links":{"self":[{"href":"https:\/\/www.notibras.com\/site\/wp-json\/wp\/v2\/posts\/296720","targetHints":{"allow":["GET"]}}],"collection":[{"href":"https:\/\/www.notibras.com\/site\/wp-json\/wp\/v2\/posts"}],"about":[{"href":"https:\/\/www.notibras.com\/site\/wp-json\/wp\/v2\/types\/post"}],"author":[{"embeddable":true,"href":"https:\/\/www.notibras.com\/site\/wp-json\/wp\/v2\/users\/2"}],"replies":[{"embeddable":true,"href":"https:\/\/www.notibras.com\/site\/wp-json\/wp\/v2\/comments?post=296720"}],"version-history":[{"count":1,"href":"https:\/\/www.notibras.com\/site\/wp-json\/wp\/v2\/posts\/296720\/revisions"}],"predecessor-version":[{"id":296722,"href":"https:\/\/www.notibras.com\/site\/wp-json\/wp\/v2\/posts\/296720\/revisions\/296722"}],"wp:featuredmedia":[{"embeddable":true,"href":"https:\/\/www.notibras.com\/site\/wp-json\/wp\/v2\/media\/296721"}],"wp:attachment":[{"href":"https:\/\/www.notibras.com\/site\/wp-json\/wp\/v2\/media?parent=296720"}],"wp:term":[{"taxonomy":"category","embeddable":true,"href":"https:\/\/www.notibras.com\/site\/wp-json\/wp\/v2\/categories?post=296720"},{"taxonomy":"post_tag","embeddable":true,"href":"https:\/\/www.notibras.com\/site\/wp-json\/wp\/v2\/tags?post=296720"}],"curies":[{"name":"wp","href":"https:\/\/api.w.org\/{rel}","templated":true}]}}