{"id":296724,"date":"2022-12-24T00:30:03","date_gmt":"2022-12-24T03:30:03","guid":{"rendered":"https:\/\/www.notibras.com\/site\/?p=296724"},"modified":"2022-12-24T08:33:13","modified_gmt":"2022-12-24T11:33:13","slug":"povo-esquece-22-bi-em-grupos-de-consorcio","status":"publish","type":"post","link":"https:\/\/www.notibras.com\/site\/povo-esquece-22-bi-em-grupos-de-consorcio\/","title":{"rendered":"Povo esquece 2,2 bi em grupos de cons\u00f3rcio"},"content":{"rendered":"<p>Os brasileiros tinham R$ 2,16 bilh\u00f5es em grupos de cons\u00f3rcio no fim de 2021. O n\u00famero consta do Panorama do Sistema de Cons\u00f3rcios, divulgado pelo Banco Central (BC), com dados do ano passado.<\/p>\n<p>Esses recursos esquecidos correspondem a juros, multas, rendimentos ou rateio do fundo de reserva n\u00e3o retirados ap\u00f3s a contempla\u00e7\u00e3o em um sorteio ou no encerramento de um grupo. A Lei dos Cons\u00f3rcios, publicada em 2008, autoriza as administradoras a cobrar uma taxa sobre o dinheiro n\u00e3o sacado. Em 2021, essa taxa arrecadou R$ 943 milh\u00f5es, 14,6% a mais que em 2020.<\/p>\n<p>As cotas ativas em cons\u00f3rcios somaram 8,48 milh\u00f5es no fim do ano passado, aumento de 6,9% em rela\u00e7\u00e3o a 2020. Elas estavam distribu\u00eddas da seguinte forma: 4,02 milh\u00f5es de autom\u00f3veis, 2,38 milh\u00f5es de motocicletas, 1,28 milh\u00e3o de im\u00f3veis e 867 mil para os demais tipos de bens e de servi\u00e7os.<\/p>\n<p>Em dezembro de 2021, a carteira total dos grupos de cons\u00f3rcios totalizava R$ 75,8 bilh\u00f5es, com alta de 22,8% em rela\u00e7\u00e3o ao ano anterior. De acordo com o BC, a pandemia de covid-19 produziu impactos sobre o mercado de cons\u00f3rcios no in\u00edcio, principalmente no primeiro semestre de 2020.<\/p>\n<p>A partir do semestre seguinte, informou o BC, o mercado recuperou-se e continuou a tend\u00eancia de expans\u00e3o de anos anteriores. Para o \u00f3rg\u00e3o, os cons\u00f3rcios funcionam como importante instrumento de inclus\u00e3o financeira e de aquisi\u00e7\u00e3o de bens dur\u00e1veis, principalmente no subsegmento de motocicletas.<\/p>\n<p>No ano passado, a inadimpl\u00eancia caiu levemente e ficou em 2,5%, contra 2,54% em 2020. O valor m\u00e9dio dos cr\u00e9ditos totalizou R$ 55,3 mil, alta de 28% na mesma compara\u00e7\u00e3o. O prazo m\u00e9dio dos cons\u00f3rcios subiu de 119 para 131 meses.<\/p>\n","protected":false},"excerpt":{"rendered":"<p>Os brasileiros tinham R$ 2,16 bilh\u00f5es em grupos de cons\u00f3rcio no fim de 2021. O n\u00famero consta do Panorama do Sistema de Cons\u00f3rcios, divulgado pelo Banco Central (BC), com dados do ano passado. Esses recursos esquecidos correspondem a juros, multas, rendimentos ou rateio do fundo de reserva n\u00e3o retirados ap\u00f3s a contempla\u00e7\u00e3o em um sorteio [&hellip;]<\/p>\n","protected":false},"author":2,"featured_media":296725,"comment_status":"closed","ping_status":"closed","sticky":false,"template":"","format":"standard","meta":{"_acf_changed":false,"footnotes":""},"categories":[161],"tags":[95],"class_list":["post-296724","post","type-post","status-publish","format-standard","has-post-thumbnail","hentry","category-quadradinho-em-foco","tag-capa"],"acf":[],"yoast_head":"<!-- This site is optimized with the Yoast SEO plugin v27.2 - https:\/\/yoast.com\/product\/yoast-seo-wordpress\/ -->\n<title>Povo esquece 2,2 bi em grupos de cons\u00f3rcio - Notibras<\/title>\n<meta name=\"robots\" content=\"index, follow, max-snippet:-1, max-image-preview:large, max-video-preview:-1\" \/>\n<link rel=\"canonical\" href=\"https:\/\/www.notibras.com\/site\/povo-esquece-22-bi-em-grupos-de-consorcio\/\" \/>\n<meta property=\"og:locale\" content=\"pt_BR\" \/>\n<meta property=\"og:type\" content=\"article\" \/>\n<meta property=\"og:title\" content=\"Povo esquece 2,2 bi em grupos de cons\u00f3rcio - Notibras\" \/>\n<meta property=\"og:description\" content=\"Os brasileiros tinham R$ 2,16 bilh\u00f5es em grupos de cons\u00f3rcio no fim de 2021. O n\u00famero consta do Panorama do Sistema de Cons\u00f3rcios, divulgado pelo Banco Central (BC), com dados do ano passado. Esses recursos esquecidos correspondem a juros, multas, rendimentos ou rateio do fundo de reserva n\u00e3o retirados ap\u00f3s a contempla\u00e7\u00e3o em um sorteio [&hellip;]\" \/>\n<meta property=\"og:url\" content=\"https:\/\/www.notibras.com\/site\/povo-esquece-22-bi-em-grupos-de-consorcio\/\" \/>\n<meta property=\"og:site_name\" content=\"Notibras\" \/>\n<meta property=\"article:publisher\" content=\"https:\/\/www.facebook.com\/notibras\/\" \/>\n<meta property=\"article:published_time\" content=\"2022-12-24T03:30:03+00:00\" \/>\n<meta property=\"article:modified_time\" content=\"2022-12-24T11:33:13+00:00\" \/>\n<meta property=\"og:image\" content=\"https:\/\/www.notibras.com\/site\/wp-content\/uploads\/2022\/12\/setor_hoteleiro_norte_em_brasilia_antcrz_abr_20220927_0738.jpg\" \/>\n\t<meta property=\"og:image:width\" content=\"770\" \/>\n\t<meta property=\"og:image:height\" content=\"513\" \/>\n\t<meta property=\"og:image:type\" content=\"image\/jpeg\" \/>\n<meta name=\"author\" content=\"Reda\u00e7\u00e3o\" \/>\n<meta name=\"twitter:card\" content=\"summary_large_image\" \/>\n<meta name=\"twitter:creator\" content=\"@Notibras\" \/>\n<meta name=\"twitter:site\" content=\"@Notibras\" \/>\n<meta name=\"twitter:label1\" content=\"Escrito por\" \/>\n\t<meta name=\"twitter:data1\" content=\"Reda\u00e7\u00e3o\" \/>\n\t<meta name=\"twitter:label2\" content=\"Est. tempo de leitura\" \/>\n\t<meta name=\"twitter:data2\" content=\"2 minutos\" \/>\n<script type=\"application\/ld+json\" class=\"yoast-schema-graph\">{\"@context\":\"https:\/\/schema.org\",\"@graph\":[{\"@type\":\"Article\",\"@id\":\"https:\/\/www.notibras.com\/site\/povo-esquece-22-bi-em-grupos-de-consorcio\/#article\",\"isPartOf\":{\"@id\":\"https:\/\/www.notibras.com\/site\/povo-esquece-22-bi-em-grupos-de-consorcio\/\"},\"author\":{\"name\":\"Reda\u00e7\u00e3o\",\"@id\":\"https:\/\/www.notibras.com\/site\/#\/schema\/person\/36ab0979449956132d3e5b517ea76ac8\"},\"headline\":\"Povo esquece 2,2 bi em grupos de cons\u00f3rcio\",\"datePublished\":\"2022-12-24T03:30:03+00:00\",\"dateModified\":\"2022-12-24T11:33:13+00:00\",\"mainEntityOfPage\":{\"@id\":\"https:\/\/www.notibras.com\/site\/povo-esquece-22-bi-em-grupos-de-consorcio\/\"},\"wordCount\":297,\"publisher\":{\"@id\":\"https:\/\/www.notibras.com\/site\/#organization\"},\"image\":{\"@id\":\"https:\/\/www.notibras.com\/site\/povo-esquece-22-bi-em-grupos-de-consorcio\/#primaryimage\"},\"thumbnailUrl\":\"https:\/\/www.notibras.com\/site\/wp-content\/uploads\/2022\/12\/setor_hoteleiro_norte_em_brasilia_antcrz_abr_20220927_0738.jpg\",\"keywords\":[\"capa\"],\"articleSection\":[\"Quadradinho em Foco\"],\"inLanguage\":\"pt-BR\"},{\"@type\":\"WebPage\",\"@id\":\"https:\/\/www.notibras.com\/site\/povo-esquece-22-bi-em-grupos-de-consorcio\/\",\"url\":\"https:\/\/www.notibras.com\/site\/povo-esquece-22-bi-em-grupos-de-consorcio\/\",\"name\":\"Povo esquece 2,2 bi em grupos de cons\u00f3rcio - Notibras\",\"isPartOf\":{\"@id\":\"https:\/\/www.notibras.com\/site\/#website\"},\"primaryImageOfPage\":{\"@id\":\"https:\/\/www.notibras.com\/site\/povo-esquece-22-bi-em-grupos-de-consorcio\/#primaryimage\"},\"image\":{\"@id\":\"https:\/\/www.notibras.com\/site\/povo-esquece-22-bi-em-grupos-de-consorcio\/#primaryimage\"},\"thumbnailUrl\":\"https:\/\/www.notibras.com\/site\/wp-content\/uploads\/2022\/12\/setor_hoteleiro_norte_em_brasilia_antcrz_abr_20220927_0738.jpg\",\"datePublished\":\"2022-12-24T03:30:03+00:00\",\"dateModified\":\"2022-12-24T11:33:13+00:00\",\"breadcrumb\":{\"@id\":\"https:\/\/www.notibras.com\/site\/povo-esquece-22-bi-em-grupos-de-consorcio\/#breadcrumb\"},\"inLanguage\":\"pt-BR\",\"potentialAction\":[{\"@type\":\"ReadAction\",\"target\":[\"https:\/\/www.notibras.com\/site\/povo-esquece-22-bi-em-grupos-de-consorcio\/\"]}]},{\"@type\":\"ImageObject\",\"inLanguage\":\"pt-BR\",\"@id\":\"https:\/\/www.notibras.com\/site\/povo-esquece-22-bi-em-grupos-de-consorcio\/#primaryimage\",\"url\":\"https:\/\/www.notibras.com\/site\/wp-content\/uploads\/2022\/12\/setor_hoteleiro_norte_em_brasilia_antcrz_abr_20220927_0738.jpg\",\"contentUrl\":\"https:\/\/www.notibras.com\/site\/wp-content\/uploads\/2022\/12\/setor_hoteleiro_norte_em_brasilia_antcrz_abr_20220927_0738.jpg\",\"width\":770,\"height\":513,\"caption\":\"Setor Hoteleiro Norte em Bras\u00edlia\"},{\"@type\":\"BreadcrumbList\",\"@id\":\"https:\/\/www.notibras.com\/site\/povo-esquece-22-bi-em-grupos-de-consorcio\/#breadcrumb\",\"itemListElement\":[{\"@type\":\"ListItem\",\"position\":1,\"name\":\"In\u00edcio\",\"item\":\"https:\/\/www.notibras.com\/site\/\"},{\"@type\":\"ListItem\",\"position\":2,\"name\":\"Povo esquece 2,2 bi em grupos de cons\u00f3rcio\"}]},{\"@type\":\"WebSite\",\"@id\":\"https:\/\/www.notibras.com\/site\/#website\",\"url\":\"https:\/\/www.notibras.com\/site\/\",\"name\":\"Notibras\",\"description\":\"Not\u00edcias de Bras\u00edlia, do Brasil e do Mundo\",\"publisher\":{\"@id\":\"https:\/\/www.notibras.com\/site\/#organization\"},\"potentialAction\":[{\"@type\":\"SearchAction\",\"target\":{\"@type\":\"EntryPoint\",\"urlTemplate\":\"https:\/\/www.notibras.com\/site\/?s={search_term_string}\"},\"query-input\":{\"@type\":\"PropertyValueSpecification\",\"valueRequired\":true,\"valueName\":\"search_term_string\"}}],\"inLanguage\":\"pt-BR\"},{\"@type\":\"Organization\",\"@id\":\"https:\/\/www.notibras.com\/site\/#organization\",\"name\":\"Grupo Notibras de Comunica\u00e7\u00e3o\",\"url\":\"https:\/\/www.notibras.com\/site\/\",\"logo\":{\"@type\":\"ImageObject\",\"inLanguage\":\"pt-BR\",\"@id\":\"https:\/\/www.notibras.com\/site\/#\/schema\/logo\/image\/\",\"url\":\"https:\/\/www.notibras.com\/site\/wp-content\/uploads\/2023\/01\/notibras23.png\",\"contentUrl\":\"https:\/\/www.notibras.com\/site\/wp-content\/uploads\/2023\/01\/notibras23.png\",\"width\":350,\"height\":87,\"caption\":\"Grupo Notibras de Comunica\u00e7\u00e3o\"},\"image\":{\"@id\":\"https:\/\/www.notibras.com\/site\/#\/schema\/logo\/image\/\"},\"sameAs\":[\"https:\/\/www.facebook.com\/notibras\/\",\"https:\/\/x.com\/Notibras\",\"https:\/\/www.instagram.com\/notibras\/\"]},{\"@type\":\"Person\",\"@id\":\"https:\/\/www.notibras.com\/site\/#\/schema\/person\/36ab0979449956132d3e5b517ea76ac8\",\"name\":\"Reda\u00e7\u00e3o\",\"image\":{\"@type\":\"ImageObject\",\"inLanguage\":\"pt-BR\",\"@id\":\"https:\/\/secure.gravatar.com\/avatar\/e0a867bdedb85fd243eadf09663511f96fc81e0720a4a42581f334ad4303aa6b?s=96&d=mm&r=g\",\"url\":\"https:\/\/secure.gravatar.com\/avatar\/e0a867bdedb85fd243eadf09663511f96fc81e0720a4a42581f334ad4303aa6b?s=96&d=mm&r=g\",\"contentUrl\":\"https:\/\/secure.gravatar.com\/avatar\/e0a867bdedb85fd243eadf09663511f96fc81e0720a4a42581f334ad4303aa6b?s=96&d=mm&r=g\",\"caption\":\"Reda\u00e7\u00e3o\"}}]}<\/script>\n<!-- \/ Yoast SEO plugin. -->","yoast_head_json":{"title":"Povo esquece 2,2 bi em grupos de cons\u00f3rcio - Notibras","robots":{"index":"index","follow":"follow","max-snippet":"max-snippet:-1","max-image-preview":"max-image-preview:large","max-video-preview":"max-video-preview:-1"},"canonical":"https:\/\/www.notibras.com\/site\/povo-esquece-22-bi-em-grupos-de-consorcio\/","og_locale":"pt_BR","og_type":"article","og_title":"Povo esquece 2,2 bi em grupos de cons\u00f3rcio - Notibras","og_description":"Os brasileiros tinham R$ 2,16 bilh\u00f5es em grupos de cons\u00f3rcio no fim de 2021. O n\u00famero consta do Panorama do Sistema de Cons\u00f3rcios, divulgado pelo Banco Central (BC), com dados do ano passado. Esses recursos esquecidos correspondem a juros, multas, rendimentos ou rateio do fundo de reserva n\u00e3o retirados ap\u00f3s a contempla\u00e7\u00e3o em um sorteio [&hellip;]","og_url":"https:\/\/www.notibras.com\/site\/povo-esquece-22-bi-em-grupos-de-consorcio\/","og_site_name":"Notibras","article_publisher":"https:\/\/www.facebook.com\/notibras\/","article_published_time":"2022-12-24T03:30:03+00:00","article_modified_time":"2022-12-24T11:33:13+00:00","og_image":[{"width":770,"height":513,"url":"https:\/\/www.notibras.com\/site\/wp-content\/uploads\/2022\/12\/setor_hoteleiro_norte_em_brasilia_antcrz_abr_20220927_0738.jpg","type":"image\/jpeg"}],"author":"Reda\u00e7\u00e3o","twitter_card":"summary_large_image","twitter_creator":"@Notibras","twitter_site":"@Notibras","twitter_misc":{"Escrito por":"Reda\u00e7\u00e3o","Est. tempo de leitura":"2 minutos"},"schema":{"@context":"https:\/\/schema.org","@graph":[{"@type":"Article","@id":"https:\/\/www.notibras.com\/site\/povo-esquece-22-bi-em-grupos-de-consorcio\/#article","isPartOf":{"@id":"https:\/\/www.notibras.com\/site\/povo-esquece-22-bi-em-grupos-de-consorcio\/"},"author":{"name":"Reda\u00e7\u00e3o","@id":"https:\/\/www.notibras.com\/site\/#\/schema\/person\/36ab0979449956132d3e5b517ea76ac8"},"headline":"Povo esquece 2,2 bi em grupos de cons\u00f3rcio","datePublished":"2022-12-24T03:30:03+00:00","dateModified":"2022-12-24T11:33:13+00:00","mainEntityOfPage":{"@id":"https:\/\/www.notibras.com\/site\/povo-esquece-22-bi-em-grupos-de-consorcio\/"},"wordCount":297,"publisher":{"@id":"https:\/\/www.notibras.com\/site\/#organization"},"image":{"@id":"https:\/\/www.notibras.com\/site\/povo-esquece-22-bi-em-grupos-de-consorcio\/#primaryimage"},"thumbnailUrl":"https:\/\/www.notibras.com\/site\/wp-content\/uploads\/2022\/12\/setor_hoteleiro_norte_em_brasilia_antcrz_abr_20220927_0738.jpg","keywords":["capa"],"articleSection":["Quadradinho em Foco"],"inLanguage":"pt-BR"},{"@type":"WebPage","@id":"https:\/\/www.notibras.com\/site\/povo-esquece-22-bi-em-grupos-de-consorcio\/","url":"https:\/\/www.notibras.com\/site\/povo-esquece-22-bi-em-grupos-de-consorcio\/","name":"Povo esquece 2,2 bi em grupos de cons\u00f3rcio - Notibras","isPartOf":{"@id":"https:\/\/www.notibras.com\/site\/#website"},"primaryImageOfPage":{"@id":"https:\/\/www.notibras.com\/site\/povo-esquece-22-bi-em-grupos-de-consorcio\/#primaryimage"},"image":{"@id":"https:\/\/www.notibras.com\/site\/povo-esquece-22-bi-em-grupos-de-consorcio\/#primaryimage"},"thumbnailUrl":"https:\/\/www.notibras.com\/site\/wp-content\/uploads\/2022\/12\/setor_hoteleiro_norte_em_brasilia_antcrz_abr_20220927_0738.jpg","datePublished":"2022-12-24T03:30:03+00:00","dateModified":"2022-12-24T11:33:13+00:00","breadcrumb":{"@id":"https:\/\/www.notibras.com\/site\/povo-esquece-22-bi-em-grupos-de-consorcio\/#breadcrumb"},"inLanguage":"pt-BR","potentialAction":[{"@type":"ReadAction","target":["https:\/\/www.notibras.com\/site\/povo-esquece-22-bi-em-grupos-de-consorcio\/"]}]},{"@type":"ImageObject","inLanguage":"pt-BR","@id":"https:\/\/www.notibras.com\/site\/povo-esquece-22-bi-em-grupos-de-consorcio\/#primaryimage","url":"https:\/\/www.notibras.com\/site\/wp-content\/uploads\/2022\/12\/setor_hoteleiro_norte_em_brasilia_antcrz_abr_20220927_0738.jpg","contentUrl":"https:\/\/www.notibras.com\/site\/wp-content\/uploads\/2022\/12\/setor_hoteleiro_norte_em_brasilia_antcrz_abr_20220927_0738.jpg","width":770,"height":513,"caption":"Setor Hoteleiro Norte em Bras\u00edlia"},{"@type":"BreadcrumbList","@id":"https:\/\/www.notibras.com\/site\/povo-esquece-22-bi-em-grupos-de-consorcio\/#breadcrumb","itemListElement":[{"@type":"ListItem","position":1,"name":"In\u00edcio","item":"https:\/\/www.notibras.com\/site\/"},{"@type":"ListItem","position":2,"name":"Povo esquece 2,2 bi em grupos de cons\u00f3rcio"}]},{"@type":"WebSite","@id":"https:\/\/www.notibras.com\/site\/#website","url":"https:\/\/www.notibras.com\/site\/","name":"Notibras","description":"Not\u00edcias de Bras\u00edlia, do Brasil e do Mundo","publisher":{"@id":"https:\/\/www.notibras.com\/site\/#organization"},"potentialAction":[{"@type":"SearchAction","target":{"@type":"EntryPoint","urlTemplate":"https:\/\/www.notibras.com\/site\/?s={search_term_string}"},"query-input":{"@type":"PropertyValueSpecification","valueRequired":true,"valueName":"search_term_string"}}],"inLanguage":"pt-BR"},{"@type":"Organization","@id":"https:\/\/www.notibras.com\/site\/#organization","name":"Grupo Notibras de Comunica\u00e7\u00e3o","url":"https:\/\/www.notibras.com\/site\/","logo":{"@type":"ImageObject","inLanguage":"pt-BR","@id":"https:\/\/www.notibras.com\/site\/#\/schema\/logo\/image\/","url":"https:\/\/www.notibras.com\/site\/wp-content\/uploads\/2023\/01\/notibras23.png","contentUrl":"https:\/\/www.notibras.com\/site\/wp-content\/uploads\/2023\/01\/notibras23.png","width":350,"height":87,"caption":"Grupo Notibras de Comunica\u00e7\u00e3o"},"image":{"@id":"https:\/\/www.notibras.com\/site\/#\/schema\/logo\/image\/"},"sameAs":["https:\/\/www.facebook.com\/notibras\/","https:\/\/x.com\/Notibras","https:\/\/www.instagram.com\/notibras\/"]},{"@type":"Person","@id":"https:\/\/www.notibras.com\/site\/#\/schema\/person\/36ab0979449956132d3e5b517ea76ac8","name":"Reda\u00e7\u00e3o","image":{"@type":"ImageObject","inLanguage":"pt-BR","@id":"https:\/\/secure.gravatar.com\/avatar\/e0a867bdedb85fd243eadf09663511f96fc81e0720a4a42581f334ad4303aa6b?s=96&d=mm&r=g","url":"https:\/\/secure.gravatar.com\/avatar\/e0a867bdedb85fd243eadf09663511f96fc81e0720a4a42581f334ad4303aa6b?s=96&d=mm&r=g","contentUrl":"https:\/\/secure.gravatar.com\/avatar\/e0a867bdedb85fd243eadf09663511f96fc81e0720a4a42581f334ad4303aa6b?s=96&d=mm&r=g","caption":"Reda\u00e7\u00e3o"}}]}},"amp_enabled":true,"_links":{"self":[{"href":"https:\/\/www.notibras.com\/site\/wp-json\/wp\/v2\/posts\/296724","targetHints":{"allow":["GET"]}}],"collection":[{"href":"https:\/\/www.notibras.com\/site\/wp-json\/wp\/v2\/posts"}],"about":[{"href":"https:\/\/www.notibras.com\/site\/wp-json\/wp\/v2\/types\/post"}],"author":[{"embeddable":true,"href":"https:\/\/www.notibras.com\/site\/wp-json\/wp\/v2\/users\/2"}],"replies":[{"embeddable":true,"href":"https:\/\/www.notibras.com\/site\/wp-json\/wp\/v2\/comments?post=296724"}],"version-history":[{"count":1,"href":"https:\/\/www.notibras.com\/site\/wp-json\/wp\/v2\/posts\/296724\/revisions"}],"predecessor-version":[{"id":296726,"href":"https:\/\/www.notibras.com\/site\/wp-json\/wp\/v2\/posts\/296724\/revisions\/296726"}],"wp:featuredmedia":[{"embeddable":true,"href":"https:\/\/www.notibras.com\/site\/wp-json\/wp\/v2\/media\/296725"}],"wp:attachment":[{"href":"https:\/\/www.notibras.com\/site\/wp-json\/wp\/v2\/media?parent=296724"}],"wp:term":[{"taxonomy":"category","embeddable":true,"href":"https:\/\/www.notibras.com\/site\/wp-json\/wp\/v2\/categories?post=296724"},{"taxonomy":"post_tag","embeddable":true,"href":"https:\/\/www.notibras.com\/site\/wp-json\/wp\/v2\/tags?post=296724"}],"curies":[{"name":"wp","href":"https:\/\/api.w.org\/{rel}","templated":true}]}}