{"id":296736,"date":"2022-12-24T09:01:51","date_gmt":"2022-12-24T12:01:51","guid":{"rendered":"https:\/\/www.notibras.com\/site\/?p=296736"},"modified":"2022-12-24T11:50:03","modified_gmt":"2022-12-24T14:50:03","slug":"vai-viajar-veja-as-dicas-e-siga-tranquilo","status":"publish","type":"post","link":"https:\/\/www.notibras.com\/site\/vai-viajar-veja-as-dicas-e-siga-tranquilo\/","title":{"rendered":"Vai viajar? Veja as dicas e siga tranquilo"},"content":{"rendered":"<p>Aeroporto e rodovias do Distrito Federal j\u00e1 vivem o aumento de fluxo comum nos \u00faltimos dias do ano, quando muitas pessoas pegam avi\u00e3o ou \u00f4nibus para encontrar seus entes ou amigos queridos. A expectativa \u00e9 de que, apenas o Terminal Rodovi\u00e1rio Interestadual de Bras\u00edlia, cerca de 10 mil pessoas embarquem para outros estados entre os dias 23 e 24 de dezembro, chegando a 34 mil passageiros at\u00e9 o dia 26..<\/p>\n<p>J\u00e1 no Aeroporto de Bras\u00edlia, a movimenta\u00e7\u00e3o total projetada para dezembro supera 1,3 milh\u00e3o de passageiros, fluxo 5% maior do que em 2021; por\u00e9m 11% inferior ao registrado em 2019, antes de a pandemia chegar no pa\u00eds, conforme informado pela concession\u00e1ria do aeroporto, Inframerica.<\/p>\n<p>O Aeroporto de Bras\u00edlia \u00e9 o segundo mais movimentado do Brasil, e um dos principais centros de conex\u00e3o de voos, por auxiliar na interliga\u00e7\u00e3o das capitais com o interior do pa\u00eds. Segundo a Inframerica, cerca de 40% dos passageiros usam o terminal para fazer conex\u00f5es. Inclusive duas das principais companhias a\u00e9reas instalaram nele seus hubs, que s\u00e3o os centros de distribui\u00e7\u00e3o de passageiros.<\/p>\n<p>No caso do terminal rodovi\u00e1rio, os principais destinos s\u00e3o Rio de Janeiro, An\u00e1polis, Belo Horizonte, S\u00e3o Paulo, mas \u00e9 tamb\u00e9m significativo o n\u00famero de partidas para os estados das regi\u00f5es Sul e Nordeste. Para dar conta dessa demanda, ser\u00e3o disponibilizados 120 \u00f4nibus extras. \u201cCaso seja necess\u00e1rio, mais carros podem ser colocados em opera\u00e7\u00e3o\u201d, informa o Cons\u00f3rcio Novo Terminal referindo-se a uma das opera\u00e7\u00f5es especiais adotadas pela gest\u00e3o da rodovi\u00e1ria interestadual.<\/p>\n<p>Dicas para uma viagem tranquila<br \/>\nTanto a gestora da rodovi\u00e1ria como a concession\u00e1ria aeroportu\u00e1ria apresentaram, \u00e0 Ag\u00eancia Brasil, uma lista de recomenda\u00e7\u00f5es para que os viajantes evitem surpresas desagrad\u00e1veis em meio aos deslocamentos.<\/p>\n<p><strong>Deslocamento a\u00e9reo<\/strong><br \/>\n&#8211; A Inframerica orienta os passageiros a chegarem no aeroporto com 2h de anteced\u00eancia para voos dom\u00e9sticos e 2h30 para voos internacionais;<\/p>\n<p>&#8211; Para agilizar o processo na fila de raio-x, o passageiro deve retirar todos os objetos met\u00e1licos que estiver carregando &#8211; cintos, rel\u00f3gios, chaves, moedas e celulares. Notebooks tamb\u00e9m devem ser retirados de malas e mochilas e depositados nas caixas pl\u00e1sticas para inspe\u00e7\u00e3o;<\/p>\n<p>&#8211; Vale lembrar que alguns itens s\u00e3o proibidos na bagagem de m\u00e3o, como objetos cortantes ou perfurantes. Para evitar o descarte dos objetos no canal de inspe\u00e7\u00e3o, transporte-os em sua bagagem despachada;<\/p>\n<p>&#8211; Com rela\u00e7\u00e3o a quantidade, volume e peso de bagagens de m\u00e3o, vale confirmar com a sua companhia a\u00e9rea as regras para n\u00e3o precisar despachar a bagagem quando estiver embarcando. Este processo pode atrasar o voo;<\/p>\n<p>&#8211; Os hor\u00e1rios de pousos e decolagens podem ser acompanhados pelos monitores espalhados pelo terminal, pelo site ou pelo aplicativo do aeroporto;<\/p>\n<p>&#8211; No caso de viagem ao exterior, fique atento \u00e0 validade do seu passaporte e aos vistos necess\u00e1rios para a viagem. Alguns pa\u00edses possuem regras de acesso espec\u00edficas por causa da covid-19;<\/p>\n<p>&#8211; Para embarcar \u00e9 necess\u00e1rio apresentar documento com foto. S\u00e3o aceitos: passaportes, carteiras de identidade, carteiras de motoristas e carteiras de trabalho. O documento digital tamb\u00e9m \u00e9 aceito;<\/p>\n<p>&#8211; Fique atento a documenta\u00e7\u00e3o e a autoriza\u00e7\u00e3o para viajar com menores de 16 anos;<\/p>\n<p>&#8211; Objetos esquecidos e perdidos no aeroporto s\u00e3o enviados ao Achados e Perdidos. No caso do Aeroporto de Bras\u00edlia, a sala fica localizada pr\u00f3ximo ao balc\u00e3o de pagamento de estacionamento. O telefone de contato \u00e9 o (61) 3214-6109. Objetos esquecidos dentro das aeronaves s\u00e3o de responsabilidade das companhias a\u00e9reas;<\/p>\n<p>&#8211; Malas e bagagens de m\u00e3o devem estar sempre acompanhadas de seus donos. Por motivos de seguran\u00e7a, n\u00e3o deixe seus pertences desacompanhados;<\/p>\n<p>&#8211; O conte\u00fado das malas \u00e9 de responsabilidade do passageiro. Fique atento, pois transportar objetos de terceiros pode ser um risco;<\/p>\n<p>&#8211; Em caso de d\u00favidas, procure os funcion\u00e1rios da concession\u00e1ria aeroportu\u00e1ria no balc\u00e3o de informa\u00e7\u00f5es;<\/p>\n<p>&#8211; Ao optar por transporte por aplicativo ou t\u00e1xi, preste aten\u00e7\u00e3o ao embarcar. O servi\u00e7o de t\u00e1xi possui uma \u00e1rea pr\u00f3pria e credenciada para o servi\u00e7o no aeroporto. Motoristas de aplicativo n\u00e3o abordam passageiros. As corridas devem ser feitas pelo sistema da empresa no celular. Confira a placa e o nome do condutor do ve\u00edculo antes de embarcar. O embarque em transporte por aplicativo \u00e9 feito em uma \u00e1rea especial para isso.<\/p>\n<p><strong>Deslocamento terrestre<\/strong><br \/>\n&#8211; Para ter a garantia de que sua viagem n\u00e3o passar\u00e1 por nenhum imprevisto, opte pelo transporte rodovi\u00e1rio regular. Somente ao embarcar nos terminais rodovi\u00e1rios oficiais os passageiros viajam com total seguran\u00e7a, por meio de via\u00e7\u00f5es regulares que podem assegurar todos os direitos garantidos em lei, evitando, inclusive, riscos de cancelamento de viagem em cima da hora;<\/p>\n<p>&#8211; Terminais regulares possuem postos da Ag\u00eancia Nacional de Transporte Terrestre (ANTT), e por isso as linhas regulares passam por fiscaliza\u00e7\u00f5es constantes. O passageiro ainda pode desfrutar de amplas \u00e1reas de espera e verdadeiros centros de conveni\u00eancia com restaurantes, lojas,<\/p>\n<p>servi\u00e7os e v\u00e1rias outras comodidades;<\/p>\n<p>&#8211; Caso n\u00e3o seja poss\u00edvel realizar a compra online, antes de se deslocar ao terminal rodovi\u00e1rio entre em contato com a empresa de \u00f4nibus que deseja contratar para checar a disponibilidade de passagens e op\u00e7\u00f5es de datas e hor\u00e1rios;<\/p>\n<p>&#8211; Caso apresente algum sintoma relacionado \u00e0 covid-19, entre em contato com a empresa e remarque a sua viagem. O passageiro rodovi\u00e1rio tem prazo de at\u00e9 um ano para remarcar a data da sua passagem;<\/p>\n<p>&#8211; Todos os passageiros, at\u00e9 mesmo as crian\u00e7as, devem apresentar documento de identifica\u00e7\u00e3o original e com foto;<\/p>\n<p>&#8211; O embarque de menores de 16 anos para viajarem desacompanhados ou com terceiros requer autoriza\u00e7\u00e3o. Para informa\u00e7\u00f5es, acesse: www.tjdft.jus.br, em Informa\u00e7\u00f5es \/ Inf\u00e2ncia e Juventude\/ Autoriza\u00e7\u00e3o de Viagem;<\/p>\n<p>&#8211; S\u00e3o permitidas bagagens de at\u00e9 30 kg no bagageiro e at\u00e9 5 kg de bagagem de m\u00e3o, desde que n\u00e3o interfira no conforto dos demais passageiros. Recomendamos que identifique as bagagens com etiqueta contendo nome completo e telefone;<\/p>\n<p>&#8211; \u00c9 importante que o passageiro chegue ao terminal com pelo menos 30 minutos de anteced\u00eancia em rela\u00e7\u00e3o ao hor\u00e1rio marcado na passagem;<\/p>\n<p>&#8211; A remarca\u00e7\u00e3o e o reembolso da passagem s\u00e3o feitos com at\u00e9 3 horas de anteced\u00eancia, diretamente com a empresa de \u00f4nibus.<\/p>\n","protected":false},"excerpt":{"rendered":"<p>Aeroporto e rodovias do Distrito Federal j\u00e1 vivem o aumento de fluxo comum nos \u00faltimos dias do ano, quando muitas pessoas pegam avi\u00e3o ou \u00f4nibus para encontrar seus entes ou amigos queridos. A expectativa \u00e9 de que, apenas o Terminal Rodovi\u00e1rio Interestadual de Bras\u00edlia, cerca de 10 mil pessoas embarquem para outros estados entre os [&hellip;]<\/p>\n","protected":false},"author":2,"featured_media":296737,"comment_status":"closed","ping_status":"closed","sticky":false,"template":"","format":"standard","meta":{"_acf_changed":false,"footnotes":""},"categories":[161],"tags":[],"class_list":["post-296736","post","type-post","status-publish","format-standard","has-post-thumbnail","hentry","category-quadradinho-em-foco"],"acf":[],"yoast_head":"<!-- This site is optimized with the Yoast SEO plugin v27.2 - https:\/\/yoast.com\/product\/yoast-seo-wordpress\/ -->\n<title>Vai viajar? Veja as dicas e siga tranquilo - Notibras<\/title>\n<meta name=\"robots\" content=\"index, follow, max-snippet:-1, max-image-preview:large, max-video-preview:-1\" \/>\n<link rel=\"canonical\" href=\"https:\/\/www.notibras.com\/site\/vai-viajar-veja-as-dicas-e-siga-tranquilo\/\" \/>\n<meta property=\"og:locale\" content=\"pt_BR\" \/>\n<meta property=\"og:type\" content=\"article\" \/>\n<meta property=\"og:title\" content=\"Vai viajar? Veja as dicas e siga tranquilo - Notibras\" \/>\n<meta property=\"og:description\" content=\"Aeroporto e rodovias do Distrito Federal j\u00e1 vivem o aumento de fluxo comum nos \u00faltimos dias do ano, quando muitas pessoas pegam avi\u00e3o ou \u00f4nibus para encontrar seus entes ou amigos queridos. A expectativa \u00e9 de que, apenas o Terminal Rodovi\u00e1rio Interestadual de Bras\u00edlia, cerca de 10 mil pessoas embarquem para outros estados entre os [&hellip;]\" \/>\n<meta property=\"og:url\" content=\"https:\/\/www.notibras.com\/site\/vai-viajar-veja-as-dicas-e-siga-tranquilo\/\" \/>\n<meta property=\"og:site_name\" content=\"Notibras\" \/>\n<meta property=\"article:publisher\" content=\"https:\/\/www.facebook.com\/notibras\/\" \/>\n<meta property=\"article:published_time\" content=\"2022-12-24T12:01:51+00:00\" \/>\n<meta property=\"article:modified_time\" content=\"2022-12-24T14:50:03+00:00\" \/>\n<meta property=\"og:image\" content=\"https:\/\/www.notibras.com\/site\/wp-content\/uploads\/2022\/12\/avioes-aeroporto_mcamgo_abr_290720221818-2.jpg\" \/>\n\t<meta property=\"og:image:width\" content=\"1170\" \/>\n\t<meta property=\"og:image:height\" content=\"700\" \/>\n\t<meta property=\"og:image:type\" content=\"image\/jpeg\" \/>\n<meta name=\"author\" content=\"Reda\u00e7\u00e3o\" \/>\n<meta name=\"twitter:card\" content=\"summary_large_image\" \/>\n<meta name=\"twitter:creator\" content=\"@Notibras\" \/>\n<meta name=\"twitter:site\" content=\"@Notibras\" \/>\n<meta name=\"twitter:label1\" content=\"Escrito por\" \/>\n\t<meta name=\"twitter:data1\" content=\"Reda\u00e7\u00e3o\" \/>\n\t<meta name=\"twitter:label2\" content=\"Est. tempo de leitura\" \/>\n\t<meta name=\"twitter:data2\" content=\"6 minutos\" \/>\n<script type=\"application\/ld+json\" class=\"yoast-schema-graph\">{\"@context\":\"https:\/\/schema.org\",\"@graph\":[{\"@type\":\"Article\",\"@id\":\"https:\/\/www.notibras.com\/site\/vai-viajar-veja-as-dicas-e-siga-tranquilo\/#article\",\"isPartOf\":{\"@id\":\"https:\/\/www.notibras.com\/site\/vai-viajar-veja-as-dicas-e-siga-tranquilo\/\"},\"author\":{\"name\":\"Reda\u00e7\u00e3o\",\"@id\":\"https:\/\/www.notibras.com\/site\/#\/schema\/person\/36ab0979449956132d3e5b517ea76ac8\"},\"headline\":\"Vai viajar? Veja as dicas e siga tranquilo\",\"datePublished\":\"2022-12-24T12:01:51+00:00\",\"dateModified\":\"2022-12-24T14:50:03+00:00\",\"mainEntityOfPage\":{\"@id\":\"https:\/\/www.notibras.com\/site\/vai-viajar-veja-as-dicas-e-siga-tranquilo\/\"},\"wordCount\":1095,\"publisher\":{\"@id\":\"https:\/\/www.notibras.com\/site\/#organization\"},\"image\":{\"@id\":\"https:\/\/www.notibras.com\/site\/vai-viajar-veja-as-dicas-e-siga-tranquilo\/#primaryimage\"},\"thumbnailUrl\":\"https:\/\/www.notibras.com\/site\/wp-content\/uploads\/2022\/12\/avioes-aeroporto_mcamgo_abr_290720221818-2.jpg\",\"articleSection\":[\"Quadradinho em Foco\"],\"inLanguage\":\"pt-BR\"},{\"@type\":\"WebPage\",\"@id\":\"https:\/\/www.notibras.com\/site\/vai-viajar-veja-as-dicas-e-siga-tranquilo\/\",\"url\":\"https:\/\/www.notibras.com\/site\/vai-viajar-veja-as-dicas-e-siga-tranquilo\/\",\"name\":\"Vai viajar? Veja as dicas e siga tranquilo - Notibras\",\"isPartOf\":{\"@id\":\"https:\/\/www.notibras.com\/site\/#website\"},\"primaryImageOfPage\":{\"@id\":\"https:\/\/www.notibras.com\/site\/vai-viajar-veja-as-dicas-e-siga-tranquilo\/#primaryimage\"},\"image\":{\"@id\":\"https:\/\/www.notibras.com\/site\/vai-viajar-veja-as-dicas-e-siga-tranquilo\/#primaryimage\"},\"thumbnailUrl\":\"https:\/\/www.notibras.com\/site\/wp-content\/uploads\/2022\/12\/avioes-aeroporto_mcamgo_abr_290720221818-2.jpg\",\"datePublished\":\"2022-12-24T12:01:51+00:00\",\"dateModified\":\"2022-12-24T14:50:03+00:00\",\"breadcrumb\":{\"@id\":\"https:\/\/www.notibras.com\/site\/vai-viajar-veja-as-dicas-e-siga-tranquilo\/#breadcrumb\"},\"inLanguage\":\"pt-BR\",\"potentialAction\":[{\"@type\":\"ReadAction\",\"target\":[\"https:\/\/www.notibras.com\/site\/vai-viajar-veja-as-dicas-e-siga-tranquilo\/\"]}]},{\"@type\":\"ImageObject\",\"inLanguage\":\"pt-BR\",\"@id\":\"https:\/\/www.notibras.com\/site\/vai-viajar-veja-as-dicas-e-siga-tranquilo\/#primaryimage\",\"url\":\"https:\/\/www.notibras.com\/site\/wp-content\/uploads\/2022\/12\/avioes-aeroporto_mcamgo_abr_290720221818-2.jpg\",\"contentUrl\":\"https:\/\/www.notibras.com\/site\/wp-content\/uploads\/2022\/12\/avioes-aeroporto_mcamgo_abr_290720221818-2.jpg\",\"width\":1170,\"height\":700,\"caption\":\"Movimenta\u00e7\u00e3o de avi\u00f5es comerciais no aeroporto de Bras\u00edlia.\"},{\"@type\":\"BreadcrumbList\",\"@id\":\"https:\/\/www.notibras.com\/site\/vai-viajar-veja-as-dicas-e-siga-tranquilo\/#breadcrumb\",\"itemListElement\":[{\"@type\":\"ListItem\",\"position\":1,\"name\":\"In\u00edcio\",\"item\":\"https:\/\/www.notibras.com\/site\/\"},{\"@type\":\"ListItem\",\"position\":2,\"name\":\"Vai viajar? Veja as dicas e siga tranquilo\"}]},{\"@type\":\"WebSite\",\"@id\":\"https:\/\/www.notibras.com\/site\/#website\",\"url\":\"https:\/\/www.notibras.com\/site\/\",\"name\":\"Notibras\",\"description\":\"Not\u00edcias de Bras\u00edlia, do Brasil e do Mundo\",\"publisher\":{\"@id\":\"https:\/\/www.notibras.com\/site\/#organization\"},\"potentialAction\":[{\"@type\":\"SearchAction\",\"target\":{\"@type\":\"EntryPoint\",\"urlTemplate\":\"https:\/\/www.notibras.com\/site\/?s={search_term_string}\"},\"query-input\":{\"@type\":\"PropertyValueSpecification\",\"valueRequired\":true,\"valueName\":\"search_term_string\"}}],\"inLanguage\":\"pt-BR\"},{\"@type\":\"Organization\",\"@id\":\"https:\/\/www.notibras.com\/site\/#organization\",\"name\":\"Grupo Notibras de Comunica\u00e7\u00e3o\",\"url\":\"https:\/\/www.notibras.com\/site\/\",\"logo\":{\"@type\":\"ImageObject\",\"inLanguage\":\"pt-BR\",\"@id\":\"https:\/\/www.notibras.com\/site\/#\/schema\/logo\/image\/\",\"url\":\"https:\/\/www.notibras.com\/site\/wp-content\/uploads\/2023\/01\/notibras23.png\",\"contentUrl\":\"https:\/\/www.notibras.com\/site\/wp-content\/uploads\/2023\/01\/notibras23.png\",\"width\":350,\"height\":87,\"caption\":\"Grupo Notibras de Comunica\u00e7\u00e3o\"},\"image\":{\"@id\":\"https:\/\/www.notibras.com\/site\/#\/schema\/logo\/image\/\"},\"sameAs\":[\"https:\/\/www.facebook.com\/notibras\/\",\"https:\/\/x.com\/Notibras\",\"https:\/\/www.instagram.com\/notibras\/\"]},{\"@type\":\"Person\",\"@id\":\"https:\/\/www.notibras.com\/site\/#\/schema\/person\/36ab0979449956132d3e5b517ea76ac8\",\"name\":\"Reda\u00e7\u00e3o\",\"image\":{\"@type\":\"ImageObject\",\"inLanguage\":\"pt-BR\",\"@id\":\"https:\/\/secure.gravatar.com\/avatar\/e0a867bdedb85fd243eadf09663511f96fc81e0720a4a42581f334ad4303aa6b?s=96&d=mm&r=g\",\"url\":\"https:\/\/secure.gravatar.com\/avatar\/e0a867bdedb85fd243eadf09663511f96fc81e0720a4a42581f334ad4303aa6b?s=96&d=mm&r=g\",\"contentUrl\":\"https:\/\/secure.gravatar.com\/avatar\/e0a867bdedb85fd243eadf09663511f96fc81e0720a4a42581f334ad4303aa6b?s=96&d=mm&r=g\",\"caption\":\"Reda\u00e7\u00e3o\"}}]}<\/script>\n<!-- \/ Yoast SEO plugin. -->","yoast_head_json":{"title":"Vai viajar? Veja as dicas e siga tranquilo - Notibras","robots":{"index":"index","follow":"follow","max-snippet":"max-snippet:-1","max-image-preview":"max-image-preview:large","max-video-preview":"max-video-preview:-1"},"canonical":"https:\/\/www.notibras.com\/site\/vai-viajar-veja-as-dicas-e-siga-tranquilo\/","og_locale":"pt_BR","og_type":"article","og_title":"Vai viajar? Veja as dicas e siga tranquilo - Notibras","og_description":"Aeroporto e rodovias do Distrito Federal j\u00e1 vivem o aumento de fluxo comum nos \u00faltimos dias do ano, quando muitas pessoas pegam avi\u00e3o ou \u00f4nibus para encontrar seus entes ou amigos queridos. A expectativa \u00e9 de que, apenas o Terminal Rodovi\u00e1rio Interestadual de Bras\u00edlia, cerca de 10 mil pessoas embarquem para outros estados entre os [&hellip;]","og_url":"https:\/\/www.notibras.com\/site\/vai-viajar-veja-as-dicas-e-siga-tranquilo\/","og_site_name":"Notibras","article_publisher":"https:\/\/www.facebook.com\/notibras\/","article_published_time":"2022-12-24T12:01:51+00:00","article_modified_time":"2022-12-24T14:50:03+00:00","og_image":[{"width":1170,"height":700,"url":"https:\/\/www.notibras.com\/site\/wp-content\/uploads\/2022\/12\/avioes-aeroporto_mcamgo_abr_290720221818-2.jpg","type":"image\/jpeg"}],"author":"Reda\u00e7\u00e3o","twitter_card":"summary_large_image","twitter_creator":"@Notibras","twitter_site":"@Notibras","twitter_misc":{"Escrito por":"Reda\u00e7\u00e3o","Est. tempo de leitura":"6 minutos"},"schema":{"@context":"https:\/\/schema.org","@graph":[{"@type":"Article","@id":"https:\/\/www.notibras.com\/site\/vai-viajar-veja-as-dicas-e-siga-tranquilo\/#article","isPartOf":{"@id":"https:\/\/www.notibras.com\/site\/vai-viajar-veja-as-dicas-e-siga-tranquilo\/"},"author":{"name":"Reda\u00e7\u00e3o","@id":"https:\/\/www.notibras.com\/site\/#\/schema\/person\/36ab0979449956132d3e5b517ea76ac8"},"headline":"Vai viajar? Veja as dicas e siga tranquilo","datePublished":"2022-12-24T12:01:51+00:00","dateModified":"2022-12-24T14:50:03+00:00","mainEntityOfPage":{"@id":"https:\/\/www.notibras.com\/site\/vai-viajar-veja-as-dicas-e-siga-tranquilo\/"},"wordCount":1095,"publisher":{"@id":"https:\/\/www.notibras.com\/site\/#organization"},"image":{"@id":"https:\/\/www.notibras.com\/site\/vai-viajar-veja-as-dicas-e-siga-tranquilo\/#primaryimage"},"thumbnailUrl":"https:\/\/www.notibras.com\/site\/wp-content\/uploads\/2022\/12\/avioes-aeroporto_mcamgo_abr_290720221818-2.jpg","articleSection":["Quadradinho em Foco"],"inLanguage":"pt-BR"},{"@type":"WebPage","@id":"https:\/\/www.notibras.com\/site\/vai-viajar-veja-as-dicas-e-siga-tranquilo\/","url":"https:\/\/www.notibras.com\/site\/vai-viajar-veja-as-dicas-e-siga-tranquilo\/","name":"Vai viajar? Veja as dicas e siga tranquilo - Notibras","isPartOf":{"@id":"https:\/\/www.notibras.com\/site\/#website"},"primaryImageOfPage":{"@id":"https:\/\/www.notibras.com\/site\/vai-viajar-veja-as-dicas-e-siga-tranquilo\/#primaryimage"},"image":{"@id":"https:\/\/www.notibras.com\/site\/vai-viajar-veja-as-dicas-e-siga-tranquilo\/#primaryimage"},"thumbnailUrl":"https:\/\/www.notibras.com\/site\/wp-content\/uploads\/2022\/12\/avioes-aeroporto_mcamgo_abr_290720221818-2.jpg","datePublished":"2022-12-24T12:01:51+00:00","dateModified":"2022-12-24T14:50:03+00:00","breadcrumb":{"@id":"https:\/\/www.notibras.com\/site\/vai-viajar-veja-as-dicas-e-siga-tranquilo\/#breadcrumb"},"inLanguage":"pt-BR","potentialAction":[{"@type":"ReadAction","target":["https:\/\/www.notibras.com\/site\/vai-viajar-veja-as-dicas-e-siga-tranquilo\/"]}]},{"@type":"ImageObject","inLanguage":"pt-BR","@id":"https:\/\/www.notibras.com\/site\/vai-viajar-veja-as-dicas-e-siga-tranquilo\/#primaryimage","url":"https:\/\/www.notibras.com\/site\/wp-content\/uploads\/2022\/12\/avioes-aeroporto_mcamgo_abr_290720221818-2.jpg","contentUrl":"https:\/\/www.notibras.com\/site\/wp-content\/uploads\/2022\/12\/avioes-aeroporto_mcamgo_abr_290720221818-2.jpg","width":1170,"height":700,"caption":"Movimenta\u00e7\u00e3o de avi\u00f5es comerciais no aeroporto de Bras\u00edlia."},{"@type":"BreadcrumbList","@id":"https:\/\/www.notibras.com\/site\/vai-viajar-veja-as-dicas-e-siga-tranquilo\/#breadcrumb","itemListElement":[{"@type":"ListItem","position":1,"name":"In\u00edcio","item":"https:\/\/www.notibras.com\/site\/"},{"@type":"ListItem","position":2,"name":"Vai viajar? Veja as dicas e siga tranquilo"}]},{"@type":"WebSite","@id":"https:\/\/www.notibras.com\/site\/#website","url":"https:\/\/www.notibras.com\/site\/","name":"Notibras","description":"Not\u00edcias de Bras\u00edlia, do Brasil e do Mundo","publisher":{"@id":"https:\/\/www.notibras.com\/site\/#organization"},"potentialAction":[{"@type":"SearchAction","target":{"@type":"EntryPoint","urlTemplate":"https:\/\/www.notibras.com\/site\/?s={search_term_string}"},"query-input":{"@type":"PropertyValueSpecification","valueRequired":true,"valueName":"search_term_string"}}],"inLanguage":"pt-BR"},{"@type":"Organization","@id":"https:\/\/www.notibras.com\/site\/#organization","name":"Grupo Notibras de Comunica\u00e7\u00e3o","url":"https:\/\/www.notibras.com\/site\/","logo":{"@type":"ImageObject","inLanguage":"pt-BR","@id":"https:\/\/www.notibras.com\/site\/#\/schema\/logo\/image\/","url":"https:\/\/www.notibras.com\/site\/wp-content\/uploads\/2023\/01\/notibras23.png","contentUrl":"https:\/\/www.notibras.com\/site\/wp-content\/uploads\/2023\/01\/notibras23.png","width":350,"height":87,"caption":"Grupo Notibras de Comunica\u00e7\u00e3o"},"image":{"@id":"https:\/\/www.notibras.com\/site\/#\/schema\/logo\/image\/"},"sameAs":["https:\/\/www.facebook.com\/notibras\/","https:\/\/x.com\/Notibras","https:\/\/www.instagram.com\/notibras\/"]},{"@type":"Person","@id":"https:\/\/www.notibras.com\/site\/#\/schema\/person\/36ab0979449956132d3e5b517ea76ac8","name":"Reda\u00e7\u00e3o","image":{"@type":"ImageObject","inLanguage":"pt-BR","@id":"https:\/\/secure.gravatar.com\/avatar\/e0a867bdedb85fd243eadf09663511f96fc81e0720a4a42581f334ad4303aa6b?s=96&d=mm&r=g","url":"https:\/\/secure.gravatar.com\/avatar\/e0a867bdedb85fd243eadf09663511f96fc81e0720a4a42581f334ad4303aa6b?s=96&d=mm&r=g","contentUrl":"https:\/\/secure.gravatar.com\/avatar\/e0a867bdedb85fd243eadf09663511f96fc81e0720a4a42581f334ad4303aa6b?s=96&d=mm&r=g","caption":"Reda\u00e7\u00e3o"}}]}},"amp_enabled":true,"_links":{"self":[{"href":"https:\/\/www.notibras.com\/site\/wp-json\/wp\/v2\/posts\/296736","targetHints":{"allow":["GET"]}}],"collection":[{"href":"https:\/\/www.notibras.com\/site\/wp-json\/wp\/v2\/posts"}],"about":[{"href":"https:\/\/www.notibras.com\/site\/wp-json\/wp\/v2\/types\/post"}],"author":[{"embeddable":true,"href":"https:\/\/www.notibras.com\/site\/wp-json\/wp\/v2\/users\/2"}],"replies":[{"embeddable":true,"href":"https:\/\/www.notibras.com\/site\/wp-json\/wp\/v2\/comments?post=296736"}],"version-history":[{"count":1,"href":"https:\/\/www.notibras.com\/site\/wp-json\/wp\/v2\/posts\/296736\/revisions"}],"predecessor-version":[{"id":296738,"href":"https:\/\/www.notibras.com\/site\/wp-json\/wp\/v2\/posts\/296736\/revisions\/296738"}],"wp:featuredmedia":[{"embeddable":true,"href":"https:\/\/www.notibras.com\/site\/wp-json\/wp\/v2\/media\/296737"}],"wp:attachment":[{"href":"https:\/\/www.notibras.com\/site\/wp-json\/wp\/v2\/media?parent=296736"}],"wp:term":[{"taxonomy":"category","embeddable":true,"href":"https:\/\/www.notibras.com\/site\/wp-json\/wp\/v2\/categories?post=296736"},{"taxonomy":"post_tag","embeddable":true,"href":"https:\/\/www.notibras.com\/site\/wp-json\/wp\/v2\/tags?post=296736"}],"curies":[{"name":"wp","href":"https:\/\/api.w.org\/{rel}","templated":true}]}}