{"id":296812,"date":"2022-12-25T18:48:47","date_gmt":"2022-12-25T21:48:47","guid":{"rendered":"https:\/\/www.notibras.com\/site\/?p=296812"},"modified":"2022-12-25T18:48:47","modified_gmt":"2022-12-25T21:48:47","slug":"cesta-de-pinhao-resgata-natal-da-infancia-feliz","status":"publish","type":"post","link":"https:\/\/www.notibras.com\/site\/cesta-de-pinhao-resgata-natal-da-infancia-feliz\/","title":{"rendered":"Cesta de pinh\u00e3o resgata Natal da inf\u00e2ncia feliz"},"content":{"rendered":"<p>Aconteceu logo ali, numa das quadras da Asa Norte. O Natal que se aproximava, mais um entre tantos que aquele velho vivenciara ao longo de d\u00e9cadas e d\u00e9cadas, como se todos, ao menos at\u00e9 agora, fossem iguais ou, no m\u00ednimo, quase a repeti\u00e7\u00e3o de um h\u00e1bito. A mulher mandou que ele fosse comprar pinh\u00e3o, pois era uma tradi\u00e7\u00e3o que ela adorava manter na fam\u00edlia, cada vez mais dispersa.<\/p>\n<p>J\u00e1 na cal\u00e7ada, o velho caminhou at\u00e9 o mercado da esquina, onde sabia que o pre\u00e7o era mais atrativo, especialmente naquela \u00e9poca do ano, onde tudo custava os olhos da cara. Observou a multid\u00e3o tentando engalfinhar os diversos produtos, como se fosse a \u00faltima chance de conseguir algo \u00fanico, apesar das centenas de r\u00e9plicas logo ali ao lado. Estacou em frente a uma das g\u00f4ndolas, onde se assustou com o pre\u00e7o da iguaria.<\/p>\n<p>&#8211; Dois quilos, por favor.<\/p>\n<p>Enquanto esperava, notou dois moleques sorridentes carregando uma caixa contendo uma \u00e1rvore natalina, dessas de montar. Tudo de pl\u00e1stico, nenhum cheiro de pinheiro de verdade. Isso, ali\u00e1s, o transportou para o seu long\u00ednquo tempo de crian\u00e7a. Tanto tempo, que imaginou que se tratava de apenas mais um devaneio, como se aquilo jamais pudesse ter existido.<\/p>\n<p>Nessa \u00e9poca, era apenas um menino. Talvez dez, onze anos. O importante \u00e9 que se lembrava de que era apenas um garotinho, n\u00e3o mais que isso. Diante de sua av\u00f3, ele prestava aten\u00e7\u00e3o nas hist\u00f3rias de outros natais, bem mais antigos que todos os que ele havia vivido. Enquanto escutava a agrad\u00e1vel voz daquela velha, o ent\u00e3o menino grudava peda\u00e7os de algod\u00e3o naquele pequeno pinheiro, como se fossem flocos de neve. Tudo isso lhe parecia rid\u00edculo hoje em dia, mas era uma divers\u00e3o naquela \u00e9poca t\u00e3o distante. Um sorriso emoldurou a face enrugada do agora velho, que, logo em seguida, foi despertado por uma voz rouca.<\/p>\n<p>&#8211; Aqui est\u00e1 o seu pinh\u00e3o!<\/p>\n","protected":false},"excerpt":{"rendered":"<p>Aconteceu logo ali, numa das quadras da Asa Norte. O Natal que se aproximava, mais um entre tantos que aquele velho vivenciara ao longo de d\u00e9cadas e d\u00e9cadas, como se todos, ao menos at\u00e9 agora, fossem iguais ou, no m\u00ednimo, quase a repeti\u00e7\u00e3o de um h\u00e1bito. A mulher mandou que ele fosse comprar pinh\u00e3o, pois [&hellip;]<\/p>\n","protected":false},"author":2,"featured_media":296813,"comment_status":"closed","ping_status":"closed","sticky":false,"template":"","format":"standard","meta":{"_acf_changed":false,"footnotes":""},"categories":[161],"tags":[],"class_list":["post-296812","post","type-post","status-publish","format-standard","has-post-thumbnail","hentry","category-quadradinho-em-foco"],"acf":[],"yoast_head":"<!-- This site is optimized with the Yoast SEO plugin v27.2 - https:\/\/yoast.com\/product\/yoast-seo-wordpress\/ -->\n<title>Cesta de pinh\u00e3o resgata Natal da inf\u00e2ncia feliz - Notibras<\/title>\n<meta name=\"robots\" content=\"index, follow, max-snippet:-1, max-image-preview:large, max-video-preview:-1\" \/>\n<link rel=\"canonical\" href=\"https:\/\/www.notibras.com\/site\/cesta-de-pinhao-resgata-natal-da-infancia-feliz\/\" \/>\n<meta property=\"og:locale\" content=\"pt_BR\" \/>\n<meta property=\"og:type\" content=\"article\" \/>\n<meta property=\"og:title\" content=\"Cesta de pinh\u00e3o resgata Natal da inf\u00e2ncia feliz - Notibras\" \/>\n<meta property=\"og:description\" content=\"Aconteceu logo ali, numa das quadras da Asa Norte. O Natal que se aproximava, mais um entre tantos que aquele velho vivenciara ao longo de d\u00e9cadas e d\u00e9cadas, como se todos, ao menos at\u00e9 agora, fossem iguais ou, no m\u00ednimo, quase a repeti\u00e7\u00e3o de um h\u00e1bito. A mulher mandou que ele fosse comprar pinh\u00e3o, pois [&hellip;]\" \/>\n<meta property=\"og:url\" content=\"https:\/\/www.notibras.com\/site\/cesta-de-pinhao-resgata-natal-da-infancia-feliz\/\" \/>\n<meta property=\"og:site_name\" content=\"Notibras\" \/>\n<meta property=\"article:publisher\" content=\"https:\/\/www.facebook.com\/notibras\/\" \/>\n<meta property=\"article:published_time\" content=\"2022-12-25T21:48:47+00:00\" \/>\n<meta property=\"og:image\" content=\"https:\/\/www.notibras.com\/site\/wp-content\/uploads\/2022\/12\/pinhao.webp\" \/>\n\t<meta property=\"og:image:width\" content=\"1200\" \/>\n\t<meta property=\"og:image:height\" content=\"800\" \/>\n\t<meta property=\"og:image:type\" content=\"image\/webp\" \/>\n<meta name=\"author\" content=\"Reda\u00e7\u00e3o\" \/>\n<meta name=\"twitter:card\" content=\"summary_large_image\" \/>\n<meta name=\"twitter:creator\" content=\"@Notibras\" \/>\n<meta name=\"twitter:site\" content=\"@Notibras\" \/>\n<meta name=\"twitter:label1\" content=\"Escrito por\" \/>\n\t<meta name=\"twitter:data1\" content=\"Reda\u00e7\u00e3o\" \/>\n\t<meta name=\"twitter:label2\" content=\"Est. tempo de leitura\" \/>\n\t<meta name=\"twitter:data2\" content=\"2 minutos\" \/>\n<script type=\"application\/ld+json\" class=\"yoast-schema-graph\">{\"@context\":\"https:\/\/schema.org\",\"@graph\":[{\"@type\":\"Article\",\"@id\":\"https:\/\/www.notibras.com\/site\/cesta-de-pinhao-resgata-natal-da-infancia-feliz\/#article\",\"isPartOf\":{\"@id\":\"https:\/\/www.notibras.com\/site\/cesta-de-pinhao-resgata-natal-da-infancia-feliz\/\"},\"author\":{\"name\":\"Reda\u00e7\u00e3o\",\"@id\":\"https:\/\/www.notibras.com\/site\/#\/schema\/person\/36ab0979449956132d3e5b517ea76ac8\"},\"headline\":\"Cesta de pinh\u00e3o resgata Natal da inf\u00e2ncia feliz\",\"datePublished\":\"2022-12-25T21:48:47+00:00\",\"mainEntityOfPage\":{\"@id\":\"https:\/\/www.notibras.com\/site\/cesta-de-pinhao-resgata-natal-da-infancia-feliz\/\"},\"wordCount\":351,\"publisher\":{\"@id\":\"https:\/\/www.notibras.com\/site\/#organization\"},\"image\":{\"@id\":\"https:\/\/www.notibras.com\/site\/cesta-de-pinhao-resgata-natal-da-infancia-feliz\/#primaryimage\"},\"thumbnailUrl\":\"https:\/\/www.notibras.com\/site\/wp-content\/uploads\/2022\/12\/pinhao.webp\",\"articleSection\":[\"Quadradinho em Foco\"],\"inLanguage\":\"pt-BR\"},{\"@type\":\"WebPage\",\"@id\":\"https:\/\/www.notibras.com\/site\/cesta-de-pinhao-resgata-natal-da-infancia-feliz\/\",\"url\":\"https:\/\/www.notibras.com\/site\/cesta-de-pinhao-resgata-natal-da-infancia-feliz\/\",\"name\":\"Cesta de pinh\u00e3o resgata Natal da inf\u00e2ncia feliz - Notibras\",\"isPartOf\":{\"@id\":\"https:\/\/www.notibras.com\/site\/#website\"},\"primaryImageOfPage\":{\"@id\":\"https:\/\/www.notibras.com\/site\/cesta-de-pinhao-resgata-natal-da-infancia-feliz\/#primaryimage\"},\"image\":{\"@id\":\"https:\/\/www.notibras.com\/site\/cesta-de-pinhao-resgata-natal-da-infancia-feliz\/#primaryimage\"},\"thumbnailUrl\":\"https:\/\/www.notibras.com\/site\/wp-content\/uploads\/2022\/12\/pinhao.webp\",\"datePublished\":\"2022-12-25T21:48:47+00:00\",\"breadcrumb\":{\"@id\":\"https:\/\/www.notibras.com\/site\/cesta-de-pinhao-resgata-natal-da-infancia-feliz\/#breadcrumb\"},\"inLanguage\":\"pt-BR\",\"potentialAction\":[{\"@type\":\"ReadAction\",\"target\":[\"https:\/\/www.notibras.com\/site\/cesta-de-pinhao-resgata-natal-da-infancia-feliz\/\"]}]},{\"@type\":\"ImageObject\",\"inLanguage\":\"pt-BR\",\"@id\":\"https:\/\/www.notibras.com\/site\/cesta-de-pinhao-resgata-natal-da-infancia-feliz\/#primaryimage\",\"url\":\"https:\/\/www.notibras.com\/site\/wp-content\/uploads\/2022\/12\/pinhao.webp\",\"contentUrl\":\"https:\/\/www.notibras.com\/site\/wp-content\/uploads\/2022\/12\/pinhao.webp\",\"width\":1200,\"height\":800},{\"@type\":\"BreadcrumbList\",\"@id\":\"https:\/\/www.notibras.com\/site\/cesta-de-pinhao-resgata-natal-da-infancia-feliz\/#breadcrumb\",\"itemListElement\":[{\"@type\":\"ListItem\",\"position\":1,\"name\":\"In\u00edcio\",\"item\":\"https:\/\/www.notibras.com\/site\/\"},{\"@type\":\"ListItem\",\"position\":2,\"name\":\"Cesta de pinh\u00e3o resgata Natal da inf\u00e2ncia feliz\"}]},{\"@type\":\"WebSite\",\"@id\":\"https:\/\/www.notibras.com\/site\/#website\",\"url\":\"https:\/\/www.notibras.com\/site\/\",\"name\":\"Notibras\",\"description\":\"Not\u00edcias de Bras\u00edlia, do Brasil e do Mundo\",\"publisher\":{\"@id\":\"https:\/\/www.notibras.com\/site\/#organization\"},\"potentialAction\":[{\"@type\":\"SearchAction\",\"target\":{\"@type\":\"EntryPoint\",\"urlTemplate\":\"https:\/\/www.notibras.com\/site\/?s={search_term_string}\"},\"query-input\":{\"@type\":\"PropertyValueSpecification\",\"valueRequired\":true,\"valueName\":\"search_term_string\"}}],\"inLanguage\":\"pt-BR\"},{\"@type\":\"Organization\",\"@id\":\"https:\/\/www.notibras.com\/site\/#organization\",\"name\":\"Grupo Notibras de Comunica\u00e7\u00e3o\",\"url\":\"https:\/\/www.notibras.com\/site\/\",\"logo\":{\"@type\":\"ImageObject\",\"inLanguage\":\"pt-BR\",\"@id\":\"https:\/\/www.notibras.com\/site\/#\/schema\/logo\/image\/\",\"url\":\"https:\/\/www.notibras.com\/site\/wp-content\/uploads\/2023\/01\/notibras23.png\",\"contentUrl\":\"https:\/\/www.notibras.com\/site\/wp-content\/uploads\/2023\/01\/notibras23.png\",\"width\":350,\"height\":87,\"caption\":\"Grupo Notibras de Comunica\u00e7\u00e3o\"},\"image\":{\"@id\":\"https:\/\/www.notibras.com\/site\/#\/schema\/logo\/image\/\"},\"sameAs\":[\"https:\/\/www.facebook.com\/notibras\/\",\"https:\/\/x.com\/Notibras\",\"https:\/\/www.instagram.com\/notibras\/\"]},{\"@type\":\"Person\",\"@id\":\"https:\/\/www.notibras.com\/site\/#\/schema\/person\/36ab0979449956132d3e5b517ea76ac8\",\"name\":\"Reda\u00e7\u00e3o\",\"image\":{\"@type\":\"ImageObject\",\"inLanguage\":\"pt-BR\",\"@id\":\"https:\/\/secure.gravatar.com\/avatar\/e0a867bdedb85fd243eadf09663511f96fc81e0720a4a42581f334ad4303aa6b?s=96&d=mm&r=g\",\"url\":\"https:\/\/secure.gravatar.com\/avatar\/e0a867bdedb85fd243eadf09663511f96fc81e0720a4a42581f334ad4303aa6b?s=96&d=mm&r=g\",\"contentUrl\":\"https:\/\/secure.gravatar.com\/avatar\/e0a867bdedb85fd243eadf09663511f96fc81e0720a4a42581f334ad4303aa6b?s=96&d=mm&r=g\",\"caption\":\"Reda\u00e7\u00e3o\"}}]}<\/script>\n<!-- \/ Yoast SEO plugin. -->","yoast_head_json":{"title":"Cesta de pinh\u00e3o resgata Natal da inf\u00e2ncia feliz - Notibras","robots":{"index":"index","follow":"follow","max-snippet":"max-snippet:-1","max-image-preview":"max-image-preview:large","max-video-preview":"max-video-preview:-1"},"canonical":"https:\/\/www.notibras.com\/site\/cesta-de-pinhao-resgata-natal-da-infancia-feliz\/","og_locale":"pt_BR","og_type":"article","og_title":"Cesta de pinh\u00e3o resgata Natal da inf\u00e2ncia feliz - Notibras","og_description":"Aconteceu logo ali, numa das quadras da Asa Norte. O Natal que se aproximava, mais um entre tantos que aquele velho vivenciara ao longo de d\u00e9cadas e d\u00e9cadas, como se todos, ao menos at\u00e9 agora, fossem iguais ou, no m\u00ednimo, quase a repeti\u00e7\u00e3o de um h\u00e1bito. A mulher mandou que ele fosse comprar pinh\u00e3o, pois [&hellip;]","og_url":"https:\/\/www.notibras.com\/site\/cesta-de-pinhao-resgata-natal-da-infancia-feliz\/","og_site_name":"Notibras","article_publisher":"https:\/\/www.facebook.com\/notibras\/","article_published_time":"2022-12-25T21:48:47+00:00","og_image":[{"width":1200,"height":800,"url":"https:\/\/www.notibras.com\/site\/wp-content\/uploads\/2022\/12\/pinhao.webp","type":"image\/webp"}],"author":"Reda\u00e7\u00e3o","twitter_card":"summary_large_image","twitter_creator":"@Notibras","twitter_site":"@Notibras","twitter_misc":{"Escrito por":"Reda\u00e7\u00e3o","Est. tempo de leitura":"2 minutos"},"schema":{"@context":"https:\/\/schema.org","@graph":[{"@type":"Article","@id":"https:\/\/www.notibras.com\/site\/cesta-de-pinhao-resgata-natal-da-infancia-feliz\/#article","isPartOf":{"@id":"https:\/\/www.notibras.com\/site\/cesta-de-pinhao-resgata-natal-da-infancia-feliz\/"},"author":{"name":"Reda\u00e7\u00e3o","@id":"https:\/\/www.notibras.com\/site\/#\/schema\/person\/36ab0979449956132d3e5b517ea76ac8"},"headline":"Cesta de pinh\u00e3o resgata Natal da inf\u00e2ncia feliz","datePublished":"2022-12-25T21:48:47+00:00","mainEntityOfPage":{"@id":"https:\/\/www.notibras.com\/site\/cesta-de-pinhao-resgata-natal-da-infancia-feliz\/"},"wordCount":351,"publisher":{"@id":"https:\/\/www.notibras.com\/site\/#organization"},"image":{"@id":"https:\/\/www.notibras.com\/site\/cesta-de-pinhao-resgata-natal-da-infancia-feliz\/#primaryimage"},"thumbnailUrl":"https:\/\/www.notibras.com\/site\/wp-content\/uploads\/2022\/12\/pinhao.webp","articleSection":["Quadradinho em Foco"],"inLanguage":"pt-BR"},{"@type":"WebPage","@id":"https:\/\/www.notibras.com\/site\/cesta-de-pinhao-resgata-natal-da-infancia-feliz\/","url":"https:\/\/www.notibras.com\/site\/cesta-de-pinhao-resgata-natal-da-infancia-feliz\/","name":"Cesta de pinh\u00e3o resgata Natal da inf\u00e2ncia feliz - Notibras","isPartOf":{"@id":"https:\/\/www.notibras.com\/site\/#website"},"primaryImageOfPage":{"@id":"https:\/\/www.notibras.com\/site\/cesta-de-pinhao-resgata-natal-da-infancia-feliz\/#primaryimage"},"image":{"@id":"https:\/\/www.notibras.com\/site\/cesta-de-pinhao-resgata-natal-da-infancia-feliz\/#primaryimage"},"thumbnailUrl":"https:\/\/www.notibras.com\/site\/wp-content\/uploads\/2022\/12\/pinhao.webp","datePublished":"2022-12-25T21:48:47+00:00","breadcrumb":{"@id":"https:\/\/www.notibras.com\/site\/cesta-de-pinhao-resgata-natal-da-infancia-feliz\/#breadcrumb"},"inLanguage":"pt-BR","potentialAction":[{"@type":"ReadAction","target":["https:\/\/www.notibras.com\/site\/cesta-de-pinhao-resgata-natal-da-infancia-feliz\/"]}]},{"@type":"ImageObject","inLanguage":"pt-BR","@id":"https:\/\/www.notibras.com\/site\/cesta-de-pinhao-resgata-natal-da-infancia-feliz\/#primaryimage","url":"https:\/\/www.notibras.com\/site\/wp-content\/uploads\/2022\/12\/pinhao.webp","contentUrl":"https:\/\/www.notibras.com\/site\/wp-content\/uploads\/2022\/12\/pinhao.webp","width":1200,"height":800},{"@type":"BreadcrumbList","@id":"https:\/\/www.notibras.com\/site\/cesta-de-pinhao-resgata-natal-da-infancia-feliz\/#breadcrumb","itemListElement":[{"@type":"ListItem","position":1,"name":"In\u00edcio","item":"https:\/\/www.notibras.com\/site\/"},{"@type":"ListItem","position":2,"name":"Cesta de pinh\u00e3o resgata Natal da inf\u00e2ncia feliz"}]},{"@type":"WebSite","@id":"https:\/\/www.notibras.com\/site\/#website","url":"https:\/\/www.notibras.com\/site\/","name":"Notibras","description":"Not\u00edcias de Bras\u00edlia, do Brasil e do Mundo","publisher":{"@id":"https:\/\/www.notibras.com\/site\/#organization"},"potentialAction":[{"@type":"SearchAction","target":{"@type":"EntryPoint","urlTemplate":"https:\/\/www.notibras.com\/site\/?s={search_term_string}"},"query-input":{"@type":"PropertyValueSpecification","valueRequired":true,"valueName":"search_term_string"}}],"inLanguage":"pt-BR"},{"@type":"Organization","@id":"https:\/\/www.notibras.com\/site\/#organization","name":"Grupo Notibras de Comunica\u00e7\u00e3o","url":"https:\/\/www.notibras.com\/site\/","logo":{"@type":"ImageObject","inLanguage":"pt-BR","@id":"https:\/\/www.notibras.com\/site\/#\/schema\/logo\/image\/","url":"https:\/\/www.notibras.com\/site\/wp-content\/uploads\/2023\/01\/notibras23.png","contentUrl":"https:\/\/www.notibras.com\/site\/wp-content\/uploads\/2023\/01\/notibras23.png","width":350,"height":87,"caption":"Grupo Notibras de Comunica\u00e7\u00e3o"},"image":{"@id":"https:\/\/www.notibras.com\/site\/#\/schema\/logo\/image\/"},"sameAs":["https:\/\/www.facebook.com\/notibras\/","https:\/\/x.com\/Notibras","https:\/\/www.instagram.com\/notibras\/"]},{"@type":"Person","@id":"https:\/\/www.notibras.com\/site\/#\/schema\/person\/36ab0979449956132d3e5b517ea76ac8","name":"Reda\u00e7\u00e3o","image":{"@type":"ImageObject","inLanguage":"pt-BR","@id":"https:\/\/secure.gravatar.com\/avatar\/e0a867bdedb85fd243eadf09663511f96fc81e0720a4a42581f334ad4303aa6b?s=96&d=mm&r=g","url":"https:\/\/secure.gravatar.com\/avatar\/e0a867bdedb85fd243eadf09663511f96fc81e0720a4a42581f334ad4303aa6b?s=96&d=mm&r=g","contentUrl":"https:\/\/secure.gravatar.com\/avatar\/e0a867bdedb85fd243eadf09663511f96fc81e0720a4a42581f334ad4303aa6b?s=96&d=mm&r=g","caption":"Reda\u00e7\u00e3o"}}]}},"amp_enabled":true,"_links":{"self":[{"href":"https:\/\/www.notibras.com\/site\/wp-json\/wp\/v2\/posts\/296812","targetHints":{"allow":["GET"]}}],"collection":[{"href":"https:\/\/www.notibras.com\/site\/wp-json\/wp\/v2\/posts"}],"about":[{"href":"https:\/\/www.notibras.com\/site\/wp-json\/wp\/v2\/types\/post"}],"author":[{"embeddable":true,"href":"https:\/\/www.notibras.com\/site\/wp-json\/wp\/v2\/users\/2"}],"replies":[{"embeddable":true,"href":"https:\/\/www.notibras.com\/site\/wp-json\/wp\/v2\/comments?post=296812"}],"version-history":[{"count":1,"href":"https:\/\/www.notibras.com\/site\/wp-json\/wp\/v2\/posts\/296812\/revisions"}],"predecessor-version":[{"id":296814,"href":"https:\/\/www.notibras.com\/site\/wp-json\/wp\/v2\/posts\/296812\/revisions\/296814"}],"wp:featuredmedia":[{"embeddable":true,"href":"https:\/\/www.notibras.com\/site\/wp-json\/wp\/v2\/media\/296813"}],"wp:attachment":[{"href":"https:\/\/www.notibras.com\/site\/wp-json\/wp\/v2\/media?parent=296812"}],"wp:term":[{"taxonomy":"category","embeddable":true,"href":"https:\/\/www.notibras.com\/site\/wp-json\/wp\/v2\/categories?post=296812"},{"taxonomy":"post_tag","embeddable":true,"href":"https:\/\/www.notibras.com\/site\/wp-json\/wp\/v2\/tags?post=296812"}],"curies":[{"name":"wp","href":"https:\/\/api.w.org\/{rel}","templated":true}]}}