{"id":296846,"date":"2022-12-26T12:16:40","date_gmt":"2022-12-26T15:16:40","guid":{"rendered":"https:\/\/www.notibras.com\/site\/?p=296846"},"modified":"2022-12-26T12:16:40","modified_gmt":"2022-12-26T15:16:40","slug":"cultura-africana-tem-aula-magna-e-shows-gratuitos","status":"publish","type":"post","link":"https:\/\/www.notibras.com\/site\/cultura-africana-tem-aula-magna-e-shows-gratuitos\/","title":{"rendered":"Cultura africana tem aula magna e shows gratuitos"},"content":{"rendered":"<p>Neta ter\u00e7a-feira, 27, a partir das 19h, Bras\u00edlia recebe a 5\u00aa Edi\u00e7\u00e3o do projeto &#8220;Ontologias Outras&#8221;. O evento que acontece em parceria com o Instituto Rosa dos Ventos contar\u00e1 com aula magna ministrada pelo sumo sacerdote Nigeriano da tradi\u00e7\u00e3o do If\u00e1, Babalawo Arab\u00e1 Ifaniyi Alade Ojo e bate-papo com as Iyas M\u00e3e Dora de Oy\u00e1, M\u00e3e Baiana e Mam&#8217;etu Zaze Leuacy. A programa\u00e7\u00e3o tamb\u00e9m inclui shows gratuitos com as artistas locais Tereza Lopes e Dessa Ferreira, al\u00e9m da participa\u00e7\u00e3o especial da cantora e percussionista sergipana Ane \u00caoketu.<\/p>\n<p>Com a realiza\u00e7\u00e3o de \u00ccl\u00fa Akin e Obadeyi Produ\u00e7\u00f5es, a visita do Arab\u00e1 a Bras\u00edlia faz parte das atividades de promo\u00e7\u00e3o e repara\u00e7\u00e3o hist\u00f3rico-cultural africana atrav\u00e9s de sua desmistifica\u00e7\u00e3o e conhecimento.<\/p>\n<p>&#8220;Desde a minha vinda para o Brasil, tenho muita alegria em promover aqui a cultura Yor\u00f9b\u00e1, organizando a vinda do \u00c0r\u00e0b\u00e0 para interagir com o povo brasileiro. \u00c9 uma maneira de compartilhar esse Ax\u00e9 com toda a sociedade&#8221;, comenta o respons\u00e1vel pela realiza\u00e7\u00e3o do encontro, \u00ccd\u00f2w\u00fa Ak\u00ednr\u00fal\u00ed.<\/p>\n<p>Partindo do tema &#8220;Terra, Espiritualidade e o Desafio Ambiental&#8221; o evento apresenta ontologias outras que formam saberes africanos, contribuindo para o estreitamento de elos hist\u00f3rico-culturais entre Brasil, Nig\u00e9ria e o povo Yor\u00f9b\u00e1, uma vez que este constitui um dos troncos africanos de origem e forma\u00e7\u00e3o da cultura brasileira.<\/p>\n<p>&#8220;\u00c9 uma satisfa\u00e7\u00e3o encontrar a minha fam\u00edlia de muito tempo no Brasil. Sinto-me em casa sempre aqui e acredito em trocas de informa\u00e7\u00f5es e sabedoria. Tento somar um pouco com a comunidade e com os filhos de Odudua, uma vez que compartilhamos a mesma origem. Desejo paz, longevidade e sa\u00fade a todos em nome de \u00d2r\u00fanm\u00ecl\u00e0&#8221;, celebra o sumo sacerdote.<\/p>\n<p>Para St\u00e9ffanie Oliveira, produtora cultural e presidente do Instituto Rosa dos Ventos, o encontro representa uma oportunidade \u00fanica. &#8220;A visita de Araba Awo e a possibilidade de participar de sua aula magna, traz aos brasilienses a chance de entrar em contato com um manancial de conhecimento a respeito da cultura de matriz africana e de seu sagrado. &#8221;<\/p>\n<p><strong>Sobre o Babalawo Araba<\/strong> &#8211; O Araba Awo Ilobu do estado de O\u1e63un, Babalawo Ifaniyi Alade Ojo \u00e9 o atual sumo sacerdote (Araba) da cidade de Ilobu, seguindo a tradi\u00e7\u00e3o milenar. Nascido no culto tradicional de Orix\u00e1 da fam\u00edlia de A\u1e63\u1ecd\u0301\u1ecd\u0300\u1e63\u00e0 &#8220;A\u1e63\u1ecd\u0301 \u00d2r\u00ec\u1e63\u00e0&#8221; \u2013 o guardi\u00e3o de Orix\u00e1s \u2013 na cidade de Ilobu (uma das regi\u00f5es mais tradicionais de estudos e culto de If\u00e1 e Orix\u00e1, localizada no estado de Oxum, Nig\u00e9ria), teve como seu primeiro mestre seu av\u00f4 paterno, Sr. Ojo Apojojo, que era o sumo sacerdote da cidade de Ilobu \u00e0 \u00e9poca. O Babalawo Ifaniyi aprofundou seus estudos com v\u00e1rios mestres de suma import\u00e2ncia na terra Yor\u00f9b\u00e1.<\/p>\n<p>Consultas ao Opele If\u00e1 &#8211; At\u00e9 o dia 28 de dezembro, o Babalawo Araba Ifaniyi Alade Ojo far\u00e1 atendimento \u00e0 comunidade de If\u00e1 e de cultos de Ax\u00e9 de Bras\u00edlia, e demais interessados. Pessoas interessadas em participar, podem entrar em contato com Iyanif\u00e1 Obadeyi pelo telefone (61) 98139-6062.<\/p>\n<p><strong>Servi\u00e7o<\/strong><br \/>\n5\u00aa edi\u00e7\u00e3o &#8220;Ontologias Outras&#8221;<br \/>\nData: 27 de dezembro.<br \/>\nHor\u00e1rio: a partir das 19h.<br \/>\nLocal: Espa\u00e7o Cultural Renato Russo<br \/>\nW3 sul, quadra 508, Bloco A<br \/>\nEntrada: gratuita.<\/p>\n","protected":false},"excerpt":{"rendered":"<p>Neta ter\u00e7a-feira, 27, a partir das 19h, Bras\u00edlia recebe a 5\u00aa Edi\u00e7\u00e3o do projeto &#8220;Ontologias Outras&#8221;. O evento que acontece em parceria com o Instituto Rosa dos Ventos contar\u00e1 com aula magna ministrada pelo sumo sacerdote Nigeriano da tradi\u00e7\u00e3o do If\u00e1, Babalawo Arab\u00e1 Ifaniyi Alade Ojo e bate-papo com as Iyas M\u00e3e Dora de Oy\u00e1, [&hellip;]<\/p>\n","protected":false},"author":2,"featured_media":296847,"comment_status":"closed","ping_status":"closed","sticky":false,"template":"","format":"standard","meta":{"_acf_changed":false,"footnotes":""},"categories":[161],"tags":[],"class_list":["post-296846","post","type-post","status-publish","format-standard","has-post-thumbnail","hentry","category-quadradinho-em-foco"],"acf":[],"yoast_head":"<!-- This site is optimized with the Yoast SEO plugin v27.2 - https:\/\/yoast.com\/product\/yoast-seo-wordpress\/ -->\n<title>Cultura africana tem aula magna e shows gratuitos - Notibras<\/title>\n<meta name=\"robots\" content=\"index, follow, max-snippet:-1, max-image-preview:large, max-video-preview:-1\" \/>\n<link rel=\"canonical\" href=\"https:\/\/www.notibras.com\/site\/cultura-africana-tem-aula-magna-e-shows-gratuitos\/\" \/>\n<meta property=\"og:locale\" content=\"pt_BR\" \/>\n<meta property=\"og:type\" content=\"article\" \/>\n<meta property=\"og:title\" content=\"Cultura africana tem aula magna e shows gratuitos - Notibras\" \/>\n<meta property=\"og:description\" content=\"Neta ter\u00e7a-feira, 27, a partir das 19h, Bras\u00edlia recebe a 5\u00aa Edi\u00e7\u00e3o do projeto &#8220;Ontologias Outras&#8221;. O evento que acontece em parceria com o Instituto Rosa dos Ventos contar\u00e1 com aula magna ministrada pelo sumo sacerdote Nigeriano da tradi\u00e7\u00e3o do If\u00e1, Babalawo Arab\u00e1 Ifaniyi Alade Ojo e bate-papo com as Iyas M\u00e3e Dora de Oy\u00e1, [&hellip;]\" \/>\n<meta property=\"og:url\" content=\"https:\/\/www.notibras.com\/site\/cultura-africana-tem-aula-magna-e-shows-gratuitos\/\" \/>\n<meta property=\"og:site_name\" content=\"Notibras\" \/>\n<meta property=\"article:publisher\" content=\"https:\/\/www.facebook.com\/notibras\/\" \/>\n<meta property=\"article:published_time\" content=\"2022-12-26T15:16:40+00:00\" \/>\n<meta property=\"og:image\" content=\"https:\/\/www.notibras.com\/site\/wp-content\/uploads\/2022\/12\/ramon-moser-720x475-1.jpg\" \/>\n\t<meta property=\"og:image:width\" content=\"720\" \/>\n\t<meta property=\"og:image:height\" content=\"475\" \/>\n\t<meta property=\"og:image:type\" content=\"image\/jpeg\" \/>\n<meta name=\"author\" content=\"Reda\u00e7\u00e3o\" \/>\n<meta name=\"twitter:card\" content=\"summary_large_image\" \/>\n<meta name=\"twitter:creator\" content=\"@Notibras\" \/>\n<meta name=\"twitter:site\" content=\"@Notibras\" \/>\n<meta name=\"twitter:label1\" content=\"Escrito por\" \/>\n\t<meta name=\"twitter:data1\" content=\"Reda\u00e7\u00e3o\" \/>\n\t<meta name=\"twitter:label2\" content=\"Est. tempo de leitura\" \/>\n\t<meta name=\"twitter:data2\" content=\"3 minutos\" \/>\n<script type=\"application\/ld+json\" class=\"yoast-schema-graph\">{\"@context\":\"https:\/\/schema.org\",\"@graph\":[{\"@type\":\"Article\",\"@id\":\"https:\/\/www.notibras.com\/site\/cultura-africana-tem-aula-magna-e-shows-gratuitos\/#article\",\"isPartOf\":{\"@id\":\"https:\/\/www.notibras.com\/site\/cultura-africana-tem-aula-magna-e-shows-gratuitos\/\"},\"author\":{\"name\":\"Reda\u00e7\u00e3o\",\"@id\":\"https:\/\/www.notibras.com\/site\/#\/schema\/person\/36ab0979449956132d3e5b517ea76ac8\"},\"headline\":\"Cultura africana tem aula magna e shows gratuitos\",\"datePublished\":\"2022-12-26T15:16:40+00:00\",\"mainEntityOfPage\":{\"@id\":\"https:\/\/www.notibras.com\/site\/cultura-africana-tem-aula-magna-e-shows-gratuitos\/\"},\"wordCount\":559,\"publisher\":{\"@id\":\"https:\/\/www.notibras.com\/site\/#organization\"},\"image\":{\"@id\":\"https:\/\/www.notibras.com\/site\/cultura-africana-tem-aula-magna-e-shows-gratuitos\/#primaryimage\"},\"thumbnailUrl\":\"https:\/\/www.notibras.com\/site\/wp-content\/uploads\/2022\/12\/ramon-moser-720x475-1.jpg\",\"articleSection\":[\"Quadradinho em Foco\"],\"inLanguage\":\"pt-BR\"},{\"@type\":\"WebPage\",\"@id\":\"https:\/\/www.notibras.com\/site\/cultura-africana-tem-aula-magna-e-shows-gratuitos\/\",\"url\":\"https:\/\/www.notibras.com\/site\/cultura-africana-tem-aula-magna-e-shows-gratuitos\/\",\"name\":\"Cultura africana tem aula magna e shows gratuitos - Notibras\",\"isPartOf\":{\"@id\":\"https:\/\/www.notibras.com\/site\/#website\"},\"primaryImageOfPage\":{\"@id\":\"https:\/\/www.notibras.com\/site\/cultura-africana-tem-aula-magna-e-shows-gratuitos\/#primaryimage\"},\"image\":{\"@id\":\"https:\/\/www.notibras.com\/site\/cultura-africana-tem-aula-magna-e-shows-gratuitos\/#primaryimage\"},\"thumbnailUrl\":\"https:\/\/www.notibras.com\/site\/wp-content\/uploads\/2022\/12\/ramon-moser-720x475-1.jpg\",\"datePublished\":\"2022-12-26T15:16:40+00:00\",\"breadcrumb\":{\"@id\":\"https:\/\/www.notibras.com\/site\/cultura-africana-tem-aula-magna-e-shows-gratuitos\/#breadcrumb\"},\"inLanguage\":\"pt-BR\",\"potentialAction\":[{\"@type\":\"ReadAction\",\"target\":[\"https:\/\/www.notibras.com\/site\/cultura-africana-tem-aula-magna-e-shows-gratuitos\/\"]}]},{\"@type\":\"ImageObject\",\"inLanguage\":\"pt-BR\",\"@id\":\"https:\/\/www.notibras.com\/site\/cultura-africana-tem-aula-magna-e-shows-gratuitos\/#primaryimage\",\"url\":\"https:\/\/www.notibras.com\/site\/wp-content\/uploads\/2022\/12\/ramon-moser-720x475-1.jpg\",\"contentUrl\":\"https:\/\/www.notibras.com\/site\/wp-content\/uploads\/2022\/12\/ramon-moser-720x475-1.jpg\",\"width\":720,\"height\":475},{\"@type\":\"BreadcrumbList\",\"@id\":\"https:\/\/www.notibras.com\/site\/cultura-africana-tem-aula-magna-e-shows-gratuitos\/#breadcrumb\",\"itemListElement\":[{\"@type\":\"ListItem\",\"position\":1,\"name\":\"In\u00edcio\",\"item\":\"https:\/\/www.notibras.com\/site\/\"},{\"@type\":\"ListItem\",\"position\":2,\"name\":\"Cultura africana tem aula magna e shows gratuitos\"}]},{\"@type\":\"WebSite\",\"@id\":\"https:\/\/www.notibras.com\/site\/#website\",\"url\":\"https:\/\/www.notibras.com\/site\/\",\"name\":\"Notibras\",\"description\":\"Not\u00edcias de Bras\u00edlia, do Brasil e do Mundo\",\"publisher\":{\"@id\":\"https:\/\/www.notibras.com\/site\/#organization\"},\"potentialAction\":[{\"@type\":\"SearchAction\",\"target\":{\"@type\":\"EntryPoint\",\"urlTemplate\":\"https:\/\/www.notibras.com\/site\/?s={search_term_string}\"},\"query-input\":{\"@type\":\"PropertyValueSpecification\",\"valueRequired\":true,\"valueName\":\"search_term_string\"}}],\"inLanguage\":\"pt-BR\"},{\"@type\":\"Organization\",\"@id\":\"https:\/\/www.notibras.com\/site\/#organization\",\"name\":\"Grupo Notibras de Comunica\u00e7\u00e3o\",\"url\":\"https:\/\/www.notibras.com\/site\/\",\"logo\":{\"@type\":\"ImageObject\",\"inLanguage\":\"pt-BR\",\"@id\":\"https:\/\/www.notibras.com\/site\/#\/schema\/logo\/image\/\",\"url\":\"https:\/\/www.notibras.com\/site\/wp-content\/uploads\/2023\/01\/notibras23.png\",\"contentUrl\":\"https:\/\/www.notibras.com\/site\/wp-content\/uploads\/2023\/01\/notibras23.png\",\"width\":350,\"height\":87,\"caption\":\"Grupo Notibras de Comunica\u00e7\u00e3o\"},\"image\":{\"@id\":\"https:\/\/www.notibras.com\/site\/#\/schema\/logo\/image\/\"},\"sameAs\":[\"https:\/\/www.facebook.com\/notibras\/\",\"https:\/\/x.com\/Notibras\",\"https:\/\/www.instagram.com\/notibras\/\"]},{\"@type\":\"Person\",\"@id\":\"https:\/\/www.notibras.com\/site\/#\/schema\/person\/36ab0979449956132d3e5b517ea76ac8\",\"name\":\"Reda\u00e7\u00e3o\",\"image\":{\"@type\":\"ImageObject\",\"inLanguage\":\"pt-BR\",\"@id\":\"https:\/\/secure.gravatar.com\/avatar\/e0a867bdedb85fd243eadf09663511f96fc81e0720a4a42581f334ad4303aa6b?s=96&d=mm&r=g\",\"url\":\"https:\/\/secure.gravatar.com\/avatar\/e0a867bdedb85fd243eadf09663511f96fc81e0720a4a42581f334ad4303aa6b?s=96&d=mm&r=g\",\"contentUrl\":\"https:\/\/secure.gravatar.com\/avatar\/e0a867bdedb85fd243eadf09663511f96fc81e0720a4a42581f334ad4303aa6b?s=96&d=mm&r=g\",\"caption\":\"Reda\u00e7\u00e3o\"}}]}<\/script>\n<!-- \/ Yoast SEO plugin. -->","yoast_head_json":{"title":"Cultura africana tem aula magna e shows gratuitos - Notibras","robots":{"index":"index","follow":"follow","max-snippet":"max-snippet:-1","max-image-preview":"max-image-preview:large","max-video-preview":"max-video-preview:-1"},"canonical":"https:\/\/www.notibras.com\/site\/cultura-africana-tem-aula-magna-e-shows-gratuitos\/","og_locale":"pt_BR","og_type":"article","og_title":"Cultura africana tem aula magna e shows gratuitos - Notibras","og_description":"Neta ter\u00e7a-feira, 27, a partir das 19h, Bras\u00edlia recebe a 5\u00aa Edi\u00e7\u00e3o do projeto &#8220;Ontologias Outras&#8221;. O evento que acontece em parceria com o Instituto Rosa dos Ventos contar\u00e1 com aula magna ministrada pelo sumo sacerdote Nigeriano da tradi\u00e7\u00e3o do If\u00e1, Babalawo Arab\u00e1 Ifaniyi Alade Ojo e bate-papo com as Iyas M\u00e3e Dora de Oy\u00e1, [&hellip;]","og_url":"https:\/\/www.notibras.com\/site\/cultura-africana-tem-aula-magna-e-shows-gratuitos\/","og_site_name":"Notibras","article_publisher":"https:\/\/www.facebook.com\/notibras\/","article_published_time":"2022-12-26T15:16:40+00:00","og_image":[{"width":720,"height":475,"url":"https:\/\/www.notibras.com\/site\/wp-content\/uploads\/2022\/12\/ramon-moser-720x475-1.jpg","type":"image\/jpeg"}],"author":"Reda\u00e7\u00e3o","twitter_card":"summary_large_image","twitter_creator":"@Notibras","twitter_site":"@Notibras","twitter_misc":{"Escrito por":"Reda\u00e7\u00e3o","Est. tempo de leitura":"3 minutos"},"schema":{"@context":"https:\/\/schema.org","@graph":[{"@type":"Article","@id":"https:\/\/www.notibras.com\/site\/cultura-africana-tem-aula-magna-e-shows-gratuitos\/#article","isPartOf":{"@id":"https:\/\/www.notibras.com\/site\/cultura-africana-tem-aula-magna-e-shows-gratuitos\/"},"author":{"name":"Reda\u00e7\u00e3o","@id":"https:\/\/www.notibras.com\/site\/#\/schema\/person\/36ab0979449956132d3e5b517ea76ac8"},"headline":"Cultura africana tem aula magna e shows gratuitos","datePublished":"2022-12-26T15:16:40+00:00","mainEntityOfPage":{"@id":"https:\/\/www.notibras.com\/site\/cultura-africana-tem-aula-magna-e-shows-gratuitos\/"},"wordCount":559,"publisher":{"@id":"https:\/\/www.notibras.com\/site\/#organization"},"image":{"@id":"https:\/\/www.notibras.com\/site\/cultura-africana-tem-aula-magna-e-shows-gratuitos\/#primaryimage"},"thumbnailUrl":"https:\/\/www.notibras.com\/site\/wp-content\/uploads\/2022\/12\/ramon-moser-720x475-1.jpg","articleSection":["Quadradinho em Foco"],"inLanguage":"pt-BR"},{"@type":"WebPage","@id":"https:\/\/www.notibras.com\/site\/cultura-africana-tem-aula-magna-e-shows-gratuitos\/","url":"https:\/\/www.notibras.com\/site\/cultura-africana-tem-aula-magna-e-shows-gratuitos\/","name":"Cultura africana tem aula magna e shows gratuitos - Notibras","isPartOf":{"@id":"https:\/\/www.notibras.com\/site\/#website"},"primaryImageOfPage":{"@id":"https:\/\/www.notibras.com\/site\/cultura-africana-tem-aula-magna-e-shows-gratuitos\/#primaryimage"},"image":{"@id":"https:\/\/www.notibras.com\/site\/cultura-africana-tem-aula-magna-e-shows-gratuitos\/#primaryimage"},"thumbnailUrl":"https:\/\/www.notibras.com\/site\/wp-content\/uploads\/2022\/12\/ramon-moser-720x475-1.jpg","datePublished":"2022-12-26T15:16:40+00:00","breadcrumb":{"@id":"https:\/\/www.notibras.com\/site\/cultura-africana-tem-aula-magna-e-shows-gratuitos\/#breadcrumb"},"inLanguage":"pt-BR","potentialAction":[{"@type":"ReadAction","target":["https:\/\/www.notibras.com\/site\/cultura-africana-tem-aula-magna-e-shows-gratuitos\/"]}]},{"@type":"ImageObject","inLanguage":"pt-BR","@id":"https:\/\/www.notibras.com\/site\/cultura-africana-tem-aula-magna-e-shows-gratuitos\/#primaryimage","url":"https:\/\/www.notibras.com\/site\/wp-content\/uploads\/2022\/12\/ramon-moser-720x475-1.jpg","contentUrl":"https:\/\/www.notibras.com\/site\/wp-content\/uploads\/2022\/12\/ramon-moser-720x475-1.jpg","width":720,"height":475},{"@type":"BreadcrumbList","@id":"https:\/\/www.notibras.com\/site\/cultura-africana-tem-aula-magna-e-shows-gratuitos\/#breadcrumb","itemListElement":[{"@type":"ListItem","position":1,"name":"In\u00edcio","item":"https:\/\/www.notibras.com\/site\/"},{"@type":"ListItem","position":2,"name":"Cultura africana tem aula magna e shows gratuitos"}]},{"@type":"WebSite","@id":"https:\/\/www.notibras.com\/site\/#website","url":"https:\/\/www.notibras.com\/site\/","name":"Notibras","description":"Not\u00edcias de Bras\u00edlia, do Brasil e do Mundo","publisher":{"@id":"https:\/\/www.notibras.com\/site\/#organization"},"potentialAction":[{"@type":"SearchAction","target":{"@type":"EntryPoint","urlTemplate":"https:\/\/www.notibras.com\/site\/?s={search_term_string}"},"query-input":{"@type":"PropertyValueSpecification","valueRequired":true,"valueName":"search_term_string"}}],"inLanguage":"pt-BR"},{"@type":"Organization","@id":"https:\/\/www.notibras.com\/site\/#organization","name":"Grupo Notibras de Comunica\u00e7\u00e3o","url":"https:\/\/www.notibras.com\/site\/","logo":{"@type":"ImageObject","inLanguage":"pt-BR","@id":"https:\/\/www.notibras.com\/site\/#\/schema\/logo\/image\/","url":"https:\/\/www.notibras.com\/site\/wp-content\/uploads\/2023\/01\/notibras23.png","contentUrl":"https:\/\/www.notibras.com\/site\/wp-content\/uploads\/2023\/01\/notibras23.png","width":350,"height":87,"caption":"Grupo Notibras de Comunica\u00e7\u00e3o"},"image":{"@id":"https:\/\/www.notibras.com\/site\/#\/schema\/logo\/image\/"},"sameAs":["https:\/\/www.facebook.com\/notibras\/","https:\/\/x.com\/Notibras","https:\/\/www.instagram.com\/notibras\/"]},{"@type":"Person","@id":"https:\/\/www.notibras.com\/site\/#\/schema\/person\/36ab0979449956132d3e5b517ea76ac8","name":"Reda\u00e7\u00e3o","image":{"@type":"ImageObject","inLanguage":"pt-BR","@id":"https:\/\/secure.gravatar.com\/avatar\/e0a867bdedb85fd243eadf09663511f96fc81e0720a4a42581f334ad4303aa6b?s=96&d=mm&r=g","url":"https:\/\/secure.gravatar.com\/avatar\/e0a867bdedb85fd243eadf09663511f96fc81e0720a4a42581f334ad4303aa6b?s=96&d=mm&r=g","contentUrl":"https:\/\/secure.gravatar.com\/avatar\/e0a867bdedb85fd243eadf09663511f96fc81e0720a4a42581f334ad4303aa6b?s=96&d=mm&r=g","caption":"Reda\u00e7\u00e3o"}}]}},"amp_enabled":true,"_links":{"self":[{"href":"https:\/\/www.notibras.com\/site\/wp-json\/wp\/v2\/posts\/296846","targetHints":{"allow":["GET"]}}],"collection":[{"href":"https:\/\/www.notibras.com\/site\/wp-json\/wp\/v2\/posts"}],"about":[{"href":"https:\/\/www.notibras.com\/site\/wp-json\/wp\/v2\/types\/post"}],"author":[{"embeddable":true,"href":"https:\/\/www.notibras.com\/site\/wp-json\/wp\/v2\/users\/2"}],"replies":[{"embeddable":true,"href":"https:\/\/www.notibras.com\/site\/wp-json\/wp\/v2\/comments?post=296846"}],"version-history":[{"count":1,"href":"https:\/\/www.notibras.com\/site\/wp-json\/wp\/v2\/posts\/296846\/revisions"}],"predecessor-version":[{"id":296848,"href":"https:\/\/www.notibras.com\/site\/wp-json\/wp\/v2\/posts\/296846\/revisions\/296848"}],"wp:featuredmedia":[{"embeddable":true,"href":"https:\/\/www.notibras.com\/site\/wp-json\/wp\/v2\/media\/296847"}],"wp:attachment":[{"href":"https:\/\/www.notibras.com\/site\/wp-json\/wp\/v2\/media?parent=296846"}],"wp:term":[{"taxonomy":"category","embeddable":true,"href":"https:\/\/www.notibras.com\/site\/wp-json\/wp\/v2\/categories?post=296846"},{"taxonomy":"post_tag","embeddable":true,"href":"https:\/\/www.notibras.com\/site\/wp-json\/wp\/v2\/tags?post=296846"}],"curies":[{"name":"wp","href":"https:\/\/api.w.org\/{rel}","templated":true}]}}