{"id":296916,"date":"2022-12-28T16:10:41","date_gmt":"2022-12-28T19:10:41","guid":{"rendered":"https:\/\/www.notibras.com\/site\/?p=296916"},"modified":"2022-12-28T16:10:41","modified_gmt":"2022-12-28T19:10:41","slug":"reveillon-nao-e-so-lula-alguns-preferem-tucunare","status":"publish","type":"post","link":"https:\/\/www.notibras.com\/site\/reveillon-nao-e-so-lula-alguns-preferem-tucunare\/","title":{"rendered":"R\u00e9veillon n\u00e3o \u00e9 s\u00f3 &#8216;lula&#8217;; alguns preferem tucunar\u00e9"},"content":{"rendered":"<p>Bras\u00edlia vive momentos de euforia, com o clima festivo que antecede a posse do presidente eleito Luiz In\u00e1cio Lula da Silva, no domingo, 1\u00ba de janeiro de 2023. Mas tem brasiliense que optou por fazer as malas, descansar a partir de sexta, 30, e voltar com as baterias recarregadas a tempo de participar da festa na Esplanada dos Minist\u00e9rios.<\/p>\n<p>Um dos lugares mais procurados tem sido a regi\u00e3o do Lago Serra da Mesa, mais precisamente Urua\u00e7u, distante pouco mais de 250 quil\u00f4metros da capital a Rep\u00fablica. Ou seja, nem s\u00f3 de &#8216;lula&#8217; vive o o morador de Bras\u00edlia; h\u00e1 quem prefira um tucunar\u00e9 na chapa.<\/p>\n<p>Verdade que \u00e9 uma viagem vapt-vupt, mas suficiente para fugir do dia-a-dia estressante e dar uma boa relaxada. A melhor dica \u00e9 Urua\u00e7u, uma das cidades \u00e0s margens do Lago Serra da Mesa. A estrada \u00e9 impec\u00e1vel, com duas op\u00e7\u00f5es de roteiro &#8211; via \u00c1guas Lindas ou Padre Bernardo O destino (e a pr\u00f3pria rodovia) s\u00e3o sin\u00f4nimos de momentos \u00fanicos para relaxar e fugir do ritmo da cidade grande.<\/p>\n<p>Ao chegar a Urua\u00e7u, ap\u00f3s cerca de 3 horas de viagem, o primeiro impacto. N\u00e3o \u00e9, ao contr\u00e1rio do que se poderia imaginar, um lugar ermo, com pouca estrutura. Quem pensa assim se engana.<\/p>\n<p>O que espera o visitante que vai a Urua\u00e7u e sua vasta \u00e1rea banhada pelo Serra da Mesa n\u00e3o \u00e9 apenas um lago incr\u00edvel, mas uma estrutura deslumbrante. Pousadas, mercados, postos, feira de &#8216;cidade do interior&#8217;\u2026 enfim, o mesmo conforto encontrado nas grandes capitais.<\/p>\n<p>A primeira impress\u00e3o \u00e9 a de que Goi\u00e1s n\u00e3o tem mar, mas \u00e9 como se tivesse. O lago ali \u00e9 um dos maiores do Pa\u00eds. A represa da Serra da Mesa tem um volume de \u00e1gua de 54 bilh\u00f5es de metros c\u00fabicos, distribu\u00eddos por 1.700 km\u00b2.<\/p>\n<p>\u00c1gua a perder de vista. \u00c9 poss\u00edvel ver v\u00e1rios barcos ao longo do lago com pescadores e suas varas, \u00e1vidos para fisgar um morador ilustre da regi\u00e3o, o tucunar\u00e9.<\/p>\n<p>N\u00e3o \u00e9 \u00e0 toa que o lugar, que teve o cen\u00e1rio modificado depois da constru\u00e7\u00e3o de uma usina, virou um dos pontos de pesca mais conhecidos do Brasil.<\/p>\n<p>E vale o destaque: al\u00e9m dos tucunar\u00e9s azul e amarelo, as \u00e1guas cristalinas abrigam ainda bicudas, pacus e apaiaris.<\/p>\n<p>O contato com pescadores esportivos e piloteiros experientes guia o visitante at\u00e9 os melhores pontos, onde existe uma boa variedade dessas esp\u00e9cies t\u00e3o cobi\u00e7adas de peixes. \u00c9 uma perfeita viagem-passeio.<\/p>\n<p><strong>Onde ficar<\/strong><br \/>\nOutro ponto de aten\u00e7\u00e3o \u00e9 onde ficar hospedado. A melhor op\u00e7\u00e3o \u00e9 o Rancho Canto da Serra. Conforto, seguran\u00e7a, higiene&#8230; tudo nota dez.<\/p>\n<p>O pr\u00f3prio h\u00f3spede prepara sua comida, pois os chal\u00e9s t\u00eam da colher de ch\u00e1 \u00e0 panela. Os funcion\u00e1rios, muito atenciosos, s\u00e3o um destaque \u00e0 parte. Ah, e fica de frente para o lago. Da varanda externa do chal\u00e9, as \u00e1guas do Serra da Mesa; j\u00e1 da varanda interna, uma churrasqueira individual. Querer mais pra qu\u00ea?<\/p>\n<p><strong>O que fazer<\/strong><br \/>\nOutro lado positivo de Serra da Mesa \u00e9 a quantidade de afazeres que nos colocam em contato com a natureza.<\/p>\n<p>Voc\u00ea pode se aventurar na Pesca Esportiva, nas Trilhas, no Mergulho, conhecer a aldeia ind\u00edgena, conhecer a cachoeira Z\u00e9 Mineiro, realizar passeios de lancha ou, quem sabe, visitar o Memorial Serra da Mesa.<\/p>\n<p>Fica a dica. Em tempos de correria, h\u00e1 um para\u00edso logo ali para quem quer descansar dois, tr\u00eas dias, se encher de energia e cair no samba da posse de tardinha, na volta a Bras\u00edlia.<\/p>\n<p><strong>Servi\u00e7o:<\/strong><br \/>\nRancho Canto da Serra<br \/>\nTelefones<br \/>\n(61) 99988-0822<br \/>\n(62) 98634-4045<br \/>\nUrua\u00e7u, Goi\u00e1s<br \/>\nCerca de 3 horas de Bras\u00edlia<\/p>\n","protected":false},"excerpt":{"rendered":"<p>Bras\u00edlia vive momentos de euforia, com o clima festivo que antecede a posse do presidente eleito Luiz In\u00e1cio Lula da Silva, no domingo, 1\u00ba de janeiro de 2023. Mas tem brasiliense que optou por fazer as malas, descansar a partir de sexta, 30, e voltar com as baterias recarregadas a tempo de participar da festa [&hellip;]<\/p>\n","protected":false},"author":2,"featured_media":296917,"comment_status":"closed","ping_status":"closed","sticky":false,"template":"","format":"standard","meta":{"_acf_changed":false,"footnotes":""},"categories":[161],"tags":[],"class_list":["post-296916","post","type-post","status-publish","format-standard","has-post-thumbnail","hentry","category-quadradinho-em-foco"],"acf":[],"yoast_head":"<!-- This site is optimized with the Yoast SEO plugin v27.2 - https:\/\/yoast.com\/product\/yoast-seo-wordpress\/ -->\n<title>R\u00e9veillon n\u00e3o \u00e9 s\u00f3 &#039;lula&#039;; alguns preferem tucunar\u00e9 - Notibras<\/title>\n<meta name=\"robots\" content=\"index, follow, max-snippet:-1, max-image-preview:large, max-video-preview:-1\" \/>\n<link rel=\"canonical\" href=\"https:\/\/www.notibras.com\/site\/reveillon-nao-e-so-lula-alguns-preferem-tucunare\/\" \/>\n<meta property=\"og:locale\" content=\"pt_BR\" \/>\n<meta property=\"og:type\" content=\"article\" \/>\n<meta property=\"og:title\" content=\"R\u00e9veillon n\u00e3o \u00e9 s\u00f3 &#039;lula&#039;; alguns preferem tucunar\u00e9 - Notibras\" \/>\n<meta property=\"og:description\" content=\"Bras\u00edlia vive momentos de euforia, com o clima festivo que antecede a posse do presidente eleito Luiz In\u00e1cio Lula da Silva, no domingo, 1\u00ba de janeiro de 2023. Mas tem brasiliense que optou por fazer as malas, descansar a partir de sexta, 30, e voltar com as baterias recarregadas a tempo de participar da festa [&hellip;]\" \/>\n<meta property=\"og:url\" content=\"https:\/\/www.notibras.com\/site\/reveillon-nao-e-so-lula-alguns-preferem-tucunare\/\" \/>\n<meta property=\"og:site_name\" content=\"Notibras\" \/>\n<meta property=\"article:publisher\" content=\"https:\/\/www.facebook.com\/notibras\/\" \/>\n<meta property=\"article:published_time\" content=\"2022-12-28T19:10:41+00:00\" \/>\n<meta property=\"og:image\" content=\"https:\/\/www.notibras.com\/site\/wp-content\/uploads\/2022\/12\/serra.2.jpg\" \/>\n\t<meta property=\"og:image:width\" content=\"900\" \/>\n\t<meta property=\"og:image:height\" content=\"500\" \/>\n\t<meta property=\"og:image:type\" content=\"image\/jpeg\" \/>\n<meta name=\"author\" content=\"Reda\u00e7\u00e3o\" \/>\n<meta name=\"twitter:card\" content=\"summary_large_image\" \/>\n<meta name=\"twitter:creator\" content=\"@Notibras\" \/>\n<meta name=\"twitter:site\" content=\"@Notibras\" \/>\n<meta name=\"twitter:label1\" content=\"Escrito por\" \/>\n\t<meta name=\"twitter:data1\" content=\"Reda\u00e7\u00e3o\" \/>\n\t<meta name=\"twitter:label2\" content=\"Est. tempo de leitura\" \/>\n\t<meta name=\"twitter:data2\" content=\"4 minutos\" \/>\n<script type=\"application\/ld+json\" class=\"yoast-schema-graph\">{\"@context\":\"https:\/\/schema.org\",\"@graph\":[{\"@type\":\"Article\",\"@id\":\"https:\/\/www.notibras.com\/site\/reveillon-nao-e-so-lula-alguns-preferem-tucunare\/#article\",\"isPartOf\":{\"@id\":\"https:\/\/www.notibras.com\/site\/reveillon-nao-e-so-lula-alguns-preferem-tucunare\/\"},\"author\":{\"name\":\"Reda\u00e7\u00e3o\",\"@id\":\"https:\/\/www.notibras.com\/site\/#\/schema\/person\/36ab0979449956132d3e5b517ea76ac8\"},\"headline\":\"R\u00e9veillon n\u00e3o \u00e9 s\u00f3 &#8216;lula&#8217;; alguns preferem tucunar\u00e9\",\"datePublished\":\"2022-12-28T19:10:41+00:00\",\"mainEntityOfPage\":{\"@id\":\"https:\/\/www.notibras.com\/site\/reveillon-nao-e-so-lula-alguns-preferem-tucunare\/\"},\"wordCount\":631,\"publisher\":{\"@id\":\"https:\/\/www.notibras.com\/site\/#organization\"},\"image\":{\"@id\":\"https:\/\/www.notibras.com\/site\/reveillon-nao-e-so-lula-alguns-preferem-tucunare\/#primaryimage\"},\"thumbnailUrl\":\"https:\/\/www.notibras.com\/site\/wp-content\/uploads\/2022\/12\/serra.2.jpg\",\"articleSection\":[\"Quadradinho em Foco\"],\"inLanguage\":\"pt-BR\"},{\"@type\":\"WebPage\",\"@id\":\"https:\/\/www.notibras.com\/site\/reveillon-nao-e-so-lula-alguns-preferem-tucunare\/\",\"url\":\"https:\/\/www.notibras.com\/site\/reveillon-nao-e-so-lula-alguns-preferem-tucunare\/\",\"name\":\"R\u00e9veillon n\u00e3o \u00e9 s\u00f3 'lula'; alguns preferem tucunar\u00e9 - Notibras\",\"isPartOf\":{\"@id\":\"https:\/\/www.notibras.com\/site\/#website\"},\"primaryImageOfPage\":{\"@id\":\"https:\/\/www.notibras.com\/site\/reveillon-nao-e-so-lula-alguns-preferem-tucunare\/#primaryimage\"},\"image\":{\"@id\":\"https:\/\/www.notibras.com\/site\/reveillon-nao-e-so-lula-alguns-preferem-tucunare\/#primaryimage\"},\"thumbnailUrl\":\"https:\/\/www.notibras.com\/site\/wp-content\/uploads\/2022\/12\/serra.2.jpg\",\"datePublished\":\"2022-12-28T19:10:41+00:00\",\"breadcrumb\":{\"@id\":\"https:\/\/www.notibras.com\/site\/reveillon-nao-e-so-lula-alguns-preferem-tucunare\/#breadcrumb\"},\"inLanguage\":\"pt-BR\",\"potentialAction\":[{\"@type\":\"ReadAction\",\"target\":[\"https:\/\/www.notibras.com\/site\/reveillon-nao-e-so-lula-alguns-preferem-tucunare\/\"]}]},{\"@type\":\"ImageObject\",\"inLanguage\":\"pt-BR\",\"@id\":\"https:\/\/www.notibras.com\/site\/reveillon-nao-e-so-lula-alguns-preferem-tucunare\/#primaryimage\",\"url\":\"https:\/\/www.notibras.com\/site\/wp-content\/uploads\/2022\/12\/serra.2.jpg\",\"contentUrl\":\"https:\/\/www.notibras.com\/site\/wp-content\/uploads\/2022\/12\/serra.2.jpg\",\"width\":900,\"height\":500},{\"@type\":\"BreadcrumbList\",\"@id\":\"https:\/\/www.notibras.com\/site\/reveillon-nao-e-so-lula-alguns-preferem-tucunare\/#breadcrumb\",\"itemListElement\":[{\"@type\":\"ListItem\",\"position\":1,\"name\":\"In\u00edcio\",\"item\":\"https:\/\/www.notibras.com\/site\/\"},{\"@type\":\"ListItem\",\"position\":2,\"name\":\"R\u00e9veillon n\u00e3o \u00e9 s\u00f3 &#8216;lula&#8217;; alguns preferem tucunar\u00e9\"}]},{\"@type\":\"WebSite\",\"@id\":\"https:\/\/www.notibras.com\/site\/#website\",\"url\":\"https:\/\/www.notibras.com\/site\/\",\"name\":\"Notibras\",\"description\":\"Not\u00edcias de Bras\u00edlia, do Brasil e do Mundo\",\"publisher\":{\"@id\":\"https:\/\/www.notibras.com\/site\/#organization\"},\"potentialAction\":[{\"@type\":\"SearchAction\",\"target\":{\"@type\":\"EntryPoint\",\"urlTemplate\":\"https:\/\/www.notibras.com\/site\/?s={search_term_string}\"},\"query-input\":{\"@type\":\"PropertyValueSpecification\",\"valueRequired\":true,\"valueName\":\"search_term_string\"}}],\"inLanguage\":\"pt-BR\"},{\"@type\":\"Organization\",\"@id\":\"https:\/\/www.notibras.com\/site\/#organization\",\"name\":\"Grupo Notibras de Comunica\u00e7\u00e3o\",\"url\":\"https:\/\/www.notibras.com\/site\/\",\"logo\":{\"@type\":\"ImageObject\",\"inLanguage\":\"pt-BR\",\"@id\":\"https:\/\/www.notibras.com\/site\/#\/schema\/logo\/image\/\",\"url\":\"https:\/\/www.notibras.com\/site\/wp-content\/uploads\/2023\/01\/notibras23.png\",\"contentUrl\":\"https:\/\/www.notibras.com\/site\/wp-content\/uploads\/2023\/01\/notibras23.png\",\"width\":350,\"height\":87,\"caption\":\"Grupo Notibras de Comunica\u00e7\u00e3o\"},\"image\":{\"@id\":\"https:\/\/www.notibras.com\/site\/#\/schema\/logo\/image\/\"},\"sameAs\":[\"https:\/\/www.facebook.com\/notibras\/\",\"https:\/\/x.com\/Notibras\",\"https:\/\/www.instagram.com\/notibras\/\"]},{\"@type\":\"Person\",\"@id\":\"https:\/\/www.notibras.com\/site\/#\/schema\/person\/36ab0979449956132d3e5b517ea76ac8\",\"name\":\"Reda\u00e7\u00e3o\",\"image\":{\"@type\":\"ImageObject\",\"inLanguage\":\"pt-BR\",\"@id\":\"https:\/\/secure.gravatar.com\/avatar\/e0a867bdedb85fd243eadf09663511f96fc81e0720a4a42581f334ad4303aa6b?s=96&d=mm&r=g\",\"url\":\"https:\/\/secure.gravatar.com\/avatar\/e0a867bdedb85fd243eadf09663511f96fc81e0720a4a42581f334ad4303aa6b?s=96&d=mm&r=g\",\"contentUrl\":\"https:\/\/secure.gravatar.com\/avatar\/e0a867bdedb85fd243eadf09663511f96fc81e0720a4a42581f334ad4303aa6b?s=96&d=mm&r=g\",\"caption\":\"Reda\u00e7\u00e3o\"}}]}<\/script>\n<!-- \/ Yoast SEO plugin. -->","yoast_head_json":{"title":"R\u00e9veillon n\u00e3o \u00e9 s\u00f3 'lula'; alguns preferem tucunar\u00e9 - Notibras","robots":{"index":"index","follow":"follow","max-snippet":"max-snippet:-1","max-image-preview":"max-image-preview:large","max-video-preview":"max-video-preview:-1"},"canonical":"https:\/\/www.notibras.com\/site\/reveillon-nao-e-so-lula-alguns-preferem-tucunare\/","og_locale":"pt_BR","og_type":"article","og_title":"R\u00e9veillon n\u00e3o \u00e9 s\u00f3 'lula'; alguns preferem tucunar\u00e9 - Notibras","og_description":"Bras\u00edlia vive momentos de euforia, com o clima festivo que antecede a posse do presidente eleito Luiz In\u00e1cio Lula da Silva, no domingo, 1\u00ba de janeiro de 2023. Mas tem brasiliense que optou por fazer as malas, descansar a partir de sexta, 30, e voltar com as baterias recarregadas a tempo de participar da festa [&hellip;]","og_url":"https:\/\/www.notibras.com\/site\/reveillon-nao-e-so-lula-alguns-preferem-tucunare\/","og_site_name":"Notibras","article_publisher":"https:\/\/www.facebook.com\/notibras\/","article_published_time":"2022-12-28T19:10:41+00:00","og_image":[{"width":900,"height":500,"url":"https:\/\/www.notibras.com\/site\/wp-content\/uploads\/2022\/12\/serra.2.jpg","type":"image\/jpeg"}],"author":"Reda\u00e7\u00e3o","twitter_card":"summary_large_image","twitter_creator":"@Notibras","twitter_site":"@Notibras","twitter_misc":{"Escrito por":"Reda\u00e7\u00e3o","Est. tempo de leitura":"4 minutos"},"schema":{"@context":"https:\/\/schema.org","@graph":[{"@type":"Article","@id":"https:\/\/www.notibras.com\/site\/reveillon-nao-e-so-lula-alguns-preferem-tucunare\/#article","isPartOf":{"@id":"https:\/\/www.notibras.com\/site\/reveillon-nao-e-so-lula-alguns-preferem-tucunare\/"},"author":{"name":"Reda\u00e7\u00e3o","@id":"https:\/\/www.notibras.com\/site\/#\/schema\/person\/36ab0979449956132d3e5b517ea76ac8"},"headline":"R\u00e9veillon n\u00e3o \u00e9 s\u00f3 &#8216;lula&#8217;; alguns preferem tucunar\u00e9","datePublished":"2022-12-28T19:10:41+00:00","mainEntityOfPage":{"@id":"https:\/\/www.notibras.com\/site\/reveillon-nao-e-so-lula-alguns-preferem-tucunare\/"},"wordCount":631,"publisher":{"@id":"https:\/\/www.notibras.com\/site\/#organization"},"image":{"@id":"https:\/\/www.notibras.com\/site\/reveillon-nao-e-so-lula-alguns-preferem-tucunare\/#primaryimage"},"thumbnailUrl":"https:\/\/www.notibras.com\/site\/wp-content\/uploads\/2022\/12\/serra.2.jpg","articleSection":["Quadradinho em Foco"],"inLanguage":"pt-BR"},{"@type":"WebPage","@id":"https:\/\/www.notibras.com\/site\/reveillon-nao-e-so-lula-alguns-preferem-tucunare\/","url":"https:\/\/www.notibras.com\/site\/reveillon-nao-e-so-lula-alguns-preferem-tucunare\/","name":"R\u00e9veillon n\u00e3o \u00e9 s\u00f3 'lula'; alguns preferem tucunar\u00e9 - Notibras","isPartOf":{"@id":"https:\/\/www.notibras.com\/site\/#website"},"primaryImageOfPage":{"@id":"https:\/\/www.notibras.com\/site\/reveillon-nao-e-so-lula-alguns-preferem-tucunare\/#primaryimage"},"image":{"@id":"https:\/\/www.notibras.com\/site\/reveillon-nao-e-so-lula-alguns-preferem-tucunare\/#primaryimage"},"thumbnailUrl":"https:\/\/www.notibras.com\/site\/wp-content\/uploads\/2022\/12\/serra.2.jpg","datePublished":"2022-12-28T19:10:41+00:00","breadcrumb":{"@id":"https:\/\/www.notibras.com\/site\/reveillon-nao-e-so-lula-alguns-preferem-tucunare\/#breadcrumb"},"inLanguage":"pt-BR","potentialAction":[{"@type":"ReadAction","target":["https:\/\/www.notibras.com\/site\/reveillon-nao-e-so-lula-alguns-preferem-tucunare\/"]}]},{"@type":"ImageObject","inLanguage":"pt-BR","@id":"https:\/\/www.notibras.com\/site\/reveillon-nao-e-so-lula-alguns-preferem-tucunare\/#primaryimage","url":"https:\/\/www.notibras.com\/site\/wp-content\/uploads\/2022\/12\/serra.2.jpg","contentUrl":"https:\/\/www.notibras.com\/site\/wp-content\/uploads\/2022\/12\/serra.2.jpg","width":900,"height":500},{"@type":"BreadcrumbList","@id":"https:\/\/www.notibras.com\/site\/reveillon-nao-e-so-lula-alguns-preferem-tucunare\/#breadcrumb","itemListElement":[{"@type":"ListItem","position":1,"name":"In\u00edcio","item":"https:\/\/www.notibras.com\/site\/"},{"@type":"ListItem","position":2,"name":"R\u00e9veillon n\u00e3o \u00e9 s\u00f3 &#8216;lula&#8217;; alguns preferem tucunar\u00e9"}]},{"@type":"WebSite","@id":"https:\/\/www.notibras.com\/site\/#website","url":"https:\/\/www.notibras.com\/site\/","name":"Notibras","description":"Not\u00edcias de Bras\u00edlia, do Brasil e do Mundo","publisher":{"@id":"https:\/\/www.notibras.com\/site\/#organization"},"potentialAction":[{"@type":"SearchAction","target":{"@type":"EntryPoint","urlTemplate":"https:\/\/www.notibras.com\/site\/?s={search_term_string}"},"query-input":{"@type":"PropertyValueSpecification","valueRequired":true,"valueName":"search_term_string"}}],"inLanguage":"pt-BR"},{"@type":"Organization","@id":"https:\/\/www.notibras.com\/site\/#organization","name":"Grupo Notibras de Comunica\u00e7\u00e3o","url":"https:\/\/www.notibras.com\/site\/","logo":{"@type":"ImageObject","inLanguage":"pt-BR","@id":"https:\/\/www.notibras.com\/site\/#\/schema\/logo\/image\/","url":"https:\/\/www.notibras.com\/site\/wp-content\/uploads\/2023\/01\/notibras23.png","contentUrl":"https:\/\/www.notibras.com\/site\/wp-content\/uploads\/2023\/01\/notibras23.png","width":350,"height":87,"caption":"Grupo Notibras de Comunica\u00e7\u00e3o"},"image":{"@id":"https:\/\/www.notibras.com\/site\/#\/schema\/logo\/image\/"},"sameAs":["https:\/\/www.facebook.com\/notibras\/","https:\/\/x.com\/Notibras","https:\/\/www.instagram.com\/notibras\/"]},{"@type":"Person","@id":"https:\/\/www.notibras.com\/site\/#\/schema\/person\/36ab0979449956132d3e5b517ea76ac8","name":"Reda\u00e7\u00e3o","image":{"@type":"ImageObject","inLanguage":"pt-BR","@id":"https:\/\/secure.gravatar.com\/avatar\/e0a867bdedb85fd243eadf09663511f96fc81e0720a4a42581f334ad4303aa6b?s=96&d=mm&r=g","url":"https:\/\/secure.gravatar.com\/avatar\/e0a867bdedb85fd243eadf09663511f96fc81e0720a4a42581f334ad4303aa6b?s=96&d=mm&r=g","contentUrl":"https:\/\/secure.gravatar.com\/avatar\/e0a867bdedb85fd243eadf09663511f96fc81e0720a4a42581f334ad4303aa6b?s=96&d=mm&r=g","caption":"Reda\u00e7\u00e3o"}}]}},"amp_enabled":true,"_links":{"self":[{"href":"https:\/\/www.notibras.com\/site\/wp-json\/wp\/v2\/posts\/296916","targetHints":{"allow":["GET"]}}],"collection":[{"href":"https:\/\/www.notibras.com\/site\/wp-json\/wp\/v2\/posts"}],"about":[{"href":"https:\/\/www.notibras.com\/site\/wp-json\/wp\/v2\/types\/post"}],"author":[{"embeddable":true,"href":"https:\/\/www.notibras.com\/site\/wp-json\/wp\/v2\/users\/2"}],"replies":[{"embeddable":true,"href":"https:\/\/www.notibras.com\/site\/wp-json\/wp\/v2\/comments?post=296916"}],"version-history":[{"count":1,"href":"https:\/\/www.notibras.com\/site\/wp-json\/wp\/v2\/posts\/296916\/revisions"}],"predecessor-version":[{"id":296918,"href":"https:\/\/www.notibras.com\/site\/wp-json\/wp\/v2\/posts\/296916\/revisions\/296918"}],"wp:featuredmedia":[{"embeddable":true,"href":"https:\/\/www.notibras.com\/site\/wp-json\/wp\/v2\/media\/296917"}],"wp:attachment":[{"href":"https:\/\/www.notibras.com\/site\/wp-json\/wp\/v2\/media?parent=296916"}],"wp:term":[{"taxonomy":"category","embeddable":true,"href":"https:\/\/www.notibras.com\/site\/wp-json\/wp\/v2\/categories?post=296916"},{"taxonomy":"post_tag","embeddable":true,"href":"https:\/\/www.notibras.com\/site\/wp-json\/wp\/v2\/tags?post=296916"}],"curies":[{"name":"wp","href":"https:\/\/api.w.org\/{rel}","templated":true}]}}